{"id":13179,"date":"2019-02-27T12:12:00","date_gmt":"2019-02-27T12:12:00","guid":{"rendered":"http:\/\/www.lafarga.com\/corporatiu\/?p=13179"},"modified":"2019-02-27T12:12:00","modified_gmt":"2019-02-27T12:12:00","slug":"projectes-innovadors-yomo-centres-educatius-lh","status":"publish","type":"post","link":"https:\/\/www.lafarga.com\/corporatiu\/projectes-innovadors-yomo-centres-educatius-lh\/","title":{"rendered":"Projectes innovadors al YoMo de centres educatius de L&#8217;H"},"content":{"rendered":"<h5>Per primera vegada, cinc escoles i cinc instituts de la ciutat mostraran les accions que desenvolupen relacionades amb la rob\u00f2tica i l\u2019\u00fas de la tecnologia<\/h5>\n<p>A l\u2019estand municipal es presenta dimecres el programa Inspira STEAM, una iniciativa pionera que vol fomentar entre l\u2019alumnat de prim\u00e0ria les vocacions cientificot\u00e8cniques, principalment entre les noies<\/p>\n<p>Aquest dimarts han visitat el certamen l\u2019alcaldessa, N\u00faria Mar\u00edn, i el regidor d\u2019Educaci\u00f3, Jaume Graells, que han coincidit amb el CEO de GSMA Ltd., John Hoffman.<\/p>\n<p>Per primera vegada, els centres educatius de L\u2019Hospitalet tindran un estand instal\u00b7lat per l\u2019Ajuntament de la ciutat per mostrar els seus projectes m\u00e9s innovadors, relacionats majorit\u00e0riament amb la rob\u00f2tica i l\u2019\u00fas de la tecnologia. Aix\u00ed, hi participen deu centres de la ciutat: les escoles Busquets i Punset, Frederic Mistral, Pere Lliscart, Joan XXIII i Bernat Desclot, i els instituts Jaume Botey, Merc\u00e8 Rodoreda, Bellvitge, Apel\u00b7les Mestres i Bisbe Berenguer.<\/p>\n<p>En l\u2019estand municipal es mostraran un total de 14 accions que duen a terme en el marc del programa \u201cFem t\u00e0ndem L\u2019H\u201d, on hi col\u00b7labora Torre Barrina, Innovaci\u00f3 Social, una iniciativa que permet als alumnes desenvolupar un projecte lligat a un equipament o instituci\u00f3 cultural o cient\u00edfica, o sobre les noves tecnologies.<\/p>\n<h5>Fomentar les vocacions cientificot\u00e8cniques<\/h5>\n<p>Aquest dimecres, la regidoria d\u2019Innovaci\u00f3 Social de l\u2019Ajuntament presentar\u00e0 a l\u2019estand municipal el programa Inspira STEAM, una iniciativa pionera que es dur\u00e0 a terme als centres educatius de prim\u00e0ria i secund\u00e0ria durant el proper curs escolar amb l\u2019objectiu de fomentar les vocacions cientificot\u00e8cniques, principalment entre les noies.<\/p>\n<p>El projecte, impulsat per la Universitat de Deusto (UD), utilitza la t\u00e8cnica del mentoria grupal amb l\u2019objectiu de promoure entre les estudiants de 5 a 12 anys les STEAM (ci\u00e8ncia, tecnologia, enginyeria, arts i matem\u00e0tiques) mitjan\u00e7ant accions de sensibilitzaci\u00f3 i orientaci\u00f3, que imparteixen dones professionals del m\u00f3n de la investigaci\u00f3, la ci\u00e8ncia i la tecnologia de L\u2019Hospitalet.<\/p>\n<p>Les escoles de L\u2019Hospitalet podran participar durant el pr\u00f2xim curs en aquesta iniciativa que formar\u00e0 part del servei educatiu de Torre Barrina, equipament municipal que vol generar experi\u00e8ncies per a la innovaci\u00f3 i la transformaci\u00f3 social a trav\u00e9s de projectes que tinguin un impacte positiu a la ciutat.<\/p>\n<h5>M\u00e9s de 22.000 estudiants<\/h5>\n<p>Fins dissabte La Farga de L\u2019Hospitalet acull per segona edici\u00f3 el\u00a0<a href=\"https:\/\/www.lafarga.com\/corporatiu\/el-yomo-arriba-de-nou-a-farga\/\" target=\"_blank\" rel=\"noopener\"><strong>Youth Mobile Festival (YoMo)<\/strong><\/a>, organitzat per GMSA, el festival m\u00e9s gran dedicat a la ci\u00e8ncia, la tecnologia, l\u2019enginyeria, l\u2019art, el disseny i les matem\u00e0tiques per a joves. Durant aquests dies, 22.000 estudiants i educadors del pa\u00eds, dels quals 2.100 s\u00f3n de L\u2019Hospitalet, assistiran a aquesta enorme exposici\u00f3 que uneix ci\u00e8ncia, tecnologia i smartphone i que ofereix m\u00e9s de 50 estands amb un centenar de tallers i activitats pr\u00e0ctiques pensades per a tots els joves, aix\u00ed com activitats per als educadors.<\/p>\n<h5>YoMo Family Day<\/h5>\n<p>Una altra novetat d\u2019enguany \u00e9s la celebraci\u00f3 del YoMo Family Day, una iniciativa de GMSA i l\u2019Ajuntament de L\u2019Hospitalet que permetr\u00e0 a les fam\u00edlies amb fills menors visitar el festival de forma gratu\u00efta. Aix\u00ed, el YoMo obrir\u00e0 dissabte, 2 de mar\u00e7, de 10 a 16 hores, per a nens i nenes de 8 a 12 anys que vagin acompanyats d\u2019un adult. Per accedir a aquesta entrada familiar cal inscriure\u2019s pr\u00e8viament al web del certamen (<a href=\"https:\/\/www.mwcyomo.com\/bcn\/ca\/registreu-vos\/families\/\" target=\"_blank\" rel=\"noopener\"><strong>www.yomobcn.cat\/families<\/strong><\/a>). S\u2019hi poden inscriure fins a 8 persones, per\u00f2 cada inscripci\u00f3, per ser v\u00e0lida, ha de registrar, com a m\u00ednim, 1 menor d\u2019edat i un adult acompanyant.<\/p>\n","protected":false},"excerpt":{"rendered":"<p>Per primera vegada, cinc escoles i cinc instituts de la ciutat mostraran les accions que desenvolupen relacionades amb la rob\u00f2tica i l\u2019\u00fas de la tecnologia.<\/p>\n","protected":false},"author":5,"featured_media":13180,"comment_status":"closed","ping_status":"closed","sticky":false,"template":"","format":"standard","meta":{"inline_featured_image":false,"_uag_custom_page_level_css":"","_monsterinsights_skip_tracking":false,"_monsterinsights_sitenote_active":false,"_monsterinsights_sitenote_note":"","_monsterinsights_sitenote_category":0,"site-sidebar-layout":"default","site-content-layout":"","ast-site-content-layout":"default","site-content-style":"default","site-sidebar-style":"default","ast-global-header-display":"","ast-banner-title-visibility":"","ast-main-header-display":"","ast-hfb-above-header-display":"","ast-hfb-below-header-display":"","ast-hfb-mobile-header-display":"","site-post-title":"","ast-breadcrumbs-content":"","ast-featured-img":"","footer-sml-layout":"","ast-disable-related-posts":"","theme-transparent-header-meta":"","adv-header-id-meta":"","stick-header-meta":"","header-above-stick-meta":"","header-main-stick-meta":"","header-below-stick-meta":"","astra-migrate-meta-layouts":"default","ast-page-background-enabled":"default","ast-page-background-meta":{"desktop":{"background-color":"var(--ast-global-color-4)","background-image":"","background-repeat":"repeat","background-position":"center center","background-size":"auto","background-attachment":"scroll","background-type":"","background-media":"","overlay-type":"","overlay-color":"","overlay-opacity":"","overlay-gradient":""},"tablet":{"background-color":"","background-image":"","background-repeat":"repeat","background-position":"center center","background-size":"auto","background-attachment":"scroll","background-type":"","background-media":"","overlay-type":"","overlay-color":"","overlay-opacity":"","overlay-gradient":""},"mobile":{"background-color":"","background-image":"","background-repeat":"repeat","background-position":"center center","background-size":"auto","background-attachment":"scroll","background-type":"","background-media":"","overlay-type":"","overlay-color":"","overlay-opacity":"","overlay-gradient":""}},"ast-content-background-meta":{"desktop":{"background-color":"var(--ast-global-color-5)","background-image":"","background-repeat":"repeat","background-position":"center center","background-size":"auto","background-attachment":"scroll","background-type":"","background-media":"","overlay-type":"","overlay-color":"","overlay-opacity":"","overlay-gradient":""},"tablet":{"background-color":"var(--ast-global-color-5)","background-image":"","background-repeat":"repeat","background-position":"center center","background-size":"auto","background-attachment":"scroll","background-type":"","background-media":"","overlay-type":"","overlay-color":"","overlay-opacity":"","overlay-gradient":""},"mobile":{"background-color":"var(--ast-global-color-5)","background-image":"","background-repeat":"repeat","background-position":"center center","background-size":"auto","background-attachment":"scroll","background-type":"","background-media":"","overlay-type":"","overlay-color":"","overlay-opacity":"","overlay-gradient":""}},"footnotes":""},"categories":[49,57],"tags":[],"class_list":["post-13179","post","type-post","status-publish","format-standard","has-post-thumbnail","hentry","category-centre-activitats","category-torre-barrina"],"yoast_head":"<!-- This site is optimized with the Yoast SEO plugin v27.4 - https:\/\/yoast.com\/product\/yoast-seo-wordpress\/ -->\n<title>Projectes innovadors al YoMo de centres educatius de L&#039;H - La Farga Gesti\u00f3n de Equipamientos Municipales, S.A.<\/title>\n<meta name=\"description\" content=\"Per primera vegada al YoMo, 5 escoles i 5 instituts de la ciutat mostraran les accions que desenvolupen relacionades amb la rob\u00f2tica i l\u2019\u00fas de la tecnologia\" \/>\n<meta name=\"robots\" content=\"index, follow, max-snippet:-1, max-image-preview:large, max-video-preview:-1\" \/>\n<link rel=\"canonical\" href=\"https:\/\/www.lafarga.com\/corporatiu\/projectes-innovadors-yomo-centres-educatius-lh\/\" \/>\n<meta property=\"og:locale\" content=\"ca_ES\" \/>\n<meta property=\"og:type\" content=\"article\" \/>\n<meta property=\"og:title\" content=\"Projectes innovadors al YoMo de centres educatius de L&#039;H - La Farga Gesti\u00f3n de Equipamientos Municipales, S.A.\" \/>\n<meta property=\"og:description\" content=\"Per primera vegada al YoMo, 5 escoles i 5 instituts de la ciutat mostraran les accions que desenvolupen relacionades amb la rob\u00f2tica i l\u2019\u00fas de la tecnologia\" \/>\n<meta property=\"og:url\" content=\"https:\/\/www.lafarga.com\/corporatiu\/projectes-innovadors-yomo-centres-educatius-lh\/\" \/>\n<meta property=\"og:site_name\" content=\"La Farga Gesti\u00f3n de Equipamientos Municipales, S.A.\" \/>\n<meta property=\"article:published_time\" content=\"2019-02-27T12:12:00+00:00\" \/>\n<meta property=\"og:image\" content=\"https:\/\/www.lafarga.com\/corporatiu\/wp-content\/uploads\/2019\/02\/YoMo-Marin-Hoffman-Farga.jpg\" \/>\n\t<meta property=\"og:image:width\" content=\"730\" \/>\n\t<meta property=\"og:image:height\" content=\"410\" \/>\n\t<meta property=\"og:image:type\" content=\"image\/jpeg\" \/>\n<meta name=\"author\" content=\"\u00d2scar Milla\" \/>\n<meta name=\"twitter:label1\" content=\"Escrit per\" \/>\n\t<meta name=\"twitter:data1\" content=\"\u00d2scar Milla\" \/>\n\t<meta name=\"twitter:label2\" content=\"Temps estimat de lectura\" \/>\n\t<meta name=\"twitter:data2\" content=\"3 minuts\" \/>\n<script type=\"application\/ld+json\" class=\"yoast-schema-graph\">{\"@context\":\"https:\\\/\\\/schema.org\",\"@graph\":[{\"@type\":\"Article\",\"@id\":\"https:\\\/\\\/www.lafarga.com\\\/corporatiu\\\/projectes-innovadors-yomo-centres-educatius-lh\\\/#article\",\"isPartOf\":{\"@id\":\"https:\\\/\\\/www.lafarga.com\\\/corporatiu\\\/projectes-innovadors-yomo-centres-educatius-lh\\\/\"},\"author\":{\"name\":\"\u00d2scar Milla\",\"@id\":\"https:\\\/\\\/www.lafarga.com\\\/corporatiu\\\/#\\\/schema\\\/person\\\/70d96fe17d0da1a9c9e80d232bdbcf33\"},\"headline\":\"Projectes innovadors al YoMo de centres educatius de L&#8217;H\",\"datePublished\":\"2019-02-27T12:12:00+00:00\",\"mainEntityOfPage\":{\"@id\":\"https:\\\/\\\/www.lafarga.com\\\/corporatiu\\\/projectes-innovadors-yomo-centres-educatius-lh\\\/\"},\"wordCount\":621,\"publisher\":{\"@id\":\"https:\\\/\\\/www.lafarga.com\\\/corporatiu\\\/#organization\"},\"image\":{\"@id\":\"https:\\\/\\\/www.lafarga.com\\\/corporatiu\\\/projectes-innovadors-yomo-centres-educatius-lh\\\/#primaryimage\"},\"thumbnailUrl\":\"https:\\\/\\\/www.lafarga.com\\\/corporatiu\\\/wp-content\\\/uploads\\\/2019\\\/02\\\/YoMo-Marin-Hoffman-Farga.jpg\",\"articleSection\":[\"Centre d'Activitats\",\"Torre Barrina\"],\"inLanguage\":\"ca\"},{\"@type\":\"WebPage\",\"@id\":\"https:\\\/\\\/www.lafarga.com\\\/corporatiu\\\/projectes-innovadors-yomo-centres-educatius-lh\\\/\",\"url\":\"https:\\\/\\\/www.lafarga.com\\\/corporatiu\\\/projectes-innovadors-yomo-centres-educatius-lh\\\/\",\"name\":\"Projectes innovadors al YoMo de centres educatius de L'H - La Farga Gesti\u00f3n de Equipamientos Municipales, S.A.\",\"isPartOf\":{\"@id\":\"https:\\\/\\\/www.lafarga.com\\\/corporatiu\\\/#website\"},\"primaryImageOfPage\":{\"@id\":\"https:\\\/\\\/www.lafarga.com\\\/corporatiu\\\/projectes-innovadors-yomo-centres-educatius-lh\\\/#primaryimage\"},\"image\":{\"@id\":\"https:\\\/\\\/www.lafarga.com\\\/corporatiu\\\/projectes-innovadors-yomo-centres-educatius-lh\\\/#primaryimage\"},\"thumbnailUrl\":\"https:\\\/\\\/www.lafarga.com\\\/corporatiu\\\/wp-content\\\/uploads\\\/2019\\\/02\\\/YoMo-Marin-Hoffman-Farga.jpg\",\"datePublished\":\"2019-02-27T12:12:00+00:00\",\"description\":\"Per primera vegada al YoMo, 5 escoles i 5 instituts de la ciutat mostraran les accions que desenvolupen relacionades amb la rob\u00f2tica i l\u2019\u00fas de la tecnologia\",\"breadcrumb\":{\"@id\":\"https:\\\/\\\/www.lafarga.com\\\/corporatiu\\\/projectes-innovadors-yomo-centres-educatius-lh\\\/#breadcrumb\"},\"inLanguage\":\"ca\",\"potentialAction\":[{\"@type\":\"ReadAction\",\"target\":[\"https:\\\/\\\/www.lafarga.com\\\/corporatiu\\\/projectes-innovadors-yomo-centres-educatius-lh\\\/\"]}]},{\"@type\":\"ImageObject\",\"inLanguage\":\"ca\",\"@id\":\"https:\\\/\\\/www.lafarga.com\\\/corporatiu\\\/projectes-innovadors-yomo-centres-educatius-lh\\\/#primaryimage\",\"url\":\"https:\\\/\\\/www.lafarga.com\\\/corporatiu\\\/wp-content\\\/uploads\\\/2019\\\/02\\\/YoMo-Marin-Hoffman-Farga.jpg\",\"contentUrl\":\"https:\\\/\\\/www.lafarga.com\\\/corporatiu\\\/wp-content\\\/uploads\\\/2019\\\/02\\\/YoMo-Marin-Hoffman-Farga.jpg\",\"width\":730,\"height\":410,\"caption\":\"YoMo Farga Mar\u00edn\"},{\"@type\":\"BreadcrumbList\",\"@id\":\"https:\\\/\\\/www.lafarga.com\\\/corporatiu\\\/projectes-innovadors-yomo-centres-educatius-lh\\\/#breadcrumb\",\"itemListElement\":[{\"@type\":\"ListItem\",\"position\":1,\"name\":\"Home\",\"item\":\"https:\\\/\\\/www.lafarga.com\\\/corporatiu\\\/lafarga-hospitalet-llobregat\\\/\"},{\"@type\":\"ListItem\",\"position\":2,\"name\":\"Projectes innovadors al YoMo de centres educatius de L&#8217;H\"}]},{\"@type\":\"WebSite\",\"@id\":\"https:\\\/\\\/www.lafarga.com\\\/corporatiu\\\/#website\",\"url\":\"https:\\\/\\\/www.lafarga.com\\\/corporatiu\\\/\",\"name\":\"La Farga Gesti\u00f3 d&#039;Equipaments Municipals, SA\",\"description\":\"\",\"publisher\":{\"@id\":\"https:\\\/\\\/www.lafarga.com\\\/corporatiu\\\/#organization\"},\"potentialAction\":[{\"@type\":\"SearchAction\",\"target\":{\"@type\":\"EntryPoint\",\"urlTemplate\":\"https:\\\/\\\/www.lafarga.com\\\/corporatiu\\\/?s={search_term_string}\"},\"query-input\":{\"@type\":\"PropertyValueSpecification\",\"valueRequired\":true,\"valueName\":\"search_term_string\"}}],\"inLanguage\":\"ca\"},{\"@type\":\"Organization\",\"@id\":\"https:\\\/\\\/www.lafarga.com\\\/corporatiu\\\/#organization\",\"name\":\"La Farga Gesti\u00f3 d&#039;Equipaments Municipals, SA\",\"url\":\"https:\\\/\\\/www.lafarga.com\\\/corporatiu\\\/\",\"logo\":{\"@type\":\"ImageObject\",\"inLanguage\":\"ca\",\"@id\":\"https:\\\/\\\/www.lafarga.com\\\/corporatiu\\\/#\\\/schema\\\/logo\\\/image\\\/\",\"url\":\"https:\\\/\\\/www.lafarga.com\\\/corporatiu\\\/wp-content\\\/uploads\\\/2023\\\/11\\\/logotipo_lafarga_gemsa.svg\",\"contentUrl\":\"https:\\\/\\\/www.lafarga.com\\\/corporatiu\\\/wp-content\\\/uploads\\\/2023\\\/11\\\/logotipo_lafarga_gemsa.svg\",\"width\":102,\"height\":103,\"caption\":\"La Farga Gesti\u00f3 d&#039;Equipaments Municipals, SA\"},\"image\":{\"@id\":\"https:\\\/\\\/www.lafarga.com\\\/corporatiu\\\/#\\\/schema\\\/logo\\\/image\\\/\"}},{\"@type\":\"Person\",\"@id\":\"https:\\\/\\\/www.lafarga.com\\\/corporatiu\\\/#\\\/schema\\\/person\\\/70d96fe17d0da1a9c9e80d232bdbcf33\",\"name\":\"\u00d2scar Milla\",\"image\":{\"@type\":\"ImageObject\",\"inLanguage\":\"ca\",\"@id\":\"https:\\\/\\\/secure.gravatar.com\\\/avatar\\\/92e75d184f9d5e0e403bd4ad075b080ad258344ddc259adddb579f6a3ba6494f?s=96&d=mm&r=g\",\"url\":\"https:\\\/\\\/secure.gravatar.com\\\/avatar\\\/92e75d184f9d5e0e403bd4ad075b080ad258344ddc259adddb579f6a3ba6494f?s=96&d=mm&r=g\",\"contentUrl\":\"https:\\\/\\\/secure.gravatar.com\\\/avatar\\\/92e75d184f9d5e0e403bd4ad075b080ad258344ddc259adddb579f6a3ba6494f?s=96&d=mm&r=g\",\"caption\":\"\u00d2scar Milla\"},\"url\":\"https:\\\/\\\/www.lafarga.com\\\/corporatiu\\\/author\\\/omilla\\\/\"}]}<\/script>\n<!-- \/ Yoast SEO plugin. -->","yoast_head_json":{"title":"Projectes innovadors al YoMo de centres educatius de L'H - La Farga Gesti\u00f3n de Equipamientos Municipales, S.A.","description":"Per primera vegada al YoMo, 5 escoles i 5 instituts de la ciutat mostraran les accions que desenvolupen relacionades amb la rob\u00f2tica i l\u2019\u00fas de la tecnologia","robots":{"index":"index","follow":"follow","max-snippet":"max-snippet:-1","max-image-preview":"max-image-preview:large","max-video-preview":"max-video-preview:-1"},"canonical":"https:\/\/www.lafarga.com\/corporatiu\/projectes-innovadors-yomo-centres-educatius-lh\/","og_locale":"ca_ES","og_type":"article","og_title":"Projectes innovadors al YoMo de centres educatius de L'H - La Farga Gesti\u00f3n de Equipamientos Municipales, S.A.","og_description":"Per primera vegada al YoMo, 5 escoles i 5 instituts de la ciutat mostraran les accions que desenvolupen relacionades amb la rob\u00f2tica i l\u2019\u00fas de la tecnologia","og_url":"https:\/\/www.lafarga.com\/corporatiu\/projectes-innovadors-yomo-centres-educatius-lh\/","og_site_name":"La Farga Gesti\u00f3n de Equipamientos Municipales, S.A.","article_published_time":"2019-02-27T12:12:00+00:00","og_image":[{"width":730,"height":410,"url":"https:\/\/www.lafarga.com\/corporatiu\/wp-content\/uploads\/2019\/02\/YoMo-Marin-Hoffman-Farga.jpg","type":"image\/jpeg"}],"author":"\u00d2scar Milla","twitter_misc":{"Escrit per":"\u00d2scar Milla","Temps estimat de lectura":"3 minuts"},"schema":{"@context":"https:\/\/schema.org","@graph":[{"@type":"Article","@id":"https:\/\/www.lafarga.com\/corporatiu\/projectes-innovadors-yomo-centres-educatius-lh\/#article","isPartOf":{"@id":"https:\/\/www.lafarga.com\/corporatiu\/projectes-innovadors-yomo-centres-educatius-lh\/"},"author":{"name":"\u00d2scar Milla","@id":"https:\/\/www.lafarga.com\/corporatiu\/#\/schema\/person\/70d96fe17d0da1a9c9e80d232bdbcf33"},"headline":"Projectes innovadors al YoMo de centres educatius de L&#8217;H","datePublished":"2019-02-27T12:12:00+00:00","mainEntityOfPage":{"@id":"https:\/\/www.lafarga.com\/corporatiu\/projectes-innovadors-yomo-centres-educatius-lh\/"},"wordCount":621,"publisher":{"@id":"https:\/\/www.lafarga.com\/corporatiu\/#organization"},"image":{"@id":"https:\/\/www.lafarga.com\/corporatiu\/projectes-innovadors-yomo-centres-educatius-lh\/#primaryimage"},"thumbnailUrl":"https:\/\/www.lafarga.com\/corporatiu\/wp-content\/uploads\/2019\/02\/YoMo-Marin-Hoffman-Farga.jpg","articleSection":["Centre d'Activitats","Torre Barrina"],"inLanguage":"ca"},{"@type":"WebPage","@id":"https:\/\/www.lafarga.com\/corporatiu\/projectes-innovadors-yomo-centres-educatius-lh\/","url":"https:\/\/www.lafarga.com\/corporatiu\/projectes-innovadors-yomo-centres-educatius-lh\/","name":"Projectes innovadors al YoMo de centres educatius de L'H - La Farga Gesti\u00f3n de Equipamientos Municipales, S.A.","isPartOf":{"@id":"https:\/\/www.lafarga.com\/corporatiu\/#website"},"primaryImageOfPage":{"@id":"https:\/\/www.lafarga.com\/corporatiu\/projectes-innovadors-yomo-centres-educatius-lh\/#primaryimage"},"image":{"@id":"https:\/\/www.lafarga.com\/corporatiu\/projectes-innovadors-yomo-centres-educatius-lh\/#primaryimage"},"thumbnailUrl":"https:\/\/www.lafarga.com\/corporatiu\/wp-content\/uploads\/2019\/02\/YoMo-Marin-Hoffman-Farga.jpg","datePublished":"2019-02-27T12:12:00+00:00","description":"Per primera vegada al YoMo, 5 escoles i 5 instituts de la ciutat mostraran les accions que desenvolupen relacionades amb la rob\u00f2tica i l\u2019\u00fas de la tecnologia","breadcrumb":{"@id":"https:\/\/www.lafarga.com\/corporatiu\/projectes-innovadors-yomo-centres-educatius-lh\/#breadcrumb"},"inLanguage":"ca","potentialAction":[{"@type":"ReadAction","target":["https:\/\/www.lafarga.com\/corporatiu\/projectes-innovadors-yomo-centres-educatius-lh\/"]}]},{"@type":"ImageObject","inLanguage":"ca","@id":"https:\/\/www.lafarga.com\/corporatiu\/projectes-innovadors-yomo-centres-educatius-lh\/#primaryimage","url":"https:\/\/www.lafarga.com\/corporatiu\/wp-content\/uploads\/2019\/02\/YoMo-Marin-Hoffman-Farga.jpg","contentUrl":"https:\/\/www.lafarga.com\/corporatiu\/wp-content\/uploads\/2019\/02\/YoMo-Marin-Hoffman-Farga.jpg","width":730,"height":410,"caption":"YoMo Farga Mar\u00edn"},{"@type":"BreadcrumbList","@id":"https:\/\/www.lafarga.com\/corporatiu\/projectes-innovadors-yomo-centres-educatius-lh\/#breadcrumb","itemListElement":[{"@type":"ListItem","position":1,"name":"Home","item":"https:\/\/www.lafarga.com\/corporatiu\/lafarga-hospitalet-llobregat\/"},{"@type":"ListItem","position":2,"name":"Projectes innovadors al YoMo de centres educatius de L&#8217;H"}]},{"@type":"WebSite","@id":"https:\/\/www.lafarga.com\/corporatiu\/#website","url":"https:\/\/www.lafarga.com\/corporatiu\/","name":"La Farga Gesti\u00f3 d&#039;Equipaments Municipals, SA","description":"","publisher":{"@id":"https:\/\/www.lafarga.com\/corporatiu\/#organization"},"potentialAction":[{"@type":"SearchAction","target":{"@type":"EntryPoint","urlTemplate":"https:\/\/www.lafarga.com\/corporatiu\/?s={search_term_string}"},"query-input":{"@type":"PropertyValueSpecification","valueRequired":true,"valueName":"search_term_string"}}],"inLanguage":"ca"},{"@type":"Organization","@id":"https:\/\/www.lafarga.com\/corporatiu\/#organization","name":"La Farga Gesti\u00f3 d&#039;Equipaments Municipals, SA","url":"https:\/\/www.lafarga.com\/corporatiu\/","logo":{"@type":"ImageObject","inLanguage":"ca","@id":"https:\/\/www.lafarga.com\/corporatiu\/#\/schema\/logo\/image\/","url":"https:\/\/www.lafarga.com\/corporatiu\/wp-content\/uploads\/2023\/11\/logotipo_lafarga_gemsa.svg","contentUrl":"https:\/\/www.lafarga.com\/corporatiu\/wp-content\/uploads\/2023\/11\/logotipo_lafarga_gemsa.svg","width":102,"height":103,"caption":"La Farga Gesti\u00f3 d&#039;Equipaments Municipals, SA"},"image":{"@id":"https:\/\/www.lafarga.com\/corporatiu\/#\/schema\/logo\/image\/"}},{"@type":"Person","@id":"https:\/\/www.lafarga.com\/corporatiu\/#\/schema\/person\/70d96fe17d0da1a9c9e80d232bdbcf33","name":"\u00d2scar Milla","image":{"@type":"ImageObject","inLanguage":"ca","@id":"https:\/\/secure.gravatar.com\/avatar\/92e75d184f9d5e0e403bd4ad075b080ad258344ddc259adddb579f6a3ba6494f?s=96&d=mm&r=g","url":"https:\/\/secure.gravatar.com\/avatar\/92e75d184f9d5e0e403bd4ad075b080ad258344ddc259adddb579f6a3ba6494f?s=96&d=mm&r=g","contentUrl":"https:\/\/secure.gravatar.com\/avatar\/92e75d184f9d5e0e403bd4ad075b080ad258344ddc259adddb579f6a3ba6494f?s=96&d=mm&r=g","caption":"\u00d2scar Milla"},"url":"https:\/\/www.lafarga.com\/corporatiu\/author\/omilla\/"}]}},"uagb_featured_image_src":{"full":["https:\/\/www.lafarga.com\/corporatiu\/wp-content\/uploads\/2019\/02\/YoMo-Marin-Hoffman-Farga.jpg",730,410,false],"thumbnail":["https:\/\/www.lafarga.com\/corporatiu\/wp-content\/uploads\/2019\/02\/YoMo-Marin-Hoffman-Farga-150x150.jpg",150,150,true],"medium":["https:\/\/www.lafarga.com\/corporatiu\/wp-content\/uploads\/2019\/02\/YoMo-Marin-Hoffman-Farga-300x168.jpg",300,168,true],"medium_large":["https:\/\/www.lafarga.com\/corporatiu\/wp-content\/uploads\/2019\/02\/YoMo-Marin-Hoffman-Farga.jpg",730,410,false],"large":["https:\/\/www.lafarga.com\/corporatiu\/wp-content\/uploads\/2019\/02\/YoMo-Marin-Hoffman-Farga.jpg",730,410,false],"1536x1536":["https:\/\/www.lafarga.com\/corporatiu\/wp-content\/uploads\/2019\/02\/YoMo-Marin-Hoffman-Farga.jpg",730,410,false],"2048x2048":["https:\/\/www.lafarga.com\/corporatiu\/wp-content\/uploads\/2019\/02\/YoMo-Marin-Hoffman-Farga.jpg",730,410,false],"mailpoet_newsletter_max":["https:\/\/www.lafarga.com\/corporatiu\/wp-content\/uploads\/2019\/02\/YoMo-Marin-Hoffman-Farga.jpg",730,410,false]},"uagb_author_info":{"display_name":"\u00d2scar Milla","author_link":"https:\/\/www.lafarga.com\/corporatiu\/author\/omilla\/"},"uagb_comment_info":0,"uagb_excerpt":"Per primera vegada, cinc escoles i cinc instituts de la ciutat mostraran les accions que desenvolupen relacionades amb la rob\u00f2tica i l\u2019\u00fas de la tecnologia.","_links":{"self":[{"href":"https:\/\/www.lafarga.com\/corporatiu\/wp-json\/wp\/v2\/posts\/13179","targetHints":{"allow":["GET"]}}],"collection":[{"href":"https:\/\/www.lafarga.com\/corporatiu\/wp-json\/wp\/v2\/posts"}],"about":[{"href":"https:\/\/www.lafarga.com\/corporatiu\/wp-json\/wp\/v2\/types\/post"}],"author":[{"embeddable":true,"href":"https:\/\/www.lafarga.com\/corporatiu\/wp-json\/wp\/v2\/users\/5"}],"replies":[{"embeddable":true,"href":"https:\/\/www.lafarga.com\/corporatiu\/wp-json\/wp\/v2\/comments?post=13179"}],"version-history":[{"count":1,"href":"https:\/\/www.lafarga.com\/corporatiu\/wp-json\/wp\/v2\/posts\/13179\/revisions"}],"predecessor-version":[{"id":13181,"href":"https:\/\/www.lafarga.com\/corporatiu\/wp-json\/wp\/v2\/posts\/13179\/revisions\/13181"}],"wp:featuredmedia":[{"embeddable":true,"href":"https:\/\/www.lafarga.com\/corporatiu\/wp-json\/wp\/v2\/media\/13180"}],"wp:attachment":[{"href":"https:\/\/www.lafarga.com\/corporatiu\/wp-json\/wp\/v2\/media?parent=13179"}],"wp:term":[{"taxonomy":"category","embeddable":true,"href":"https:\/\/www.lafarga.com\/corporatiu\/wp-json\/wp\/v2\/categories?post=13179"},{"taxonomy":"post_tag","embeddable":true,"href":"https:\/\/www.lafarga.com\/corporatiu\/wp-json\/wp\/v2\/tags?post=13179"}],"curies":[{"name":"wp","href":"https:\/\/api.w.org\/{rel}","templated":true}]}}