{"id":13160,"date":"2019-02-21T14:52:28","date_gmt":"2019-02-21T14:52:28","guid":{"rendered":"http:\/\/www.lafarga.com\/corporatiu\/?p=13160"},"modified":"2019-02-21T14:54:01","modified_gmt":"2019-02-21T14:54:01","slug":"a-punto-el-dia-de-andalucia-y-el-festival-radiole","status":"publish","type":"post","link":"https:\/\/www.lafarga.com\/corporatiu\/a-punto-el-dia-de-andalucia-y-el-festival-radiole\/","title":{"rendered":"A punto el D\u00eda de Andaluc\u00eda y el Festival Radiol\u00e9"},"content":{"rendered":"\r\n\r\n\r\n<h5 class=\"wp-block-heading\">S\u00e1bado y domingo, en La Farga<\/h5>\r\n\r\n\r\n\r\n<p>Todo est\u00e1 a punto en La Farga Centro de Actividades para acoger las principales actividades de las XXXII Jornadas Conmemorativas D\u00eda de Andaluc\u00eda en L\u2019Hospitalet, que organiza la Federaci\u00f3n Coordinadora de Entidades Andaluzas en L\u2019Hospitalet.<\/p>\r\n\r\n\r\n\r\n<p>Este a\u00f1o el D\u00eda Andaluc\u00eda en L\u2019Hospitalet servir\u00e1 para rendir homenaje a la ciudad de Granada. Adem\u00e1s vuelve a celebrarse el Festival Radiol\u00e9, con la presencia de un buen cartel de artistas de renombre.<\/p>\r\n\r\n\r\n\r\n<p>La Farga acoge el s\u00e1bado por la tarde todo un programa de festival de entidades, que tambi\u00e9n se repite el domingo por la ma\u00f1ana. Adem\u00e1s tambi\u00e9n habr\u00e1 las celebraciones m\u00e1s institucionales con la tradicional ofrenda floral al olivo, la misa rociera y para acabar con la degustaci\u00f3n de un plato t\u00edpico andaluz.<\/p>\r\n\r\n\r\n\r\n<h5 class=\"wp-block-heading\">PROGRAMA DE LAS XXXII JORNADAS DEL D\u00cdA DE ANDALUC\u00cdA EN HOSPITALET<br \/>Actos centrales del D\u00eda de Andaluc\u00eda<\/h5>\r\n\r\n\r\n\r\n<p><strong>S\u00e1bado, 23 de febrero<\/strong><br \/><strong>17 h.<\/strong><br \/>Festival de Entidades (1\u00aa parte)<br \/>Participan: Real Cofrad\u00eda Virgen de la Cabeza en Catalu\u00f1a (Coro romero), Hermandad Nuestra Se\u00f1ora del Roc\u00edo Pastorcillo Divino (Coro rociero), Tertulia Flamenca de L\u2019Hospitalet (cuadros de baile), Asociaci\u00f3n Cultural Andaluza Casa Fuente Obejuna en Catalu\u00f1a (cuadros de baile), Asociaci\u00f3n Cultural Andaluza Marismas del Guadalquivir (cuadros de baile), Asociaci\u00f3n Cultural Andaluza Hijos de Paradas en Catalu\u00f1a (cuadros de baile), Hermandad Nuestra Se\u00f1ora del Roc\u00edo Rocieros de Carmona (Coro rociero), Centro Recreativo Andaluz Coro Alhambra (Coro), Asociaci\u00f3n Cultural Andaluza Hijos de Bedmar en Catalu\u00f1a (Coral), Asociaci\u00f3n Cultural Andaluza de L\u2019Hospitalet (cuadros de baile), Escuela de Danza Concha Ru\u00edz (cuadros de baile) y Hermandad Nuestra Se\u00f1ora del Roc\u00edo Pastora Almonte\u00f1a (cuadros de baile).<\/p>\r\n\r\n\r\n\r\n<p><strong>22:00 h<\/strong><br \/>Gala Festival Radiol\u00e9<br \/>DeMarco Flamenco, Paco Candela, Ecos del Roc\u00edo, Rosario Mohedano, Maki, Manu Tenorio, Rebujitos, Alaz\u00e1n, Revoluci\u00f3n, Javi Cantero, Somos del Sur, Erika Leiva, Fran Oca\u00f1a, R\u00edos de Gloria y Danilo Gabarri.<\/p>\r\n\r\n\r\n\r\n<p><strong>Domingo, 24 de febrero<\/strong><br \/><strong>9.30 h<\/strong><br \/>Festival de Entidades (2\u00aa parte)<br \/>Participan: Asociaci\u00f3n Cultural Andaluza Cofrad\u00eda 15 + 1 (Agrupaci\u00f3n musical), Casa de Baena Asociaci\u00f3n Cultural Andaluza en Catalu\u00f1a (Coral) y Centro Cultural Andaluz Blas Infante (cuadros de baile).<\/p>\r\n\r\n\r\n\r\n<p><strong>11.00 h<\/strong><br \/>Misa Rociera<br \/>Oficiada por el rector Enric Canet<br \/>Los cantos lit\u00fargicos corren a cargo del coro rociero Hermandad Rociera Andaluza de L\u2019Hospitalet.<\/p>\r\n\r\n\r\n\r\n<p><strong>12.30 h<\/strong><br \/>Ofrenda floral tradicional al olivo<br \/>Interpretaci\u00f3n de los himnos a cargo de la Casa de Baena Asociaci\u00f3n Cultural Andaluza en Catalu\u00f1a (coral) y de la Escuela Municipal de M\u00fasica-Centro de las Artes de L\u2019Hospitalet. Con la participaci\u00f3n: Colla Jove Castellera de L\u2019Hospitalet.<\/p>\r\n\r\n\r\n\r\n<p><strong>13:00 h<\/strong><br \/>Festival de Entidades (3\u00aa parte)<br \/>Participan: Asociaci\u00f3n Cultural Andaluza Hijos de Paradas en Catalu\u00f1a (cuadros de baile), Asociaci\u00f3n Cultural Andaluza Marismas del Guadalquivir (cuadros de baile), Asociaci\u00f3n Cultural Andaluza de L\u2019Hospitalet (cuadros de baile) y Centro Cultural Andaluz Blas Infante (cuadros de baile).<\/p>\r\n\r\n\r\n\r\n<p><strong>13.15 h<\/strong><br \/>Degustaci\u00f3n del plato t\u00edpico andaluz<br \/>Olla de San Ant\u00f3n<br \/>Ofrecido por el Centro de Formaci\u00f3n de Hosteler\u00eda del Ayuntamiento de L\u2019Hospitalet.<\/p>\r\n\r\n\r\n\r\n<p><a href=\"http:\/\/www.l-h.cat\/utils\/obreFitxer.ashx?Fw9EVw48XS5r1XheMtAlkbJdyniM8KAn3jgmCPCZSvtRzwykIqvjuYy6nZLSf66W\" target=\"_blank\" rel=\"noreferrer noopener\"><strong>Consulta el programa del D\u00eda de Andaluc\u00eda en L\u2019Hospitalet.<\/strong><\/a><\/p>\r\n","protected":false},"excerpt":{"rendered":"<p>Todo est\u00e1 a punto en La Farga Centro de Actividades para acoger las principales actividades de las XXXII Jornadas Conmemorativas D\u00eda de Andaluc\u00eda en L&#8217;Hospitalet.<\/p>\n","protected":false},"author":5,"featured_media":9714,"comment_status":"closed","ping_status":"closed","sticky":false,"template":"","format":"standard","meta":{"inline_featured_image":false,"_uag_custom_page_level_css":"","_monsterinsights_skip_tracking":false,"_monsterinsights_sitenote_active":false,"_monsterinsights_sitenote_note":"","_monsterinsights_sitenote_category":0,"site-sidebar-layout":"default","site-content-layout":"","ast-site-content-layout":"default","site-content-style":"default","site-sidebar-style":"default","ast-global-header-display":"","ast-banner-title-visibility":"","ast-main-header-display":"","ast-hfb-above-header-display":"","ast-hfb-below-header-display":"","ast-hfb-mobile-header-display":"","site-post-title":"","ast-breadcrumbs-content":"","ast-featured-img":"","footer-sml-layout":"","ast-disable-related-posts":"","theme-transparent-header-meta":"","adv-header-id-meta":"","stick-header-meta":"","header-above-stick-meta":"","header-main-stick-meta":"","header-below-stick-meta":"","astra-migrate-meta-layouts":"default","ast-page-background-enabled":"default","ast-page-background-meta":{"desktop":{"background-color":"var(--ast-global-color-4)","background-image":"","background-repeat":"repeat","background-position":"center center","background-size":"auto","background-attachment":"scroll","background-type":"","background-media":"","overlay-type":"","overlay-color":"","overlay-opacity":"","overlay-gradient":""},"tablet":{"background-color":"","background-image":"","background-repeat":"repeat","background-position":"center center","background-size":"auto","background-attachment":"scroll","background-type":"","background-media":"","overlay-type":"","overlay-color":"","overlay-opacity":"","overlay-gradient":""},"mobile":{"background-color":"","background-image":"","background-repeat":"repeat","background-position":"center center","background-size":"auto","background-attachment":"scroll","background-type":"","background-media":"","overlay-type":"","overlay-color":"","overlay-opacity":"","overlay-gradient":""}},"ast-content-background-meta":{"desktop":{"background-color":"var(--ast-global-color-5)","background-image":"","background-repeat":"repeat","background-position":"center center","background-size":"auto","background-attachment":"scroll","background-type":"","background-media":"","overlay-type":"","overlay-color":"","overlay-opacity":"","overlay-gradient":""},"tablet":{"background-color":"var(--ast-global-color-5)","background-image":"","background-repeat":"repeat","background-position":"center center","background-size":"auto","background-attachment":"scroll","background-type":"","background-media":"","overlay-type":"","overlay-color":"","overlay-opacity":"","overlay-gradient":""},"mobile":{"background-color":"var(--ast-global-color-5)","background-image":"","background-repeat":"repeat","background-position":"center center","background-size":"auto","background-attachment":"scroll","background-type":"","background-media":"","overlay-type":"","overlay-color":"","overlay-opacity":"","overlay-gradient":""}},"footnotes":""},"categories":[73],"tags":[],"class_list":["post-13160","post","type-post","status-publish","format-standard","has-post-thumbnail","hentry","category-centro-de-actividades"],"yoast_head":"<!-- This site is optimized with the Yoast SEO plugin v27.4 - https:\/\/yoast.com\/product\/yoast-seo-wordpress\/ -->\n<title>A punto el D\u00eda de Andaluc\u00eda y el Festival Radiol\u00e9 - La Farga Gesti\u00f3n de Equipamientos Municipales, S.A.<\/title>\n<meta name=\"description\" content=\"Todo est\u00e1 a punto en La Farga Centro de Actividades para acoger las principales actividades de las XXXII Jornadas Conmemorativas D\u00eda de Andaluc\u00eda.\" \/>\n<meta name=\"robots\" content=\"index, follow, max-snippet:-1, max-image-preview:large, max-video-preview:-1\" \/>\n<link rel=\"canonical\" href=\"https:\/\/www.lafarga.com\/corporatiu\/a-punto-el-dia-de-andalucia-y-el-festival-radiole\/\" \/>\n<meta property=\"og:locale\" content=\"ca_ES\" \/>\n<meta property=\"og:type\" content=\"article\" \/>\n<meta property=\"og:title\" content=\"A punto el D\u00eda de Andaluc\u00eda y el Festival Radiol\u00e9 - La Farga Gesti\u00f3n de Equipamientos Municipales, S.A.\" \/>\n<meta property=\"og:description\" content=\"Todo est\u00e1 a punto en La Farga Centro de Actividades para acoger las principales actividades de las XXXII Jornadas Conmemorativas D\u00eda de Andaluc\u00eda.\" \/>\n<meta property=\"og:url\" content=\"https:\/\/www.lafarga.com\/corporatiu\/a-punto-el-dia-de-andalucia-y-el-festival-radiole\/\" \/>\n<meta property=\"og:site_name\" content=\"La Farga Gesti\u00f3n de Equipamientos Municipales, S.A.\" \/>\n<meta property=\"article:published_time\" content=\"2019-02-21T14:52:28+00:00\" \/>\n<meta property=\"article:modified_time\" content=\"2019-02-21T14:54:01+00:00\" \/>\n<meta property=\"og:image\" content=\"https:\/\/www.lafarga.com\/corporatiu\/wp-content\/uploads\/2017\/02\/Dia-Andalusia-17-Farga.jpg\" \/>\n\t<meta property=\"og:image:width\" content=\"730\" \/>\n\t<meta property=\"og:image:height\" content=\"410\" \/>\n\t<meta property=\"og:image:type\" content=\"image\/jpeg\" \/>\n<meta name=\"author\" content=\"\u00d2scar Milla\" \/>\n<meta name=\"twitter:label1\" content=\"Escrit per\" \/>\n\t<meta name=\"twitter:data1\" content=\"\u00d2scar Milla\" \/>\n\t<meta name=\"twitter:label2\" content=\"Temps estimat de lectura\" \/>\n\t<meta name=\"twitter:data2\" content=\"3 minuts\" \/>\n<script type=\"application\/ld+json\" class=\"yoast-schema-graph\">{\"@context\":\"https:\\\/\\\/schema.org\",\"@graph\":[{\"@type\":\"Article\",\"@id\":\"https:\\\/\\\/www.lafarga.com\\\/corporatiu\\\/a-punto-el-dia-de-andalucia-y-el-festival-radiole\\\/#article\",\"isPartOf\":{\"@id\":\"https:\\\/\\\/www.lafarga.com\\\/corporatiu\\\/a-punto-el-dia-de-andalucia-y-el-festival-radiole\\\/\"},\"author\":{\"name\":\"\u00d2scar Milla\",\"@id\":\"https:\\\/\\\/www.lafarga.com\\\/corporatiu\\\/#\\\/schema\\\/person\\\/70d96fe17d0da1a9c9e80d232bdbcf33\"},\"headline\":\"A punto el D\u00eda de Andaluc\u00eda y el Festival Radiol\u00e9\",\"datePublished\":\"2019-02-21T14:52:28+00:00\",\"dateModified\":\"2019-02-21T14:54:01+00:00\",\"mainEntityOfPage\":{\"@id\":\"https:\\\/\\\/www.lafarga.com\\\/corporatiu\\\/a-punto-el-dia-de-andalucia-y-el-festival-radiole\\\/\"},\"wordCount\":552,\"publisher\":{\"@id\":\"https:\\\/\\\/www.lafarga.com\\\/corporatiu\\\/#organization\"},\"image\":{\"@id\":\"https:\\\/\\\/www.lafarga.com\\\/corporatiu\\\/a-punto-el-dia-de-andalucia-y-el-festival-radiole\\\/#primaryimage\"},\"thumbnailUrl\":\"https:\\\/\\\/www.lafarga.com\\\/corporatiu\\\/wp-content\\\/uploads\\\/2017\\\/02\\\/Dia-Andalusia-17-Farga.jpg\",\"articleSection\":[\"Centro de Actividades\"],\"inLanguage\":\"ca\"},{\"@type\":\"WebPage\",\"@id\":\"https:\\\/\\\/www.lafarga.com\\\/corporatiu\\\/a-punto-el-dia-de-andalucia-y-el-festival-radiole\\\/\",\"url\":\"https:\\\/\\\/www.lafarga.com\\\/corporatiu\\\/a-punto-el-dia-de-andalucia-y-el-festival-radiole\\\/\",\"name\":\"A punto el D\u00eda de Andaluc\u00eda y el Festival Radiol\u00e9 - La Farga Gesti\u00f3n de Equipamientos Municipales, S.A.\",\"isPartOf\":{\"@id\":\"https:\\\/\\\/www.lafarga.com\\\/corporatiu\\\/#website\"},\"primaryImageOfPage\":{\"@id\":\"https:\\\/\\\/www.lafarga.com\\\/corporatiu\\\/a-punto-el-dia-de-andalucia-y-el-festival-radiole\\\/#primaryimage\"},\"image\":{\"@id\":\"https:\\\/\\\/www.lafarga.com\\\/corporatiu\\\/a-punto-el-dia-de-andalucia-y-el-festival-radiole\\\/#primaryimage\"},\"thumbnailUrl\":\"https:\\\/\\\/www.lafarga.com\\\/corporatiu\\\/wp-content\\\/uploads\\\/2017\\\/02\\\/Dia-Andalusia-17-Farga.jpg\",\"datePublished\":\"2019-02-21T14:52:28+00:00\",\"dateModified\":\"2019-02-21T14:54:01+00:00\",\"description\":\"Todo est\u00e1 a punto en La Farga Centro de Actividades para acoger las principales actividades de las XXXII Jornadas Conmemorativas D\u00eda de Andaluc\u00eda.\",\"breadcrumb\":{\"@id\":\"https:\\\/\\\/www.lafarga.com\\\/corporatiu\\\/a-punto-el-dia-de-andalucia-y-el-festival-radiole\\\/#breadcrumb\"},\"inLanguage\":\"ca\",\"potentialAction\":[{\"@type\":\"ReadAction\",\"target\":[\"https:\\\/\\\/www.lafarga.com\\\/corporatiu\\\/a-punto-el-dia-de-andalucia-y-el-festival-radiole\\\/\"]}]},{\"@type\":\"ImageObject\",\"inLanguage\":\"ca\",\"@id\":\"https:\\\/\\\/www.lafarga.com\\\/corporatiu\\\/a-punto-el-dia-de-andalucia-y-el-festival-radiole\\\/#primaryimage\",\"url\":\"https:\\\/\\\/www.lafarga.com\\\/corporatiu\\\/wp-content\\\/uploads\\\/2017\\\/02\\\/Dia-Andalusia-17-Farga.jpg\",\"contentUrl\":\"https:\\\/\\\/www.lafarga.com\\\/corporatiu\\\/wp-content\\\/uploads\\\/2017\\\/02\\\/Dia-Andalusia-17-Farga.jpg\",\"width\":730,\"height\":410,\"caption\":\"Tres d\u00e8cades Farga\"},{\"@type\":\"BreadcrumbList\",\"@id\":\"https:\\\/\\\/www.lafarga.com\\\/corporatiu\\\/a-punto-el-dia-de-andalucia-y-el-festival-radiole\\\/#breadcrumb\",\"itemListElement\":[{\"@type\":\"ListItem\",\"position\":1,\"name\":\"Home\",\"item\":\"https:\\\/\\\/www.lafarga.com\\\/corporatiu\\\/lafarga-hospitalet-llobregat\\\/\"},{\"@type\":\"ListItem\",\"position\":2,\"name\":\"A punto el D\u00eda de Andaluc\u00eda y el Festival Radiol\u00e9\"}]},{\"@type\":\"WebSite\",\"@id\":\"https:\\\/\\\/www.lafarga.com\\\/corporatiu\\\/#website\",\"url\":\"https:\\\/\\\/www.lafarga.com\\\/corporatiu\\\/\",\"name\":\"La Farga Gesti\u00f3 d&#039;Equipaments Municipals, SA\",\"description\":\"\",\"publisher\":{\"@id\":\"https:\\\/\\\/www.lafarga.com\\\/corporatiu\\\/#organization\"},\"potentialAction\":[{\"@type\":\"SearchAction\",\"target\":{\"@type\":\"EntryPoint\",\"urlTemplate\":\"https:\\\/\\\/www.lafarga.com\\\/corporatiu\\\/?s={search_term_string}\"},\"query-input\":{\"@type\":\"PropertyValueSpecification\",\"valueRequired\":true,\"valueName\":\"search_term_string\"}}],\"inLanguage\":\"ca\"},{\"@type\":\"Organization\",\"@id\":\"https:\\\/\\\/www.lafarga.com\\\/corporatiu\\\/#organization\",\"name\":\"La Farga Gesti\u00f3 d&#039;Equipaments Municipals, SA\",\"url\":\"https:\\\/\\\/www.lafarga.com\\\/corporatiu\\\/\",\"logo\":{\"@type\":\"ImageObject\",\"inLanguage\":\"ca\",\"@id\":\"https:\\\/\\\/www.lafarga.com\\\/corporatiu\\\/#\\\/schema\\\/logo\\\/image\\\/\",\"url\":\"https:\\\/\\\/www.lafarga.com\\\/corporatiu\\\/wp-content\\\/uploads\\\/2023\\\/11\\\/logotipo_lafarga_gemsa.svg\",\"contentUrl\":\"https:\\\/\\\/www.lafarga.com\\\/corporatiu\\\/wp-content\\\/uploads\\\/2023\\\/11\\\/logotipo_lafarga_gemsa.svg\",\"width\":102,\"height\":103,\"caption\":\"La Farga Gesti\u00f3 d&#039;Equipaments Municipals, SA\"},\"image\":{\"@id\":\"https:\\\/\\\/www.lafarga.com\\\/corporatiu\\\/#\\\/schema\\\/logo\\\/image\\\/\"}},{\"@type\":\"Person\",\"@id\":\"https:\\\/\\\/www.lafarga.com\\\/corporatiu\\\/#\\\/schema\\\/person\\\/70d96fe17d0da1a9c9e80d232bdbcf33\",\"name\":\"\u00d2scar Milla\",\"image\":{\"@type\":\"ImageObject\",\"inLanguage\":\"ca\",\"@id\":\"https:\\\/\\\/secure.gravatar.com\\\/avatar\\\/92e75d184f9d5e0e403bd4ad075b080ad258344ddc259adddb579f6a3ba6494f?s=96&d=mm&r=g\",\"url\":\"https:\\\/\\\/secure.gravatar.com\\\/avatar\\\/92e75d184f9d5e0e403bd4ad075b080ad258344ddc259adddb579f6a3ba6494f?s=96&d=mm&r=g\",\"contentUrl\":\"https:\\\/\\\/secure.gravatar.com\\\/avatar\\\/92e75d184f9d5e0e403bd4ad075b080ad258344ddc259adddb579f6a3ba6494f?s=96&d=mm&r=g\",\"caption\":\"\u00d2scar Milla\"},\"url\":\"https:\\\/\\\/www.lafarga.com\\\/corporatiu\\\/author\\\/omilla\\\/\"}]}<\/script>\n<!-- \/ Yoast SEO plugin. -->","yoast_head_json":{"title":"A punto el D\u00eda de Andaluc\u00eda y el Festival Radiol\u00e9 - La Farga Gesti\u00f3n de Equipamientos Municipales, S.A.","description":"Todo est\u00e1 a punto en La Farga Centro de Actividades para acoger las principales actividades de las XXXII Jornadas Conmemorativas D\u00eda de Andaluc\u00eda.","robots":{"index":"index","follow":"follow","max-snippet":"max-snippet:-1","max-image-preview":"max-image-preview:large","max-video-preview":"max-video-preview:-1"},"canonical":"https:\/\/www.lafarga.com\/corporatiu\/a-punto-el-dia-de-andalucia-y-el-festival-radiole\/","og_locale":"ca_ES","og_type":"article","og_title":"A punto el D\u00eda de Andaluc\u00eda y el Festival Radiol\u00e9 - La Farga Gesti\u00f3n de Equipamientos Municipales, S.A.","og_description":"Todo est\u00e1 a punto en La Farga Centro de Actividades para acoger las principales actividades de las XXXII Jornadas Conmemorativas D\u00eda de Andaluc\u00eda.","og_url":"https:\/\/www.lafarga.com\/corporatiu\/a-punto-el-dia-de-andalucia-y-el-festival-radiole\/","og_site_name":"La Farga Gesti\u00f3n de Equipamientos Municipales, S.A.","article_published_time":"2019-02-21T14:52:28+00:00","article_modified_time":"2019-02-21T14:54:01+00:00","og_image":[{"width":730,"height":410,"url":"https:\/\/www.lafarga.com\/corporatiu\/wp-content\/uploads\/2017\/02\/Dia-Andalusia-17-Farga.jpg","type":"image\/jpeg"}],"author":"\u00d2scar Milla","twitter_misc":{"Escrit per":"\u00d2scar Milla","Temps estimat de lectura":"3 minuts"},"schema":{"@context":"https:\/\/schema.org","@graph":[{"@type":"Article","@id":"https:\/\/www.lafarga.com\/corporatiu\/a-punto-el-dia-de-andalucia-y-el-festival-radiole\/#article","isPartOf":{"@id":"https:\/\/www.lafarga.com\/corporatiu\/a-punto-el-dia-de-andalucia-y-el-festival-radiole\/"},"author":{"name":"\u00d2scar Milla","@id":"https:\/\/www.lafarga.com\/corporatiu\/#\/schema\/person\/70d96fe17d0da1a9c9e80d232bdbcf33"},"headline":"A punto el D\u00eda de Andaluc\u00eda y el Festival Radiol\u00e9","datePublished":"2019-02-21T14:52:28+00:00","dateModified":"2019-02-21T14:54:01+00:00","mainEntityOfPage":{"@id":"https:\/\/www.lafarga.com\/corporatiu\/a-punto-el-dia-de-andalucia-y-el-festival-radiole\/"},"wordCount":552,"publisher":{"@id":"https:\/\/www.lafarga.com\/corporatiu\/#organization"},"image":{"@id":"https:\/\/www.lafarga.com\/corporatiu\/a-punto-el-dia-de-andalucia-y-el-festival-radiole\/#primaryimage"},"thumbnailUrl":"https:\/\/www.lafarga.com\/corporatiu\/wp-content\/uploads\/2017\/02\/Dia-Andalusia-17-Farga.jpg","articleSection":["Centro de Actividades"],"inLanguage":"ca"},{"@type":"WebPage","@id":"https:\/\/www.lafarga.com\/corporatiu\/a-punto-el-dia-de-andalucia-y-el-festival-radiole\/","url":"https:\/\/www.lafarga.com\/corporatiu\/a-punto-el-dia-de-andalucia-y-el-festival-radiole\/","name":"A punto el D\u00eda de Andaluc\u00eda y el Festival Radiol\u00e9 - La Farga Gesti\u00f3n de Equipamientos Municipales, S.A.","isPartOf":{"@id":"https:\/\/www.lafarga.com\/corporatiu\/#website"},"primaryImageOfPage":{"@id":"https:\/\/www.lafarga.com\/corporatiu\/a-punto-el-dia-de-andalucia-y-el-festival-radiole\/#primaryimage"},"image":{"@id":"https:\/\/www.lafarga.com\/corporatiu\/a-punto-el-dia-de-andalucia-y-el-festival-radiole\/#primaryimage"},"thumbnailUrl":"https:\/\/www.lafarga.com\/corporatiu\/wp-content\/uploads\/2017\/02\/Dia-Andalusia-17-Farga.jpg","datePublished":"2019-02-21T14:52:28+00:00","dateModified":"2019-02-21T14:54:01+00:00","description":"Todo est\u00e1 a punto en La Farga Centro de Actividades para acoger las principales actividades de las XXXII Jornadas Conmemorativas D\u00eda de Andaluc\u00eda.","breadcrumb":{"@id":"https:\/\/www.lafarga.com\/corporatiu\/a-punto-el-dia-de-andalucia-y-el-festival-radiole\/#breadcrumb"},"inLanguage":"ca","potentialAction":[{"@type":"ReadAction","target":["https:\/\/www.lafarga.com\/corporatiu\/a-punto-el-dia-de-andalucia-y-el-festival-radiole\/"]}]},{"@type":"ImageObject","inLanguage":"ca","@id":"https:\/\/www.lafarga.com\/corporatiu\/a-punto-el-dia-de-andalucia-y-el-festival-radiole\/#primaryimage","url":"https:\/\/www.lafarga.com\/corporatiu\/wp-content\/uploads\/2017\/02\/Dia-Andalusia-17-Farga.jpg","contentUrl":"https:\/\/www.lafarga.com\/corporatiu\/wp-content\/uploads\/2017\/02\/Dia-Andalusia-17-Farga.jpg","width":730,"height":410,"caption":"Tres d\u00e8cades Farga"},{"@type":"BreadcrumbList","@id":"https:\/\/www.lafarga.com\/corporatiu\/a-punto-el-dia-de-andalucia-y-el-festival-radiole\/#breadcrumb","itemListElement":[{"@type":"ListItem","position":1,"name":"Home","item":"https:\/\/www.lafarga.com\/corporatiu\/lafarga-hospitalet-llobregat\/"},{"@type":"ListItem","position":2,"name":"A punto el D\u00eda de Andaluc\u00eda y el Festival Radiol\u00e9"}]},{"@type":"WebSite","@id":"https:\/\/www.lafarga.com\/corporatiu\/#website","url":"https:\/\/www.lafarga.com\/corporatiu\/","name":"La Farga Gesti\u00f3 d&#039;Equipaments Municipals, SA","description":"","publisher":{"@id":"https:\/\/www.lafarga.com\/corporatiu\/#organization"},"potentialAction":[{"@type":"SearchAction","target":{"@type":"EntryPoint","urlTemplate":"https:\/\/www.lafarga.com\/corporatiu\/?s={search_term_string}"},"query-input":{"@type":"PropertyValueSpecification","valueRequired":true,"valueName":"search_term_string"}}],"inLanguage":"ca"},{"@type":"Organization","@id":"https:\/\/www.lafarga.com\/corporatiu\/#organization","name":"La Farga Gesti\u00f3 d&#039;Equipaments Municipals, SA","url":"https:\/\/www.lafarga.com\/corporatiu\/","logo":{"@type":"ImageObject","inLanguage":"ca","@id":"https:\/\/www.lafarga.com\/corporatiu\/#\/schema\/logo\/image\/","url":"https:\/\/www.lafarga.com\/corporatiu\/wp-content\/uploads\/2023\/11\/logotipo_lafarga_gemsa.svg","contentUrl":"https:\/\/www.lafarga.com\/corporatiu\/wp-content\/uploads\/2023\/11\/logotipo_lafarga_gemsa.svg","width":102,"height":103,"caption":"La Farga Gesti\u00f3 d&#039;Equipaments Municipals, SA"},"image":{"@id":"https:\/\/www.lafarga.com\/corporatiu\/#\/schema\/logo\/image\/"}},{"@type":"Person","@id":"https:\/\/www.lafarga.com\/corporatiu\/#\/schema\/person\/70d96fe17d0da1a9c9e80d232bdbcf33","name":"\u00d2scar Milla","image":{"@type":"ImageObject","inLanguage":"ca","@id":"https:\/\/secure.gravatar.com\/avatar\/92e75d184f9d5e0e403bd4ad075b080ad258344ddc259adddb579f6a3ba6494f?s=96&d=mm&r=g","url":"https:\/\/secure.gravatar.com\/avatar\/92e75d184f9d5e0e403bd4ad075b080ad258344ddc259adddb579f6a3ba6494f?s=96&d=mm&r=g","contentUrl":"https:\/\/secure.gravatar.com\/avatar\/92e75d184f9d5e0e403bd4ad075b080ad258344ddc259adddb579f6a3ba6494f?s=96&d=mm&r=g","caption":"\u00d2scar Milla"},"url":"https:\/\/www.lafarga.com\/corporatiu\/author\/omilla\/"}]}},"uagb_featured_image_src":{"full":["https:\/\/www.lafarga.com\/corporatiu\/wp-content\/uploads\/2017\/02\/Dia-Andalusia-17-Farga.jpg",730,410,false],"thumbnail":["https:\/\/www.lafarga.com\/corporatiu\/wp-content\/uploads\/2017\/02\/Dia-Andalusia-17-Farga-150x150.jpg",150,150,true],"medium":["https:\/\/www.lafarga.com\/corporatiu\/wp-content\/uploads\/2017\/02\/Dia-Andalusia-17-Farga-300x168.jpg",300,168,true],"medium_large":["https:\/\/www.lafarga.com\/corporatiu\/wp-content\/uploads\/2017\/02\/Dia-Andalusia-17-Farga.jpg",730,410,false],"large":["https:\/\/www.lafarga.com\/corporatiu\/wp-content\/uploads\/2017\/02\/Dia-Andalusia-17-Farga.jpg",730,410,false],"1536x1536":["https:\/\/www.lafarga.com\/corporatiu\/wp-content\/uploads\/2017\/02\/Dia-Andalusia-17-Farga.jpg",730,410,false],"2048x2048":["https:\/\/www.lafarga.com\/corporatiu\/wp-content\/uploads\/2017\/02\/Dia-Andalusia-17-Farga.jpg",730,410,false],"mailpoet_newsletter_max":["https:\/\/www.lafarga.com\/corporatiu\/wp-content\/uploads\/2017\/02\/Dia-Andalusia-17-Farga.jpg",730,410,false]},"uagb_author_info":{"display_name":"\u00d2scar Milla","author_link":"https:\/\/www.lafarga.com\/corporatiu\/author\/omilla\/"},"uagb_comment_info":0,"uagb_excerpt":"Todo est\u00e1 a punto en La Farga Centro de Actividades para acoger las principales actividades de las XXXII Jornadas Conmemorativas D\u00eda de Andaluc\u00eda en L'Hospitalet.","_links":{"self":[{"href":"https:\/\/www.lafarga.com\/corporatiu\/wp-json\/wp\/v2\/posts\/13160","targetHints":{"allow":["GET"]}}],"collection":[{"href":"https:\/\/www.lafarga.com\/corporatiu\/wp-json\/wp\/v2\/posts"}],"about":[{"href":"https:\/\/www.lafarga.com\/corporatiu\/wp-json\/wp\/v2\/types\/post"}],"author":[{"embeddable":true,"href":"https:\/\/www.lafarga.com\/corporatiu\/wp-json\/wp\/v2\/users\/5"}],"replies":[{"embeddable":true,"href":"https:\/\/www.lafarga.com\/corporatiu\/wp-json\/wp\/v2\/comments?post=13160"}],"version-history":[{"count":2,"href":"https:\/\/www.lafarga.com\/corporatiu\/wp-json\/wp\/v2\/posts\/13160\/revisions"}],"predecessor-version":[{"id":13163,"href":"https:\/\/www.lafarga.com\/corporatiu\/wp-json\/wp\/v2\/posts\/13160\/revisions\/13163"}],"wp:featuredmedia":[{"embeddable":true,"href":"https:\/\/www.lafarga.com\/corporatiu\/wp-json\/wp\/v2\/media\/9714"}],"wp:attachment":[{"href":"https:\/\/www.lafarga.com\/corporatiu\/wp-json\/wp\/v2\/media?parent=13160"}],"wp:term":[{"taxonomy":"category","embeddable":true,"href":"https:\/\/www.lafarga.com\/corporatiu\/wp-json\/wp\/v2\/categories?post=13160"},{"taxonomy":"post_tag","embeddable":true,"href":"https:\/\/www.lafarga.com\/corporatiu\/wp-json\/wp\/v2\/tags?post=13160"}],"curies":[{"name":"wp","href":"https:\/\/api.w.org\/{rel}","templated":true}]}}