{"id":13158,"date":"2019-02-21T14:50:53","date_gmt":"2019-02-21T14:50:53","guid":{"rendered":"http:\/\/www.lafarga.com\/corporatiu\/?p=13158"},"modified":"2019-02-21T14:50:53","modified_gmt":"2019-02-21T14:50:53","slug":"arriba-dia-andalusia-festival-radiole","status":"publish","type":"post","link":"https:\/\/www.lafarga.com\/corporatiu\/arriba-dia-andalusia-festival-radiole\/","title":{"rendered":"Arriba el Dia d&#8217;Andalusia i el Festival Radiol\u00e9"},"content":{"rendered":"<h5 class=\"post-title entry-title\">Dissabte i diumenge, a La Farga<\/h5>\n<div class=\"entry-content\">\n<p>Tot \u00e9s a punt a La Farga Centre d\u2019Activitats per acollir les principals activitats de les XXXII Jornades Commemoratives Dia d\u2019Andalusia a L\u2019Hospitalet, que organitza la Federaci\u00f3n Coordinadora de Entidades Andaluzas en L\u2019Hospitalet.<\/p>\n<p>Enguany el Dia Andalusia a L\u2019Hospitalet servir\u00e0 per retre homenatge a la ciutat de Granada. A m\u00e9s torna a celebrar-se el Festival Radiol\u00e9, amb la pres\u00e8ncia d\u2019un bon cartell d\u2019artistes de renom.<\/p>\n<p>La Farga acull dissabte a la tarda tot un programa de festival d\u2019entitats, que tamb\u00e9 es repeteix diumenge al mat\u00ed. A m\u00e9s tamb\u00e9 hi haur\u00e0 les celebracions m\u00e9s institucionals amb la tradicional ofrena floral a l\u2019olivera, la missa rociera i per acabar amb la degustaci\u00f3 d\u2019un plat t\u00edpic andal\u00fas.<\/p>\n<h5>PROGRAMA DE LES XXXII JORNADES DEL DIA D\u2019ANDALUSIA A L\u2019HOSPITALET<br \/>\nActes centrals del Dia d\u2019Andalusia<\/h5>\n<p><strong>Dissabte, 23 de febrer<\/strong><br \/>\n<strong>17 h.<\/strong><br \/>\nFestival d\u2019Entitats (1\u00aa part)<br \/>\nHi participen: Real Cofrad\u00eda Virgen de la Cabeza en\u00a0Catalunya (Cor romero), Hermandad Nuestra Se\u00f1ora\u00a0del Roc\u00edo Pastorcillo Divino (Cor rociero), Tertulia Flamenca de L\u2019Hospitalet (quadres de ball), Asociaci\u00f3n\u00a0Cultural Andaluza Casa Fuente Obejuna en Catalunya\u00a0(quadres de ball), Asociaci\u00f3n Cultural Andaluza\u00a0Marismas del Guadalquivir (quadres de ball), Asociaci\u00f3n\u00a0Cultural Andaluza Hijos de Paradas en Catalunya\u00a0(quadres de ball), Hermandad Nuestra Se\u00f1ora del Roc\u00edo Rocieros de Carmona (Cor rociero), Centro\u00a0Recreativo Andaluz Coro Alhambra (Cor), Asociaci\u00f3n\u00a0Cultural Andaluza Hijos de Bedmar en Catalunya (Coral),\u00a0Asociaci\u00f3n Cultural Andaluza de L\u2019Hospitalet (quadres\u00a0de ball), Escuela de Danza Concha Ru\u00edz (quadres de ball) i Hermandad Nuestra Se\u00f1ora del Roc\u00edo Pastora\u00a0Almonte\u00f1a (quadres de ball).<\/p>\n<p><strong>22:00 h<\/strong><br \/>\nGala Festival Radiol\u00e9<br \/>\nDemarco Flamenco, Paco Candela, Ecos del Roc\u00edo,\u00a0Rosario Mohedano, Maki, Manu Tenorio, Rebujitos,\u00a0Alaz\u00e1n, Revoluci\u00f3n, Javi Cantero, Somos del Sur, Erika Leiva, Fran Oca\u00f1a, R\u00edos de Gloria y Danilo Gabarri.<\/p>\n<p><strong>Diumenge, 24 de febrer<br \/>\n9.30 h<br \/>\n<\/strong>Festival d\u2019Entitats (2a part)<strong><br \/>\n<\/strong>Hi participen: Asociaci\u00f3n Cultural Andaluza Cofrad\u00eda 15+1\u00a0(Agrupaci\u00f3 musical), Casa de Baena Asociaci\u00f3n Cultural Andaluza en Catalunya (Coral) i Centro Cultural Andaluz\u00a0Blas Infante (quadres de ball).<\/p>\n<p><strong>11.00 h<\/strong><br \/>\nMissa Rociera<br \/>\nOficiada pel rector Enric Canet<br \/>\nEls cants lit\u00fargics corren a c\u00e0rrec del cor rociero Hermandad Rociera Andaluza de L\u2019Hospitalet.<\/p>\n<p><strong>12.30 h<\/strong><br \/>\nOfrena floral tradicional a l\u2019olivera<br \/>\nInterpretaci\u00f3n dels himnes a c\u00e0rrec de la Casa de Baena\u00a0Asociaci\u00f3n Cultural Andaluza en Catalunya (coral) i de l\u2019Escola Municipal de M\u00fasica-Centre de les Arts de L\u2019Hospitalet. Amb la participaci\u00f3: Colla Jove Castellera de L\u2019Hospitalet.<\/p>\n<p><strong>13.00 h<\/strong><br \/>\nFestival d\u2019Entitats (3a part)<br \/>\nHi participen: Asociaci\u00f3n Cultural Andaluza Hijos de\u00a0Paradas en Catalunya (quadros de ball), Asociaci\u00f3n Cultural Andaluza Marismas del Guadalquivir (quadres de ball), Asociaci\u00f3n Cultural Andaluza de L\u2019Hospitalet\u00a0(quadres de ball) i Centro Cultural Andaluz Blas Infante\u00a0(quadres de ball).<\/p>\n<p><strong>13.15 h<\/strong><br \/>\nDegustaci\u00f3 del plat t\u00edpic andal\u00fas<br \/>\nOlla de San Ant\u00f3n<br \/>\nOfert pel Centre de Formaci\u00f3 d\u2019Hostaleria de l\u2019Ajuntament de L\u2019Hospitalet.<\/p>\n<p><a href=\"http:\/\/www.l-h.cat\/utils\/obreFitxer.ashx?Fw9EVw48XS5r1XheMtAlkbJdyniM8KAn3jgmCPCZSvtRzwykIqvjuYy6nZLSf66W\" target=\"_blank\" rel=\"noopener\"><strong>Consulta el programa del Dia d\u2019Andalusia a L\u2019Hospitalet<\/strong><\/a><\/p>\n<\/div>\n","protected":false},"excerpt":{"rendered":"<p>Tot \u00e9s a punt a La Farga Centre d\u2019Activitats per acollir les principals activitats de les XXXII Jornades Commemoratives Dia d\u2019Andalusia a L\u2019Hospitalet.<\/p>\n","protected":false},"author":5,"featured_media":9714,"comment_status":"closed","ping_status":"closed","sticky":false,"template":"","format":"standard","meta":{"inline_featured_image":false,"_uag_custom_page_level_css":"","_monsterinsights_skip_tracking":false,"_monsterinsights_sitenote_active":false,"_monsterinsights_sitenote_note":"","_monsterinsights_sitenote_category":0,"site-sidebar-layout":"default","site-content-layout":"","ast-site-content-layout":"default","site-content-style":"default","site-sidebar-style":"default","ast-global-header-display":"","ast-banner-title-visibility":"","ast-main-header-display":"","ast-hfb-above-header-display":"","ast-hfb-below-header-display":"","ast-hfb-mobile-header-display":"","site-post-title":"","ast-breadcrumbs-content":"","ast-featured-img":"","footer-sml-layout":"","ast-disable-related-posts":"","theme-transparent-header-meta":"","adv-header-id-meta":"","stick-header-meta":"","header-above-stick-meta":"","header-main-stick-meta":"","header-below-stick-meta":"","astra-migrate-meta-layouts":"default","ast-page-background-enabled":"default","ast-page-background-meta":{"desktop":{"background-color":"var(--ast-global-color-4)","background-image":"","background-repeat":"repeat","background-position":"center center","background-size":"auto","background-attachment":"scroll","background-type":"","background-media":"","overlay-type":"","overlay-color":"","overlay-opacity":"","overlay-gradient":""},"tablet":{"background-color":"","background-image":"","background-repeat":"repeat","background-position":"center center","background-size":"auto","background-attachment":"scroll","background-type":"","background-media":"","overlay-type":"","overlay-color":"","overlay-opacity":"","overlay-gradient":""},"mobile":{"background-color":"","background-image":"","background-repeat":"repeat","background-position":"center center","background-size":"auto","background-attachment":"scroll","background-type":"","background-media":"","overlay-type":"","overlay-color":"","overlay-opacity":"","overlay-gradient":""}},"ast-content-background-meta":{"desktop":{"background-color":"var(--ast-global-color-5)","background-image":"","background-repeat":"repeat","background-position":"center center","background-size":"auto","background-attachment":"scroll","background-type":"","background-media":"","overlay-type":"","overlay-color":"","overlay-opacity":"","overlay-gradient":""},"tablet":{"background-color":"var(--ast-global-color-5)","background-image":"","background-repeat":"repeat","background-position":"center center","background-size":"auto","background-attachment":"scroll","background-type":"","background-media":"","overlay-type":"","overlay-color":"","overlay-opacity":"","overlay-gradient":""},"mobile":{"background-color":"var(--ast-global-color-5)","background-image":"","background-repeat":"repeat","background-position":"center center","background-size":"auto","background-attachment":"scroll","background-type":"","background-media":"","overlay-type":"","overlay-color":"","overlay-opacity":"","overlay-gradient":""}},"footnotes":""},"categories":[49],"tags":[],"class_list":["post-13158","post","type-post","status-publish","format-standard","has-post-thumbnail","hentry","category-centre-activitats"],"yoast_head":"<!-- This site is optimized with the Yoast SEO plugin v27.4 - https:\/\/yoast.com\/product\/yoast-seo-wordpress\/ -->\n<title>Arriba el Dia d&#039;Andalusia i el Festival Radiol\u00e9 - La Farga Gesti\u00f3n de Equipamientos Municipales, S.A.<\/title>\n<meta name=\"description\" content=\"Tot \u00e9s a punt a La Farga Centre d\u2019Activitats per acollir les principals activitats de les XXXII Jornades Commemoratives Dia d\u2019Andalusia a L\u2019Hospitalet.\" \/>\n<meta name=\"robots\" content=\"index, follow, max-snippet:-1, max-image-preview:large, max-video-preview:-1\" \/>\n<link rel=\"canonical\" href=\"https:\/\/www.lafarga.com\/corporatiu\/arriba-dia-andalusia-festival-radiole\/\" \/>\n<meta property=\"og:locale\" content=\"ca_ES\" \/>\n<meta property=\"og:type\" content=\"article\" \/>\n<meta property=\"og:title\" content=\"Arriba el Dia d&#039;Andalusia i el Festival Radiol\u00e9 - La Farga Gesti\u00f3n de Equipamientos Municipales, S.A.\" \/>\n<meta property=\"og:description\" content=\"Tot \u00e9s a punt a La Farga Centre d\u2019Activitats per acollir les principals activitats de les XXXII Jornades Commemoratives Dia d\u2019Andalusia a L\u2019Hospitalet.\" \/>\n<meta property=\"og:url\" content=\"https:\/\/www.lafarga.com\/corporatiu\/arriba-dia-andalusia-festival-radiole\/\" \/>\n<meta property=\"og:site_name\" content=\"La Farga Gesti\u00f3n de Equipamientos Municipales, S.A.\" \/>\n<meta property=\"article:published_time\" content=\"2019-02-21T14:50:53+00:00\" \/>\n<meta property=\"og:image\" content=\"https:\/\/www.lafarga.com\/corporatiu\/wp-content\/uploads\/2017\/02\/Dia-Andalusia-17-Farga.jpg\" \/>\n\t<meta property=\"og:image:width\" content=\"730\" \/>\n\t<meta property=\"og:image:height\" content=\"410\" \/>\n\t<meta property=\"og:image:type\" content=\"image\/jpeg\" \/>\n<meta name=\"author\" content=\"\u00d2scar Milla\" \/>\n<meta name=\"twitter:label1\" content=\"Escrit per\" \/>\n\t<meta name=\"twitter:data1\" content=\"\u00d2scar Milla\" \/>\n\t<meta name=\"twitter:label2\" content=\"Temps estimat de lectura\" \/>\n\t<meta name=\"twitter:data2\" content=\"3 minuts\" \/>\n<script type=\"application\/ld+json\" class=\"yoast-schema-graph\">{\"@context\":\"https:\\\/\\\/schema.org\",\"@graph\":[{\"@type\":\"Article\",\"@id\":\"https:\\\/\\\/www.lafarga.com\\\/corporatiu\\\/arriba-dia-andalusia-festival-radiole\\\/#article\",\"isPartOf\":{\"@id\":\"https:\\\/\\\/www.lafarga.com\\\/corporatiu\\\/arriba-dia-andalusia-festival-radiole\\\/\"},\"author\":{\"name\":\"\u00d2scar Milla\",\"@id\":\"https:\\\/\\\/www.lafarga.com\\\/corporatiu\\\/#\\\/schema\\\/person\\\/70d96fe17d0da1a9c9e80d232bdbcf33\"},\"headline\":\"Arriba el Dia d&#8217;Andalusia i el Festival Radiol\u00e9\",\"datePublished\":\"2019-02-21T14:50:53+00:00\",\"mainEntityOfPage\":{\"@id\":\"https:\\\/\\\/www.lafarga.com\\\/corporatiu\\\/arriba-dia-andalusia-festival-radiole\\\/\"},\"wordCount\":535,\"publisher\":{\"@id\":\"https:\\\/\\\/www.lafarga.com\\\/corporatiu\\\/#organization\"},\"image\":{\"@id\":\"https:\\\/\\\/www.lafarga.com\\\/corporatiu\\\/arriba-dia-andalusia-festival-radiole\\\/#primaryimage\"},\"thumbnailUrl\":\"https:\\\/\\\/www.lafarga.com\\\/corporatiu\\\/wp-content\\\/uploads\\\/2017\\\/02\\\/Dia-Andalusia-17-Farga.jpg\",\"articleSection\":[\"Centre d'Activitats\"],\"inLanguage\":\"ca\"},{\"@type\":\"WebPage\",\"@id\":\"https:\\\/\\\/www.lafarga.com\\\/corporatiu\\\/arriba-dia-andalusia-festival-radiole\\\/\",\"url\":\"https:\\\/\\\/www.lafarga.com\\\/corporatiu\\\/arriba-dia-andalusia-festival-radiole\\\/\",\"name\":\"Arriba el Dia d'Andalusia i el Festival Radiol\u00e9 - La Farga Gesti\u00f3n de Equipamientos Municipales, S.A.\",\"isPartOf\":{\"@id\":\"https:\\\/\\\/www.lafarga.com\\\/corporatiu\\\/#website\"},\"primaryImageOfPage\":{\"@id\":\"https:\\\/\\\/www.lafarga.com\\\/corporatiu\\\/arriba-dia-andalusia-festival-radiole\\\/#primaryimage\"},\"image\":{\"@id\":\"https:\\\/\\\/www.lafarga.com\\\/corporatiu\\\/arriba-dia-andalusia-festival-radiole\\\/#primaryimage\"},\"thumbnailUrl\":\"https:\\\/\\\/www.lafarga.com\\\/corporatiu\\\/wp-content\\\/uploads\\\/2017\\\/02\\\/Dia-Andalusia-17-Farga.jpg\",\"datePublished\":\"2019-02-21T14:50:53+00:00\",\"description\":\"Tot \u00e9s a punt a La Farga Centre d\u2019Activitats per acollir les principals activitats de les XXXII Jornades Commemoratives Dia d\u2019Andalusia a L\u2019Hospitalet.\",\"breadcrumb\":{\"@id\":\"https:\\\/\\\/www.lafarga.com\\\/corporatiu\\\/arriba-dia-andalusia-festival-radiole\\\/#breadcrumb\"},\"inLanguage\":\"ca\",\"potentialAction\":[{\"@type\":\"ReadAction\",\"target\":[\"https:\\\/\\\/www.lafarga.com\\\/corporatiu\\\/arriba-dia-andalusia-festival-radiole\\\/\"]}]},{\"@type\":\"ImageObject\",\"inLanguage\":\"ca\",\"@id\":\"https:\\\/\\\/www.lafarga.com\\\/corporatiu\\\/arriba-dia-andalusia-festival-radiole\\\/#primaryimage\",\"url\":\"https:\\\/\\\/www.lafarga.com\\\/corporatiu\\\/wp-content\\\/uploads\\\/2017\\\/02\\\/Dia-Andalusia-17-Farga.jpg\",\"contentUrl\":\"https:\\\/\\\/www.lafarga.com\\\/corporatiu\\\/wp-content\\\/uploads\\\/2017\\\/02\\\/Dia-Andalusia-17-Farga.jpg\",\"width\":730,\"height\":410,\"caption\":\"Tres d\u00e8cades Farga\"},{\"@type\":\"BreadcrumbList\",\"@id\":\"https:\\\/\\\/www.lafarga.com\\\/corporatiu\\\/arriba-dia-andalusia-festival-radiole\\\/#breadcrumb\",\"itemListElement\":[{\"@type\":\"ListItem\",\"position\":1,\"name\":\"Home\",\"item\":\"https:\\\/\\\/www.lafarga.com\\\/corporatiu\\\/lafarga-hospitalet-llobregat\\\/\"},{\"@type\":\"ListItem\",\"position\":2,\"name\":\"Arriba el Dia d&#8217;Andalusia i el Festival Radiol\u00e9\"}]},{\"@type\":\"WebSite\",\"@id\":\"https:\\\/\\\/www.lafarga.com\\\/corporatiu\\\/#website\",\"url\":\"https:\\\/\\\/www.lafarga.com\\\/corporatiu\\\/\",\"name\":\"La Farga Gesti\u00f3 d&#039;Equipaments Municipals, SA\",\"description\":\"\",\"publisher\":{\"@id\":\"https:\\\/\\\/www.lafarga.com\\\/corporatiu\\\/#organization\"},\"potentialAction\":[{\"@type\":\"SearchAction\",\"target\":{\"@type\":\"EntryPoint\",\"urlTemplate\":\"https:\\\/\\\/www.lafarga.com\\\/corporatiu\\\/?s={search_term_string}\"},\"query-input\":{\"@type\":\"PropertyValueSpecification\",\"valueRequired\":true,\"valueName\":\"search_term_string\"}}],\"inLanguage\":\"ca\"},{\"@type\":\"Organization\",\"@id\":\"https:\\\/\\\/www.lafarga.com\\\/corporatiu\\\/#organization\",\"name\":\"La Farga Gesti\u00f3 d&#039;Equipaments Municipals, SA\",\"url\":\"https:\\\/\\\/www.lafarga.com\\\/corporatiu\\\/\",\"logo\":{\"@type\":\"ImageObject\",\"inLanguage\":\"ca\",\"@id\":\"https:\\\/\\\/www.lafarga.com\\\/corporatiu\\\/#\\\/schema\\\/logo\\\/image\\\/\",\"url\":\"https:\\\/\\\/www.lafarga.com\\\/corporatiu\\\/wp-content\\\/uploads\\\/2023\\\/11\\\/logotipo_lafarga_gemsa.svg\",\"contentUrl\":\"https:\\\/\\\/www.lafarga.com\\\/corporatiu\\\/wp-content\\\/uploads\\\/2023\\\/11\\\/logotipo_lafarga_gemsa.svg\",\"width\":102,\"height\":103,\"caption\":\"La Farga Gesti\u00f3 d&#039;Equipaments Municipals, SA\"},\"image\":{\"@id\":\"https:\\\/\\\/www.lafarga.com\\\/corporatiu\\\/#\\\/schema\\\/logo\\\/image\\\/\"}},{\"@type\":\"Person\",\"@id\":\"https:\\\/\\\/www.lafarga.com\\\/corporatiu\\\/#\\\/schema\\\/person\\\/70d96fe17d0da1a9c9e80d232bdbcf33\",\"name\":\"\u00d2scar Milla\",\"image\":{\"@type\":\"ImageObject\",\"inLanguage\":\"ca\",\"@id\":\"https:\\\/\\\/secure.gravatar.com\\\/avatar\\\/92e75d184f9d5e0e403bd4ad075b080ad258344ddc259adddb579f6a3ba6494f?s=96&d=mm&r=g\",\"url\":\"https:\\\/\\\/secure.gravatar.com\\\/avatar\\\/92e75d184f9d5e0e403bd4ad075b080ad258344ddc259adddb579f6a3ba6494f?s=96&d=mm&r=g\",\"contentUrl\":\"https:\\\/\\\/secure.gravatar.com\\\/avatar\\\/92e75d184f9d5e0e403bd4ad075b080ad258344ddc259adddb579f6a3ba6494f?s=96&d=mm&r=g\",\"caption\":\"\u00d2scar Milla\"},\"url\":\"https:\\\/\\\/www.lafarga.com\\\/corporatiu\\\/author\\\/omilla\\\/\"}]}<\/script>\n<!-- \/ Yoast SEO plugin. -->","yoast_head_json":{"title":"Arriba el Dia d'Andalusia i el Festival Radiol\u00e9 - La Farga Gesti\u00f3n de Equipamientos Municipales, S.A.","description":"Tot \u00e9s a punt a La Farga Centre d\u2019Activitats per acollir les principals activitats de les XXXII Jornades Commemoratives Dia d\u2019Andalusia a L\u2019Hospitalet.","robots":{"index":"index","follow":"follow","max-snippet":"max-snippet:-1","max-image-preview":"max-image-preview:large","max-video-preview":"max-video-preview:-1"},"canonical":"https:\/\/www.lafarga.com\/corporatiu\/arriba-dia-andalusia-festival-radiole\/","og_locale":"ca_ES","og_type":"article","og_title":"Arriba el Dia d'Andalusia i el Festival Radiol\u00e9 - La Farga Gesti\u00f3n de Equipamientos Municipales, S.A.","og_description":"Tot \u00e9s a punt a La Farga Centre d\u2019Activitats per acollir les principals activitats de les XXXII Jornades Commemoratives Dia d\u2019Andalusia a L\u2019Hospitalet.","og_url":"https:\/\/www.lafarga.com\/corporatiu\/arriba-dia-andalusia-festival-radiole\/","og_site_name":"La Farga Gesti\u00f3n de Equipamientos Municipales, S.A.","article_published_time":"2019-02-21T14:50:53+00:00","og_image":[{"width":730,"height":410,"url":"https:\/\/www.lafarga.com\/corporatiu\/wp-content\/uploads\/2017\/02\/Dia-Andalusia-17-Farga.jpg","type":"image\/jpeg"}],"author":"\u00d2scar Milla","twitter_misc":{"Escrit per":"\u00d2scar Milla","Temps estimat de lectura":"3 minuts"},"schema":{"@context":"https:\/\/schema.org","@graph":[{"@type":"Article","@id":"https:\/\/www.lafarga.com\/corporatiu\/arriba-dia-andalusia-festival-radiole\/#article","isPartOf":{"@id":"https:\/\/www.lafarga.com\/corporatiu\/arriba-dia-andalusia-festival-radiole\/"},"author":{"name":"\u00d2scar Milla","@id":"https:\/\/www.lafarga.com\/corporatiu\/#\/schema\/person\/70d96fe17d0da1a9c9e80d232bdbcf33"},"headline":"Arriba el Dia d&#8217;Andalusia i el Festival Radiol\u00e9","datePublished":"2019-02-21T14:50:53+00:00","mainEntityOfPage":{"@id":"https:\/\/www.lafarga.com\/corporatiu\/arriba-dia-andalusia-festival-radiole\/"},"wordCount":535,"publisher":{"@id":"https:\/\/www.lafarga.com\/corporatiu\/#organization"},"image":{"@id":"https:\/\/www.lafarga.com\/corporatiu\/arriba-dia-andalusia-festival-radiole\/#primaryimage"},"thumbnailUrl":"https:\/\/www.lafarga.com\/corporatiu\/wp-content\/uploads\/2017\/02\/Dia-Andalusia-17-Farga.jpg","articleSection":["Centre d'Activitats"],"inLanguage":"ca"},{"@type":"WebPage","@id":"https:\/\/www.lafarga.com\/corporatiu\/arriba-dia-andalusia-festival-radiole\/","url":"https:\/\/www.lafarga.com\/corporatiu\/arriba-dia-andalusia-festival-radiole\/","name":"Arriba el Dia d'Andalusia i el Festival Radiol\u00e9 - La Farga Gesti\u00f3n de Equipamientos Municipales, S.A.","isPartOf":{"@id":"https:\/\/www.lafarga.com\/corporatiu\/#website"},"primaryImageOfPage":{"@id":"https:\/\/www.lafarga.com\/corporatiu\/arriba-dia-andalusia-festival-radiole\/#primaryimage"},"image":{"@id":"https:\/\/www.lafarga.com\/corporatiu\/arriba-dia-andalusia-festival-radiole\/#primaryimage"},"thumbnailUrl":"https:\/\/www.lafarga.com\/corporatiu\/wp-content\/uploads\/2017\/02\/Dia-Andalusia-17-Farga.jpg","datePublished":"2019-02-21T14:50:53+00:00","description":"Tot \u00e9s a punt a La Farga Centre d\u2019Activitats per acollir les principals activitats de les XXXII Jornades Commemoratives Dia d\u2019Andalusia a L\u2019Hospitalet.","breadcrumb":{"@id":"https:\/\/www.lafarga.com\/corporatiu\/arriba-dia-andalusia-festival-radiole\/#breadcrumb"},"inLanguage":"ca","potentialAction":[{"@type":"ReadAction","target":["https:\/\/www.lafarga.com\/corporatiu\/arriba-dia-andalusia-festival-radiole\/"]}]},{"@type":"ImageObject","inLanguage":"ca","@id":"https:\/\/www.lafarga.com\/corporatiu\/arriba-dia-andalusia-festival-radiole\/#primaryimage","url":"https:\/\/www.lafarga.com\/corporatiu\/wp-content\/uploads\/2017\/02\/Dia-Andalusia-17-Farga.jpg","contentUrl":"https:\/\/www.lafarga.com\/corporatiu\/wp-content\/uploads\/2017\/02\/Dia-Andalusia-17-Farga.jpg","width":730,"height":410,"caption":"Tres d\u00e8cades Farga"},{"@type":"BreadcrumbList","@id":"https:\/\/www.lafarga.com\/corporatiu\/arriba-dia-andalusia-festival-radiole\/#breadcrumb","itemListElement":[{"@type":"ListItem","position":1,"name":"Home","item":"https:\/\/www.lafarga.com\/corporatiu\/lafarga-hospitalet-llobregat\/"},{"@type":"ListItem","position":2,"name":"Arriba el Dia d&#8217;Andalusia i el Festival Radiol\u00e9"}]},{"@type":"WebSite","@id":"https:\/\/www.lafarga.com\/corporatiu\/#website","url":"https:\/\/www.lafarga.com\/corporatiu\/","name":"La Farga Gesti\u00f3 d&#039;Equipaments Municipals, SA","description":"","publisher":{"@id":"https:\/\/www.lafarga.com\/corporatiu\/#organization"},"potentialAction":[{"@type":"SearchAction","target":{"@type":"EntryPoint","urlTemplate":"https:\/\/www.lafarga.com\/corporatiu\/?s={search_term_string}"},"query-input":{"@type":"PropertyValueSpecification","valueRequired":true,"valueName":"search_term_string"}}],"inLanguage":"ca"},{"@type":"Organization","@id":"https:\/\/www.lafarga.com\/corporatiu\/#organization","name":"La Farga Gesti\u00f3 d&#039;Equipaments Municipals, SA","url":"https:\/\/www.lafarga.com\/corporatiu\/","logo":{"@type":"ImageObject","inLanguage":"ca","@id":"https:\/\/www.lafarga.com\/corporatiu\/#\/schema\/logo\/image\/","url":"https:\/\/www.lafarga.com\/corporatiu\/wp-content\/uploads\/2023\/11\/logotipo_lafarga_gemsa.svg","contentUrl":"https:\/\/www.lafarga.com\/corporatiu\/wp-content\/uploads\/2023\/11\/logotipo_lafarga_gemsa.svg","width":102,"height":103,"caption":"La Farga Gesti\u00f3 d&#039;Equipaments Municipals, SA"},"image":{"@id":"https:\/\/www.lafarga.com\/corporatiu\/#\/schema\/logo\/image\/"}},{"@type":"Person","@id":"https:\/\/www.lafarga.com\/corporatiu\/#\/schema\/person\/70d96fe17d0da1a9c9e80d232bdbcf33","name":"\u00d2scar Milla","image":{"@type":"ImageObject","inLanguage":"ca","@id":"https:\/\/secure.gravatar.com\/avatar\/92e75d184f9d5e0e403bd4ad075b080ad258344ddc259adddb579f6a3ba6494f?s=96&d=mm&r=g","url":"https:\/\/secure.gravatar.com\/avatar\/92e75d184f9d5e0e403bd4ad075b080ad258344ddc259adddb579f6a3ba6494f?s=96&d=mm&r=g","contentUrl":"https:\/\/secure.gravatar.com\/avatar\/92e75d184f9d5e0e403bd4ad075b080ad258344ddc259adddb579f6a3ba6494f?s=96&d=mm&r=g","caption":"\u00d2scar Milla"},"url":"https:\/\/www.lafarga.com\/corporatiu\/author\/omilla\/"}]}},"uagb_featured_image_src":{"full":["https:\/\/www.lafarga.com\/corporatiu\/wp-content\/uploads\/2017\/02\/Dia-Andalusia-17-Farga.jpg",730,410,false],"thumbnail":["https:\/\/www.lafarga.com\/corporatiu\/wp-content\/uploads\/2017\/02\/Dia-Andalusia-17-Farga-150x150.jpg",150,150,true],"medium":["https:\/\/www.lafarga.com\/corporatiu\/wp-content\/uploads\/2017\/02\/Dia-Andalusia-17-Farga-300x168.jpg",300,168,true],"medium_large":["https:\/\/www.lafarga.com\/corporatiu\/wp-content\/uploads\/2017\/02\/Dia-Andalusia-17-Farga.jpg",730,410,false],"large":["https:\/\/www.lafarga.com\/corporatiu\/wp-content\/uploads\/2017\/02\/Dia-Andalusia-17-Farga.jpg",730,410,false],"1536x1536":["https:\/\/www.lafarga.com\/corporatiu\/wp-content\/uploads\/2017\/02\/Dia-Andalusia-17-Farga.jpg",730,410,false],"2048x2048":["https:\/\/www.lafarga.com\/corporatiu\/wp-content\/uploads\/2017\/02\/Dia-Andalusia-17-Farga.jpg",730,410,false],"mailpoet_newsletter_max":["https:\/\/www.lafarga.com\/corporatiu\/wp-content\/uploads\/2017\/02\/Dia-Andalusia-17-Farga.jpg",730,410,false]},"uagb_author_info":{"display_name":"\u00d2scar Milla","author_link":"https:\/\/www.lafarga.com\/corporatiu\/author\/omilla\/"},"uagb_comment_info":0,"uagb_excerpt":"Tot \u00e9s a punt a La Farga Centre d\u2019Activitats per acollir les principals activitats de les XXXII Jornades Commemoratives Dia d\u2019Andalusia a L\u2019Hospitalet.","_links":{"self":[{"href":"https:\/\/www.lafarga.com\/corporatiu\/wp-json\/wp\/v2\/posts\/13158","targetHints":{"allow":["GET"]}}],"collection":[{"href":"https:\/\/www.lafarga.com\/corporatiu\/wp-json\/wp\/v2\/posts"}],"about":[{"href":"https:\/\/www.lafarga.com\/corporatiu\/wp-json\/wp\/v2\/types\/post"}],"author":[{"embeddable":true,"href":"https:\/\/www.lafarga.com\/corporatiu\/wp-json\/wp\/v2\/users\/5"}],"replies":[{"embeddable":true,"href":"https:\/\/www.lafarga.com\/corporatiu\/wp-json\/wp\/v2\/comments?post=13158"}],"version-history":[{"count":1,"href":"https:\/\/www.lafarga.com\/corporatiu\/wp-json\/wp\/v2\/posts\/13158\/revisions"}],"predecessor-version":[{"id":13159,"href":"https:\/\/www.lafarga.com\/corporatiu\/wp-json\/wp\/v2\/posts\/13158\/revisions\/13159"}],"wp:featuredmedia":[{"embeddable":true,"href":"https:\/\/www.lafarga.com\/corporatiu\/wp-json\/wp\/v2\/media\/9714"}],"wp:attachment":[{"href":"https:\/\/www.lafarga.com\/corporatiu\/wp-json\/wp\/v2\/media?parent=13158"}],"wp:term":[{"taxonomy":"category","embeddable":true,"href":"https:\/\/www.lafarga.com\/corporatiu\/wp-json\/wp\/v2\/categories?post=13158"},{"taxonomy":"post_tag","embeddable":true,"href":"https:\/\/www.lafarga.com\/corporatiu\/wp-json\/wp\/v2\/tags?post=13158"}],"curies":[{"name":"wp","href":"https:\/\/api.w.org\/{rel}","templated":true}]}}