{"id":13152,"date":"2019-02-19T11:04:05","date_gmt":"2019-02-19T11:04:05","guid":{"rendered":"http:\/\/www.lafarga.com\/corporatiu\/?p=13152"},"modified":"2019-02-21T11:34:49","modified_gmt":"2019-02-21T11:34:49","slug":"edicion-mas-exitosa-exposolidos-polusolidos","status":"publish","type":"post","link":"https:\/\/www.lafarga.com\/corporatiu\/edicion-mas-exitosa-exposolidos-polusolidos\/","title":{"rendered":"La edici\u00f3n m\u00e1s exitosa de Expos\u00f3lidos y Polus\u00f3lidos"},"content":{"rendered":"\n<p><h5>El Sal\u00f3n de la Tecnolog\u00eda y el Procesamiento de S\u00f3lidos cierra su 9\u00aa edici\u00f3n con m\u00e1s de 6.000 visitantes de 28 pa\u00edses<\/h5>\n<p><a href=\"https:\/\/exposolidos.com\/\" target=\"_blank\" rel=\"noopener\"><strong>Expos\u00f3lidos<\/strong><\/a> y <a href=\"https:\/\/polusolidos.com\/\" target=\"_blank\" rel=\"noopener\"><strong>Polus\u00f3lidos<\/strong><\/a> 2019 cierran su edici\u00f3n m\u00e1s exitosa, con m\u00e1s de 6.000 visitantes de 28 pa\u00edses diferentes, sobre todo del sur de Europa (Espa\u00f1a, Portugal, Francia e Italia).<\/p>\n<p>Un total de 164 expositores directos han presentado sus \u00faltimas novedades en equipos, sistemas y servicios y, muchos de ellos, han ofrecido diferentes conferencias y <em>workshops<\/em> abiertos a todo el p\u00fablico.<\/p>\n<p>M\u00e1s de 700 profesionales han participado en las actividades de informaci\u00f3n de ambos eventos, lo que demuestra la cada vez mayor importancia de las conferencias, presentaciones y talleres sobre temas muy espec\u00edficos y de corta duraci\u00f3n en los eventos feriales dirigidos al p\u00fablico profesional.<\/p>\n<h5>\u00c9xito de los &#8220;Almuerzos S\u00f3lidos&#8221;<\/h5>\n<p>Hay que resaltar el acierto de una de las grandes novedades de esta edici\u00f3n: los &#8220;Almuerzos S\u00f3lidos&#8221; con la asistencia de m\u00e1s de 200 profesionales que han expresado su satisfacci\u00f3n por haber escuchado y compartido opiniones con el ex ministro Joan Maj\u00f3 y el doctor Jos\u00e9 Mar\u00eda Gay de Li\u00e9bana.<\/p>\n<p>Los expositores resaltan la calidad de los visitantes ya que la gran mayor\u00eda asisten al evento por su necesidad tecnol\u00f3gica en la gesti\u00f3n de s\u00f3lidos y en la captaci\u00f3n y filtraci\u00f3n. Son profesionales que no van a &#8220;visitar&#8221; sino que han estado en Expos\u00f3lidos y Polus\u00f3lidos a &#8220;trabajar&#8221;.<\/p>\n<p>Una de las im\u00e1genes habituales es ver a profesionales sentados en los stands con papel y bol\u00edgrafo en la mano buscando soluciones a las necesidades que se exponen. Adem\u00e1s, el volumen de asistencia se ha visto incrementado y se ha ampliado el \u00e1rea de influencia del evento (un 67% de los m\u00e1s de 6.000 visitantes ven\u00edan de fuera de Catalu\u00f1a).<\/p>\n<p>Seg\u00fan los propios expositores, el optimismo empresarial ha mejorado a aumentar las inversiones para mejorar la productividad. Este \u00e9xito se demuestra en el hecho de que el 98% de los expositores ha manifestado expl\u00edcitamente su inter\u00e9s en exponer en la pr\u00f3xima edici\u00f3n.<\/p>\n<p>Expos\u00f3lidos y Polus\u00f3lidos han convertido en uno de los eventos industriales de referencia y de m\u00e1s prestigio del sur de Europa.<\/p><\/p>\n","protected":false},"excerpt":{"rendered":"<p>Expos\u00f3lidos y Polus\u00f3lidos 2019 cierran su edici\u00f3n m\u00e1s exitosa, con m\u00e1s de 6.000 visitantes de 28 pa\u00edses diferentes, sobre todo del sur de Europa.<\/p>\n","protected":false},"author":5,"featured_media":13150,"comment_status":"closed","ping_status":"closed","sticky":false,"template":"","format":"standard","meta":{"inline_featured_image":false,"_uag_custom_page_level_css":"","_monsterinsights_skip_tracking":false,"_monsterinsights_sitenote_active":false,"_monsterinsights_sitenote_note":"","_monsterinsights_sitenote_category":0,"site-sidebar-layout":"default","site-content-layout":"","ast-site-content-layout":"default","site-content-style":"default","site-sidebar-style":"default","ast-global-header-display":"","ast-banner-title-visibility":"","ast-main-header-display":"","ast-hfb-above-header-display":"","ast-hfb-below-header-display":"","ast-hfb-mobile-header-display":"","site-post-title":"","ast-breadcrumbs-content":"","ast-featured-img":"","footer-sml-layout":"","ast-disable-related-posts":"","theme-transparent-header-meta":"","adv-header-id-meta":"","stick-header-meta":"","header-above-stick-meta":"","header-main-stick-meta":"","header-below-stick-meta":"","astra-migrate-meta-layouts":"default","ast-page-background-enabled":"default","ast-page-background-meta":{"desktop":{"background-color":"var(--ast-global-color-4)","background-image":"","background-repeat":"repeat","background-position":"center center","background-size":"auto","background-attachment":"scroll","background-type":"","background-media":"","overlay-type":"","overlay-color":"","overlay-opacity":"","overlay-gradient":""},"tablet":{"background-color":"","background-image":"","background-repeat":"repeat","background-position":"center center","background-size":"auto","background-attachment":"scroll","background-type":"","background-media":"","overlay-type":"","overlay-color":"","overlay-opacity":"","overlay-gradient":""},"mobile":{"background-color":"","background-image":"","background-repeat":"repeat","background-position":"center center","background-size":"auto","background-attachment":"scroll","background-type":"","background-media":"","overlay-type":"","overlay-color":"","overlay-opacity":"","overlay-gradient":""}},"ast-content-background-meta":{"desktop":{"background-color":"var(--ast-global-color-5)","background-image":"","background-repeat":"repeat","background-position":"center center","background-size":"auto","background-attachment":"scroll","background-type":"","background-media":"","overlay-type":"","overlay-color":"","overlay-opacity":"","overlay-gradient":""},"tablet":{"background-color":"var(--ast-global-color-5)","background-image":"","background-repeat":"repeat","background-position":"center center","background-size":"auto","background-attachment":"scroll","background-type":"","background-media":"","overlay-type":"","overlay-color":"","overlay-opacity":"","overlay-gradient":""},"mobile":{"background-color":"var(--ast-global-color-5)","background-image":"","background-repeat":"repeat","background-position":"center center","background-size":"auto","background-attachment":"scroll","background-type":"","background-media":"","overlay-type":"","overlay-color":"","overlay-opacity":"","overlay-gradient":""}},"footnotes":""},"categories":[73],"tags":[],"class_list":["post-13152","post","type-post","status-publish","format-standard","has-post-thumbnail","hentry","category-centro-de-actividades"],"yoast_head":"<!-- This site is optimized with the Yoast SEO plugin v27.4 - https:\/\/yoast.com\/product\/yoast-seo-wordpress\/ -->\n<title>La edici\u00f3n m\u00e1s exitosa de Expos\u00f3lidos y Polus\u00f3lidos - La Farga Gesti\u00f3n de Equipamientos Municipales, S.A.<\/title>\n<meta name=\"description\" content=\"Expos\u00f3lidos i Polus\u00f3lidos 2019 tanquen la seva edici\u00f3 m\u00e9s exitosa, amb m\u00e9s de 6.000 visitants de 28 pa\u00efsos diferents, sobretot del sud d&#039;Europa.\" \/>\n<meta name=\"robots\" content=\"index, follow, max-snippet:-1, max-image-preview:large, max-video-preview:-1\" \/>\n<link rel=\"canonical\" href=\"https:\/\/www.lafarga.com\/corporatiu\/edicion-mas-exitosa-exposolidos-polusolidos\/\" \/>\n<meta property=\"og:locale\" content=\"ca_ES\" \/>\n<meta property=\"og:type\" content=\"article\" \/>\n<meta property=\"og:title\" content=\"La edici\u00f3n m\u00e1s exitosa de Expos\u00f3lidos y Polus\u00f3lidos - La Farga Gesti\u00f3n de Equipamientos Municipales, S.A.\" \/>\n<meta property=\"og:description\" content=\"Expos\u00f3lidos i Polus\u00f3lidos 2019 tanquen la seva edici\u00f3 m\u00e9s exitosa, amb m\u00e9s de 6.000 visitants de 28 pa\u00efsos diferents, sobretot del sud d&#039;Europa.\" \/>\n<meta property=\"og:url\" content=\"https:\/\/www.lafarga.com\/corporatiu\/edicion-mas-exitosa-exposolidos-polusolidos\/\" \/>\n<meta property=\"og:site_name\" content=\"La Farga Gesti\u00f3n de Equipamientos Municipales, S.A.\" \/>\n<meta property=\"article:published_time\" content=\"2019-02-19T11:04:05+00:00\" \/>\n<meta property=\"article:modified_time\" content=\"2019-02-21T11:34:49+00:00\" \/>\n<meta property=\"og:image\" content=\"https:\/\/www.lafarga.com\/corporatiu\/wp-content\/uploads\/2019\/02\/EXPOSOLIDOS-Farga19.jpg\" \/>\n\t<meta property=\"og:image:width\" content=\"730\" \/>\n\t<meta property=\"og:image:height\" content=\"410\" \/>\n\t<meta property=\"og:image:type\" content=\"image\/jpeg\" \/>\n<meta name=\"author\" content=\"\u00d2scar Milla\" \/>\n<meta name=\"twitter:label1\" content=\"Escrit per\" \/>\n\t<meta name=\"twitter:data1\" content=\"\u00d2scar Milla\" \/>\n\t<meta name=\"twitter:label2\" content=\"Temps estimat de lectura\" \/>\n\t<meta name=\"twitter:data2\" content=\"2 minuts\" \/>\n<script type=\"application\/ld+json\" class=\"yoast-schema-graph\">{\"@context\":\"https:\\\/\\\/schema.org\",\"@graph\":[{\"@type\":\"Article\",\"@id\":\"https:\\\/\\\/www.lafarga.com\\\/corporatiu\\\/edicion-mas-exitosa-exposolidos-polusolidos\\\/#article\",\"isPartOf\":{\"@id\":\"https:\\\/\\\/www.lafarga.com\\\/corporatiu\\\/edicion-mas-exitosa-exposolidos-polusolidos\\\/\"},\"author\":{\"name\":\"\u00d2scar Milla\",\"@id\":\"https:\\\/\\\/www.lafarga.com\\\/corporatiu\\\/#\\\/schema\\\/person\\\/70d96fe17d0da1a9c9e80d232bdbcf33\"},\"headline\":\"La edici\u00f3n m\u00e1s exitosa de Expos\u00f3lidos y Polus\u00f3lidos\",\"datePublished\":\"2019-02-19T11:04:05+00:00\",\"dateModified\":\"2019-02-21T11:34:49+00:00\",\"mainEntityOfPage\":{\"@id\":\"https:\\\/\\\/www.lafarga.com\\\/corporatiu\\\/edicion-mas-exitosa-exposolidos-polusolidos\\\/\"},\"wordCount\":400,\"publisher\":{\"@id\":\"https:\\\/\\\/www.lafarga.com\\\/corporatiu\\\/#organization\"},\"image\":{\"@id\":\"https:\\\/\\\/www.lafarga.com\\\/corporatiu\\\/edicion-mas-exitosa-exposolidos-polusolidos\\\/#primaryimage\"},\"thumbnailUrl\":\"https:\\\/\\\/www.lafarga.com\\\/corporatiu\\\/wp-content\\\/uploads\\\/2019\\\/02\\\/EXPOSOLIDOS-Farga19.jpg\",\"articleSection\":[\"Centro de Actividades\"],\"inLanguage\":\"ca\"},{\"@type\":\"WebPage\",\"@id\":\"https:\\\/\\\/www.lafarga.com\\\/corporatiu\\\/edicion-mas-exitosa-exposolidos-polusolidos\\\/\",\"url\":\"https:\\\/\\\/www.lafarga.com\\\/corporatiu\\\/edicion-mas-exitosa-exposolidos-polusolidos\\\/\",\"name\":\"La edici\u00f3n m\u00e1s exitosa de Expos\u00f3lidos y Polus\u00f3lidos - La Farga Gesti\u00f3n de Equipamientos Municipales, S.A.\",\"isPartOf\":{\"@id\":\"https:\\\/\\\/www.lafarga.com\\\/corporatiu\\\/#website\"},\"primaryImageOfPage\":{\"@id\":\"https:\\\/\\\/www.lafarga.com\\\/corporatiu\\\/edicion-mas-exitosa-exposolidos-polusolidos\\\/#primaryimage\"},\"image\":{\"@id\":\"https:\\\/\\\/www.lafarga.com\\\/corporatiu\\\/edicion-mas-exitosa-exposolidos-polusolidos\\\/#primaryimage\"},\"thumbnailUrl\":\"https:\\\/\\\/www.lafarga.com\\\/corporatiu\\\/wp-content\\\/uploads\\\/2019\\\/02\\\/EXPOSOLIDOS-Farga19.jpg\",\"datePublished\":\"2019-02-19T11:04:05+00:00\",\"dateModified\":\"2019-02-21T11:34:49+00:00\",\"description\":\"Expos\u00f3lidos i Polus\u00f3lidos 2019 tanquen la seva edici\u00f3 m\u00e9s exitosa, amb m\u00e9s de 6.000 visitants de 28 pa\u00efsos diferents, sobretot del sud d'Europa.\",\"breadcrumb\":{\"@id\":\"https:\\\/\\\/www.lafarga.com\\\/corporatiu\\\/edicion-mas-exitosa-exposolidos-polusolidos\\\/#breadcrumb\"},\"inLanguage\":\"ca\",\"potentialAction\":[{\"@type\":\"ReadAction\",\"target\":[\"https:\\\/\\\/www.lafarga.com\\\/corporatiu\\\/edicion-mas-exitosa-exposolidos-polusolidos\\\/\"]}]},{\"@type\":\"ImageObject\",\"inLanguage\":\"ca\",\"@id\":\"https:\\\/\\\/www.lafarga.com\\\/corporatiu\\\/edicion-mas-exitosa-exposolidos-polusolidos\\\/#primaryimage\",\"url\":\"https:\\\/\\\/www.lafarga.com\\\/corporatiu\\\/wp-content\\\/uploads\\\/2019\\\/02\\\/EXPOSOLIDOS-Farga19.jpg\",\"contentUrl\":\"https:\\\/\\\/www.lafarga.com\\\/corporatiu\\\/wp-content\\\/uploads\\\/2019\\\/02\\\/EXPOSOLIDOS-Farga19.jpg\",\"width\":730,\"height\":410,\"caption\":\"Expos\u00f3lidos Farga\"},{\"@type\":\"BreadcrumbList\",\"@id\":\"https:\\\/\\\/www.lafarga.com\\\/corporatiu\\\/edicion-mas-exitosa-exposolidos-polusolidos\\\/#breadcrumb\",\"itemListElement\":[{\"@type\":\"ListItem\",\"position\":1,\"name\":\"Home\",\"item\":\"https:\\\/\\\/www.lafarga.com\\\/corporatiu\\\/lafarga-hospitalet-llobregat\\\/\"},{\"@type\":\"ListItem\",\"position\":2,\"name\":\"La edici\u00f3n m\u00e1s exitosa de Expos\u00f3lidos y Polus\u00f3lidos\"}]},{\"@type\":\"WebSite\",\"@id\":\"https:\\\/\\\/www.lafarga.com\\\/corporatiu\\\/#website\",\"url\":\"https:\\\/\\\/www.lafarga.com\\\/corporatiu\\\/\",\"name\":\"La Farga Gesti\u00f3 d&#039;Equipaments Municipals, SA\",\"description\":\"\",\"publisher\":{\"@id\":\"https:\\\/\\\/www.lafarga.com\\\/corporatiu\\\/#organization\"},\"potentialAction\":[{\"@type\":\"SearchAction\",\"target\":{\"@type\":\"EntryPoint\",\"urlTemplate\":\"https:\\\/\\\/www.lafarga.com\\\/corporatiu\\\/?s={search_term_string}\"},\"query-input\":{\"@type\":\"PropertyValueSpecification\",\"valueRequired\":true,\"valueName\":\"search_term_string\"}}],\"inLanguage\":\"ca\"},{\"@type\":\"Organization\",\"@id\":\"https:\\\/\\\/www.lafarga.com\\\/corporatiu\\\/#organization\",\"name\":\"La Farga Gesti\u00f3 d&#039;Equipaments Municipals, SA\",\"url\":\"https:\\\/\\\/www.lafarga.com\\\/corporatiu\\\/\",\"logo\":{\"@type\":\"ImageObject\",\"inLanguage\":\"ca\",\"@id\":\"https:\\\/\\\/www.lafarga.com\\\/corporatiu\\\/#\\\/schema\\\/logo\\\/image\\\/\",\"url\":\"https:\\\/\\\/www.lafarga.com\\\/corporatiu\\\/wp-content\\\/uploads\\\/2023\\\/11\\\/logotipo_lafarga_gemsa.svg\",\"contentUrl\":\"https:\\\/\\\/www.lafarga.com\\\/corporatiu\\\/wp-content\\\/uploads\\\/2023\\\/11\\\/logotipo_lafarga_gemsa.svg\",\"width\":102,\"height\":103,\"caption\":\"La Farga Gesti\u00f3 d&#039;Equipaments Municipals, SA\"},\"image\":{\"@id\":\"https:\\\/\\\/www.lafarga.com\\\/corporatiu\\\/#\\\/schema\\\/logo\\\/image\\\/\"}},{\"@type\":\"Person\",\"@id\":\"https:\\\/\\\/www.lafarga.com\\\/corporatiu\\\/#\\\/schema\\\/person\\\/70d96fe17d0da1a9c9e80d232bdbcf33\",\"name\":\"\u00d2scar Milla\",\"image\":{\"@type\":\"ImageObject\",\"inLanguage\":\"ca\",\"@id\":\"https:\\\/\\\/secure.gravatar.com\\\/avatar\\\/92e75d184f9d5e0e403bd4ad075b080ad258344ddc259adddb579f6a3ba6494f?s=96&d=mm&r=g\",\"url\":\"https:\\\/\\\/secure.gravatar.com\\\/avatar\\\/92e75d184f9d5e0e403bd4ad075b080ad258344ddc259adddb579f6a3ba6494f?s=96&d=mm&r=g\",\"contentUrl\":\"https:\\\/\\\/secure.gravatar.com\\\/avatar\\\/92e75d184f9d5e0e403bd4ad075b080ad258344ddc259adddb579f6a3ba6494f?s=96&d=mm&r=g\",\"caption\":\"\u00d2scar Milla\"},\"url\":\"https:\\\/\\\/www.lafarga.com\\\/corporatiu\\\/author\\\/omilla\\\/\"}]}<\/script>\n<!-- \/ Yoast SEO plugin. -->","yoast_head_json":{"title":"La edici\u00f3n m\u00e1s exitosa de Expos\u00f3lidos y Polus\u00f3lidos - La Farga Gesti\u00f3n de Equipamientos Municipales, S.A.","description":"Expos\u00f3lidos i Polus\u00f3lidos 2019 tanquen la seva edici\u00f3 m\u00e9s exitosa, amb m\u00e9s de 6.000 visitants de 28 pa\u00efsos diferents, sobretot del sud d'Europa.","robots":{"index":"index","follow":"follow","max-snippet":"max-snippet:-1","max-image-preview":"max-image-preview:large","max-video-preview":"max-video-preview:-1"},"canonical":"https:\/\/www.lafarga.com\/corporatiu\/edicion-mas-exitosa-exposolidos-polusolidos\/","og_locale":"ca_ES","og_type":"article","og_title":"La edici\u00f3n m\u00e1s exitosa de Expos\u00f3lidos y Polus\u00f3lidos - La Farga Gesti\u00f3n de Equipamientos Municipales, S.A.","og_description":"Expos\u00f3lidos i Polus\u00f3lidos 2019 tanquen la seva edici\u00f3 m\u00e9s exitosa, amb m\u00e9s de 6.000 visitants de 28 pa\u00efsos diferents, sobretot del sud d'Europa.","og_url":"https:\/\/www.lafarga.com\/corporatiu\/edicion-mas-exitosa-exposolidos-polusolidos\/","og_site_name":"La Farga Gesti\u00f3n de Equipamientos Municipales, S.A.","article_published_time":"2019-02-19T11:04:05+00:00","article_modified_time":"2019-02-21T11:34:49+00:00","og_image":[{"width":730,"height":410,"url":"https:\/\/www.lafarga.com\/corporatiu\/wp-content\/uploads\/2019\/02\/EXPOSOLIDOS-Farga19.jpg","type":"image\/jpeg"}],"author":"\u00d2scar Milla","twitter_misc":{"Escrit per":"\u00d2scar Milla","Temps estimat de lectura":"2 minuts"},"schema":{"@context":"https:\/\/schema.org","@graph":[{"@type":"Article","@id":"https:\/\/www.lafarga.com\/corporatiu\/edicion-mas-exitosa-exposolidos-polusolidos\/#article","isPartOf":{"@id":"https:\/\/www.lafarga.com\/corporatiu\/edicion-mas-exitosa-exposolidos-polusolidos\/"},"author":{"name":"\u00d2scar Milla","@id":"https:\/\/www.lafarga.com\/corporatiu\/#\/schema\/person\/70d96fe17d0da1a9c9e80d232bdbcf33"},"headline":"La edici\u00f3n m\u00e1s exitosa de Expos\u00f3lidos y Polus\u00f3lidos","datePublished":"2019-02-19T11:04:05+00:00","dateModified":"2019-02-21T11:34:49+00:00","mainEntityOfPage":{"@id":"https:\/\/www.lafarga.com\/corporatiu\/edicion-mas-exitosa-exposolidos-polusolidos\/"},"wordCount":400,"publisher":{"@id":"https:\/\/www.lafarga.com\/corporatiu\/#organization"},"image":{"@id":"https:\/\/www.lafarga.com\/corporatiu\/edicion-mas-exitosa-exposolidos-polusolidos\/#primaryimage"},"thumbnailUrl":"https:\/\/www.lafarga.com\/corporatiu\/wp-content\/uploads\/2019\/02\/EXPOSOLIDOS-Farga19.jpg","articleSection":["Centro de Actividades"],"inLanguage":"ca"},{"@type":"WebPage","@id":"https:\/\/www.lafarga.com\/corporatiu\/edicion-mas-exitosa-exposolidos-polusolidos\/","url":"https:\/\/www.lafarga.com\/corporatiu\/edicion-mas-exitosa-exposolidos-polusolidos\/","name":"La edici\u00f3n m\u00e1s exitosa de Expos\u00f3lidos y Polus\u00f3lidos - La Farga Gesti\u00f3n de Equipamientos Municipales, S.A.","isPartOf":{"@id":"https:\/\/www.lafarga.com\/corporatiu\/#website"},"primaryImageOfPage":{"@id":"https:\/\/www.lafarga.com\/corporatiu\/edicion-mas-exitosa-exposolidos-polusolidos\/#primaryimage"},"image":{"@id":"https:\/\/www.lafarga.com\/corporatiu\/edicion-mas-exitosa-exposolidos-polusolidos\/#primaryimage"},"thumbnailUrl":"https:\/\/www.lafarga.com\/corporatiu\/wp-content\/uploads\/2019\/02\/EXPOSOLIDOS-Farga19.jpg","datePublished":"2019-02-19T11:04:05+00:00","dateModified":"2019-02-21T11:34:49+00:00","description":"Expos\u00f3lidos i Polus\u00f3lidos 2019 tanquen la seva edici\u00f3 m\u00e9s exitosa, amb m\u00e9s de 6.000 visitants de 28 pa\u00efsos diferents, sobretot del sud d'Europa.","breadcrumb":{"@id":"https:\/\/www.lafarga.com\/corporatiu\/edicion-mas-exitosa-exposolidos-polusolidos\/#breadcrumb"},"inLanguage":"ca","potentialAction":[{"@type":"ReadAction","target":["https:\/\/www.lafarga.com\/corporatiu\/edicion-mas-exitosa-exposolidos-polusolidos\/"]}]},{"@type":"ImageObject","inLanguage":"ca","@id":"https:\/\/www.lafarga.com\/corporatiu\/edicion-mas-exitosa-exposolidos-polusolidos\/#primaryimage","url":"https:\/\/www.lafarga.com\/corporatiu\/wp-content\/uploads\/2019\/02\/EXPOSOLIDOS-Farga19.jpg","contentUrl":"https:\/\/www.lafarga.com\/corporatiu\/wp-content\/uploads\/2019\/02\/EXPOSOLIDOS-Farga19.jpg","width":730,"height":410,"caption":"Expos\u00f3lidos Farga"},{"@type":"BreadcrumbList","@id":"https:\/\/www.lafarga.com\/corporatiu\/edicion-mas-exitosa-exposolidos-polusolidos\/#breadcrumb","itemListElement":[{"@type":"ListItem","position":1,"name":"Home","item":"https:\/\/www.lafarga.com\/corporatiu\/lafarga-hospitalet-llobregat\/"},{"@type":"ListItem","position":2,"name":"La edici\u00f3n m\u00e1s exitosa de Expos\u00f3lidos y Polus\u00f3lidos"}]},{"@type":"WebSite","@id":"https:\/\/www.lafarga.com\/corporatiu\/#website","url":"https:\/\/www.lafarga.com\/corporatiu\/","name":"La Farga Gesti\u00f3 d&#039;Equipaments Municipals, SA","description":"","publisher":{"@id":"https:\/\/www.lafarga.com\/corporatiu\/#organization"},"potentialAction":[{"@type":"SearchAction","target":{"@type":"EntryPoint","urlTemplate":"https:\/\/www.lafarga.com\/corporatiu\/?s={search_term_string}"},"query-input":{"@type":"PropertyValueSpecification","valueRequired":true,"valueName":"search_term_string"}}],"inLanguage":"ca"},{"@type":"Organization","@id":"https:\/\/www.lafarga.com\/corporatiu\/#organization","name":"La Farga Gesti\u00f3 d&#039;Equipaments Municipals, SA","url":"https:\/\/www.lafarga.com\/corporatiu\/","logo":{"@type":"ImageObject","inLanguage":"ca","@id":"https:\/\/www.lafarga.com\/corporatiu\/#\/schema\/logo\/image\/","url":"https:\/\/www.lafarga.com\/corporatiu\/wp-content\/uploads\/2023\/11\/logotipo_lafarga_gemsa.svg","contentUrl":"https:\/\/www.lafarga.com\/corporatiu\/wp-content\/uploads\/2023\/11\/logotipo_lafarga_gemsa.svg","width":102,"height":103,"caption":"La Farga Gesti\u00f3 d&#039;Equipaments Municipals, SA"},"image":{"@id":"https:\/\/www.lafarga.com\/corporatiu\/#\/schema\/logo\/image\/"}},{"@type":"Person","@id":"https:\/\/www.lafarga.com\/corporatiu\/#\/schema\/person\/70d96fe17d0da1a9c9e80d232bdbcf33","name":"\u00d2scar Milla","image":{"@type":"ImageObject","inLanguage":"ca","@id":"https:\/\/secure.gravatar.com\/avatar\/92e75d184f9d5e0e403bd4ad075b080ad258344ddc259adddb579f6a3ba6494f?s=96&d=mm&r=g","url":"https:\/\/secure.gravatar.com\/avatar\/92e75d184f9d5e0e403bd4ad075b080ad258344ddc259adddb579f6a3ba6494f?s=96&d=mm&r=g","contentUrl":"https:\/\/secure.gravatar.com\/avatar\/92e75d184f9d5e0e403bd4ad075b080ad258344ddc259adddb579f6a3ba6494f?s=96&d=mm&r=g","caption":"\u00d2scar Milla"},"url":"https:\/\/www.lafarga.com\/corporatiu\/author\/omilla\/"}]}},"uagb_featured_image_src":{"full":["https:\/\/www.lafarga.com\/corporatiu\/wp-content\/uploads\/2019\/02\/EXPOSOLIDOS-Farga19.jpg",730,410,false],"thumbnail":["https:\/\/www.lafarga.com\/corporatiu\/wp-content\/uploads\/2019\/02\/EXPOSOLIDOS-Farga19-150x150.jpg",150,150,true],"medium":["https:\/\/www.lafarga.com\/corporatiu\/wp-content\/uploads\/2019\/02\/EXPOSOLIDOS-Farga19-300x168.jpg",300,168,true],"medium_large":["https:\/\/www.lafarga.com\/corporatiu\/wp-content\/uploads\/2019\/02\/EXPOSOLIDOS-Farga19.jpg",730,410,false],"large":["https:\/\/www.lafarga.com\/corporatiu\/wp-content\/uploads\/2019\/02\/EXPOSOLIDOS-Farga19.jpg",730,410,false],"1536x1536":["https:\/\/www.lafarga.com\/corporatiu\/wp-content\/uploads\/2019\/02\/EXPOSOLIDOS-Farga19.jpg",730,410,false],"2048x2048":["https:\/\/www.lafarga.com\/corporatiu\/wp-content\/uploads\/2019\/02\/EXPOSOLIDOS-Farga19.jpg",730,410,false],"mailpoet_newsletter_max":["https:\/\/www.lafarga.com\/corporatiu\/wp-content\/uploads\/2019\/02\/EXPOSOLIDOS-Farga19.jpg",730,410,false]},"uagb_author_info":{"display_name":"\u00d2scar Milla","author_link":"https:\/\/www.lafarga.com\/corporatiu\/author\/omilla\/"},"uagb_comment_info":0,"uagb_excerpt":"Expos\u00f3lidos y Polus\u00f3lidos 2019 cierran su edici\u00f3n m\u00e1s exitosa, con m\u00e1s de 6.000 visitantes de 28 pa\u00edses diferentes, sobre todo del sur de Europa.","_links":{"self":[{"href":"https:\/\/www.lafarga.com\/corporatiu\/wp-json\/wp\/v2\/posts\/13152","targetHints":{"allow":["GET"]}}],"collection":[{"href":"https:\/\/www.lafarga.com\/corporatiu\/wp-json\/wp\/v2\/posts"}],"about":[{"href":"https:\/\/www.lafarga.com\/corporatiu\/wp-json\/wp\/v2\/types\/post"}],"author":[{"embeddable":true,"href":"https:\/\/www.lafarga.com\/corporatiu\/wp-json\/wp\/v2\/users\/5"}],"replies":[{"embeddable":true,"href":"https:\/\/www.lafarga.com\/corporatiu\/wp-json\/wp\/v2\/comments?post=13152"}],"version-history":[{"count":3,"href":"https:\/\/www.lafarga.com\/corporatiu\/wp-json\/wp\/v2\/posts\/13152\/revisions"}],"predecessor-version":[{"id":13157,"href":"https:\/\/www.lafarga.com\/corporatiu\/wp-json\/wp\/v2\/posts\/13152\/revisions\/13157"}],"wp:featuredmedia":[{"embeddable":true,"href":"https:\/\/www.lafarga.com\/corporatiu\/wp-json\/wp\/v2\/media\/13150"}],"wp:attachment":[{"href":"https:\/\/www.lafarga.com\/corporatiu\/wp-json\/wp\/v2\/media?parent=13152"}],"wp:term":[{"taxonomy":"category","embeddable":true,"href":"https:\/\/www.lafarga.com\/corporatiu\/wp-json\/wp\/v2\/categories?post=13152"},{"taxonomy":"post_tag","embeddable":true,"href":"https:\/\/www.lafarga.com\/corporatiu\/wp-json\/wp\/v2\/tags?post=13152"}],"curies":[{"name":"wp","href":"https:\/\/api.w.org\/{rel}","templated":true}]}}