{"id":13044,"date":"2019-02-13T12:10:18","date_gmt":"2019-02-13T12:10:18","guid":{"rendered":"http:\/\/www.lafarga.com\/corporatiu\/?p=13044"},"modified":"2019-02-13T12:31:45","modified_gmt":"2019-02-13T12:31:45","slug":"la-conferencia-lh-suma12-en-portada-del-diari","status":"publish","type":"post","link":"https:\/\/www.lafarga.com\/corporatiu\/la-conferencia-lh-suma12-en-portada-del-diari\/","title":{"rendered":"La conferencia L&#8217;H Suma12, en portada del Diari"},"content":{"rendered":"\r\n<h5>Edici\u00f3n n\u00famero 342<\/h5>\r\n<p>La propuesta de la alcaldesa N\u00faria Mar\u00edn de una nueva plaza Europa en la zona norte de la ciudad es el principal tema de portada del <a href=\"https:\/\/lhdigital.cat\/web\/diari\/diari-l-h\" target=\"_blank\" rel=\"noopener\"><strong>Diari de L&#8217;Hospitalet<\/strong><\/a>. La alcaldesa ha expuesto los proyectos para la ciudad en la conferencia anual donde ha hablado de deporte, salud y la formaci\u00f3n como ejes de la transformaci\u00f3n del entorno de Can Rigal, donde se debe reubicar el Hospital General. Mar\u00edn tambi\u00e9n ha anunciado ayudas para colocar ascensores en los edificios de Bellvitge, para que lleguen a todas las plantas.<\/p>\r\n<p>En p\u00e1ginas centrales del Diari encontramos la conmemoraci\u00f3n del D\u00eda Internacional de la Mujer y de La Ni\u00f1a en la Ciencia, del 11 de febrero, relacionado con el camino de las mujeres, lleno de obst\u00e1culos, en el campo de la ciencia y de la tecnolog\u00eda.<\/p>\r\n<p>El Diari tambi\u00e9n informa que la ciudad vuelve a ser el epicentro de las tecnolog\u00edas m\u00f3viles y las comunicaciones con la celebraci\u00f3n del Mobile World Congress, en la Fira Granvia, y el Yomo, en <a href=\"http:\/\/www.lafargalhospitalet.com\/agenda-cas\/\" target=\"_blank\" rel=\"noopener\"><strong>La Farga Centro de Actividades<\/strong><\/a>, del 26 de febrero al 2 de marzo.<\/p>\r\n<p>En cuanto a las entrevistas destaca la que se refiere a la portavoz de Canviem L&#8217;Hospitalet, Ana Gonz\u00e1lez y el portavoz de ERC, y consejero de La Farga GEMSA, Antoni Garc\u00eda.<\/p>\r\n<p>Otras informaciones de este mes son que el centro Pere Lliscart ser\u00e1 escuela instituto para ganar plazas de secundaria; la campa\u00f1a de Guardia Urbana sobre los animales de compa\u00f1\u00eda y contra el incivismo; y que Itaca, Sant Jaume de la FEP y Bisbe Berenguer han sido los galardonados en los premios Aprendizaje y Servicio.<\/p>\r\n<p>En cuanto a la cultura, el Diari nos adelanta que la ciudad de Granada recibir\u00e1 un tributo en las jornadas del D\u00eda de Andaluc\u00eda en L&#8217;Hospitalet, que tendr\u00e1 como principal escenario La Farga Centro de Actividades, los d\u00edas 23 y 24 de febrero.<\/p>\r\n<p>En cuanto a los deportes el CB L&#8217;Hospitalet jugar\u00e1 la fase de permanencia en a LEB Plata y que el CN \u200b\u200bL&#8217;Hospitalet abordar\u00e1 la crisis directiva en una asamblea extraordinaria del pr\u00f3ximo 18 de febrero.<\/p>\r\n<p>El Diari de L&#8217;Hospitalet tiene una tirada de 105.000 ejemplares y est\u00e1 editado por La Farga Gesti\u00f3n de Equipamientos Municipales.<\/p>\r\n<p>Aqu\u00ed puede ver la <a href=\"http:\/\/lhdigital.cat\/diarilh_digital\/342\/index.html\" target=\"_blank\" rel=\"noopener\"><strong>versi\u00f3n digital<\/strong><\/a> del Diari de L&#8217;Hospitalet.<\/p>\r\n","protected":false},"excerpt":{"rendered":"<p>La propuesta de la alcaldesa N\u00faria Mar\u00edn de una nueva plaza Europa en la zona norte de la ciudad es el principal tema de portada del Diari de L&#8217;Hospitalet. <\/p>\n","protected":false},"author":5,"featured_media":13042,"comment_status":"closed","ping_status":"closed","sticky":false,"template":"","format":"standard","meta":{"inline_featured_image":false,"_uag_custom_page_level_css":"","_monsterinsights_skip_tracking":false,"_monsterinsights_sitenote_active":false,"_monsterinsights_sitenote_note":"","_monsterinsights_sitenote_category":0,"site-sidebar-layout":"default","site-content-layout":"","ast-site-content-layout":"default","site-content-style":"default","site-sidebar-style":"default","ast-global-header-display":"","ast-banner-title-visibility":"","ast-main-header-display":"","ast-hfb-above-header-display":"","ast-hfb-below-header-display":"","ast-hfb-mobile-header-display":"","site-post-title":"","ast-breadcrumbs-content":"","ast-featured-img":"","footer-sml-layout":"","ast-disable-related-posts":"","theme-transparent-header-meta":"","adv-header-id-meta":"","stick-header-meta":"","header-above-stick-meta":"","header-main-stick-meta":"","header-below-stick-meta":"","astra-migrate-meta-layouts":"default","ast-page-background-enabled":"default","ast-page-background-meta":{"desktop":{"background-color":"var(--ast-global-color-4)","background-image":"","background-repeat":"repeat","background-position":"center center","background-size":"auto","background-attachment":"scroll","background-type":"","background-media":"","overlay-type":"","overlay-color":"","overlay-opacity":"","overlay-gradient":""},"tablet":{"background-color":"","background-image":"","background-repeat":"repeat","background-position":"center center","background-size":"auto","background-attachment":"scroll","background-type":"","background-media":"","overlay-type":"","overlay-color":"","overlay-opacity":"","overlay-gradient":""},"mobile":{"background-color":"","background-image":"","background-repeat":"repeat","background-position":"center center","background-size":"auto","background-attachment":"scroll","background-type":"","background-media":"","overlay-type":"","overlay-color":"","overlay-opacity":"","overlay-gradient":""}},"ast-content-background-meta":{"desktop":{"background-color":"var(--ast-global-color-5)","background-image":"","background-repeat":"repeat","background-position":"center center","background-size":"auto","background-attachment":"scroll","background-type":"","background-media":"","overlay-type":"","overlay-color":"","overlay-opacity":"","overlay-gradient":""},"tablet":{"background-color":"var(--ast-global-color-5)","background-image":"","background-repeat":"repeat","background-position":"center center","background-size":"auto","background-attachment":"scroll","background-type":"","background-media":"","overlay-type":"","overlay-color":"","overlay-opacity":"","overlay-gradient":""},"mobile":{"background-color":"var(--ast-global-color-5)","background-image":"","background-repeat":"repeat","background-position":"center center","background-size":"auto","background-attachment":"scroll","background-type":"","background-media":"","overlay-type":"","overlay-color":"","overlay-opacity":"","overlay-gradient":""}},"footnotes":""},"categories":[81],"tags":[],"class_list":["post-13044","post","type-post","status-publish","format-standard","has-post-thumbnail","hentry","category-medios-comunicacion"],"yoast_head":"<!-- This site is optimized with the Yoast SEO plugin v27.4 - https:\/\/yoast.com\/product\/yoast-seo-wordpress\/ -->\n<title>La conferencia L&#039;H Suma12, en portada del Diari - La Farga Gesti\u00f3n de Equipamientos Municipales, S.A.<\/title>\n<meta name=\"description\" content=\"La proposta de l\u2019alcaldessa N\u00faria Mar\u00edn d\u2019una nova pla\u00e7a Europa a la zona nord de la ciutat \u00e9s el principal tema de portada del Diari de L\u2019Hospitalet.\" \/>\n<meta name=\"robots\" content=\"index, follow, max-snippet:-1, max-image-preview:large, max-video-preview:-1\" \/>\n<link rel=\"canonical\" href=\"https:\/\/www.lafarga.com\/corporatiu\/la-conferencia-lh-suma12-en-portada-del-diari\/\" \/>\n<meta property=\"og:locale\" content=\"ca_ES\" \/>\n<meta property=\"og:type\" content=\"article\" \/>\n<meta property=\"og:title\" content=\"La conferencia L&#039;H Suma12, en portada del Diari - La Farga Gesti\u00f3n de Equipamientos Municipales, S.A.\" \/>\n<meta property=\"og:description\" content=\"La proposta de l\u2019alcaldessa N\u00faria Mar\u00edn d\u2019una nova pla\u00e7a Europa a la zona nord de la ciutat \u00e9s el principal tema de portada del Diari de L\u2019Hospitalet.\" \/>\n<meta property=\"og:url\" content=\"https:\/\/www.lafarga.com\/corporatiu\/la-conferencia-lh-suma12-en-portada-del-diari\/\" \/>\n<meta property=\"og:site_name\" content=\"La Farga Gesti\u00f3n de Equipamientos Municipales, S.A.\" \/>\n<meta property=\"article:published_time\" content=\"2019-02-13T12:10:18+00:00\" \/>\n<meta property=\"article:modified_time\" content=\"2019-02-13T12:31:45+00:00\" \/>\n<meta property=\"og:image\" content=\"https:\/\/www.lafarga.com\/corporatiu\/wp-content\/uploads\/2019\/02\/Diari-LH-Febrer-19.jpg\" \/>\n\t<meta property=\"og:image:width\" content=\"730\" \/>\n\t<meta property=\"og:image:height\" content=\"410\" \/>\n\t<meta property=\"og:image:type\" content=\"image\/jpeg\" \/>\n<meta name=\"author\" content=\"\u00d2scar Milla\" \/>\n<meta name=\"twitter:label1\" content=\"Escrit per\" \/>\n\t<meta name=\"twitter:data1\" content=\"\u00d2scar Milla\" \/>\n\t<meta name=\"twitter:label2\" content=\"Temps estimat de lectura\" \/>\n\t<meta name=\"twitter:data2\" content=\"2 minuts\" \/>\n<script type=\"application\/ld+json\" class=\"yoast-schema-graph\">{\"@context\":\"https:\\\/\\\/schema.org\",\"@graph\":[{\"@type\":\"Article\",\"@id\":\"https:\\\/\\\/www.lafarga.com\\\/corporatiu\\\/la-conferencia-lh-suma12-en-portada-del-diari\\\/#article\",\"isPartOf\":{\"@id\":\"https:\\\/\\\/www.lafarga.com\\\/corporatiu\\\/la-conferencia-lh-suma12-en-portada-del-diari\\\/\"},\"author\":{\"name\":\"\u00d2scar Milla\",\"@id\":\"https:\\\/\\\/www.lafarga.com\\\/corporatiu\\\/#\\\/schema\\\/person\\\/70d96fe17d0da1a9c9e80d232bdbcf33\"},\"headline\":\"La conferencia L&#8217;H Suma12, en portada del Diari\",\"datePublished\":\"2019-02-13T12:10:18+00:00\",\"dateModified\":\"2019-02-13T12:31:45+00:00\",\"mainEntityOfPage\":{\"@id\":\"https:\\\/\\\/www.lafarga.com\\\/corporatiu\\\/la-conferencia-lh-suma12-en-portada-del-diari\\\/\"},\"wordCount\":412,\"publisher\":{\"@id\":\"https:\\\/\\\/www.lafarga.com\\\/corporatiu\\\/#organization\"},\"image\":{\"@id\":\"https:\\\/\\\/www.lafarga.com\\\/corporatiu\\\/la-conferencia-lh-suma12-en-portada-del-diari\\\/#primaryimage\"},\"thumbnailUrl\":\"https:\\\/\\\/www.lafarga.com\\\/corporatiu\\\/wp-content\\\/uploads\\\/2019\\\/02\\\/Diari-LH-Febrer-19.jpg\",\"articleSection\":[\"Medios de Comunicaci\u00f3n\"],\"inLanguage\":\"ca\"},{\"@type\":\"WebPage\",\"@id\":\"https:\\\/\\\/www.lafarga.com\\\/corporatiu\\\/la-conferencia-lh-suma12-en-portada-del-diari\\\/\",\"url\":\"https:\\\/\\\/www.lafarga.com\\\/corporatiu\\\/la-conferencia-lh-suma12-en-portada-del-diari\\\/\",\"name\":\"La conferencia L'H Suma12, en portada del Diari - La Farga Gesti\u00f3n de Equipamientos Municipales, S.A.\",\"isPartOf\":{\"@id\":\"https:\\\/\\\/www.lafarga.com\\\/corporatiu\\\/#website\"},\"primaryImageOfPage\":{\"@id\":\"https:\\\/\\\/www.lafarga.com\\\/corporatiu\\\/la-conferencia-lh-suma12-en-portada-del-diari\\\/#primaryimage\"},\"image\":{\"@id\":\"https:\\\/\\\/www.lafarga.com\\\/corporatiu\\\/la-conferencia-lh-suma12-en-portada-del-diari\\\/#primaryimage\"},\"thumbnailUrl\":\"https:\\\/\\\/www.lafarga.com\\\/corporatiu\\\/wp-content\\\/uploads\\\/2019\\\/02\\\/Diari-LH-Febrer-19.jpg\",\"datePublished\":\"2019-02-13T12:10:18+00:00\",\"dateModified\":\"2019-02-13T12:31:45+00:00\",\"description\":\"La proposta de l\u2019alcaldessa N\u00faria Mar\u00edn d\u2019una nova pla\u00e7a Europa a la zona nord de la ciutat \u00e9s el principal tema de portada del Diari de L\u2019Hospitalet.\",\"breadcrumb\":{\"@id\":\"https:\\\/\\\/www.lafarga.com\\\/corporatiu\\\/la-conferencia-lh-suma12-en-portada-del-diari\\\/#breadcrumb\"},\"inLanguage\":\"ca\",\"potentialAction\":[{\"@type\":\"ReadAction\",\"target\":[\"https:\\\/\\\/www.lafarga.com\\\/corporatiu\\\/la-conferencia-lh-suma12-en-portada-del-diari\\\/\"]}]},{\"@type\":\"ImageObject\",\"inLanguage\":\"ca\",\"@id\":\"https:\\\/\\\/www.lafarga.com\\\/corporatiu\\\/la-conferencia-lh-suma12-en-portada-del-diari\\\/#primaryimage\",\"url\":\"https:\\\/\\\/www.lafarga.com\\\/corporatiu\\\/wp-content\\\/uploads\\\/2019\\\/02\\\/Diari-LH-Febrer-19.jpg\",\"contentUrl\":\"https:\\\/\\\/www.lafarga.com\\\/corporatiu\\\/wp-content\\\/uploads\\\/2019\\\/02\\\/Diari-LH-Febrer-19.jpg\",\"width\":730,\"height\":410,\"caption\":\"Portada Diari\"},{\"@type\":\"BreadcrumbList\",\"@id\":\"https:\\\/\\\/www.lafarga.com\\\/corporatiu\\\/la-conferencia-lh-suma12-en-portada-del-diari\\\/#breadcrumb\",\"itemListElement\":[{\"@type\":\"ListItem\",\"position\":1,\"name\":\"Home\",\"item\":\"https:\\\/\\\/www.lafarga.com\\\/corporatiu\\\/lafarga-hospitalet-llobregat\\\/\"},{\"@type\":\"ListItem\",\"position\":2,\"name\":\"La conferencia L&#8217;H Suma12, en portada del Diari\"}]},{\"@type\":\"WebSite\",\"@id\":\"https:\\\/\\\/www.lafarga.com\\\/corporatiu\\\/#website\",\"url\":\"https:\\\/\\\/www.lafarga.com\\\/corporatiu\\\/\",\"name\":\"La Farga Gesti\u00f3 d&#039;Equipaments Municipals, SA\",\"description\":\"\",\"publisher\":{\"@id\":\"https:\\\/\\\/www.lafarga.com\\\/corporatiu\\\/#organization\"},\"potentialAction\":[{\"@type\":\"SearchAction\",\"target\":{\"@type\":\"EntryPoint\",\"urlTemplate\":\"https:\\\/\\\/www.lafarga.com\\\/corporatiu\\\/?s={search_term_string}\"},\"query-input\":{\"@type\":\"PropertyValueSpecification\",\"valueRequired\":true,\"valueName\":\"search_term_string\"}}],\"inLanguage\":\"ca\"},{\"@type\":\"Organization\",\"@id\":\"https:\\\/\\\/www.lafarga.com\\\/corporatiu\\\/#organization\",\"name\":\"La Farga Gesti\u00f3 d&#039;Equipaments Municipals, SA\",\"url\":\"https:\\\/\\\/www.lafarga.com\\\/corporatiu\\\/\",\"logo\":{\"@type\":\"ImageObject\",\"inLanguage\":\"ca\",\"@id\":\"https:\\\/\\\/www.lafarga.com\\\/corporatiu\\\/#\\\/schema\\\/logo\\\/image\\\/\",\"url\":\"https:\\\/\\\/www.lafarga.com\\\/corporatiu\\\/wp-content\\\/uploads\\\/2023\\\/11\\\/logotipo_lafarga_gemsa.svg\",\"contentUrl\":\"https:\\\/\\\/www.lafarga.com\\\/corporatiu\\\/wp-content\\\/uploads\\\/2023\\\/11\\\/logotipo_lafarga_gemsa.svg\",\"width\":102,\"height\":103,\"caption\":\"La Farga Gesti\u00f3 d&#039;Equipaments Municipals, SA\"},\"image\":{\"@id\":\"https:\\\/\\\/www.lafarga.com\\\/corporatiu\\\/#\\\/schema\\\/logo\\\/image\\\/\"}},{\"@type\":\"Person\",\"@id\":\"https:\\\/\\\/www.lafarga.com\\\/corporatiu\\\/#\\\/schema\\\/person\\\/70d96fe17d0da1a9c9e80d232bdbcf33\",\"name\":\"\u00d2scar Milla\",\"image\":{\"@type\":\"ImageObject\",\"inLanguage\":\"ca\",\"@id\":\"https:\\\/\\\/secure.gravatar.com\\\/avatar\\\/92e75d184f9d5e0e403bd4ad075b080ad258344ddc259adddb579f6a3ba6494f?s=96&d=mm&r=g\",\"url\":\"https:\\\/\\\/secure.gravatar.com\\\/avatar\\\/92e75d184f9d5e0e403bd4ad075b080ad258344ddc259adddb579f6a3ba6494f?s=96&d=mm&r=g\",\"contentUrl\":\"https:\\\/\\\/secure.gravatar.com\\\/avatar\\\/92e75d184f9d5e0e403bd4ad075b080ad258344ddc259adddb579f6a3ba6494f?s=96&d=mm&r=g\",\"caption\":\"\u00d2scar Milla\"},\"url\":\"https:\\\/\\\/www.lafarga.com\\\/corporatiu\\\/author\\\/omilla\\\/\"}]}<\/script>\n<!-- \/ Yoast SEO plugin. -->","yoast_head_json":{"title":"La conferencia L'H Suma12, en portada del Diari - La Farga Gesti\u00f3n de Equipamientos Municipales, S.A.","description":"La proposta de l\u2019alcaldessa N\u00faria Mar\u00edn d\u2019una nova pla\u00e7a Europa a la zona nord de la ciutat \u00e9s el principal tema de portada del Diari de L\u2019Hospitalet.","robots":{"index":"index","follow":"follow","max-snippet":"max-snippet:-1","max-image-preview":"max-image-preview:large","max-video-preview":"max-video-preview:-1"},"canonical":"https:\/\/www.lafarga.com\/corporatiu\/la-conferencia-lh-suma12-en-portada-del-diari\/","og_locale":"ca_ES","og_type":"article","og_title":"La conferencia L'H Suma12, en portada del Diari - La Farga Gesti\u00f3n de Equipamientos Municipales, S.A.","og_description":"La proposta de l\u2019alcaldessa N\u00faria Mar\u00edn d\u2019una nova pla\u00e7a Europa a la zona nord de la ciutat \u00e9s el principal tema de portada del Diari de L\u2019Hospitalet.","og_url":"https:\/\/www.lafarga.com\/corporatiu\/la-conferencia-lh-suma12-en-portada-del-diari\/","og_site_name":"La Farga Gesti\u00f3n de Equipamientos Municipales, S.A.","article_published_time":"2019-02-13T12:10:18+00:00","article_modified_time":"2019-02-13T12:31:45+00:00","og_image":[{"width":730,"height":410,"url":"https:\/\/www.lafarga.com\/corporatiu\/wp-content\/uploads\/2019\/02\/Diari-LH-Febrer-19.jpg","type":"image\/jpeg"}],"author":"\u00d2scar Milla","twitter_misc":{"Escrit per":"\u00d2scar Milla","Temps estimat de lectura":"2 minuts"},"schema":{"@context":"https:\/\/schema.org","@graph":[{"@type":"Article","@id":"https:\/\/www.lafarga.com\/corporatiu\/la-conferencia-lh-suma12-en-portada-del-diari\/#article","isPartOf":{"@id":"https:\/\/www.lafarga.com\/corporatiu\/la-conferencia-lh-suma12-en-portada-del-diari\/"},"author":{"name":"\u00d2scar Milla","@id":"https:\/\/www.lafarga.com\/corporatiu\/#\/schema\/person\/70d96fe17d0da1a9c9e80d232bdbcf33"},"headline":"La conferencia L&#8217;H Suma12, en portada del Diari","datePublished":"2019-02-13T12:10:18+00:00","dateModified":"2019-02-13T12:31:45+00:00","mainEntityOfPage":{"@id":"https:\/\/www.lafarga.com\/corporatiu\/la-conferencia-lh-suma12-en-portada-del-diari\/"},"wordCount":412,"publisher":{"@id":"https:\/\/www.lafarga.com\/corporatiu\/#organization"},"image":{"@id":"https:\/\/www.lafarga.com\/corporatiu\/la-conferencia-lh-suma12-en-portada-del-diari\/#primaryimage"},"thumbnailUrl":"https:\/\/www.lafarga.com\/corporatiu\/wp-content\/uploads\/2019\/02\/Diari-LH-Febrer-19.jpg","articleSection":["Medios de Comunicaci\u00f3n"],"inLanguage":"ca"},{"@type":"WebPage","@id":"https:\/\/www.lafarga.com\/corporatiu\/la-conferencia-lh-suma12-en-portada-del-diari\/","url":"https:\/\/www.lafarga.com\/corporatiu\/la-conferencia-lh-suma12-en-portada-del-diari\/","name":"La conferencia L'H Suma12, en portada del Diari - La Farga Gesti\u00f3n de Equipamientos Municipales, S.A.","isPartOf":{"@id":"https:\/\/www.lafarga.com\/corporatiu\/#website"},"primaryImageOfPage":{"@id":"https:\/\/www.lafarga.com\/corporatiu\/la-conferencia-lh-suma12-en-portada-del-diari\/#primaryimage"},"image":{"@id":"https:\/\/www.lafarga.com\/corporatiu\/la-conferencia-lh-suma12-en-portada-del-diari\/#primaryimage"},"thumbnailUrl":"https:\/\/www.lafarga.com\/corporatiu\/wp-content\/uploads\/2019\/02\/Diari-LH-Febrer-19.jpg","datePublished":"2019-02-13T12:10:18+00:00","dateModified":"2019-02-13T12:31:45+00:00","description":"La proposta de l\u2019alcaldessa N\u00faria Mar\u00edn d\u2019una nova pla\u00e7a Europa a la zona nord de la ciutat \u00e9s el principal tema de portada del Diari de L\u2019Hospitalet.","breadcrumb":{"@id":"https:\/\/www.lafarga.com\/corporatiu\/la-conferencia-lh-suma12-en-portada-del-diari\/#breadcrumb"},"inLanguage":"ca","potentialAction":[{"@type":"ReadAction","target":["https:\/\/www.lafarga.com\/corporatiu\/la-conferencia-lh-suma12-en-portada-del-diari\/"]}]},{"@type":"ImageObject","inLanguage":"ca","@id":"https:\/\/www.lafarga.com\/corporatiu\/la-conferencia-lh-suma12-en-portada-del-diari\/#primaryimage","url":"https:\/\/www.lafarga.com\/corporatiu\/wp-content\/uploads\/2019\/02\/Diari-LH-Febrer-19.jpg","contentUrl":"https:\/\/www.lafarga.com\/corporatiu\/wp-content\/uploads\/2019\/02\/Diari-LH-Febrer-19.jpg","width":730,"height":410,"caption":"Portada Diari"},{"@type":"BreadcrumbList","@id":"https:\/\/www.lafarga.com\/corporatiu\/la-conferencia-lh-suma12-en-portada-del-diari\/#breadcrumb","itemListElement":[{"@type":"ListItem","position":1,"name":"Home","item":"https:\/\/www.lafarga.com\/corporatiu\/lafarga-hospitalet-llobregat\/"},{"@type":"ListItem","position":2,"name":"La conferencia L&#8217;H Suma12, en portada del Diari"}]},{"@type":"WebSite","@id":"https:\/\/www.lafarga.com\/corporatiu\/#website","url":"https:\/\/www.lafarga.com\/corporatiu\/","name":"La Farga Gesti\u00f3 d&#039;Equipaments Municipals, SA","description":"","publisher":{"@id":"https:\/\/www.lafarga.com\/corporatiu\/#organization"},"potentialAction":[{"@type":"SearchAction","target":{"@type":"EntryPoint","urlTemplate":"https:\/\/www.lafarga.com\/corporatiu\/?s={search_term_string}"},"query-input":{"@type":"PropertyValueSpecification","valueRequired":true,"valueName":"search_term_string"}}],"inLanguage":"ca"},{"@type":"Organization","@id":"https:\/\/www.lafarga.com\/corporatiu\/#organization","name":"La Farga Gesti\u00f3 d&#039;Equipaments Municipals, SA","url":"https:\/\/www.lafarga.com\/corporatiu\/","logo":{"@type":"ImageObject","inLanguage":"ca","@id":"https:\/\/www.lafarga.com\/corporatiu\/#\/schema\/logo\/image\/","url":"https:\/\/www.lafarga.com\/corporatiu\/wp-content\/uploads\/2023\/11\/logotipo_lafarga_gemsa.svg","contentUrl":"https:\/\/www.lafarga.com\/corporatiu\/wp-content\/uploads\/2023\/11\/logotipo_lafarga_gemsa.svg","width":102,"height":103,"caption":"La Farga Gesti\u00f3 d&#039;Equipaments Municipals, SA"},"image":{"@id":"https:\/\/www.lafarga.com\/corporatiu\/#\/schema\/logo\/image\/"}},{"@type":"Person","@id":"https:\/\/www.lafarga.com\/corporatiu\/#\/schema\/person\/70d96fe17d0da1a9c9e80d232bdbcf33","name":"\u00d2scar Milla","image":{"@type":"ImageObject","inLanguage":"ca","@id":"https:\/\/secure.gravatar.com\/avatar\/92e75d184f9d5e0e403bd4ad075b080ad258344ddc259adddb579f6a3ba6494f?s=96&d=mm&r=g","url":"https:\/\/secure.gravatar.com\/avatar\/92e75d184f9d5e0e403bd4ad075b080ad258344ddc259adddb579f6a3ba6494f?s=96&d=mm&r=g","contentUrl":"https:\/\/secure.gravatar.com\/avatar\/92e75d184f9d5e0e403bd4ad075b080ad258344ddc259adddb579f6a3ba6494f?s=96&d=mm&r=g","caption":"\u00d2scar Milla"},"url":"https:\/\/www.lafarga.com\/corporatiu\/author\/omilla\/"}]}},"uagb_featured_image_src":{"full":["https:\/\/www.lafarga.com\/corporatiu\/wp-content\/uploads\/2019\/02\/Diari-LH-Febrer-19.jpg",730,410,false],"thumbnail":["https:\/\/www.lafarga.com\/corporatiu\/wp-content\/uploads\/2019\/02\/Diari-LH-Febrer-19-150x150.jpg",150,150,true],"medium":["https:\/\/www.lafarga.com\/corporatiu\/wp-content\/uploads\/2019\/02\/Diari-LH-Febrer-19-300x168.jpg",300,168,true],"medium_large":["https:\/\/www.lafarga.com\/corporatiu\/wp-content\/uploads\/2019\/02\/Diari-LH-Febrer-19.jpg",730,410,false],"large":["https:\/\/www.lafarga.com\/corporatiu\/wp-content\/uploads\/2019\/02\/Diari-LH-Febrer-19.jpg",730,410,false],"1536x1536":["https:\/\/www.lafarga.com\/corporatiu\/wp-content\/uploads\/2019\/02\/Diari-LH-Febrer-19.jpg",730,410,false],"2048x2048":["https:\/\/www.lafarga.com\/corporatiu\/wp-content\/uploads\/2019\/02\/Diari-LH-Febrer-19.jpg",730,410,false],"mailpoet_newsletter_max":["https:\/\/www.lafarga.com\/corporatiu\/wp-content\/uploads\/2019\/02\/Diari-LH-Febrer-19.jpg",730,410,false]},"uagb_author_info":{"display_name":"\u00d2scar Milla","author_link":"https:\/\/www.lafarga.com\/corporatiu\/author\/omilla\/"},"uagb_comment_info":0,"uagb_excerpt":"La propuesta de la alcaldesa N\u00faria Mar\u00edn de una nueva plaza Europa en la zona norte de la ciudad es el principal tema de portada del Diari de L'Hospitalet.","_links":{"self":[{"href":"https:\/\/www.lafarga.com\/corporatiu\/wp-json\/wp\/v2\/posts\/13044","targetHints":{"allow":["GET"]}}],"collection":[{"href":"https:\/\/www.lafarga.com\/corporatiu\/wp-json\/wp\/v2\/posts"}],"about":[{"href":"https:\/\/www.lafarga.com\/corporatiu\/wp-json\/wp\/v2\/types\/post"}],"author":[{"embeddable":true,"href":"https:\/\/www.lafarga.com\/corporatiu\/wp-json\/wp\/v2\/users\/5"}],"replies":[{"embeddable":true,"href":"https:\/\/www.lafarga.com\/corporatiu\/wp-json\/wp\/v2\/comments?post=13044"}],"version-history":[{"count":2,"href":"https:\/\/www.lafarga.com\/corporatiu\/wp-json\/wp\/v2\/posts\/13044\/revisions"}],"predecessor-version":[{"id":13047,"href":"https:\/\/www.lafarga.com\/corporatiu\/wp-json\/wp\/v2\/posts\/13044\/revisions\/13047"}],"wp:featuredmedia":[{"embeddable":true,"href":"https:\/\/www.lafarga.com\/corporatiu\/wp-json\/wp\/v2\/media\/13042"}],"wp:attachment":[{"href":"https:\/\/www.lafarga.com\/corporatiu\/wp-json\/wp\/v2\/media?parent=13044"}],"wp:term":[{"taxonomy":"category","embeddable":true,"href":"https:\/\/www.lafarga.com\/corporatiu\/wp-json\/wp\/v2\/categories?post=13044"},{"taxonomy":"post_tag","embeddable":true,"href":"https:\/\/www.lafarga.com\/corporatiu\/wp-json\/wp\/v2\/tags?post=13044"}],"curies":[{"name":"wp","href":"https:\/\/api.w.org\/{rel}","templated":true}]}}