{"id":12718,"date":"2018-12-04T12:58:08","date_gmt":"2018-12-04T12:58:08","guid":{"rendered":"http:\/\/www.lafarga.com\/corporatiu\/?p=12718"},"modified":"2018-12-07T14:00:42","modified_gmt":"2018-12-07T14:00:42","slug":"torna-gran-pista-gel-tobogan","status":"publish","type":"post","link":"https:\/\/www.lafarga.com\/corporatiu\/torna-gran-pista-gel-tobogan\/","title":{"rendered":"Torna la gran Pista de Gel i Tobogan de La Farga"},"content":{"rendered":"<h5 class=\"post-title entry-title\">Del 7 de desembre al 7 de gener<\/h5>\n<div class=\"entry-content\">\n<p><a href=\"http:\/\/www.lafargalhospitalet.com\/agenda-cat\/\" target=\"_blank\" rel=\"noopener\"><strong>La Farga Centre d\u2019Activitats<\/strong><\/a> acull a partir d\u2019aquest divendres, a les 17 hores, la tradicional Pista del Gel i Tobogan, que tornaran a ser una de les atraccions del calendari d\u2019activitats nadalenques de L\u2019Hospitalet.<\/p>\n<p>En el recinte tornarem a trobar durant aquest nadal la gran pista de gel amb una superf\u00edcie de 1.500m2 on es podr\u00e0 patinar amb lloguer de patins. Hi haur\u00e0 uns 200m2 de pista infantil per aquells patinadors\/es primerencs.<\/p>\n<p>D\u2019altra banda, al bell mig de La Farga, hi haur\u00e0 el tobogan gegant, que tornar\u00e0 a fer les del\u00edcies de tothom i ser\u00e0 una de les grans atraccions per la seva espectacularitat. En els seus 50 metres de llarg per 14 d\u2019ample podran lliscar grans i petits.<\/p>\n<h5><span style=\"color: #333399;\">Preus i horaris Patinatge i Tobogan<\/span><\/h5>\n<h5>PISTA DE GEL:<\/h5>\n<p>Preu patinar 30 minuts: 7\u20ac<br \/>\nPreu patinar 60 minuts: 10\u20ac<br \/>\nPreu venda guants: 2\u20ac<br \/>\nPreu lloguer grampons (adults que acompanyin nens a la pista infantil): 3\u20ac<br \/>\nTOBOGAN (taquilla independent):<\/p>\n<p>Preu 3 baixades: 5\u20ac<\/p>\n<h5>PISTA DE GEL + TOBOGAN (PACK):<\/h5>\n<p>30 minuts gel + tobogan: 10\u20ac<br \/>\n60 minuts gel + tobogan: 12\u20ac<\/p>\n<h5>DIES I HORARIS:<\/h5>\n<p>Divendres 7 de desembre de 17 h a 21 h.<br \/>\nDissabte 8 de desembre d\u201911 h a 21 h.<br \/>\nDiumenge 9 de desembre d\u201911 h a 21 h.<br \/>\nDivendres 14 de desembre de 17 h a 21 h.<br \/>\nDissabte 15 de desembre d\u201911 h a 21 h.<br \/>\nDiumenge 16 de desembre d\u201911 h a 21 h.<br \/>\nDe dilluns 17 a divendres 21 de desembre obert nom\u00e9s per escoles de 10 h a 13 h.<br \/>\nDel 21 de desembre, a les 17 h, fins al 7 de gener a les 21.00 h.<\/p>\n<\/div>\n","protected":false},"excerpt":{"rendered":"<p>La Farga Centre d\u2019Activitats acull a partir d\u2019aquest divendres, a les 17 hores, la tradicional Pista del Gel i Tobogan, que tornaran a ser una de les atraccions del calendari d\u2019activitats nadalenques de L\u2019Hospitalet.<\/p>\n","protected":false},"author":5,"featured_media":12719,"comment_status":"closed","ping_status":"closed","sticky":false,"template":"","format":"standard","meta":{"inline_featured_image":false,"_uag_custom_page_level_css":"","_monsterinsights_skip_tracking":false,"_monsterinsights_sitenote_active":false,"_monsterinsights_sitenote_note":"","_monsterinsights_sitenote_category":0,"site-sidebar-layout":"default","site-content-layout":"","ast-site-content-layout":"default","site-content-style":"default","site-sidebar-style":"default","ast-global-header-display":"","ast-banner-title-visibility":"","ast-main-header-display":"","ast-hfb-above-header-display":"","ast-hfb-below-header-display":"","ast-hfb-mobile-header-display":"","site-post-title":"","ast-breadcrumbs-content":"","ast-featured-img":"","footer-sml-layout":"","ast-disable-related-posts":"","theme-transparent-header-meta":"","adv-header-id-meta":"","stick-header-meta":"","header-above-stick-meta":"","header-main-stick-meta":"","header-below-stick-meta":"","astra-migrate-meta-layouts":"default","ast-page-background-enabled":"default","ast-page-background-meta":{"desktop":{"background-color":"var(--ast-global-color-4)","background-image":"","background-repeat":"repeat","background-position":"center center","background-size":"auto","background-attachment":"scroll","background-type":"","background-media":"","overlay-type":"","overlay-color":"","overlay-opacity":"","overlay-gradient":""},"tablet":{"background-color":"","background-image":"","background-repeat":"repeat","background-position":"center center","background-size":"auto","background-attachment":"scroll","background-type":"","background-media":"","overlay-type":"","overlay-color":"","overlay-opacity":"","overlay-gradient":""},"mobile":{"background-color":"","background-image":"","background-repeat":"repeat","background-position":"center center","background-size":"auto","background-attachment":"scroll","background-type":"","background-media":"","overlay-type":"","overlay-color":"","overlay-opacity":"","overlay-gradient":""}},"ast-content-background-meta":{"desktop":{"background-color":"var(--ast-global-color-5)","background-image":"","background-repeat":"repeat","background-position":"center center","background-size":"auto","background-attachment":"scroll","background-type":"","background-media":"","overlay-type":"","overlay-color":"","overlay-opacity":"","overlay-gradient":""},"tablet":{"background-color":"var(--ast-global-color-5)","background-image":"","background-repeat":"repeat","background-position":"center center","background-size":"auto","background-attachment":"scroll","background-type":"","background-media":"","overlay-type":"","overlay-color":"","overlay-opacity":"","overlay-gradient":""},"mobile":{"background-color":"var(--ast-global-color-5)","background-image":"","background-repeat":"repeat","background-position":"center center","background-size":"auto","background-attachment":"scroll","background-type":"","background-media":"","overlay-type":"","overlay-color":"","overlay-opacity":"","overlay-gradient":""}},"footnotes":""},"categories":[49],"tags":[],"class_list":["post-12718","post","type-post","status-publish","format-standard","has-post-thumbnail","hentry","category-centre-activitats"],"yoast_head":"<!-- This site is optimized with the Yoast SEO plugin v27.4 - https:\/\/yoast.com\/product\/yoast-seo-wordpress\/ -->\n<title>Torna la gran Pista de Gel i Tobogan de La Farga - La Farga Gesti\u00f3n de Equipamientos Municipales, S.A.<\/title>\n<meta name=\"description\" content=\"La Farga acull a partir d\u2019aquest divendres la tradicional Pista del Gel i Tobogan, que tornaran a ser una de les atraccions del calendari nadalenc de L\u2019Hospitalet.\" \/>\n<meta name=\"robots\" content=\"index, follow, max-snippet:-1, max-image-preview:large, max-video-preview:-1\" \/>\n<link rel=\"canonical\" href=\"https:\/\/www.lafarga.com\/corporatiu\/torna-gran-pista-gel-tobogan\/\" \/>\n<meta property=\"og:locale\" content=\"ca_ES\" \/>\n<meta property=\"og:type\" content=\"article\" \/>\n<meta property=\"og:title\" content=\"Torna la gran Pista de Gel i Tobogan de La Farga - La Farga Gesti\u00f3n de Equipamientos Municipales, S.A.\" \/>\n<meta property=\"og:description\" content=\"La Farga acull a partir d\u2019aquest divendres la tradicional Pista del Gel i Tobogan, que tornaran a ser una de les atraccions del calendari nadalenc de L\u2019Hospitalet.\" \/>\n<meta property=\"og:url\" content=\"https:\/\/www.lafarga.com\/corporatiu\/torna-gran-pista-gel-tobogan\/\" \/>\n<meta property=\"og:site_name\" content=\"La Farga Gesti\u00f3n de Equipamientos Municipales, S.A.\" \/>\n<meta property=\"article:published_time\" content=\"2018-12-04T12:58:08+00:00\" \/>\n<meta property=\"article:modified_time\" content=\"2018-12-07T14:00:42+00:00\" \/>\n<meta property=\"og:image\" content=\"https:\/\/www.lafarga.com\/corporatiu\/wp-content\/uploads\/2018\/12\/Pista-Gel18-Farga.jpg\" \/>\n\t<meta property=\"og:image:width\" content=\"730\" \/>\n\t<meta property=\"og:image:height\" content=\"410\" \/>\n\t<meta property=\"og:image:type\" content=\"image\/jpeg\" \/>\n<meta name=\"author\" content=\"\u00d2scar Milla\" \/>\n<meta name=\"twitter:label1\" content=\"Escrit per\" \/>\n\t<meta name=\"twitter:data1\" content=\"\u00d2scar Milla\" \/>\n\t<meta name=\"twitter:label2\" content=\"Temps estimat de lectura\" \/>\n\t<meta name=\"twitter:data2\" content=\"1 minut\" \/>\n<script type=\"application\/ld+json\" class=\"yoast-schema-graph\">{\"@context\":\"https:\\\/\\\/schema.org\",\"@graph\":[{\"@type\":\"Article\",\"@id\":\"https:\\\/\\\/www.lafarga.com\\\/corporatiu\\\/torna-gran-pista-gel-tobogan\\\/#article\",\"isPartOf\":{\"@id\":\"https:\\\/\\\/www.lafarga.com\\\/corporatiu\\\/torna-gran-pista-gel-tobogan\\\/\"},\"author\":{\"name\":\"\u00d2scar Milla\",\"@id\":\"https:\\\/\\\/www.lafarga.com\\\/corporatiu\\\/#\\\/schema\\\/person\\\/70d96fe17d0da1a9c9e80d232bdbcf33\"},\"headline\":\"Torna la gran Pista de Gel i Tobogan de La Farga\",\"datePublished\":\"2018-12-04T12:58:08+00:00\",\"dateModified\":\"2018-12-07T14:00:42+00:00\",\"mainEntityOfPage\":{\"@id\":\"https:\\\/\\\/www.lafarga.com\\\/corporatiu\\\/torna-gran-pista-gel-tobogan\\\/\"},\"wordCount\":260,\"publisher\":{\"@id\":\"https:\\\/\\\/www.lafarga.com\\\/corporatiu\\\/#organization\"},\"image\":{\"@id\":\"https:\\\/\\\/www.lafarga.com\\\/corporatiu\\\/torna-gran-pista-gel-tobogan\\\/#primaryimage\"},\"thumbnailUrl\":\"https:\\\/\\\/www.lafarga.com\\\/corporatiu\\\/wp-content\\\/uploads\\\/2018\\\/12\\\/Pista-Gel18-Farga.jpg\",\"articleSection\":[\"Centre d'Activitats\"],\"inLanguage\":\"ca\"},{\"@type\":\"WebPage\",\"@id\":\"https:\\\/\\\/www.lafarga.com\\\/corporatiu\\\/torna-gran-pista-gel-tobogan\\\/\",\"url\":\"https:\\\/\\\/www.lafarga.com\\\/corporatiu\\\/torna-gran-pista-gel-tobogan\\\/\",\"name\":\"Torna la gran Pista de Gel i Tobogan de La Farga - La Farga Gesti\u00f3n de Equipamientos Municipales, S.A.\",\"isPartOf\":{\"@id\":\"https:\\\/\\\/www.lafarga.com\\\/corporatiu\\\/#website\"},\"primaryImageOfPage\":{\"@id\":\"https:\\\/\\\/www.lafarga.com\\\/corporatiu\\\/torna-gran-pista-gel-tobogan\\\/#primaryimage\"},\"image\":{\"@id\":\"https:\\\/\\\/www.lafarga.com\\\/corporatiu\\\/torna-gran-pista-gel-tobogan\\\/#primaryimage\"},\"thumbnailUrl\":\"https:\\\/\\\/www.lafarga.com\\\/corporatiu\\\/wp-content\\\/uploads\\\/2018\\\/12\\\/Pista-Gel18-Farga.jpg\",\"datePublished\":\"2018-12-04T12:58:08+00:00\",\"dateModified\":\"2018-12-07T14:00:42+00:00\",\"description\":\"La Farga acull a partir d\u2019aquest divendres la tradicional Pista del Gel i Tobogan, que tornaran a ser una de les atraccions del calendari nadalenc de L\u2019Hospitalet.\",\"breadcrumb\":{\"@id\":\"https:\\\/\\\/www.lafarga.com\\\/corporatiu\\\/torna-gran-pista-gel-tobogan\\\/#breadcrumb\"},\"inLanguage\":\"ca\",\"potentialAction\":[{\"@type\":\"ReadAction\",\"target\":[\"https:\\\/\\\/www.lafarga.com\\\/corporatiu\\\/torna-gran-pista-gel-tobogan\\\/\"]}]},{\"@type\":\"ImageObject\",\"inLanguage\":\"ca\",\"@id\":\"https:\\\/\\\/www.lafarga.com\\\/corporatiu\\\/torna-gran-pista-gel-tobogan\\\/#primaryimage\",\"url\":\"https:\\\/\\\/www.lafarga.com\\\/corporatiu\\\/wp-content\\\/uploads\\\/2018\\\/12\\\/Pista-Gel18-Farga.jpg\",\"contentUrl\":\"https:\\\/\\\/www.lafarga.com\\\/corporatiu\\\/wp-content\\\/uploads\\\/2018\\\/12\\\/Pista-Gel18-Farga.jpg\",\"width\":730,\"height\":410,\"caption\":\"Pista Gel Farga\"},{\"@type\":\"BreadcrumbList\",\"@id\":\"https:\\\/\\\/www.lafarga.com\\\/corporatiu\\\/torna-gran-pista-gel-tobogan\\\/#breadcrumb\",\"itemListElement\":[{\"@type\":\"ListItem\",\"position\":1,\"name\":\"Home\",\"item\":\"https:\\\/\\\/www.lafarga.com\\\/corporatiu\\\/lafarga-hospitalet-llobregat\\\/\"},{\"@type\":\"ListItem\",\"position\":2,\"name\":\"Torna la gran Pista de Gel i Tobogan de La Farga\"}]},{\"@type\":\"WebSite\",\"@id\":\"https:\\\/\\\/www.lafarga.com\\\/corporatiu\\\/#website\",\"url\":\"https:\\\/\\\/www.lafarga.com\\\/corporatiu\\\/\",\"name\":\"La Farga Gesti\u00f3 d&#039;Equipaments Municipals, SA\",\"description\":\"\",\"publisher\":{\"@id\":\"https:\\\/\\\/www.lafarga.com\\\/corporatiu\\\/#organization\"},\"potentialAction\":[{\"@type\":\"SearchAction\",\"target\":{\"@type\":\"EntryPoint\",\"urlTemplate\":\"https:\\\/\\\/www.lafarga.com\\\/corporatiu\\\/?s={search_term_string}\"},\"query-input\":{\"@type\":\"PropertyValueSpecification\",\"valueRequired\":true,\"valueName\":\"search_term_string\"}}],\"inLanguage\":\"ca\"},{\"@type\":\"Organization\",\"@id\":\"https:\\\/\\\/www.lafarga.com\\\/corporatiu\\\/#organization\",\"name\":\"La Farga Gesti\u00f3 d&#039;Equipaments Municipals, SA\",\"url\":\"https:\\\/\\\/www.lafarga.com\\\/corporatiu\\\/\",\"logo\":{\"@type\":\"ImageObject\",\"inLanguage\":\"ca\",\"@id\":\"https:\\\/\\\/www.lafarga.com\\\/corporatiu\\\/#\\\/schema\\\/logo\\\/image\\\/\",\"url\":\"https:\\\/\\\/www.lafarga.com\\\/corporatiu\\\/wp-content\\\/uploads\\\/2023\\\/11\\\/logotipo_lafarga_gemsa.svg\",\"contentUrl\":\"https:\\\/\\\/www.lafarga.com\\\/corporatiu\\\/wp-content\\\/uploads\\\/2023\\\/11\\\/logotipo_lafarga_gemsa.svg\",\"width\":102,\"height\":103,\"caption\":\"La Farga Gesti\u00f3 d&#039;Equipaments Municipals, SA\"},\"image\":{\"@id\":\"https:\\\/\\\/www.lafarga.com\\\/corporatiu\\\/#\\\/schema\\\/logo\\\/image\\\/\"}},{\"@type\":\"Person\",\"@id\":\"https:\\\/\\\/www.lafarga.com\\\/corporatiu\\\/#\\\/schema\\\/person\\\/70d96fe17d0da1a9c9e80d232bdbcf33\",\"name\":\"\u00d2scar Milla\",\"image\":{\"@type\":\"ImageObject\",\"inLanguage\":\"ca\",\"@id\":\"https:\\\/\\\/secure.gravatar.com\\\/avatar\\\/92e75d184f9d5e0e403bd4ad075b080ad258344ddc259adddb579f6a3ba6494f?s=96&d=mm&r=g\",\"url\":\"https:\\\/\\\/secure.gravatar.com\\\/avatar\\\/92e75d184f9d5e0e403bd4ad075b080ad258344ddc259adddb579f6a3ba6494f?s=96&d=mm&r=g\",\"contentUrl\":\"https:\\\/\\\/secure.gravatar.com\\\/avatar\\\/92e75d184f9d5e0e403bd4ad075b080ad258344ddc259adddb579f6a3ba6494f?s=96&d=mm&r=g\",\"caption\":\"\u00d2scar Milla\"},\"url\":\"https:\\\/\\\/www.lafarga.com\\\/corporatiu\\\/author\\\/omilla\\\/\"}]}<\/script>\n<!-- \/ Yoast SEO plugin. -->","yoast_head_json":{"title":"Torna la gran Pista de Gel i Tobogan de La Farga - La Farga Gesti\u00f3n de Equipamientos Municipales, S.A.","description":"La Farga acull a partir d\u2019aquest divendres la tradicional Pista del Gel i Tobogan, que tornaran a ser una de les atraccions del calendari nadalenc de L\u2019Hospitalet.","robots":{"index":"index","follow":"follow","max-snippet":"max-snippet:-1","max-image-preview":"max-image-preview:large","max-video-preview":"max-video-preview:-1"},"canonical":"https:\/\/www.lafarga.com\/corporatiu\/torna-gran-pista-gel-tobogan\/","og_locale":"ca_ES","og_type":"article","og_title":"Torna la gran Pista de Gel i Tobogan de La Farga - La Farga Gesti\u00f3n de Equipamientos Municipales, S.A.","og_description":"La Farga acull a partir d\u2019aquest divendres la tradicional Pista del Gel i Tobogan, que tornaran a ser una de les atraccions del calendari nadalenc de L\u2019Hospitalet.","og_url":"https:\/\/www.lafarga.com\/corporatiu\/torna-gran-pista-gel-tobogan\/","og_site_name":"La Farga Gesti\u00f3n de Equipamientos Municipales, S.A.","article_published_time":"2018-12-04T12:58:08+00:00","article_modified_time":"2018-12-07T14:00:42+00:00","og_image":[{"width":730,"height":410,"url":"https:\/\/www.lafarga.com\/corporatiu\/wp-content\/uploads\/2018\/12\/Pista-Gel18-Farga.jpg","type":"image\/jpeg"}],"author":"\u00d2scar Milla","twitter_misc":{"Escrit per":"\u00d2scar Milla","Temps estimat de lectura":"1 minut"},"schema":{"@context":"https:\/\/schema.org","@graph":[{"@type":"Article","@id":"https:\/\/www.lafarga.com\/corporatiu\/torna-gran-pista-gel-tobogan\/#article","isPartOf":{"@id":"https:\/\/www.lafarga.com\/corporatiu\/torna-gran-pista-gel-tobogan\/"},"author":{"name":"\u00d2scar Milla","@id":"https:\/\/www.lafarga.com\/corporatiu\/#\/schema\/person\/70d96fe17d0da1a9c9e80d232bdbcf33"},"headline":"Torna la gran Pista de Gel i Tobogan de La Farga","datePublished":"2018-12-04T12:58:08+00:00","dateModified":"2018-12-07T14:00:42+00:00","mainEntityOfPage":{"@id":"https:\/\/www.lafarga.com\/corporatiu\/torna-gran-pista-gel-tobogan\/"},"wordCount":260,"publisher":{"@id":"https:\/\/www.lafarga.com\/corporatiu\/#organization"},"image":{"@id":"https:\/\/www.lafarga.com\/corporatiu\/torna-gran-pista-gel-tobogan\/#primaryimage"},"thumbnailUrl":"https:\/\/www.lafarga.com\/corporatiu\/wp-content\/uploads\/2018\/12\/Pista-Gel18-Farga.jpg","articleSection":["Centre d'Activitats"],"inLanguage":"ca"},{"@type":"WebPage","@id":"https:\/\/www.lafarga.com\/corporatiu\/torna-gran-pista-gel-tobogan\/","url":"https:\/\/www.lafarga.com\/corporatiu\/torna-gran-pista-gel-tobogan\/","name":"Torna la gran Pista de Gel i Tobogan de La Farga - La Farga Gesti\u00f3n de Equipamientos Municipales, S.A.","isPartOf":{"@id":"https:\/\/www.lafarga.com\/corporatiu\/#website"},"primaryImageOfPage":{"@id":"https:\/\/www.lafarga.com\/corporatiu\/torna-gran-pista-gel-tobogan\/#primaryimage"},"image":{"@id":"https:\/\/www.lafarga.com\/corporatiu\/torna-gran-pista-gel-tobogan\/#primaryimage"},"thumbnailUrl":"https:\/\/www.lafarga.com\/corporatiu\/wp-content\/uploads\/2018\/12\/Pista-Gel18-Farga.jpg","datePublished":"2018-12-04T12:58:08+00:00","dateModified":"2018-12-07T14:00:42+00:00","description":"La Farga acull a partir d\u2019aquest divendres la tradicional Pista del Gel i Tobogan, que tornaran a ser una de les atraccions del calendari nadalenc de L\u2019Hospitalet.","breadcrumb":{"@id":"https:\/\/www.lafarga.com\/corporatiu\/torna-gran-pista-gel-tobogan\/#breadcrumb"},"inLanguage":"ca","potentialAction":[{"@type":"ReadAction","target":["https:\/\/www.lafarga.com\/corporatiu\/torna-gran-pista-gel-tobogan\/"]}]},{"@type":"ImageObject","inLanguage":"ca","@id":"https:\/\/www.lafarga.com\/corporatiu\/torna-gran-pista-gel-tobogan\/#primaryimage","url":"https:\/\/www.lafarga.com\/corporatiu\/wp-content\/uploads\/2018\/12\/Pista-Gel18-Farga.jpg","contentUrl":"https:\/\/www.lafarga.com\/corporatiu\/wp-content\/uploads\/2018\/12\/Pista-Gel18-Farga.jpg","width":730,"height":410,"caption":"Pista Gel Farga"},{"@type":"BreadcrumbList","@id":"https:\/\/www.lafarga.com\/corporatiu\/torna-gran-pista-gel-tobogan\/#breadcrumb","itemListElement":[{"@type":"ListItem","position":1,"name":"Home","item":"https:\/\/www.lafarga.com\/corporatiu\/lafarga-hospitalet-llobregat\/"},{"@type":"ListItem","position":2,"name":"Torna la gran Pista de Gel i Tobogan de La Farga"}]},{"@type":"WebSite","@id":"https:\/\/www.lafarga.com\/corporatiu\/#website","url":"https:\/\/www.lafarga.com\/corporatiu\/","name":"La Farga Gesti\u00f3 d&#039;Equipaments Municipals, SA","description":"","publisher":{"@id":"https:\/\/www.lafarga.com\/corporatiu\/#organization"},"potentialAction":[{"@type":"SearchAction","target":{"@type":"EntryPoint","urlTemplate":"https:\/\/www.lafarga.com\/corporatiu\/?s={search_term_string}"},"query-input":{"@type":"PropertyValueSpecification","valueRequired":true,"valueName":"search_term_string"}}],"inLanguage":"ca"},{"@type":"Organization","@id":"https:\/\/www.lafarga.com\/corporatiu\/#organization","name":"La Farga Gesti\u00f3 d&#039;Equipaments Municipals, SA","url":"https:\/\/www.lafarga.com\/corporatiu\/","logo":{"@type":"ImageObject","inLanguage":"ca","@id":"https:\/\/www.lafarga.com\/corporatiu\/#\/schema\/logo\/image\/","url":"https:\/\/www.lafarga.com\/corporatiu\/wp-content\/uploads\/2023\/11\/logotipo_lafarga_gemsa.svg","contentUrl":"https:\/\/www.lafarga.com\/corporatiu\/wp-content\/uploads\/2023\/11\/logotipo_lafarga_gemsa.svg","width":102,"height":103,"caption":"La Farga Gesti\u00f3 d&#039;Equipaments Municipals, SA"},"image":{"@id":"https:\/\/www.lafarga.com\/corporatiu\/#\/schema\/logo\/image\/"}},{"@type":"Person","@id":"https:\/\/www.lafarga.com\/corporatiu\/#\/schema\/person\/70d96fe17d0da1a9c9e80d232bdbcf33","name":"\u00d2scar Milla","image":{"@type":"ImageObject","inLanguage":"ca","@id":"https:\/\/secure.gravatar.com\/avatar\/92e75d184f9d5e0e403bd4ad075b080ad258344ddc259adddb579f6a3ba6494f?s=96&d=mm&r=g","url":"https:\/\/secure.gravatar.com\/avatar\/92e75d184f9d5e0e403bd4ad075b080ad258344ddc259adddb579f6a3ba6494f?s=96&d=mm&r=g","contentUrl":"https:\/\/secure.gravatar.com\/avatar\/92e75d184f9d5e0e403bd4ad075b080ad258344ddc259adddb579f6a3ba6494f?s=96&d=mm&r=g","caption":"\u00d2scar Milla"},"url":"https:\/\/www.lafarga.com\/corporatiu\/author\/omilla\/"}]}},"uagb_featured_image_src":{"full":["https:\/\/www.lafarga.com\/corporatiu\/wp-content\/uploads\/2018\/12\/Pista-Gel18-Farga.jpg",730,410,false],"thumbnail":["https:\/\/www.lafarga.com\/corporatiu\/wp-content\/uploads\/2018\/12\/Pista-Gel18-Farga-150x150.jpg",150,150,true],"medium":["https:\/\/www.lafarga.com\/corporatiu\/wp-content\/uploads\/2018\/12\/Pista-Gel18-Farga-300x168.jpg",300,168,true],"medium_large":["https:\/\/www.lafarga.com\/corporatiu\/wp-content\/uploads\/2018\/12\/Pista-Gel18-Farga.jpg",730,410,false],"large":["https:\/\/www.lafarga.com\/corporatiu\/wp-content\/uploads\/2018\/12\/Pista-Gel18-Farga.jpg",730,410,false],"1536x1536":["https:\/\/www.lafarga.com\/corporatiu\/wp-content\/uploads\/2018\/12\/Pista-Gel18-Farga.jpg",730,410,false],"2048x2048":["https:\/\/www.lafarga.com\/corporatiu\/wp-content\/uploads\/2018\/12\/Pista-Gel18-Farga.jpg",730,410,false],"mailpoet_newsletter_max":["https:\/\/www.lafarga.com\/corporatiu\/wp-content\/uploads\/2018\/12\/Pista-Gel18-Farga.jpg",730,410,false]},"uagb_author_info":{"display_name":"\u00d2scar Milla","author_link":"https:\/\/www.lafarga.com\/corporatiu\/author\/omilla\/"},"uagb_comment_info":0,"uagb_excerpt":"La Farga Centre d\u2019Activitats acull a partir d\u2019aquest divendres, a les 17 hores, la tradicional Pista del Gel i Tobogan, que tornaran a ser una de les atraccions del calendari d\u2019activitats nadalenques de L\u2019Hospitalet.","_links":{"self":[{"href":"https:\/\/www.lafarga.com\/corporatiu\/wp-json\/wp\/v2\/posts\/12718","targetHints":{"allow":["GET"]}}],"collection":[{"href":"https:\/\/www.lafarga.com\/corporatiu\/wp-json\/wp\/v2\/posts"}],"about":[{"href":"https:\/\/www.lafarga.com\/corporatiu\/wp-json\/wp\/v2\/types\/post"}],"author":[{"embeddable":true,"href":"https:\/\/www.lafarga.com\/corporatiu\/wp-json\/wp\/v2\/users\/5"}],"replies":[{"embeddable":true,"href":"https:\/\/www.lafarga.com\/corporatiu\/wp-json\/wp\/v2\/comments?post=12718"}],"version-history":[{"count":2,"href":"https:\/\/www.lafarga.com\/corporatiu\/wp-json\/wp\/v2\/posts\/12718\/revisions"}],"predecessor-version":[{"id":12735,"href":"https:\/\/www.lafarga.com\/corporatiu\/wp-json\/wp\/v2\/posts\/12718\/revisions\/12735"}],"wp:featuredmedia":[{"embeddable":true,"href":"https:\/\/www.lafarga.com\/corporatiu\/wp-json\/wp\/v2\/media\/12719"}],"wp:attachment":[{"href":"https:\/\/www.lafarga.com\/corporatiu\/wp-json\/wp\/v2\/media?parent=12718"}],"wp:term":[{"taxonomy":"category","embeddable":true,"href":"https:\/\/www.lafarga.com\/corporatiu\/wp-json\/wp\/v2\/categories?post=12718"},{"taxonomy":"post_tag","embeddable":true,"href":"https:\/\/www.lafarga.com\/corporatiu\/wp-json\/wp\/v2\/tags?post=12718"}],"curies":[{"name":"wp","href":"https:\/\/api.w.org\/{rel}","templated":true}]}}