{"id":12178,"date":"2018-07-16T10:52:26","date_gmt":"2018-07-16T10:52:26","guid":{"rendered":"http:\/\/www.lafarga.com\/corporatiu\/?p=12178"},"modified":"2018-07-16T10:52:26","modified_gmt":"2018-07-16T10:52:26","slug":"medidas-para-un-verano-mas-civico","status":"publish","type":"post","link":"https:\/\/www.lafarga.com\/corporatiu\/medidas-para-un-verano-mas-civico\/","title":{"rendered":"Medidas para un verano m\u00e1s c\u00edvico"},"content":{"rendered":"<h5>Edici\u00f3n 336<\/h5>\n<p>Las medidas adoptadas para un verano m\u00e1s c\u00edvico en el espacio p\u00fablico de la ciudad es el principal tema de portada del Diari de L&#8217;Hospitalet que ha salido este lunes.<\/p>\n<p>Las medidas son m\u00e1s juegos educativos en las plazas y campa\u00f1a sobre el ocio nocturno, y m\u00e1s vigilancia y control para cumplir con las ordenanzas.<\/p>\n<p>Otros temas de portada son que el Consell Educatiu cierra el curso repasando la consecuci\u00f3n del Pacto local por la educaci\u00f3n; el compromiso de dos nuevas residencias de ancianos en Santa Eul\u00e0lia y Sant Josep: y tambi\u00e9n las diferentes iniciativas sociales y acciones solidarias para visibilizar la crisis de los refugiados.<\/p>\n<p>En p\u00e1ginas interiores el Diari nos informa de la elecci\u00f3n de Santi Ballest\u00e9 como nuevo presidente de la AEBALL, entidad miembro del Consejo de Administraci\u00f3n de La Farga Gesti\u00f3n de Equipamientos Municipales, S.A.<\/p>\n<p>Tambi\u00e9n en portada, con fotograf\u00eda, encontramos los galardonados con los t\u00edtulos de distinci\u00f3n ciudadana. Este a\u00f1o han sido para tres entidades y dos hospitalenses comprometidos con la ciudad: el Club Infantil y Juvenil Sanfeliu, la Associaci\u00f3 Educativa Itaca, el Ateneu Cultural Catal\u00f2nia, Dolores Ruiz, presidenta local de la Cruz Roja y Manuel Pi\u00f1ar, l\u00edder vecinal.<\/p>\n<p>En el apartado de cultura Marta Knigth ha sido la ganadora de <a href=\"https:\/\/lhdigital.cat\/web\/digital-h\/televisio\/veure-video\/-\/journal_content\/56_INSTANCE_ZrP3\/11023\/13203675\" target=\"_blank\" rel=\"noopener\"><strong>&#8216;L&#8217;H canta en femen\u00ed&#8217;<\/strong><\/a>, concurso de voces organizado por TV L&#8217;Hospitalet, donde han participado hasta nueve cantantes.<\/p>\n<p>En cuanto a los deportes el Diari destaca los \u00e9xitos deportivos de Mar\u00eda Vicente en atletismo y Nora G\u00e1lvez y Violeta Verano en baloncesto, y que el Club Pir\u00e1mide organiza el Mundial de Halterofilia m\u00e1ster este mes de agosto en L&#8217;Hospitalet.<\/p>\n<p>El Diari de L&#8217;Hospitalet es un medio editado por La Farga Gesti\u00f3n de Equipamientos Municipales S.A. y tiene una tirada de 105.000 ejemplares.<\/p>\n<p>Aqu\u00ed puede ver la <a href=\"https:\/\/lhdigital.cat\/web\/diari\/versio_digital\" target=\"_blank\" rel=\"noopener\"><strong>versi\u00f3n digital<\/strong><\/a> del Diari de L&#8217;Hospitalet.<\/p>\n","protected":false},"excerpt":{"rendered":"<p>Las medidas adoptadas para un verano m\u00e1s c\u00edvico en el espacio p\u00fablico de la ciudad es el principal tema de portada del Diari de L&#8217;Hospitalet.<\/p>\n","protected":false},"author":5,"featured_media":12176,"comment_status":"closed","ping_status":"closed","sticky":false,"template":"","format":"standard","meta":{"inline_featured_image":false,"_uag_custom_page_level_css":"","_monsterinsights_skip_tracking":false,"_monsterinsights_sitenote_active":false,"_monsterinsights_sitenote_note":"","_monsterinsights_sitenote_category":0,"site-sidebar-layout":"default","site-content-layout":"","ast-site-content-layout":"default","site-content-style":"default","site-sidebar-style":"default","ast-global-header-display":"","ast-banner-title-visibility":"","ast-main-header-display":"","ast-hfb-above-header-display":"","ast-hfb-below-header-display":"","ast-hfb-mobile-header-display":"","site-post-title":"","ast-breadcrumbs-content":"","ast-featured-img":"","footer-sml-layout":"","ast-disable-related-posts":"","theme-transparent-header-meta":"","adv-header-id-meta":"","stick-header-meta":"","header-above-stick-meta":"","header-main-stick-meta":"","header-below-stick-meta":"","astra-migrate-meta-layouts":"default","ast-page-background-enabled":"default","ast-page-background-meta":{"desktop":{"background-color":"var(--ast-global-color-4)","background-image":"","background-repeat":"repeat","background-position":"center center","background-size":"auto","background-attachment":"scroll","background-type":"","background-media":"","overlay-type":"","overlay-color":"","overlay-opacity":"","overlay-gradient":""},"tablet":{"background-color":"","background-image":"","background-repeat":"repeat","background-position":"center center","background-size":"auto","background-attachment":"scroll","background-type":"","background-media":"","overlay-type":"","overlay-color":"","overlay-opacity":"","overlay-gradient":""},"mobile":{"background-color":"","background-image":"","background-repeat":"repeat","background-position":"center center","background-size":"auto","background-attachment":"scroll","background-type":"","background-media":"","overlay-type":"","overlay-color":"","overlay-opacity":"","overlay-gradient":""}},"ast-content-background-meta":{"desktop":{"background-color":"var(--ast-global-color-5)","background-image":"","background-repeat":"repeat","background-position":"center center","background-size":"auto","background-attachment":"scroll","background-type":"","background-media":"","overlay-type":"","overlay-color":"","overlay-opacity":"","overlay-gradient":""},"tablet":{"background-color":"var(--ast-global-color-5)","background-image":"","background-repeat":"repeat","background-position":"center center","background-size":"auto","background-attachment":"scroll","background-type":"","background-media":"","overlay-type":"","overlay-color":"","overlay-opacity":"","overlay-gradient":""},"mobile":{"background-color":"var(--ast-global-color-5)","background-image":"","background-repeat":"repeat","background-position":"center center","background-size":"auto","background-attachment":"scroll","background-type":"","background-media":"","overlay-type":"","overlay-color":"","overlay-opacity":"","overlay-gradient":""}},"footnotes":""},"categories":[81],"tags":[],"class_list":["post-12178","post","type-post","status-publish","format-standard","has-post-thumbnail","hentry","category-medios-comunicacion"],"yoast_head":"<!-- This site is optimized with the Yoast SEO plugin v27.5 - https:\/\/yoast.com\/product\/yoast-seo-wordpress\/ -->\n<title>Medidas para un verano m\u00e1s c\u00edvico - La Farga Gesti\u00f3n de Equipamientos Municipales, S.A.<\/title>\n<meta name=\"description\" content=\"Las medidas adoptadas para un verano m\u00e1s c\u00edvico en el espacio p\u00fablico de la ciudad es el principal tema de portada del Diari de L&#039;Hospitalet\" \/>\n<meta name=\"robots\" content=\"index, follow, max-snippet:-1, max-image-preview:large, max-video-preview:-1\" \/>\n<link rel=\"canonical\" href=\"https:\/\/www.lafarga.com\/corporatiu\/medidas-para-un-verano-mas-civico\/\" \/>\n<meta property=\"og:locale\" content=\"ca_ES\" \/>\n<meta property=\"og:type\" content=\"article\" \/>\n<meta property=\"og:title\" content=\"Medidas para un verano m\u00e1s c\u00edvico - La Farga Gesti\u00f3n de Equipamientos Municipales, S.A.\" \/>\n<meta property=\"og:description\" content=\"Las medidas adoptadas para un verano m\u00e1s c\u00edvico en el espacio p\u00fablico de la ciudad es el principal tema de portada del Diari de L&#039;Hospitalet\" \/>\n<meta property=\"og:url\" content=\"https:\/\/www.lafarga.com\/corporatiu\/medidas-para-un-verano-mas-civico\/\" \/>\n<meta property=\"og:site_name\" content=\"La Farga Gesti\u00f3n de Equipamientos Municipales, S.A.\" \/>\n<meta property=\"article:published_time\" content=\"2018-07-16T10:52:26+00:00\" \/>\n<meta property=\"og:image\" content=\"https:\/\/www.lafarga.com\/corporatiu\/wp-content\/uploads\/2018\/07\/Portada-Diari-LH-Juliol18.jpg\" \/>\n\t<meta property=\"og:image:width\" content=\"730\" \/>\n\t<meta property=\"og:image:height\" content=\"410\" \/>\n\t<meta property=\"og:image:type\" content=\"image\/jpeg\" \/>\n<meta name=\"author\" content=\"\u00d2scar Milla\" \/>\n<meta name=\"twitter:label1\" content=\"Escrit per\" \/>\n\t<meta name=\"twitter:data1\" content=\"\u00d2scar Milla\" \/>\n\t<meta name=\"twitter:label2\" content=\"Temps estimat de lectura\" \/>\n\t<meta name=\"twitter:data2\" content=\"2 minuts\" \/>\n<script type=\"application\/ld+json\" class=\"yoast-schema-graph\">{\"@context\":\"https:\\\/\\\/schema.org\",\"@graph\":[{\"@type\":\"Article\",\"@id\":\"https:\\\/\\\/www.lafarga.com\\\/corporatiu\\\/medidas-para-un-verano-mas-civico\\\/#article\",\"isPartOf\":{\"@id\":\"https:\\\/\\\/www.lafarga.com\\\/corporatiu\\\/medidas-para-un-verano-mas-civico\\\/\"},\"author\":{\"name\":\"\u00d2scar Milla\",\"@id\":\"https:\\\/\\\/www.lafarga.com\\\/corporatiu\\\/#\\\/schema\\\/person\\\/70d96fe17d0da1a9c9e80d232bdbcf33\"},\"headline\":\"Medidas para un verano m\u00e1s c\u00edvico\",\"datePublished\":\"2018-07-16T10:52:26+00:00\",\"mainEntityOfPage\":{\"@id\":\"https:\\\/\\\/www.lafarga.com\\\/corporatiu\\\/medidas-para-un-verano-mas-civico\\\/\"},\"wordCount\":342,\"publisher\":{\"@id\":\"https:\\\/\\\/www.lafarga.com\\\/corporatiu\\\/#organization\"},\"image\":{\"@id\":\"https:\\\/\\\/www.lafarga.com\\\/corporatiu\\\/medidas-para-un-verano-mas-civico\\\/#primaryimage\"},\"thumbnailUrl\":\"https:\\\/\\\/www.lafarga.com\\\/corporatiu\\\/wp-content\\\/uploads\\\/2018\\\/07\\\/Portada-Diari-LH-Juliol18.jpg\",\"articleSection\":[\"Medios de Comunicaci\u00f3n\"],\"inLanguage\":\"ca\"},{\"@type\":\"WebPage\",\"@id\":\"https:\\\/\\\/www.lafarga.com\\\/corporatiu\\\/medidas-para-un-verano-mas-civico\\\/\",\"url\":\"https:\\\/\\\/www.lafarga.com\\\/corporatiu\\\/medidas-para-un-verano-mas-civico\\\/\",\"name\":\"Medidas para un verano m\u00e1s c\u00edvico - La Farga Gesti\u00f3n de Equipamientos Municipales, S.A.\",\"isPartOf\":{\"@id\":\"https:\\\/\\\/www.lafarga.com\\\/corporatiu\\\/#website\"},\"primaryImageOfPage\":{\"@id\":\"https:\\\/\\\/www.lafarga.com\\\/corporatiu\\\/medidas-para-un-verano-mas-civico\\\/#primaryimage\"},\"image\":{\"@id\":\"https:\\\/\\\/www.lafarga.com\\\/corporatiu\\\/medidas-para-un-verano-mas-civico\\\/#primaryimage\"},\"thumbnailUrl\":\"https:\\\/\\\/www.lafarga.com\\\/corporatiu\\\/wp-content\\\/uploads\\\/2018\\\/07\\\/Portada-Diari-LH-Juliol18.jpg\",\"datePublished\":\"2018-07-16T10:52:26+00:00\",\"description\":\"Las medidas adoptadas para un verano m\u00e1s c\u00edvico en el espacio p\u00fablico de la ciudad es el principal tema de portada del Diari de L'Hospitalet\",\"breadcrumb\":{\"@id\":\"https:\\\/\\\/www.lafarga.com\\\/corporatiu\\\/medidas-para-un-verano-mas-civico\\\/#breadcrumb\"},\"inLanguage\":\"ca\",\"potentialAction\":[{\"@type\":\"ReadAction\",\"target\":[\"https:\\\/\\\/www.lafarga.com\\\/corporatiu\\\/medidas-para-un-verano-mas-civico\\\/\"]}]},{\"@type\":\"ImageObject\",\"inLanguage\":\"ca\",\"@id\":\"https:\\\/\\\/www.lafarga.com\\\/corporatiu\\\/medidas-para-un-verano-mas-civico\\\/#primaryimage\",\"url\":\"https:\\\/\\\/www.lafarga.com\\\/corporatiu\\\/wp-content\\\/uploads\\\/2018\\\/07\\\/Portada-Diari-LH-Juliol18.jpg\",\"contentUrl\":\"https:\\\/\\\/www.lafarga.com\\\/corporatiu\\\/wp-content\\\/uploads\\\/2018\\\/07\\\/Portada-Diari-LH-Juliol18.jpg\",\"width\":730,\"height\":410,\"caption\":\"c\u00edvic Diari L'Hospitalet\"},{\"@type\":\"BreadcrumbList\",\"@id\":\"https:\\\/\\\/www.lafarga.com\\\/corporatiu\\\/medidas-para-un-verano-mas-civico\\\/#breadcrumb\",\"itemListElement\":[{\"@type\":\"ListItem\",\"position\":1,\"name\":\"Home\",\"item\":\"https:\\\/\\\/www.lafarga.com\\\/corporatiu\\\/lafarga-hospitalet-llobregat\\\/\"},{\"@type\":\"ListItem\",\"position\":2,\"name\":\"Medidas para un verano m\u00e1s c\u00edvico\"}]},{\"@type\":\"WebSite\",\"@id\":\"https:\\\/\\\/www.lafarga.com\\\/corporatiu\\\/#website\",\"url\":\"https:\\\/\\\/www.lafarga.com\\\/corporatiu\\\/\",\"name\":\"La Farga Gesti\u00f3 d&#039;Equipaments Municipals, SA\",\"description\":\"\",\"publisher\":{\"@id\":\"https:\\\/\\\/www.lafarga.com\\\/corporatiu\\\/#organization\"},\"potentialAction\":[{\"@type\":\"SearchAction\",\"target\":{\"@type\":\"EntryPoint\",\"urlTemplate\":\"https:\\\/\\\/www.lafarga.com\\\/corporatiu\\\/?s={search_term_string}\"},\"query-input\":{\"@type\":\"PropertyValueSpecification\",\"valueRequired\":true,\"valueName\":\"search_term_string\"}}],\"inLanguage\":\"ca\"},{\"@type\":\"Organization\",\"@id\":\"https:\\\/\\\/www.lafarga.com\\\/corporatiu\\\/#organization\",\"name\":\"La Farga Gesti\u00f3 d&#039;Equipaments Municipals, SA\",\"url\":\"https:\\\/\\\/www.lafarga.com\\\/corporatiu\\\/\",\"logo\":{\"@type\":\"ImageObject\",\"inLanguage\":\"ca\",\"@id\":\"https:\\\/\\\/www.lafarga.com\\\/corporatiu\\\/#\\\/schema\\\/logo\\\/image\\\/\",\"url\":\"https:\\\/\\\/www.lafarga.com\\\/corporatiu\\\/wp-content\\\/uploads\\\/2023\\\/11\\\/logotipo_lafarga_gemsa.svg\",\"contentUrl\":\"https:\\\/\\\/www.lafarga.com\\\/corporatiu\\\/wp-content\\\/uploads\\\/2023\\\/11\\\/logotipo_lafarga_gemsa.svg\",\"width\":102,\"height\":103,\"caption\":\"La Farga Gesti\u00f3 d&#039;Equipaments Municipals, SA\"},\"image\":{\"@id\":\"https:\\\/\\\/www.lafarga.com\\\/corporatiu\\\/#\\\/schema\\\/logo\\\/image\\\/\"}},{\"@type\":\"Person\",\"@id\":\"https:\\\/\\\/www.lafarga.com\\\/corporatiu\\\/#\\\/schema\\\/person\\\/70d96fe17d0da1a9c9e80d232bdbcf33\",\"name\":\"\u00d2scar Milla\",\"image\":{\"@type\":\"ImageObject\",\"inLanguage\":\"ca\",\"@id\":\"https:\\\/\\\/secure.gravatar.com\\\/avatar\\\/92e75d184f9d5e0e403bd4ad075b080ad258344ddc259adddb579f6a3ba6494f?s=96&d=mm&r=g\",\"url\":\"https:\\\/\\\/secure.gravatar.com\\\/avatar\\\/92e75d184f9d5e0e403bd4ad075b080ad258344ddc259adddb579f6a3ba6494f?s=96&d=mm&r=g\",\"contentUrl\":\"https:\\\/\\\/secure.gravatar.com\\\/avatar\\\/92e75d184f9d5e0e403bd4ad075b080ad258344ddc259adddb579f6a3ba6494f?s=96&d=mm&r=g\",\"caption\":\"\u00d2scar Milla\"},\"url\":\"https:\\\/\\\/www.lafarga.com\\\/corporatiu\\\/author\\\/omilla\\\/\"}]}<\/script>\n<!-- \/ Yoast SEO plugin. -->","yoast_head_json":{"title":"Medidas para un verano m\u00e1s c\u00edvico - La Farga Gesti\u00f3n de Equipamientos Municipales, S.A.","description":"Las medidas adoptadas para un verano m\u00e1s c\u00edvico en el espacio p\u00fablico de la ciudad es el principal tema de portada del Diari de L'Hospitalet","robots":{"index":"index","follow":"follow","max-snippet":"max-snippet:-1","max-image-preview":"max-image-preview:large","max-video-preview":"max-video-preview:-1"},"canonical":"https:\/\/www.lafarga.com\/corporatiu\/medidas-para-un-verano-mas-civico\/","og_locale":"ca_ES","og_type":"article","og_title":"Medidas para un verano m\u00e1s c\u00edvico - La Farga Gesti\u00f3n de Equipamientos Municipales, S.A.","og_description":"Las medidas adoptadas para un verano m\u00e1s c\u00edvico en el espacio p\u00fablico de la ciudad es el principal tema de portada del Diari de L'Hospitalet","og_url":"https:\/\/www.lafarga.com\/corporatiu\/medidas-para-un-verano-mas-civico\/","og_site_name":"La Farga Gesti\u00f3n de Equipamientos Municipales, S.A.","article_published_time":"2018-07-16T10:52:26+00:00","og_image":[{"width":730,"height":410,"url":"https:\/\/www.lafarga.com\/corporatiu\/wp-content\/uploads\/2018\/07\/Portada-Diari-LH-Juliol18.jpg","type":"image\/jpeg"}],"author":"\u00d2scar Milla","twitter_misc":{"Escrit per":"\u00d2scar Milla","Temps estimat de lectura":"2 minuts"},"schema":{"@context":"https:\/\/schema.org","@graph":[{"@type":"Article","@id":"https:\/\/www.lafarga.com\/corporatiu\/medidas-para-un-verano-mas-civico\/#article","isPartOf":{"@id":"https:\/\/www.lafarga.com\/corporatiu\/medidas-para-un-verano-mas-civico\/"},"author":{"name":"\u00d2scar Milla","@id":"https:\/\/www.lafarga.com\/corporatiu\/#\/schema\/person\/70d96fe17d0da1a9c9e80d232bdbcf33"},"headline":"Medidas para un verano m\u00e1s c\u00edvico","datePublished":"2018-07-16T10:52:26+00:00","mainEntityOfPage":{"@id":"https:\/\/www.lafarga.com\/corporatiu\/medidas-para-un-verano-mas-civico\/"},"wordCount":342,"publisher":{"@id":"https:\/\/www.lafarga.com\/corporatiu\/#organization"},"image":{"@id":"https:\/\/www.lafarga.com\/corporatiu\/medidas-para-un-verano-mas-civico\/#primaryimage"},"thumbnailUrl":"https:\/\/www.lafarga.com\/corporatiu\/wp-content\/uploads\/2018\/07\/Portada-Diari-LH-Juliol18.jpg","articleSection":["Medios de Comunicaci\u00f3n"],"inLanguage":"ca"},{"@type":"WebPage","@id":"https:\/\/www.lafarga.com\/corporatiu\/medidas-para-un-verano-mas-civico\/","url":"https:\/\/www.lafarga.com\/corporatiu\/medidas-para-un-verano-mas-civico\/","name":"Medidas para un verano m\u00e1s c\u00edvico - La Farga Gesti\u00f3n de Equipamientos Municipales, S.A.","isPartOf":{"@id":"https:\/\/www.lafarga.com\/corporatiu\/#website"},"primaryImageOfPage":{"@id":"https:\/\/www.lafarga.com\/corporatiu\/medidas-para-un-verano-mas-civico\/#primaryimage"},"image":{"@id":"https:\/\/www.lafarga.com\/corporatiu\/medidas-para-un-verano-mas-civico\/#primaryimage"},"thumbnailUrl":"https:\/\/www.lafarga.com\/corporatiu\/wp-content\/uploads\/2018\/07\/Portada-Diari-LH-Juliol18.jpg","datePublished":"2018-07-16T10:52:26+00:00","description":"Las medidas adoptadas para un verano m\u00e1s c\u00edvico en el espacio p\u00fablico de la ciudad es el principal tema de portada del Diari de L'Hospitalet","breadcrumb":{"@id":"https:\/\/www.lafarga.com\/corporatiu\/medidas-para-un-verano-mas-civico\/#breadcrumb"},"inLanguage":"ca","potentialAction":[{"@type":"ReadAction","target":["https:\/\/www.lafarga.com\/corporatiu\/medidas-para-un-verano-mas-civico\/"]}]},{"@type":"ImageObject","inLanguage":"ca","@id":"https:\/\/www.lafarga.com\/corporatiu\/medidas-para-un-verano-mas-civico\/#primaryimage","url":"https:\/\/www.lafarga.com\/corporatiu\/wp-content\/uploads\/2018\/07\/Portada-Diari-LH-Juliol18.jpg","contentUrl":"https:\/\/www.lafarga.com\/corporatiu\/wp-content\/uploads\/2018\/07\/Portada-Diari-LH-Juliol18.jpg","width":730,"height":410,"caption":"c\u00edvic Diari L'Hospitalet"},{"@type":"BreadcrumbList","@id":"https:\/\/www.lafarga.com\/corporatiu\/medidas-para-un-verano-mas-civico\/#breadcrumb","itemListElement":[{"@type":"ListItem","position":1,"name":"Home","item":"https:\/\/www.lafarga.com\/corporatiu\/lafarga-hospitalet-llobregat\/"},{"@type":"ListItem","position":2,"name":"Medidas para un verano m\u00e1s c\u00edvico"}]},{"@type":"WebSite","@id":"https:\/\/www.lafarga.com\/corporatiu\/#website","url":"https:\/\/www.lafarga.com\/corporatiu\/","name":"La Farga Gesti\u00f3 d&#039;Equipaments Municipals, SA","description":"","publisher":{"@id":"https:\/\/www.lafarga.com\/corporatiu\/#organization"},"potentialAction":[{"@type":"SearchAction","target":{"@type":"EntryPoint","urlTemplate":"https:\/\/www.lafarga.com\/corporatiu\/?s={search_term_string}"},"query-input":{"@type":"PropertyValueSpecification","valueRequired":true,"valueName":"search_term_string"}}],"inLanguage":"ca"},{"@type":"Organization","@id":"https:\/\/www.lafarga.com\/corporatiu\/#organization","name":"La Farga Gesti\u00f3 d&#039;Equipaments Municipals, SA","url":"https:\/\/www.lafarga.com\/corporatiu\/","logo":{"@type":"ImageObject","inLanguage":"ca","@id":"https:\/\/www.lafarga.com\/corporatiu\/#\/schema\/logo\/image\/","url":"https:\/\/www.lafarga.com\/corporatiu\/wp-content\/uploads\/2023\/11\/logotipo_lafarga_gemsa.svg","contentUrl":"https:\/\/www.lafarga.com\/corporatiu\/wp-content\/uploads\/2023\/11\/logotipo_lafarga_gemsa.svg","width":102,"height":103,"caption":"La Farga Gesti\u00f3 d&#039;Equipaments Municipals, SA"},"image":{"@id":"https:\/\/www.lafarga.com\/corporatiu\/#\/schema\/logo\/image\/"}},{"@type":"Person","@id":"https:\/\/www.lafarga.com\/corporatiu\/#\/schema\/person\/70d96fe17d0da1a9c9e80d232bdbcf33","name":"\u00d2scar Milla","image":{"@type":"ImageObject","inLanguage":"ca","@id":"https:\/\/secure.gravatar.com\/avatar\/92e75d184f9d5e0e403bd4ad075b080ad258344ddc259adddb579f6a3ba6494f?s=96&d=mm&r=g","url":"https:\/\/secure.gravatar.com\/avatar\/92e75d184f9d5e0e403bd4ad075b080ad258344ddc259adddb579f6a3ba6494f?s=96&d=mm&r=g","contentUrl":"https:\/\/secure.gravatar.com\/avatar\/92e75d184f9d5e0e403bd4ad075b080ad258344ddc259adddb579f6a3ba6494f?s=96&d=mm&r=g","caption":"\u00d2scar Milla"},"url":"https:\/\/www.lafarga.com\/corporatiu\/author\/omilla\/"}]}},"uagb_featured_image_src":{"full":["https:\/\/www.lafarga.com\/corporatiu\/wp-content\/uploads\/2018\/07\/Portada-Diari-LH-Juliol18.jpg",730,410,false],"thumbnail":["https:\/\/www.lafarga.com\/corporatiu\/wp-content\/uploads\/2018\/07\/Portada-Diari-LH-Juliol18-150x150.jpg",150,150,true],"medium":["https:\/\/www.lafarga.com\/corporatiu\/wp-content\/uploads\/2018\/07\/Portada-Diari-LH-Juliol18-300x168.jpg",300,168,true],"medium_large":["https:\/\/www.lafarga.com\/corporatiu\/wp-content\/uploads\/2018\/07\/Portada-Diari-LH-Juliol18.jpg",730,410,false],"large":["https:\/\/www.lafarga.com\/corporatiu\/wp-content\/uploads\/2018\/07\/Portada-Diari-LH-Juliol18.jpg",730,410,false],"1536x1536":["https:\/\/www.lafarga.com\/corporatiu\/wp-content\/uploads\/2018\/07\/Portada-Diari-LH-Juliol18.jpg",730,410,false],"2048x2048":["https:\/\/www.lafarga.com\/corporatiu\/wp-content\/uploads\/2018\/07\/Portada-Diari-LH-Juliol18.jpg",730,410,false],"mailpoet_newsletter_max":["https:\/\/www.lafarga.com\/corporatiu\/wp-content\/uploads\/2018\/07\/Portada-Diari-LH-Juliol18.jpg",730,410,false]},"uagb_author_info":{"display_name":"\u00d2scar Milla","author_link":"https:\/\/www.lafarga.com\/corporatiu\/author\/omilla\/"},"uagb_comment_info":0,"uagb_excerpt":"Las medidas adoptadas para un verano m\u00e1s c\u00edvico en el espacio p\u00fablico de la ciudad es el principal tema de portada del Diari de L'Hospitalet.","_links":{"self":[{"href":"https:\/\/www.lafarga.com\/corporatiu\/wp-json\/wp\/v2\/posts\/12178","targetHints":{"allow":["GET"]}}],"collection":[{"href":"https:\/\/www.lafarga.com\/corporatiu\/wp-json\/wp\/v2\/posts"}],"about":[{"href":"https:\/\/www.lafarga.com\/corporatiu\/wp-json\/wp\/v2\/types\/post"}],"author":[{"embeddable":true,"href":"https:\/\/www.lafarga.com\/corporatiu\/wp-json\/wp\/v2\/users\/5"}],"replies":[{"embeddable":true,"href":"https:\/\/www.lafarga.com\/corporatiu\/wp-json\/wp\/v2\/comments?post=12178"}],"version-history":[{"count":1,"href":"https:\/\/www.lafarga.com\/corporatiu\/wp-json\/wp\/v2\/posts\/12178\/revisions"}],"predecessor-version":[{"id":12179,"href":"https:\/\/www.lafarga.com\/corporatiu\/wp-json\/wp\/v2\/posts\/12178\/revisions\/12179"}],"wp:featuredmedia":[{"embeddable":true,"href":"https:\/\/www.lafarga.com\/corporatiu\/wp-json\/wp\/v2\/media\/12176"}],"wp:attachment":[{"href":"https:\/\/www.lafarga.com\/corporatiu\/wp-json\/wp\/v2\/media?parent=12178"}],"wp:term":[{"taxonomy":"category","embeddable":true,"href":"https:\/\/www.lafarga.com\/corporatiu\/wp-json\/wp\/v2\/categories?post=12178"},{"taxonomy":"post_tag","embeddable":true,"href":"https:\/\/www.lafarga.com\/corporatiu\/wp-json\/wp\/v2\/tags?post=12178"}],"curies":[{"name":"wp","href":"https:\/\/api.w.org\/{rel}","templated":true}]}}