{"id":12169,"date":"2018-07-13T12:33:53","date_gmt":"2018-07-13T12:33:53","guid":{"rendered":"http:\/\/www.lafarga.com\/corporatiu\/?p=12169"},"modified":"2018-09-03T07:43:14","modified_gmt":"2018-09-03T07:43:14","slug":"instalacion-de-placas-solares-en-la-cubierta-de-la-farga","status":"publish","type":"post","link":"https:\/\/www.lafarga.com\/corporatiu\/instalacion-de-placas-solares-en-la-cubierta-de-la-farga\/","title":{"rendered":"Instalaci\u00f3n de placas solares en la cubierta de La Farga"},"content":{"rendered":"<h5>La energ\u00eda solar que se obtendr\u00e1 supondr\u00e1 el 12% de la energ\u00eda que consume el edificio municipal<\/h5>\n<p>El teniente de alcald\u00eda de Espacio P\u00fablico, Vivienda, Urbanismo y Sostenibilidad, Jos\u00e9 Castro, y el vicepresidente de Medio Ambiente del \u00c1rea Metropolitana de Barcelona, \u200b\u200bEloi Badia, han presentado la nueva instalaci\u00f3n de placas solares de autoconsumo que se instalar\u00e1n en el techo de La Farga Centro de Actividades, situada en la calle de Barcelona. Al acto tambi\u00e9n ha asistido el teniente de alcald\u00eda de Seguridad, Convivencia y Civismo, y presidente de La Farga, GEM, S.A., Jos\u00e9 M. Garc\u00eda Mompel.<\/p>\n<p>Los representantes del \u00c1rea Metropolitana de Barcelona tambi\u00e9n han presentado los proyectos de instalaci\u00f3n de placas solares en edificios p\u00fablicos de todo el territorio metropolitano, con el fin de aumentar sustancialmente el uso de energ\u00edas renovables, as\u00ed como una serie de fotolineres laborales de carga energ\u00e9tica.<\/p>\n<p>En L&#8217;Hospitalet se instalar\u00e1n a partir de noviembre placas de autoconsumo solar de 95,8 kWp de alta eficiencia energ\u00e9tica sobre la cubierta del edificio de La Farga. El campo solar estar\u00e1 conformado por 286 m\u00f3dulos solares monocristalinos. La instalaci\u00f3n de L&#8217;Hospitalet tiene un presupuesto de 148.664 euros.<\/p>\n<p>Se prev\u00e9 que estas placas tengan una producci\u00f3n estimada de 135.124 kWh por a\u00f1o. Esta energ\u00eda se destinar\u00e1 pr\u00e1cticamente toda satisfacer las demandas el\u00e9ctricas del edificio de servicios municipales de la calle de Girona, donde hay servicios de gran demanda energ\u00e9tica como el de Inform\u00e1tica. El aprovechamiento de energ\u00edas limpias y no contaminantes es uno de los objetivos del <a href=\"http:\/\/l-h.cat\/inici_2.aspx\" target=\"_blank\" rel=\"noopener\"><strong>Ayuntamiento de L&#8217;Hospitalet<\/strong><\/a> que controla ya la gesti\u00f3n energ\u00e9tica en 130 edificios municipio.<\/p>\n","protected":false},"excerpt":{"rendered":"<p>Placas solares en el techo de La Farga alimentar\u00e1n el consumo el\u00e9ctrico de las instalaciones municipales del edificio de la calle de Girona.<\/p>\n","protected":false},"author":5,"featured_media":12166,"comment_status":"closed","ping_status":"closed","sticky":false,"template":"","format":"standard","meta":{"inline_featured_image":false,"_uag_custom_page_level_css":"","_monsterinsights_skip_tracking":false,"_monsterinsights_sitenote_active":false,"_monsterinsights_sitenote_note":"","_monsterinsights_sitenote_category":0,"site-sidebar-layout":"default","site-content-layout":"","ast-site-content-layout":"default","site-content-style":"default","site-sidebar-style":"default","ast-global-header-display":"","ast-banner-title-visibility":"","ast-main-header-display":"","ast-hfb-above-header-display":"","ast-hfb-below-header-display":"","ast-hfb-mobile-header-display":"","site-post-title":"","ast-breadcrumbs-content":"","ast-featured-img":"","footer-sml-layout":"","ast-disable-related-posts":"","theme-transparent-header-meta":"","adv-header-id-meta":"","stick-header-meta":"","header-above-stick-meta":"","header-main-stick-meta":"","header-below-stick-meta":"","astra-migrate-meta-layouts":"default","ast-page-background-enabled":"default","ast-page-background-meta":{"desktop":{"background-color":"var(--ast-global-color-4)","background-image":"","background-repeat":"repeat","background-position":"center center","background-size":"auto","background-attachment":"scroll","background-type":"","background-media":"","overlay-type":"","overlay-color":"","overlay-opacity":"","overlay-gradient":""},"tablet":{"background-color":"","background-image":"","background-repeat":"repeat","background-position":"center center","background-size":"auto","background-attachment":"scroll","background-type":"","background-media":"","overlay-type":"","overlay-color":"","overlay-opacity":"","overlay-gradient":""},"mobile":{"background-color":"","background-image":"","background-repeat":"repeat","background-position":"center center","background-size":"auto","background-attachment":"scroll","background-type":"","background-media":"","overlay-type":"","overlay-color":"","overlay-opacity":"","overlay-gradient":""}},"ast-content-background-meta":{"desktop":{"background-color":"var(--ast-global-color-5)","background-image":"","background-repeat":"repeat","background-position":"center center","background-size":"auto","background-attachment":"scroll","background-type":"","background-media":"","overlay-type":"","overlay-color":"","overlay-opacity":"","overlay-gradient":""},"tablet":{"background-color":"var(--ast-global-color-5)","background-image":"","background-repeat":"repeat","background-position":"center center","background-size":"auto","background-attachment":"scroll","background-type":"","background-media":"","overlay-type":"","overlay-color":"","overlay-opacity":"","overlay-gradient":""},"mobile":{"background-color":"var(--ast-global-color-5)","background-image":"","background-repeat":"repeat","background-position":"center center","background-size":"auto","background-attachment":"scroll","background-type":"","background-media":"","overlay-type":"","overlay-color":"","overlay-opacity":"","overlay-gradient":""}},"footnotes":""},"categories":[73],"tags":[],"class_list":["post-12169","post","type-post","status-publish","format-standard","has-post-thumbnail","hentry","category-centro-de-actividades"],"yoast_head":"<!-- This site is optimized with the Yoast SEO plugin v27.5 - https:\/\/yoast.com\/product\/yoast-seo-wordpress\/ -->\n<title>Instalaci\u00f3n de placas solares en la cubierta de La Farga - La Farga Gesti\u00f3n de Equipamientos Municipales, S.A.<\/title>\n<meta name=\"description\" content=\"Los representantes del \u00c1rea Metropolitana de Barcelona tambi\u00e9n han presentado los proyectos de instalaci\u00f3n de placas solares en edificios p\u00fablicos.\" \/>\n<meta name=\"robots\" content=\"index, follow, max-snippet:-1, max-image-preview:large, max-video-preview:-1\" \/>\n<link rel=\"canonical\" href=\"https:\/\/www.lafarga.com\/corporatiu\/instalacion-de-placas-solares-en-la-cubierta-de-la-farga\/\" \/>\n<meta property=\"og:locale\" content=\"ca_ES\" \/>\n<meta property=\"og:type\" content=\"article\" \/>\n<meta property=\"og:title\" content=\"Instalaci\u00f3n de placas solares en la cubierta de La Farga - La Farga Gesti\u00f3n de Equipamientos Municipales, S.A.\" \/>\n<meta property=\"og:description\" content=\"Los representantes del \u00c1rea Metropolitana de Barcelona tambi\u00e9n han presentado los proyectos de instalaci\u00f3n de placas solares en edificios p\u00fablicos.\" \/>\n<meta property=\"og:url\" content=\"https:\/\/www.lafarga.com\/corporatiu\/instalacion-de-placas-solares-en-la-cubierta-de-la-farga\/\" \/>\n<meta property=\"og:site_name\" content=\"La Farga Gesti\u00f3n de Equipamientos Municipales, S.A.\" \/>\n<meta property=\"article:published_time\" content=\"2018-07-13T12:33:53+00:00\" \/>\n<meta property=\"article:modified_time\" content=\"2018-09-03T07:43:14+00:00\" \/>\n<meta property=\"og:image\" content=\"https:\/\/www.lafarga.com\/corporatiu\/wp-content\/uploads\/2018\/07\/Plaques-Solars-Farga.jpg\" \/>\n\t<meta property=\"og:image:width\" content=\"730\" \/>\n\t<meta property=\"og:image:height\" content=\"410\" \/>\n\t<meta property=\"og:image:type\" content=\"image\/jpeg\" \/>\n<meta name=\"author\" content=\"\u00d2scar Milla\" \/>\n<meta name=\"twitter:label1\" content=\"Escrit per\" \/>\n\t<meta name=\"twitter:data1\" content=\"\u00d2scar Milla\" \/>\n\t<meta name=\"twitter:label2\" content=\"Temps estimat de lectura\" \/>\n\t<meta name=\"twitter:data2\" content=\"1 minut\" \/>\n<script type=\"application\/ld+json\" class=\"yoast-schema-graph\">{\"@context\":\"https:\\\/\\\/schema.org\",\"@graph\":[{\"@type\":\"Article\",\"@id\":\"https:\\\/\\\/www.lafarga.com\\\/corporatiu\\\/instalacion-de-placas-solares-en-la-cubierta-de-la-farga\\\/#article\",\"isPartOf\":{\"@id\":\"https:\\\/\\\/www.lafarga.com\\\/corporatiu\\\/instalacion-de-placas-solares-en-la-cubierta-de-la-farga\\\/\"},\"author\":{\"name\":\"\u00d2scar Milla\",\"@id\":\"https:\\\/\\\/www.lafarga.com\\\/corporatiu\\\/#\\\/schema\\\/person\\\/70d96fe17d0da1a9c9e80d232bdbcf33\"},\"headline\":\"Instalaci\u00f3n de placas solares en la cubierta de La Farga\",\"datePublished\":\"2018-07-13T12:33:53+00:00\",\"dateModified\":\"2018-09-03T07:43:14+00:00\",\"mainEntityOfPage\":{\"@id\":\"https:\\\/\\\/www.lafarga.com\\\/corporatiu\\\/instalacion-de-placas-solares-en-la-cubierta-de-la-farga\\\/\"},\"wordCount\":298,\"publisher\":{\"@id\":\"https:\\\/\\\/www.lafarga.com\\\/corporatiu\\\/#organization\"},\"image\":{\"@id\":\"https:\\\/\\\/www.lafarga.com\\\/corporatiu\\\/instalacion-de-placas-solares-en-la-cubierta-de-la-farga\\\/#primaryimage\"},\"thumbnailUrl\":\"https:\\\/\\\/www.lafarga.com\\\/corporatiu\\\/wp-content\\\/uploads\\\/2018\\\/07\\\/Plaques-Solars-Farga.jpg\",\"articleSection\":[\"Centro de Actividades\"],\"inLanguage\":\"ca\"},{\"@type\":\"WebPage\",\"@id\":\"https:\\\/\\\/www.lafarga.com\\\/corporatiu\\\/instalacion-de-placas-solares-en-la-cubierta-de-la-farga\\\/\",\"url\":\"https:\\\/\\\/www.lafarga.com\\\/corporatiu\\\/instalacion-de-placas-solares-en-la-cubierta-de-la-farga\\\/\",\"name\":\"Instalaci\u00f3n de placas solares en la cubierta de La Farga - La Farga Gesti\u00f3n de Equipamientos Municipales, S.A.\",\"isPartOf\":{\"@id\":\"https:\\\/\\\/www.lafarga.com\\\/corporatiu\\\/#website\"},\"primaryImageOfPage\":{\"@id\":\"https:\\\/\\\/www.lafarga.com\\\/corporatiu\\\/instalacion-de-placas-solares-en-la-cubierta-de-la-farga\\\/#primaryimage\"},\"image\":{\"@id\":\"https:\\\/\\\/www.lafarga.com\\\/corporatiu\\\/instalacion-de-placas-solares-en-la-cubierta-de-la-farga\\\/#primaryimage\"},\"thumbnailUrl\":\"https:\\\/\\\/www.lafarga.com\\\/corporatiu\\\/wp-content\\\/uploads\\\/2018\\\/07\\\/Plaques-Solars-Farga.jpg\",\"datePublished\":\"2018-07-13T12:33:53+00:00\",\"dateModified\":\"2018-09-03T07:43:14+00:00\",\"description\":\"Los representantes del \u00c1rea Metropolitana de Barcelona tambi\u00e9n han presentado los proyectos de instalaci\u00f3n de placas solares en edificios p\u00fablicos.\",\"breadcrumb\":{\"@id\":\"https:\\\/\\\/www.lafarga.com\\\/corporatiu\\\/instalacion-de-placas-solares-en-la-cubierta-de-la-farga\\\/#breadcrumb\"},\"inLanguage\":\"ca\",\"potentialAction\":[{\"@type\":\"ReadAction\",\"target\":[\"https:\\\/\\\/www.lafarga.com\\\/corporatiu\\\/instalacion-de-placas-solares-en-la-cubierta-de-la-farga\\\/\"]}]},{\"@type\":\"ImageObject\",\"inLanguage\":\"ca\",\"@id\":\"https:\\\/\\\/www.lafarga.com\\\/corporatiu\\\/instalacion-de-placas-solares-en-la-cubierta-de-la-farga\\\/#primaryimage\",\"url\":\"https:\\\/\\\/www.lafarga.com\\\/corporatiu\\\/wp-content\\\/uploads\\\/2018\\\/07\\\/Plaques-Solars-Farga.jpg\",\"contentUrl\":\"https:\\\/\\\/www.lafarga.com\\\/corporatiu\\\/wp-content\\\/uploads\\\/2018\\\/07\\\/Plaques-Solars-Farga.jpg\",\"width\":730,\"height\":410,\"caption\":\"Plaques Solars Farga\"},{\"@type\":\"BreadcrumbList\",\"@id\":\"https:\\\/\\\/www.lafarga.com\\\/corporatiu\\\/instalacion-de-placas-solares-en-la-cubierta-de-la-farga\\\/#breadcrumb\",\"itemListElement\":[{\"@type\":\"ListItem\",\"position\":1,\"name\":\"Home\",\"item\":\"https:\\\/\\\/www.lafarga.com\\\/corporatiu\\\/lafarga-hospitalet-llobregat\\\/\"},{\"@type\":\"ListItem\",\"position\":2,\"name\":\"Instalaci\u00f3n de placas solares en la cubierta de La Farga\"}]},{\"@type\":\"WebSite\",\"@id\":\"https:\\\/\\\/www.lafarga.com\\\/corporatiu\\\/#website\",\"url\":\"https:\\\/\\\/www.lafarga.com\\\/corporatiu\\\/\",\"name\":\"La Farga Gesti\u00f3 d&#039;Equipaments Municipals, SA\",\"description\":\"\",\"publisher\":{\"@id\":\"https:\\\/\\\/www.lafarga.com\\\/corporatiu\\\/#organization\"},\"potentialAction\":[{\"@type\":\"SearchAction\",\"target\":{\"@type\":\"EntryPoint\",\"urlTemplate\":\"https:\\\/\\\/www.lafarga.com\\\/corporatiu\\\/?s={search_term_string}\"},\"query-input\":{\"@type\":\"PropertyValueSpecification\",\"valueRequired\":true,\"valueName\":\"search_term_string\"}}],\"inLanguage\":\"ca\"},{\"@type\":\"Organization\",\"@id\":\"https:\\\/\\\/www.lafarga.com\\\/corporatiu\\\/#organization\",\"name\":\"La Farga Gesti\u00f3 d&#039;Equipaments Municipals, SA\",\"url\":\"https:\\\/\\\/www.lafarga.com\\\/corporatiu\\\/\",\"logo\":{\"@type\":\"ImageObject\",\"inLanguage\":\"ca\",\"@id\":\"https:\\\/\\\/www.lafarga.com\\\/corporatiu\\\/#\\\/schema\\\/logo\\\/image\\\/\",\"url\":\"https:\\\/\\\/www.lafarga.com\\\/corporatiu\\\/wp-content\\\/uploads\\\/2023\\\/11\\\/logotipo_lafarga_gemsa.svg\",\"contentUrl\":\"https:\\\/\\\/www.lafarga.com\\\/corporatiu\\\/wp-content\\\/uploads\\\/2023\\\/11\\\/logotipo_lafarga_gemsa.svg\",\"width\":102,\"height\":103,\"caption\":\"La Farga Gesti\u00f3 d&#039;Equipaments Municipals, SA\"},\"image\":{\"@id\":\"https:\\\/\\\/www.lafarga.com\\\/corporatiu\\\/#\\\/schema\\\/logo\\\/image\\\/\"}},{\"@type\":\"Person\",\"@id\":\"https:\\\/\\\/www.lafarga.com\\\/corporatiu\\\/#\\\/schema\\\/person\\\/70d96fe17d0da1a9c9e80d232bdbcf33\",\"name\":\"\u00d2scar Milla\",\"image\":{\"@type\":\"ImageObject\",\"inLanguage\":\"ca\",\"@id\":\"https:\\\/\\\/secure.gravatar.com\\\/avatar\\\/92e75d184f9d5e0e403bd4ad075b080ad258344ddc259adddb579f6a3ba6494f?s=96&d=mm&r=g\",\"url\":\"https:\\\/\\\/secure.gravatar.com\\\/avatar\\\/92e75d184f9d5e0e403bd4ad075b080ad258344ddc259adddb579f6a3ba6494f?s=96&d=mm&r=g\",\"contentUrl\":\"https:\\\/\\\/secure.gravatar.com\\\/avatar\\\/92e75d184f9d5e0e403bd4ad075b080ad258344ddc259adddb579f6a3ba6494f?s=96&d=mm&r=g\",\"caption\":\"\u00d2scar Milla\"},\"url\":\"https:\\\/\\\/www.lafarga.com\\\/corporatiu\\\/author\\\/omilla\\\/\"}]}<\/script>\n<!-- \/ Yoast SEO plugin. -->","yoast_head_json":{"title":"Instalaci\u00f3n de placas solares en la cubierta de La Farga - La Farga Gesti\u00f3n de Equipamientos Municipales, S.A.","description":"Los representantes del \u00c1rea Metropolitana de Barcelona tambi\u00e9n han presentado los proyectos de instalaci\u00f3n de placas solares en edificios p\u00fablicos.","robots":{"index":"index","follow":"follow","max-snippet":"max-snippet:-1","max-image-preview":"max-image-preview:large","max-video-preview":"max-video-preview:-1"},"canonical":"https:\/\/www.lafarga.com\/corporatiu\/instalacion-de-placas-solares-en-la-cubierta-de-la-farga\/","og_locale":"ca_ES","og_type":"article","og_title":"Instalaci\u00f3n de placas solares en la cubierta de La Farga - La Farga Gesti\u00f3n de Equipamientos Municipales, S.A.","og_description":"Los representantes del \u00c1rea Metropolitana de Barcelona tambi\u00e9n han presentado los proyectos de instalaci\u00f3n de placas solares en edificios p\u00fablicos.","og_url":"https:\/\/www.lafarga.com\/corporatiu\/instalacion-de-placas-solares-en-la-cubierta-de-la-farga\/","og_site_name":"La Farga Gesti\u00f3n de Equipamientos Municipales, S.A.","article_published_time":"2018-07-13T12:33:53+00:00","article_modified_time":"2018-09-03T07:43:14+00:00","og_image":[{"width":730,"height":410,"url":"https:\/\/www.lafarga.com\/corporatiu\/wp-content\/uploads\/2018\/07\/Plaques-Solars-Farga.jpg","type":"image\/jpeg"}],"author":"\u00d2scar Milla","twitter_misc":{"Escrit per":"\u00d2scar Milla","Temps estimat de lectura":"1 minut"},"schema":{"@context":"https:\/\/schema.org","@graph":[{"@type":"Article","@id":"https:\/\/www.lafarga.com\/corporatiu\/instalacion-de-placas-solares-en-la-cubierta-de-la-farga\/#article","isPartOf":{"@id":"https:\/\/www.lafarga.com\/corporatiu\/instalacion-de-placas-solares-en-la-cubierta-de-la-farga\/"},"author":{"name":"\u00d2scar Milla","@id":"https:\/\/www.lafarga.com\/corporatiu\/#\/schema\/person\/70d96fe17d0da1a9c9e80d232bdbcf33"},"headline":"Instalaci\u00f3n de placas solares en la cubierta de La Farga","datePublished":"2018-07-13T12:33:53+00:00","dateModified":"2018-09-03T07:43:14+00:00","mainEntityOfPage":{"@id":"https:\/\/www.lafarga.com\/corporatiu\/instalacion-de-placas-solares-en-la-cubierta-de-la-farga\/"},"wordCount":298,"publisher":{"@id":"https:\/\/www.lafarga.com\/corporatiu\/#organization"},"image":{"@id":"https:\/\/www.lafarga.com\/corporatiu\/instalacion-de-placas-solares-en-la-cubierta-de-la-farga\/#primaryimage"},"thumbnailUrl":"https:\/\/www.lafarga.com\/corporatiu\/wp-content\/uploads\/2018\/07\/Plaques-Solars-Farga.jpg","articleSection":["Centro de Actividades"],"inLanguage":"ca"},{"@type":"WebPage","@id":"https:\/\/www.lafarga.com\/corporatiu\/instalacion-de-placas-solares-en-la-cubierta-de-la-farga\/","url":"https:\/\/www.lafarga.com\/corporatiu\/instalacion-de-placas-solares-en-la-cubierta-de-la-farga\/","name":"Instalaci\u00f3n de placas solares en la cubierta de La Farga - La Farga Gesti\u00f3n de Equipamientos Municipales, S.A.","isPartOf":{"@id":"https:\/\/www.lafarga.com\/corporatiu\/#website"},"primaryImageOfPage":{"@id":"https:\/\/www.lafarga.com\/corporatiu\/instalacion-de-placas-solares-en-la-cubierta-de-la-farga\/#primaryimage"},"image":{"@id":"https:\/\/www.lafarga.com\/corporatiu\/instalacion-de-placas-solares-en-la-cubierta-de-la-farga\/#primaryimage"},"thumbnailUrl":"https:\/\/www.lafarga.com\/corporatiu\/wp-content\/uploads\/2018\/07\/Plaques-Solars-Farga.jpg","datePublished":"2018-07-13T12:33:53+00:00","dateModified":"2018-09-03T07:43:14+00:00","description":"Los representantes del \u00c1rea Metropolitana de Barcelona tambi\u00e9n han presentado los proyectos de instalaci\u00f3n de placas solares en edificios p\u00fablicos.","breadcrumb":{"@id":"https:\/\/www.lafarga.com\/corporatiu\/instalacion-de-placas-solares-en-la-cubierta-de-la-farga\/#breadcrumb"},"inLanguage":"ca","potentialAction":[{"@type":"ReadAction","target":["https:\/\/www.lafarga.com\/corporatiu\/instalacion-de-placas-solares-en-la-cubierta-de-la-farga\/"]}]},{"@type":"ImageObject","inLanguage":"ca","@id":"https:\/\/www.lafarga.com\/corporatiu\/instalacion-de-placas-solares-en-la-cubierta-de-la-farga\/#primaryimage","url":"https:\/\/www.lafarga.com\/corporatiu\/wp-content\/uploads\/2018\/07\/Plaques-Solars-Farga.jpg","contentUrl":"https:\/\/www.lafarga.com\/corporatiu\/wp-content\/uploads\/2018\/07\/Plaques-Solars-Farga.jpg","width":730,"height":410,"caption":"Plaques Solars Farga"},{"@type":"BreadcrumbList","@id":"https:\/\/www.lafarga.com\/corporatiu\/instalacion-de-placas-solares-en-la-cubierta-de-la-farga\/#breadcrumb","itemListElement":[{"@type":"ListItem","position":1,"name":"Home","item":"https:\/\/www.lafarga.com\/corporatiu\/lafarga-hospitalet-llobregat\/"},{"@type":"ListItem","position":2,"name":"Instalaci\u00f3n de placas solares en la cubierta de La Farga"}]},{"@type":"WebSite","@id":"https:\/\/www.lafarga.com\/corporatiu\/#website","url":"https:\/\/www.lafarga.com\/corporatiu\/","name":"La Farga Gesti\u00f3 d&#039;Equipaments Municipals, SA","description":"","publisher":{"@id":"https:\/\/www.lafarga.com\/corporatiu\/#organization"},"potentialAction":[{"@type":"SearchAction","target":{"@type":"EntryPoint","urlTemplate":"https:\/\/www.lafarga.com\/corporatiu\/?s={search_term_string}"},"query-input":{"@type":"PropertyValueSpecification","valueRequired":true,"valueName":"search_term_string"}}],"inLanguage":"ca"},{"@type":"Organization","@id":"https:\/\/www.lafarga.com\/corporatiu\/#organization","name":"La Farga Gesti\u00f3 d&#039;Equipaments Municipals, SA","url":"https:\/\/www.lafarga.com\/corporatiu\/","logo":{"@type":"ImageObject","inLanguage":"ca","@id":"https:\/\/www.lafarga.com\/corporatiu\/#\/schema\/logo\/image\/","url":"https:\/\/www.lafarga.com\/corporatiu\/wp-content\/uploads\/2023\/11\/logotipo_lafarga_gemsa.svg","contentUrl":"https:\/\/www.lafarga.com\/corporatiu\/wp-content\/uploads\/2023\/11\/logotipo_lafarga_gemsa.svg","width":102,"height":103,"caption":"La Farga Gesti\u00f3 d&#039;Equipaments Municipals, SA"},"image":{"@id":"https:\/\/www.lafarga.com\/corporatiu\/#\/schema\/logo\/image\/"}},{"@type":"Person","@id":"https:\/\/www.lafarga.com\/corporatiu\/#\/schema\/person\/70d96fe17d0da1a9c9e80d232bdbcf33","name":"\u00d2scar Milla","image":{"@type":"ImageObject","inLanguage":"ca","@id":"https:\/\/secure.gravatar.com\/avatar\/92e75d184f9d5e0e403bd4ad075b080ad258344ddc259adddb579f6a3ba6494f?s=96&d=mm&r=g","url":"https:\/\/secure.gravatar.com\/avatar\/92e75d184f9d5e0e403bd4ad075b080ad258344ddc259adddb579f6a3ba6494f?s=96&d=mm&r=g","contentUrl":"https:\/\/secure.gravatar.com\/avatar\/92e75d184f9d5e0e403bd4ad075b080ad258344ddc259adddb579f6a3ba6494f?s=96&d=mm&r=g","caption":"\u00d2scar Milla"},"url":"https:\/\/www.lafarga.com\/corporatiu\/author\/omilla\/"}]}},"uagb_featured_image_src":{"full":["https:\/\/www.lafarga.com\/corporatiu\/wp-content\/uploads\/2018\/07\/Plaques-Solars-Farga.jpg",730,410,false],"thumbnail":["https:\/\/www.lafarga.com\/corporatiu\/wp-content\/uploads\/2018\/07\/Plaques-Solars-Farga-150x150.jpg",150,150,true],"medium":["https:\/\/www.lafarga.com\/corporatiu\/wp-content\/uploads\/2018\/07\/Plaques-Solars-Farga-300x168.jpg",300,168,true],"medium_large":["https:\/\/www.lafarga.com\/corporatiu\/wp-content\/uploads\/2018\/07\/Plaques-Solars-Farga.jpg",730,410,false],"large":["https:\/\/www.lafarga.com\/corporatiu\/wp-content\/uploads\/2018\/07\/Plaques-Solars-Farga.jpg",730,410,false],"1536x1536":["https:\/\/www.lafarga.com\/corporatiu\/wp-content\/uploads\/2018\/07\/Plaques-Solars-Farga.jpg",730,410,false],"2048x2048":["https:\/\/www.lafarga.com\/corporatiu\/wp-content\/uploads\/2018\/07\/Plaques-Solars-Farga.jpg",730,410,false],"mailpoet_newsletter_max":["https:\/\/www.lafarga.com\/corporatiu\/wp-content\/uploads\/2018\/07\/Plaques-Solars-Farga.jpg",730,410,false]},"uagb_author_info":{"display_name":"\u00d2scar Milla","author_link":"https:\/\/www.lafarga.com\/corporatiu\/author\/omilla\/"},"uagb_comment_info":0,"uagb_excerpt":"Placas solares en el techo de La Farga alimentar\u00e1n el consumo el\u00e9ctrico de las instalaciones municipales del edificio de la calle de Girona.","_links":{"self":[{"href":"https:\/\/www.lafarga.com\/corporatiu\/wp-json\/wp\/v2\/posts\/12169","targetHints":{"allow":["GET"]}}],"collection":[{"href":"https:\/\/www.lafarga.com\/corporatiu\/wp-json\/wp\/v2\/posts"}],"about":[{"href":"https:\/\/www.lafarga.com\/corporatiu\/wp-json\/wp\/v2\/types\/post"}],"author":[{"embeddable":true,"href":"https:\/\/www.lafarga.com\/corporatiu\/wp-json\/wp\/v2\/users\/5"}],"replies":[{"embeddable":true,"href":"https:\/\/www.lafarga.com\/corporatiu\/wp-json\/wp\/v2\/comments?post=12169"}],"version-history":[{"count":1,"href":"https:\/\/www.lafarga.com\/corporatiu\/wp-json\/wp\/v2\/posts\/12169\/revisions"}],"predecessor-version":[{"id":12170,"href":"https:\/\/www.lafarga.com\/corporatiu\/wp-json\/wp\/v2\/posts\/12169\/revisions\/12170"}],"wp:featuredmedia":[{"embeddable":true,"href":"https:\/\/www.lafarga.com\/corporatiu\/wp-json\/wp\/v2\/media\/12166"}],"wp:attachment":[{"href":"https:\/\/www.lafarga.com\/corporatiu\/wp-json\/wp\/v2\/media?parent=12169"}],"wp:term":[{"taxonomy":"category","embeddable":true,"href":"https:\/\/www.lafarga.com\/corporatiu\/wp-json\/wp\/v2\/categories?post=12169"},{"taxonomy":"post_tag","embeddable":true,"href":"https:\/\/www.lafarga.com\/corporatiu\/wp-json\/wp\/v2\/tags?post=12169"}],"curies":[{"name":"wp","href":"https:\/\/api.w.org\/{rel}","templated":true}]}}