{"id":11618,"date":"2018-04-17T11:13:44","date_gmt":"2018-04-17T11:13:44","guid":{"rendered":"http:\/\/www.lafarga.com\/corporatiu\/?p=11618"},"modified":"2018-09-03T07:45:27","modified_gmt":"2018-09-03T07:45:27","slug":"mitjans-comunicacio-festes-primavera","status":"publish","type":"post","link":"https:\/\/www.lafarga.com\/corporatiu\/mitjans-comunicacio-festes-primavera\/","title":{"rendered":"Els Mitjans de Comunicaci\u00f3 amb les Festes de Primavera"},"content":{"rendered":"<h5>Els mitjans de comunicaci\u00f3 tornen a oferir una programaci\u00f3 especial<\/h5>\n<p>Un any m\u00e9s, els mitjans de comunicaci\u00f3 de L&#8217;Hospitalet segueixen de prop les Festes de Primavera 2018. <a href=\"http:\/\/lhdigital.cat\/web\/digital-h\/\" target=\"_blank\" rel=\"noopener\"><strong>L&#8217;Hdigital<\/strong><\/a> ha obert una p\u00e0gina especial on es pot trobar tota la informaci\u00f3 de les festes. I <a href=\"http:\/\/lhdigital.cat\/web\/digital-h\/televisio\" target=\"_blank\" rel=\"noopener\"><strong>Televisi\u00f3 L&#8217;Hospitalet<\/strong><\/a> emetr\u00e0 programaci\u00f3 extraordin\u00e0ria dijous, dissabte i diumenge.<\/p>\n<p>L&#8217;<a href=\"http:\/\/lhdigital.cat\/web\/digital-h\/festesprimavera2018\" target=\"_blank\" rel=\"noopener\"><strong>especial Festes de Primavera 2018<\/strong><\/a> inclou una secci\u00f3 on es publicaran les not\u00edcies de les activitats. Tamb\u00e9 es podran consultar a la carta els v\u00eddeos de seguiment de les festes i la programaci\u00f3 especial de Televisi\u00f3 L&#8217;Hospitalet. La p\u00e0gina de festes tamb\u00e9 inclou galeries fotogr\u00e0fiques i l&#8217;agenda en tres formats: el PDF oficial; la versi\u00f3 web del programa; i les <a href=\"http:\/\/lhdigital.cat\/c\/document_library\/get_file?uuid=b53abd04-a8e0-4a27-b64e-452cd900e277&amp;groupId=10919\" target=\"_blank\" rel=\"noopener\"><strong>p\u00e0gines especials<\/strong><\/a> que ha elaborat el Diari de L&#8217;Hospitalet.<\/p>\n<p>A m\u00e9s L&#8217;Hdigital sorteja durant la setmana entrades per als concerts que tindran lloc a <a href=\"https:\/\/www.lafarga.com\/corporatiu\/arriben-concerts-multitudinaris-festes-primavera\/\" target=\"_blank\" rel=\"noopener\"><strong>La Farga<\/strong><\/a>.<\/p>\n<p>Pel que fa a Televisi\u00f3 L&#8217;Hospitalet, la programaci\u00f3 especial comen\u00e7a dijous, 19 d&#8217;abril, a les 19.30 amb un Informatiu especial que inclou connexions amb la pla\u00e7a de l&#8217;Ajuntament, on tindr\u00e0 lloc el preg\u00f3 de les Festes de Primavera 2018, a c\u00e0rrec d&#8217;uns dels creadors del Wallapop, l&#8217;hospitalenc Agust\u00ed G\u00f3mez.<\/p>\n<p>Televisi\u00f3 L&#8217;Hospitalet emetr\u00e0 \u00edntegrament el preg\u00f3 i posteriorment seguir\u00e0 el Toc d&#8217;Inici, l&#8217;acte en qu\u00e8 les entitats de cultura popular que participaran a les festes es presenten i ballen a la pla\u00e7a.<\/p>\n<p>La seg\u00fcent emissi\u00f3 especial tindr\u00e0 lloc dissabte, 21 d&#8217;abril,a partir de les 17 hores, amb un programa especial des de la Rambla Just Oliveras, amb convidats, resum de les activitats de mat\u00ed i connexions en directe amb els punts on hi hagi activitats festives.<\/p>\n<p>Diumenge, 22 d&#8217;abril, a les 12 hores, hi haur\u00e0 un altre programa especial, tamb\u00e9 des de la Rambla Just Oliveras.<\/p>\n<p>La programaci\u00f3 especial es podr\u00e0 veure per televisi\u00f3 TDT i tamb\u00e9 a trav\u00e9s de streaming a L&#8217;Hdigital.<\/p>\n","protected":false},"excerpt":{"rendered":"<p>Un any m\u00e9s, els mitjans de comunicaci\u00f3 de L&#8217;Hospitalet segueixen de prop les Festes de Primavera 2018.<\/p>\n","protected":false},"author":5,"featured_media":11619,"comment_status":"closed","ping_status":"closed","sticky":false,"template":"","format":"standard","meta":{"inline_featured_image":false,"_uag_custom_page_level_css":"","_monsterinsights_skip_tracking":false,"_monsterinsights_sitenote_active":false,"_monsterinsights_sitenote_note":"","_monsterinsights_sitenote_category":0,"site-sidebar-layout":"default","site-content-layout":"","ast-site-content-layout":"default","site-content-style":"default","site-sidebar-style":"default","ast-global-header-display":"","ast-banner-title-visibility":"","ast-main-header-display":"","ast-hfb-above-header-display":"","ast-hfb-below-header-display":"","ast-hfb-mobile-header-display":"","site-post-title":"","ast-breadcrumbs-content":"","ast-featured-img":"","footer-sml-layout":"","ast-disable-related-posts":"","theme-transparent-header-meta":"","adv-header-id-meta":"","stick-header-meta":"","header-above-stick-meta":"","header-main-stick-meta":"","header-below-stick-meta":"","astra-migrate-meta-layouts":"default","ast-page-background-enabled":"default","ast-page-background-meta":{"desktop":{"background-color":"var(--ast-global-color-4)","background-image":"","background-repeat":"repeat","background-position":"center center","background-size":"auto","background-attachment":"scroll","background-type":"","background-media":"","overlay-type":"","overlay-color":"","overlay-opacity":"","overlay-gradient":""},"tablet":{"background-color":"","background-image":"","background-repeat":"repeat","background-position":"center center","background-size":"auto","background-attachment":"scroll","background-type":"","background-media":"","overlay-type":"","overlay-color":"","overlay-opacity":"","overlay-gradient":""},"mobile":{"background-color":"","background-image":"","background-repeat":"repeat","background-position":"center center","background-size":"auto","background-attachment":"scroll","background-type":"","background-media":"","overlay-type":"","overlay-color":"","overlay-opacity":"","overlay-gradient":""}},"ast-content-background-meta":{"desktop":{"background-color":"var(--ast-global-color-5)","background-image":"","background-repeat":"repeat","background-position":"center center","background-size":"auto","background-attachment":"scroll","background-type":"","background-media":"","overlay-type":"","overlay-color":"","overlay-opacity":"","overlay-gradient":""},"tablet":{"background-color":"var(--ast-global-color-5)","background-image":"","background-repeat":"repeat","background-position":"center center","background-size":"auto","background-attachment":"scroll","background-type":"","background-media":"","overlay-type":"","overlay-color":"","overlay-opacity":"","overlay-gradient":""},"mobile":{"background-color":"var(--ast-global-color-5)","background-image":"","background-repeat":"repeat","background-position":"center center","background-size":"auto","background-attachment":"scroll","background-type":"","background-media":"","overlay-type":"","overlay-color":"","overlay-opacity":"","overlay-gradient":""}},"footnotes":""},"categories":[51],"tags":[],"class_list":["post-11618","post","type-post","status-publish","format-standard","has-post-thumbnail","hentry","category-mitjans-comunicacio"],"yoast_head":"<!-- This site is optimized with the Yoast SEO plugin v27.5 - https:\/\/yoast.com\/product\/yoast-seo-wordpress\/ -->\n<title>Els Mitjans de Comunicaci\u00f3 amb les Festes de Primavera - La Farga Gesti\u00f3n de Equipamientos Municipales, S.A.<\/title>\n<meta name=\"description\" content=\"Un any m\u00e9s, els mitjans de comunicaci\u00f3 de L&#039;Hospitalet segueixen de prop les Festes de Primavera 2018. L&#039;Hdigital ha obert una p\u00e0gina especial on es pot trobar tota la informaci\u00f3 de les festes. I Televisi\u00f3 L&#039;Hospitalet emetr\u00e0 programaci\u00f3 extraordin\u00e0ria dijous, dissabte i diumenge.\" \/>\n<meta name=\"robots\" content=\"index, follow, max-snippet:-1, max-image-preview:large, max-video-preview:-1\" \/>\n<link rel=\"canonical\" href=\"https:\/\/www.lafarga.com\/corporatiu\/mitjans-comunicacio-festes-primavera\/\" \/>\n<meta property=\"og:locale\" content=\"ca_ES\" \/>\n<meta property=\"og:type\" content=\"article\" \/>\n<meta property=\"og:title\" content=\"Els Mitjans de Comunicaci\u00f3 amb les Festes de Primavera - La Farga Gesti\u00f3n de Equipamientos Municipales, S.A.\" \/>\n<meta property=\"og:description\" content=\"Un any m\u00e9s, els mitjans de comunicaci\u00f3 de L&#039;Hospitalet segueixen de prop les Festes de Primavera 2018. L&#039;Hdigital ha obert una p\u00e0gina especial on es pot trobar tota la informaci\u00f3 de les festes. I Televisi\u00f3 L&#039;Hospitalet emetr\u00e0 programaci\u00f3 extraordin\u00e0ria dijous, dissabte i diumenge.\" \/>\n<meta property=\"og:url\" content=\"https:\/\/www.lafarga.com\/corporatiu\/mitjans-comunicacio-festes-primavera\/\" \/>\n<meta property=\"og:site_name\" content=\"La Farga Gesti\u00f3n de Equipamientos Municipales, S.A.\" \/>\n<meta property=\"article:published_time\" content=\"2018-04-17T11:13:44+00:00\" \/>\n<meta property=\"article:modified_time\" content=\"2018-09-03T07:45:27+00:00\" \/>\n<meta property=\"og:image\" content=\"https:\/\/www.lafarga.com\/corporatiu\/wp-content\/uploads\/2018\/04\/Especial-Festes-Farga.jpg\" \/>\n\t<meta property=\"og:image:width\" content=\"730\" \/>\n\t<meta property=\"og:image:height\" content=\"410\" \/>\n\t<meta property=\"og:image:type\" content=\"image\/jpeg\" \/>\n<meta name=\"author\" content=\"\u00d2scar Milla\" \/>\n<meta name=\"twitter:label1\" content=\"Escrit per\" \/>\n\t<meta name=\"twitter:data1\" content=\"\u00d2scar Milla\" \/>\n\t<meta name=\"twitter:label2\" content=\"Temps estimat de lectura\" \/>\n\t<meta name=\"twitter:data2\" content=\"2 minuts\" \/>\n<script type=\"application\/ld+json\" class=\"yoast-schema-graph\">{\"@context\":\"https:\\\/\\\/schema.org\",\"@graph\":[{\"@type\":\"Article\",\"@id\":\"https:\\\/\\\/www.lafarga.com\\\/corporatiu\\\/mitjans-comunicacio-festes-primavera\\\/#article\",\"isPartOf\":{\"@id\":\"https:\\\/\\\/www.lafarga.com\\\/corporatiu\\\/mitjans-comunicacio-festes-primavera\\\/\"},\"author\":{\"name\":\"\u00d2scar Milla\",\"@id\":\"https:\\\/\\\/www.lafarga.com\\\/corporatiu\\\/#\\\/schema\\\/person\\\/70d96fe17d0da1a9c9e80d232bdbcf33\"},\"headline\":\"Els Mitjans de Comunicaci\u00f3 amb les Festes de Primavera\",\"datePublished\":\"2018-04-17T11:13:44+00:00\",\"dateModified\":\"2018-09-03T07:45:27+00:00\",\"mainEntityOfPage\":{\"@id\":\"https:\\\/\\\/www.lafarga.com\\\/corporatiu\\\/mitjans-comunicacio-festes-primavera\\\/\"},\"wordCount\":337,\"publisher\":{\"@id\":\"https:\\\/\\\/www.lafarga.com\\\/corporatiu\\\/#organization\"},\"image\":{\"@id\":\"https:\\\/\\\/www.lafarga.com\\\/corporatiu\\\/mitjans-comunicacio-festes-primavera\\\/#primaryimage\"},\"thumbnailUrl\":\"https:\\\/\\\/www.lafarga.com\\\/corporatiu\\\/wp-content\\\/uploads\\\/2018\\\/04\\\/Especial-Festes-Farga.jpg\",\"articleSection\":[\"Mitjans de Comunicaci\u00f3\"],\"inLanguage\":\"ca\"},{\"@type\":\"WebPage\",\"@id\":\"https:\\\/\\\/www.lafarga.com\\\/corporatiu\\\/mitjans-comunicacio-festes-primavera\\\/\",\"url\":\"https:\\\/\\\/www.lafarga.com\\\/corporatiu\\\/mitjans-comunicacio-festes-primavera\\\/\",\"name\":\"Els Mitjans de Comunicaci\u00f3 amb les Festes de Primavera - La Farga Gesti\u00f3n de Equipamientos Municipales, S.A.\",\"isPartOf\":{\"@id\":\"https:\\\/\\\/www.lafarga.com\\\/corporatiu\\\/#website\"},\"primaryImageOfPage\":{\"@id\":\"https:\\\/\\\/www.lafarga.com\\\/corporatiu\\\/mitjans-comunicacio-festes-primavera\\\/#primaryimage\"},\"image\":{\"@id\":\"https:\\\/\\\/www.lafarga.com\\\/corporatiu\\\/mitjans-comunicacio-festes-primavera\\\/#primaryimage\"},\"thumbnailUrl\":\"https:\\\/\\\/www.lafarga.com\\\/corporatiu\\\/wp-content\\\/uploads\\\/2018\\\/04\\\/Especial-Festes-Farga.jpg\",\"datePublished\":\"2018-04-17T11:13:44+00:00\",\"dateModified\":\"2018-09-03T07:45:27+00:00\",\"description\":\"Un any m\u00e9s, els mitjans de comunicaci\u00f3 de L'Hospitalet segueixen de prop les Festes de Primavera 2018. L'Hdigital ha obert una p\u00e0gina especial on es pot trobar tota la informaci\u00f3 de les festes. I Televisi\u00f3 L'Hospitalet emetr\u00e0 programaci\u00f3 extraordin\u00e0ria dijous, dissabte i diumenge.\",\"breadcrumb\":{\"@id\":\"https:\\\/\\\/www.lafarga.com\\\/corporatiu\\\/mitjans-comunicacio-festes-primavera\\\/#breadcrumb\"},\"inLanguage\":\"ca\",\"potentialAction\":[{\"@type\":\"ReadAction\",\"target\":[\"https:\\\/\\\/www.lafarga.com\\\/corporatiu\\\/mitjans-comunicacio-festes-primavera\\\/\"]}]},{\"@type\":\"ImageObject\",\"inLanguage\":\"ca\",\"@id\":\"https:\\\/\\\/www.lafarga.com\\\/corporatiu\\\/mitjans-comunicacio-festes-primavera\\\/#primaryimage\",\"url\":\"https:\\\/\\\/www.lafarga.com\\\/corporatiu\\\/wp-content\\\/uploads\\\/2018\\\/04\\\/Especial-Festes-Farga.jpg\",\"contentUrl\":\"https:\\\/\\\/www.lafarga.com\\\/corporatiu\\\/wp-content\\\/uploads\\\/2018\\\/04\\\/Especial-Festes-Farga.jpg\",\"width\":730,\"height\":410,\"caption\":\"Especial Festes Farga\"},{\"@type\":\"BreadcrumbList\",\"@id\":\"https:\\\/\\\/www.lafarga.com\\\/corporatiu\\\/mitjans-comunicacio-festes-primavera\\\/#breadcrumb\",\"itemListElement\":[{\"@type\":\"ListItem\",\"position\":1,\"name\":\"Home\",\"item\":\"https:\\\/\\\/www.lafarga.com\\\/corporatiu\\\/lafarga-hospitalet-llobregat\\\/\"},{\"@type\":\"ListItem\",\"position\":2,\"name\":\"Els Mitjans de Comunicaci\u00f3 amb les Festes de Primavera\"}]},{\"@type\":\"WebSite\",\"@id\":\"https:\\\/\\\/www.lafarga.com\\\/corporatiu\\\/#website\",\"url\":\"https:\\\/\\\/www.lafarga.com\\\/corporatiu\\\/\",\"name\":\"La Farga Gesti\u00f3 d&#039;Equipaments Municipals, SA\",\"description\":\"\",\"publisher\":{\"@id\":\"https:\\\/\\\/www.lafarga.com\\\/corporatiu\\\/#organization\"},\"potentialAction\":[{\"@type\":\"SearchAction\",\"target\":{\"@type\":\"EntryPoint\",\"urlTemplate\":\"https:\\\/\\\/www.lafarga.com\\\/corporatiu\\\/?s={search_term_string}\"},\"query-input\":{\"@type\":\"PropertyValueSpecification\",\"valueRequired\":true,\"valueName\":\"search_term_string\"}}],\"inLanguage\":\"ca\"},{\"@type\":\"Organization\",\"@id\":\"https:\\\/\\\/www.lafarga.com\\\/corporatiu\\\/#organization\",\"name\":\"La Farga Gesti\u00f3 d&#039;Equipaments Municipals, SA\",\"url\":\"https:\\\/\\\/www.lafarga.com\\\/corporatiu\\\/\",\"logo\":{\"@type\":\"ImageObject\",\"inLanguage\":\"ca\",\"@id\":\"https:\\\/\\\/www.lafarga.com\\\/corporatiu\\\/#\\\/schema\\\/logo\\\/image\\\/\",\"url\":\"https:\\\/\\\/www.lafarga.com\\\/corporatiu\\\/wp-content\\\/uploads\\\/2023\\\/11\\\/logotipo_lafarga_gemsa.svg\",\"contentUrl\":\"https:\\\/\\\/www.lafarga.com\\\/corporatiu\\\/wp-content\\\/uploads\\\/2023\\\/11\\\/logotipo_lafarga_gemsa.svg\",\"width\":102,\"height\":103,\"caption\":\"La Farga Gesti\u00f3 d&#039;Equipaments Municipals, SA\"},\"image\":{\"@id\":\"https:\\\/\\\/www.lafarga.com\\\/corporatiu\\\/#\\\/schema\\\/logo\\\/image\\\/\"}},{\"@type\":\"Person\",\"@id\":\"https:\\\/\\\/www.lafarga.com\\\/corporatiu\\\/#\\\/schema\\\/person\\\/70d96fe17d0da1a9c9e80d232bdbcf33\",\"name\":\"\u00d2scar Milla\",\"image\":{\"@type\":\"ImageObject\",\"inLanguage\":\"ca\",\"@id\":\"https:\\\/\\\/secure.gravatar.com\\\/avatar\\\/92e75d184f9d5e0e403bd4ad075b080ad258344ddc259adddb579f6a3ba6494f?s=96&d=mm&r=g\",\"url\":\"https:\\\/\\\/secure.gravatar.com\\\/avatar\\\/92e75d184f9d5e0e403bd4ad075b080ad258344ddc259adddb579f6a3ba6494f?s=96&d=mm&r=g\",\"contentUrl\":\"https:\\\/\\\/secure.gravatar.com\\\/avatar\\\/92e75d184f9d5e0e403bd4ad075b080ad258344ddc259adddb579f6a3ba6494f?s=96&d=mm&r=g\",\"caption\":\"\u00d2scar Milla\"},\"url\":\"https:\\\/\\\/www.lafarga.com\\\/corporatiu\\\/author\\\/omilla\\\/\"}]}<\/script>\n<!-- \/ Yoast SEO plugin. -->","yoast_head_json":{"title":"Els Mitjans de Comunicaci\u00f3 amb les Festes de Primavera - La Farga Gesti\u00f3n de Equipamientos Municipales, S.A.","description":"Un any m\u00e9s, els mitjans de comunicaci\u00f3 de L'Hospitalet segueixen de prop les Festes de Primavera 2018. L'Hdigital ha obert una p\u00e0gina especial on es pot trobar tota la informaci\u00f3 de les festes. I Televisi\u00f3 L'Hospitalet emetr\u00e0 programaci\u00f3 extraordin\u00e0ria dijous, dissabte i diumenge.","robots":{"index":"index","follow":"follow","max-snippet":"max-snippet:-1","max-image-preview":"max-image-preview:large","max-video-preview":"max-video-preview:-1"},"canonical":"https:\/\/www.lafarga.com\/corporatiu\/mitjans-comunicacio-festes-primavera\/","og_locale":"ca_ES","og_type":"article","og_title":"Els Mitjans de Comunicaci\u00f3 amb les Festes de Primavera - La Farga Gesti\u00f3n de Equipamientos Municipales, S.A.","og_description":"Un any m\u00e9s, els mitjans de comunicaci\u00f3 de L'Hospitalet segueixen de prop les Festes de Primavera 2018. L'Hdigital ha obert una p\u00e0gina especial on es pot trobar tota la informaci\u00f3 de les festes. I Televisi\u00f3 L'Hospitalet emetr\u00e0 programaci\u00f3 extraordin\u00e0ria dijous, dissabte i diumenge.","og_url":"https:\/\/www.lafarga.com\/corporatiu\/mitjans-comunicacio-festes-primavera\/","og_site_name":"La Farga Gesti\u00f3n de Equipamientos Municipales, S.A.","article_published_time":"2018-04-17T11:13:44+00:00","article_modified_time":"2018-09-03T07:45:27+00:00","og_image":[{"width":730,"height":410,"url":"https:\/\/www.lafarga.com\/corporatiu\/wp-content\/uploads\/2018\/04\/Especial-Festes-Farga.jpg","type":"image\/jpeg"}],"author":"\u00d2scar Milla","twitter_misc":{"Escrit per":"\u00d2scar Milla","Temps estimat de lectura":"2 minuts"},"schema":{"@context":"https:\/\/schema.org","@graph":[{"@type":"Article","@id":"https:\/\/www.lafarga.com\/corporatiu\/mitjans-comunicacio-festes-primavera\/#article","isPartOf":{"@id":"https:\/\/www.lafarga.com\/corporatiu\/mitjans-comunicacio-festes-primavera\/"},"author":{"name":"\u00d2scar Milla","@id":"https:\/\/www.lafarga.com\/corporatiu\/#\/schema\/person\/70d96fe17d0da1a9c9e80d232bdbcf33"},"headline":"Els Mitjans de Comunicaci\u00f3 amb les Festes de Primavera","datePublished":"2018-04-17T11:13:44+00:00","dateModified":"2018-09-03T07:45:27+00:00","mainEntityOfPage":{"@id":"https:\/\/www.lafarga.com\/corporatiu\/mitjans-comunicacio-festes-primavera\/"},"wordCount":337,"publisher":{"@id":"https:\/\/www.lafarga.com\/corporatiu\/#organization"},"image":{"@id":"https:\/\/www.lafarga.com\/corporatiu\/mitjans-comunicacio-festes-primavera\/#primaryimage"},"thumbnailUrl":"https:\/\/www.lafarga.com\/corporatiu\/wp-content\/uploads\/2018\/04\/Especial-Festes-Farga.jpg","articleSection":["Mitjans de Comunicaci\u00f3"],"inLanguage":"ca"},{"@type":"WebPage","@id":"https:\/\/www.lafarga.com\/corporatiu\/mitjans-comunicacio-festes-primavera\/","url":"https:\/\/www.lafarga.com\/corporatiu\/mitjans-comunicacio-festes-primavera\/","name":"Els Mitjans de Comunicaci\u00f3 amb les Festes de Primavera - La Farga Gesti\u00f3n de Equipamientos Municipales, S.A.","isPartOf":{"@id":"https:\/\/www.lafarga.com\/corporatiu\/#website"},"primaryImageOfPage":{"@id":"https:\/\/www.lafarga.com\/corporatiu\/mitjans-comunicacio-festes-primavera\/#primaryimage"},"image":{"@id":"https:\/\/www.lafarga.com\/corporatiu\/mitjans-comunicacio-festes-primavera\/#primaryimage"},"thumbnailUrl":"https:\/\/www.lafarga.com\/corporatiu\/wp-content\/uploads\/2018\/04\/Especial-Festes-Farga.jpg","datePublished":"2018-04-17T11:13:44+00:00","dateModified":"2018-09-03T07:45:27+00:00","description":"Un any m\u00e9s, els mitjans de comunicaci\u00f3 de L'Hospitalet segueixen de prop les Festes de Primavera 2018. L'Hdigital ha obert una p\u00e0gina especial on es pot trobar tota la informaci\u00f3 de les festes. I Televisi\u00f3 L'Hospitalet emetr\u00e0 programaci\u00f3 extraordin\u00e0ria dijous, dissabte i diumenge.","breadcrumb":{"@id":"https:\/\/www.lafarga.com\/corporatiu\/mitjans-comunicacio-festes-primavera\/#breadcrumb"},"inLanguage":"ca","potentialAction":[{"@type":"ReadAction","target":["https:\/\/www.lafarga.com\/corporatiu\/mitjans-comunicacio-festes-primavera\/"]}]},{"@type":"ImageObject","inLanguage":"ca","@id":"https:\/\/www.lafarga.com\/corporatiu\/mitjans-comunicacio-festes-primavera\/#primaryimage","url":"https:\/\/www.lafarga.com\/corporatiu\/wp-content\/uploads\/2018\/04\/Especial-Festes-Farga.jpg","contentUrl":"https:\/\/www.lafarga.com\/corporatiu\/wp-content\/uploads\/2018\/04\/Especial-Festes-Farga.jpg","width":730,"height":410,"caption":"Especial Festes Farga"},{"@type":"BreadcrumbList","@id":"https:\/\/www.lafarga.com\/corporatiu\/mitjans-comunicacio-festes-primavera\/#breadcrumb","itemListElement":[{"@type":"ListItem","position":1,"name":"Home","item":"https:\/\/www.lafarga.com\/corporatiu\/lafarga-hospitalet-llobregat\/"},{"@type":"ListItem","position":2,"name":"Els Mitjans de Comunicaci\u00f3 amb les Festes de Primavera"}]},{"@type":"WebSite","@id":"https:\/\/www.lafarga.com\/corporatiu\/#website","url":"https:\/\/www.lafarga.com\/corporatiu\/","name":"La Farga Gesti\u00f3 d&#039;Equipaments Municipals, SA","description":"","publisher":{"@id":"https:\/\/www.lafarga.com\/corporatiu\/#organization"},"potentialAction":[{"@type":"SearchAction","target":{"@type":"EntryPoint","urlTemplate":"https:\/\/www.lafarga.com\/corporatiu\/?s={search_term_string}"},"query-input":{"@type":"PropertyValueSpecification","valueRequired":true,"valueName":"search_term_string"}}],"inLanguage":"ca"},{"@type":"Organization","@id":"https:\/\/www.lafarga.com\/corporatiu\/#organization","name":"La Farga Gesti\u00f3 d&#039;Equipaments Municipals, SA","url":"https:\/\/www.lafarga.com\/corporatiu\/","logo":{"@type":"ImageObject","inLanguage":"ca","@id":"https:\/\/www.lafarga.com\/corporatiu\/#\/schema\/logo\/image\/","url":"https:\/\/www.lafarga.com\/corporatiu\/wp-content\/uploads\/2023\/11\/logotipo_lafarga_gemsa.svg","contentUrl":"https:\/\/www.lafarga.com\/corporatiu\/wp-content\/uploads\/2023\/11\/logotipo_lafarga_gemsa.svg","width":102,"height":103,"caption":"La Farga Gesti\u00f3 d&#039;Equipaments Municipals, SA"},"image":{"@id":"https:\/\/www.lafarga.com\/corporatiu\/#\/schema\/logo\/image\/"}},{"@type":"Person","@id":"https:\/\/www.lafarga.com\/corporatiu\/#\/schema\/person\/70d96fe17d0da1a9c9e80d232bdbcf33","name":"\u00d2scar Milla","image":{"@type":"ImageObject","inLanguage":"ca","@id":"https:\/\/secure.gravatar.com\/avatar\/92e75d184f9d5e0e403bd4ad075b080ad258344ddc259adddb579f6a3ba6494f?s=96&d=mm&r=g","url":"https:\/\/secure.gravatar.com\/avatar\/92e75d184f9d5e0e403bd4ad075b080ad258344ddc259adddb579f6a3ba6494f?s=96&d=mm&r=g","contentUrl":"https:\/\/secure.gravatar.com\/avatar\/92e75d184f9d5e0e403bd4ad075b080ad258344ddc259adddb579f6a3ba6494f?s=96&d=mm&r=g","caption":"\u00d2scar Milla"},"url":"https:\/\/www.lafarga.com\/corporatiu\/author\/omilla\/"}]}},"uagb_featured_image_src":{"full":["https:\/\/www.lafarga.com\/corporatiu\/wp-content\/uploads\/2018\/04\/Especial-Festes-Farga.jpg",730,410,false],"thumbnail":["https:\/\/www.lafarga.com\/corporatiu\/wp-content\/uploads\/2018\/04\/Especial-Festes-Farga-150x150.jpg",150,150,true],"medium":["https:\/\/www.lafarga.com\/corporatiu\/wp-content\/uploads\/2018\/04\/Especial-Festes-Farga-300x168.jpg",300,168,true],"medium_large":["https:\/\/www.lafarga.com\/corporatiu\/wp-content\/uploads\/2018\/04\/Especial-Festes-Farga.jpg",730,410,false],"large":["https:\/\/www.lafarga.com\/corporatiu\/wp-content\/uploads\/2018\/04\/Especial-Festes-Farga.jpg",730,410,false],"1536x1536":["https:\/\/www.lafarga.com\/corporatiu\/wp-content\/uploads\/2018\/04\/Especial-Festes-Farga.jpg",730,410,false],"2048x2048":["https:\/\/www.lafarga.com\/corporatiu\/wp-content\/uploads\/2018\/04\/Especial-Festes-Farga.jpg",730,410,false],"mailpoet_newsletter_max":["https:\/\/www.lafarga.com\/corporatiu\/wp-content\/uploads\/2018\/04\/Especial-Festes-Farga.jpg",730,410,false]},"uagb_author_info":{"display_name":"\u00d2scar Milla","author_link":"https:\/\/www.lafarga.com\/corporatiu\/author\/omilla\/"},"uagb_comment_info":0,"uagb_excerpt":"Un any m\u00e9s, els mitjans de comunicaci\u00f3 de L'Hospitalet segueixen de prop les Festes de Primavera 2018.","_links":{"self":[{"href":"https:\/\/www.lafarga.com\/corporatiu\/wp-json\/wp\/v2\/posts\/11618","targetHints":{"allow":["GET"]}}],"collection":[{"href":"https:\/\/www.lafarga.com\/corporatiu\/wp-json\/wp\/v2\/posts"}],"about":[{"href":"https:\/\/www.lafarga.com\/corporatiu\/wp-json\/wp\/v2\/types\/post"}],"author":[{"embeddable":true,"href":"https:\/\/www.lafarga.com\/corporatiu\/wp-json\/wp\/v2\/users\/5"}],"replies":[{"embeddable":true,"href":"https:\/\/www.lafarga.com\/corporatiu\/wp-json\/wp\/v2\/comments?post=11618"}],"version-history":[{"count":4,"href":"https:\/\/www.lafarga.com\/corporatiu\/wp-json\/wp\/v2\/posts\/11618\/revisions"}],"predecessor-version":[{"id":11621,"href":"https:\/\/www.lafarga.com\/corporatiu\/wp-json\/wp\/v2\/posts\/11618\/revisions\/11621"}],"wp:featuredmedia":[{"embeddable":true,"href":"https:\/\/www.lafarga.com\/corporatiu\/wp-json\/wp\/v2\/media\/11619"}],"wp:attachment":[{"href":"https:\/\/www.lafarga.com\/corporatiu\/wp-json\/wp\/v2\/media?parent=11618"}],"wp:term":[{"taxonomy":"category","embeddable":true,"href":"https:\/\/www.lafarga.com\/corporatiu\/wp-json\/wp\/v2\/categories?post=11618"},{"taxonomy":"post_tag","embeddable":true,"href":"https:\/\/www.lafarga.com\/corporatiu\/wp-json\/wp\/v2\/tags?post=11618"}],"curies":[{"name":"wp","href":"https:\/\/api.w.org\/{rel}","templated":true}]}}