{"id":11611,"date":"2018-04-16T10:53:35","date_gmt":"2018-04-16T10:53:35","guid":{"rendered":"http:\/\/www.lafarga.com\/corporatiu\/?p=11611"},"modified":"2018-04-16T10:53:35","modified_gmt":"2018-04-16T10:53:35","slug":"llegan-los-conciertos-multitudinarios-de-fiestas-de-primavera","status":"publish","type":"post","link":"https:\/\/www.lafarga.com\/corporatiu\/llegan-los-conciertos-multitudinarios-de-fiestas-de-primavera\/","title":{"rendered":"Llegan los conciertos multitudinarios de Fiestas de Primavera"},"content":{"rendered":"<h5>20, 21 i 22 de abril<\/h5>\n<p>La Farga Centro de Actividades\u00a0ser\u00e1 uno de los principales escenarios de las\u00a0<a href=\"http:\/\/www.l-h.cat\/webs\/especials\/festesprimavera\/inici_2.aspx\" target=\"_blank\" rel=\"noopener\"><strong>Fiestas de Primavera<\/strong><\/a>, este a\u00f1o con <a href=\"https:\/\/www.lafarga.com\/corporatiu\/cuatro-conciertos-celebrar-20-anos-musica-farga\/\" target=\"_blank\" rel=\"noopener\"><strong>4 conciertos multitudinarios<\/strong><\/a> para grandes y peque\u00f1os.<\/p>\n<p>DeMarco Flamenco ser\u00e1 el encargado de calentar los motores la noche del viernes 20 de abril. El artista que ha triunfado en Youtube llevar\u00e1 su inconfundible estilo de flamenco fusi\u00f3n.<\/p>\n<p>Mikel Erentxun y Jarabe de Palo protagonizar\u00e1n una sesi\u00f3n doble el s\u00e1bado 21 de abril. El cantautor vasco presentar\u00e1 el \u00faltimo trabajo en solitario, El hombre sin sombra, en un concierto donde combinar\u00e1 nuevos temas con canciones que han conformado la carrera musical de Erentxun. Jarabe de Palo, la banda liderada por Pau Don\u00e9s, celebrar\u00e1 20 a\u00f1os en los escenarios con un concierto donde revisar\u00e1 las canciones que los hicieron populares: La Flaca, Depende y Grita.<\/p>\n<p>El domingo 22 de abril, conciertos en horario de ma\u00f1ana y tarde dedicados al p\u00fablico joven. D\u00e1maris Gelabert ofrecer\u00e1 un concierto matinal para los m\u00e1s peque\u00f1os donde repasar\u00e1 los \u00e9xitos que han haciendo bailar grandes y peque\u00f1os. Por la noche, Sweet California cerrar\u00e1 las fiestas con su pop juvenil.<\/p>\n<p>M\u00e1s informaci\u00f3n en nuestra\u00a0<a href=\"http:\/\/www.lafargalhospitalet.com\/agenda-cas\/\" target=\"_blank\" rel=\"noopener\"><strong>agenda<\/strong><\/a>.<\/p>\n","protected":false},"excerpt":{"rendered":"<p>La Farga Centro de Actividades\u00a0ser\u00e1 uno de los principales escenarios de las\u00a0Fiestas de Primavera, este a\u00f1o con 4 conciertos multitudinarios para grandes y peque\u00f1os.<\/p>\n","protected":false},"author":5,"featured_media":7026,"comment_status":"closed","ping_status":"closed","sticky":false,"template":"","format":"standard","meta":{"inline_featured_image":false,"_uag_custom_page_level_css":"","_monsterinsights_skip_tracking":false,"_monsterinsights_sitenote_active":false,"_monsterinsights_sitenote_note":"","_monsterinsights_sitenote_category":0,"site-sidebar-layout":"default","site-content-layout":"","ast-site-content-layout":"default","site-content-style":"default","site-sidebar-style":"default","ast-global-header-display":"","ast-banner-title-visibility":"","ast-main-header-display":"","ast-hfb-above-header-display":"","ast-hfb-below-header-display":"","ast-hfb-mobile-header-display":"","site-post-title":"","ast-breadcrumbs-content":"","ast-featured-img":"","footer-sml-layout":"","ast-disable-related-posts":"","theme-transparent-header-meta":"","adv-header-id-meta":"","stick-header-meta":"","header-above-stick-meta":"","header-main-stick-meta":"","header-below-stick-meta":"","astra-migrate-meta-layouts":"default","ast-page-background-enabled":"default","ast-page-background-meta":{"desktop":{"background-color":"var(--ast-global-color-4)","background-image":"","background-repeat":"repeat","background-position":"center center","background-size":"auto","background-attachment":"scroll","background-type":"","background-media":"","overlay-type":"","overlay-color":"","overlay-opacity":"","overlay-gradient":""},"tablet":{"background-color":"","background-image":"","background-repeat":"repeat","background-position":"center center","background-size":"auto","background-attachment":"scroll","background-type":"","background-media":"","overlay-type":"","overlay-color":"","overlay-opacity":"","overlay-gradient":""},"mobile":{"background-color":"","background-image":"","background-repeat":"repeat","background-position":"center center","background-size":"auto","background-attachment":"scroll","background-type":"","background-media":"","overlay-type":"","overlay-color":"","overlay-opacity":"","overlay-gradient":""}},"ast-content-background-meta":{"desktop":{"background-color":"var(--ast-global-color-5)","background-image":"","background-repeat":"repeat","background-position":"center center","background-size":"auto","background-attachment":"scroll","background-type":"","background-media":"","overlay-type":"","overlay-color":"","overlay-opacity":"","overlay-gradient":""},"tablet":{"background-color":"var(--ast-global-color-5)","background-image":"","background-repeat":"repeat","background-position":"center center","background-size":"auto","background-attachment":"scroll","background-type":"","background-media":"","overlay-type":"","overlay-color":"","overlay-opacity":"","overlay-gradient":""},"mobile":{"background-color":"var(--ast-global-color-5)","background-image":"","background-repeat":"repeat","background-position":"center center","background-size":"auto","background-attachment":"scroll","background-type":"","background-media":"","overlay-type":"","overlay-color":"","overlay-opacity":"","overlay-gradient":""}},"footnotes":""},"categories":[73],"tags":[],"class_list":["post-11611","post","type-post","status-publish","format-standard","has-post-thumbnail","hentry","category-centro-de-actividades"],"yoast_head":"<!-- This site is optimized with the Yoast SEO plugin v27.5 - https:\/\/yoast.com\/product\/yoast-seo-wordpress\/ -->\n<title>Llegan los conciertos multitudinarios de Fiestas de Primavera - La Farga Gesti\u00f3n de Equipamientos Municipales, S.A.<\/title>\n<meta name=\"description\" content=\"La Farga Centro de Actividades\u00a0ser\u00e1 uno de los principales escenarios de las\u00a0Fiestas de Primavera, este a\u00f1o con 4 conciertos multitudinarios para grandes y peque\u00f1os.\" \/>\n<meta name=\"robots\" content=\"index, follow, max-snippet:-1, max-image-preview:large, max-video-preview:-1\" \/>\n<link rel=\"canonical\" href=\"https:\/\/www.lafarga.com\/corporatiu\/llegan-los-conciertos-multitudinarios-de-fiestas-de-primavera\/\" \/>\n<meta property=\"og:locale\" content=\"ca_ES\" \/>\n<meta property=\"og:type\" content=\"article\" \/>\n<meta property=\"og:title\" content=\"Llegan los conciertos multitudinarios de Fiestas de Primavera - La Farga Gesti\u00f3n de Equipamientos Municipales, S.A.\" \/>\n<meta property=\"og:description\" content=\"La Farga Centro de Actividades\u00a0ser\u00e1 uno de los principales escenarios de las\u00a0Fiestas de Primavera, este a\u00f1o con 4 conciertos multitudinarios para grandes y peque\u00f1os.\" \/>\n<meta property=\"og:url\" content=\"https:\/\/www.lafarga.com\/corporatiu\/llegan-los-conciertos-multitudinarios-de-fiestas-de-primavera\/\" \/>\n<meta property=\"og:site_name\" content=\"La Farga Gesti\u00f3n de Equipamientos Municipales, S.A.\" \/>\n<meta property=\"article:published_time\" content=\"2018-04-16T10:53:35+00:00\" \/>\n<meta property=\"og:image\" content=\"https:\/\/www.lafarga.com\/corporatiu\/wp-content\/uploads\/2016\/04\/concerts-festes-farga.jpg\" \/>\n\t<meta property=\"og:image:width\" content=\"730\" \/>\n\t<meta property=\"og:image:height\" content=\"410\" \/>\n\t<meta property=\"og:image:type\" content=\"image\/jpeg\" \/>\n<meta name=\"author\" content=\"\u00d2scar Milla\" \/>\n<meta name=\"twitter:label1\" content=\"Escrit per\" \/>\n\t<meta name=\"twitter:data1\" content=\"\u00d2scar Milla\" \/>\n\t<meta name=\"twitter:label2\" content=\"Temps estimat de lectura\" \/>\n\t<meta name=\"twitter:data2\" content=\"1 minut\" \/>\n<script type=\"application\/ld+json\" class=\"yoast-schema-graph\">{\"@context\":\"https:\\\/\\\/schema.org\",\"@graph\":[{\"@type\":\"Article\",\"@id\":\"https:\\\/\\\/www.lafarga.com\\\/corporatiu\\\/llegan-los-conciertos-multitudinarios-de-fiestas-de-primavera\\\/#article\",\"isPartOf\":{\"@id\":\"https:\\\/\\\/www.lafarga.com\\\/corporatiu\\\/llegan-los-conciertos-multitudinarios-de-fiestas-de-primavera\\\/\"},\"author\":{\"name\":\"\u00d2scar Milla\",\"@id\":\"https:\\\/\\\/www.lafarga.com\\\/corporatiu\\\/#\\\/schema\\\/person\\\/70d96fe17d0da1a9c9e80d232bdbcf33\"},\"headline\":\"Llegan los conciertos multitudinarios de Fiestas de Primavera\",\"datePublished\":\"2018-04-16T10:53:35+00:00\",\"mainEntityOfPage\":{\"@id\":\"https:\\\/\\\/www.lafarga.com\\\/corporatiu\\\/llegan-los-conciertos-multitudinarios-de-fiestas-de-primavera\\\/\"},\"wordCount\":208,\"publisher\":{\"@id\":\"https:\\\/\\\/www.lafarga.com\\\/corporatiu\\\/#organization\"},\"image\":{\"@id\":\"https:\\\/\\\/www.lafarga.com\\\/corporatiu\\\/llegan-los-conciertos-multitudinarios-de-fiestas-de-primavera\\\/#primaryimage\"},\"thumbnailUrl\":\"https:\\\/\\\/www.lafarga.com\\\/corporatiu\\\/wp-content\\\/uploads\\\/2016\\\/04\\\/concerts-festes-farga.jpg\",\"articleSection\":[\"Centro de Actividades\"],\"inLanguage\":\"ca\"},{\"@type\":\"WebPage\",\"@id\":\"https:\\\/\\\/www.lafarga.com\\\/corporatiu\\\/llegan-los-conciertos-multitudinarios-de-fiestas-de-primavera\\\/\",\"url\":\"https:\\\/\\\/www.lafarga.com\\\/corporatiu\\\/llegan-los-conciertos-multitudinarios-de-fiestas-de-primavera\\\/\",\"name\":\"Llegan los conciertos multitudinarios de Fiestas de Primavera - La Farga Gesti\u00f3n de Equipamientos Municipales, S.A.\",\"isPartOf\":{\"@id\":\"https:\\\/\\\/www.lafarga.com\\\/corporatiu\\\/#website\"},\"primaryImageOfPage\":{\"@id\":\"https:\\\/\\\/www.lafarga.com\\\/corporatiu\\\/llegan-los-conciertos-multitudinarios-de-fiestas-de-primavera\\\/#primaryimage\"},\"image\":{\"@id\":\"https:\\\/\\\/www.lafarga.com\\\/corporatiu\\\/llegan-los-conciertos-multitudinarios-de-fiestas-de-primavera\\\/#primaryimage\"},\"thumbnailUrl\":\"https:\\\/\\\/www.lafarga.com\\\/corporatiu\\\/wp-content\\\/uploads\\\/2016\\\/04\\\/concerts-festes-farga.jpg\",\"datePublished\":\"2018-04-16T10:53:35+00:00\",\"description\":\"La Farga Centro de Actividades\u00a0ser\u00e1 uno de los principales escenarios de las\u00a0Fiestas de Primavera, este a\u00f1o con 4 conciertos multitudinarios para grandes y peque\u00f1os.\",\"breadcrumb\":{\"@id\":\"https:\\\/\\\/www.lafarga.com\\\/corporatiu\\\/llegan-los-conciertos-multitudinarios-de-fiestas-de-primavera\\\/#breadcrumb\"},\"inLanguage\":\"ca\",\"potentialAction\":[{\"@type\":\"ReadAction\",\"target\":[\"https:\\\/\\\/www.lafarga.com\\\/corporatiu\\\/llegan-los-conciertos-multitudinarios-de-fiestas-de-primavera\\\/\"]}]},{\"@type\":\"ImageObject\",\"inLanguage\":\"ca\",\"@id\":\"https:\\\/\\\/www.lafarga.com\\\/corporatiu\\\/llegan-los-conciertos-multitudinarios-de-fiestas-de-primavera\\\/#primaryimage\",\"url\":\"https:\\\/\\\/www.lafarga.com\\\/corporatiu\\\/wp-content\\\/uploads\\\/2016\\\/04\\\/concerts-festes-farga.jpg\",\"contentUrl\":\"https:\\\/\\\/www.lafarga.com\\\/corporatiu\\\/wp-content\\\/uploads\\\/2016\\\/04\\\/concerts-festes-farga.jpg\",\"width\":730,\"height\":410,\"caption\":\"Concerts\"},{\"@type\":\"BreadcrumbList\",\"@id\":\"https:\\\/\\\/www.lafarga.com\\\/corporatiu\\\/llegan-los-conciertos-multitudinarios-de-fiestas-de-primavera\\\/#breadcrumb\",\"itemListElement\":[{\"@type\":\"ListItem\",\"position\":1,\"name\":\"Home\",\"item\":\"https:\\\/\\\/www.lafarga.com\\\/corporatiu\\\/lafarga-hospitalet-llobregat\\\/\"},{\"@type\":\"ListItem\",\"position\":2,\"name\":\"Llegan los conciertos multitudinarios de Fiestas de Primavera\"}]},{\"@type\":\"WebSite\",\"@id\":\"https:\\\/\\\/www.lafarga.com\\\/corporatiu\\\/#website\",\"url\":\"https:\\\/\\\/www.lafarga.com\\\/corporatiu\\\/\",\"name\":\"La Farga Gesti\u00f3 d&#039;Equipaments Municipals, SA\",\"description\":\"\",\"publisher\":{\"@id\":\"https:\\\/\\\/www.lafarga.com\\\/corporatiu\\\/#organization\"},\"potentialAction\":[{\"@type\":\"SearchAction\",\"target\":{\"@type\":\"EntryPoint\",\"urlTemplate\":\"https:\\\/\\\/www.lafarga.com\\\/corporatiu\\\/?s={search_term_string}\"},\"query-input\":{\"@type\":\"PropertyValueSpecification\",\"valueRequired\":true,\"valueName\":\"search_term_string\"}}],\"inLanguage\":\"ca\"},{\"@type\":\"Organization\",\"@id\":\"https:\\\/\\\/www.lafarga.com\\\/corporatiu\\\/#organization\",\"name\":\"La Farga Gesti\u00f3 d&#039;Equipaments Municipals, SA\",\"url\":\"https:\\\/\\\/www.lafarga.com\\\/corporatiu\\\/\",\"logo\":{\"@type\":\"ImageObject\",\"inLanguage\":\"ca\",\"@id\":\"https:\\\/\\\/www.lafarga.com\\\/corporatiu\\\/#\\\/schema\\\/logo\\\/image\\\/\",\"url\":\"https:\\\/\\\/www.lafarga.com\\\/corporatiu\\\/wp-content\\\/uploads\\\/2023\\\/11\\\/logotipo_lafarga_gemsa.svg\",\"contentUrl\":\"https:\\\/\\\/www.lafarga.com\\\/corporatiu\\\/wp-content\\\/uploads\\\/2023\\\/11\\\/logotipo_lafarga_gemsa.svg\",\"width\":102,\"height\":103,\"caption\":\"La Farga Gesti\u00f3 d&#039;Equipaments Municipals, SA\"},\"image\":{\"@id\":\"https:\\\/\\\/www.lafarga.com\\\/corporatiu\\\/#\\\/schema\\\/logo\\\/image\\\/\"}},{\"@type\":\"Person\",\"@id\":\"https:\\\/\\\/www.lafarga.com\\\/corporatiu\\\/#\\\/schema\\\/person\\\/70d96fe17d0da1a9c9e80d232bdbcf33\",\"name\":\"\u00d2scar Milla\",\"image\":{\"@type\":\"ImageObject\",\"inLanguage\":\"ca\",\"@id\":\"https:\\\/\\\/secure.gravatar.com\\\/avatar\\\/92e75d184f9d5e0e403bd4ad075b080ad258344ddc259adddb579f6a3ba6494f?s=96&d=mm&r=g\",\"url\":\"https:\\\/\\\/secure.gravatar.com\\\/avatar\\\/92e75d184f9d5e0e403bd4ad075b080ad258344ddc259adddb579f6a3ba6494f?s=96&d=mm&r=g\",\"contentUrl\":\"https:\\\/\\\/secure.gravatar.com\\\/avatar\\\/92e75d184f9d5e0e403bd4ad075b080ad258344ddc259adddb579f6a3ba6494f?s=96&d=mm&r=g\",\"caption\":\"\u00d2scar Milla\"},\"url\":\"https:\\\/\\\/www.lafarga.com\\\/corporatiu\\\/author\\\/omilla\\\/\"}]}<\/script>\n<!-- \/ Yoast SEO plugin. -->","yoast_head_json":{"title":"Llegan los conciertos multitudinarios de Fiestas de Primavera - La Farga Gesti\u00f3n de Equipamientos Municipales, S.A.","description":"La Farga Centro de Actividades\u00a0ser\u00e1 uno de los principales escenarios de las\u00a0Fiestas de Primavera, este a\u00f1o con 4 conciertos multitudinarios para grandes y peque\u00f1os.","robots":{"index":"index","follow":"follow","max-snippet":"max-snippet:-1","max-image-preview":"max-image-preview:large","max-video-preview":"max-video-preview:-1"},"canonical":"https:\/\/www.lafarga.com\/corporatiu\/llegan-los-conciertos-multitudinarios-de-fiestas-de-primavera\/","og_locale":"ca_ES","og_type":"article","og_title":"Llegan los conciertos multitudinarios de Fiestas de Primavera - La Farga Gesti\u00f3n de Equipamientos Municipales, S.A.","og_description":"La Farga Centro de Actividades\u00a0ser\u00e1 uno de los principales escenarios de las\u00a0Fiestas de Primavera, este a\u00f1o con 4 conciertos multitudinarios para grandes y peque\u00f1os.","og_url":"https:\/\/www.lafarga.com\/corporatiu\/llegan-los-conciertos-multitudinarios-de-fiestas-de-primavera\/","og_site_name":"La Farga Gesti\u00f3n de Equipamientos Municipales, S.A.","article_published_time":"2018-04-16T10:53:35+00:00","og_image":[{"width":730,"height":410,"url":"https:\/\/www.lafarga.com\/corporatiu\/wp-content\/uploads\/2016\/04\/concerts-festes-farga.jpg","type":"image\/jpeg"}],"author":"\u00d2scar Milla","twitter_misc":{"Escrit per":"\u00d2scar Milla","Temps estimat de lectura":"1 minut"},"schema":{"@context":"https:\/\/schema.org","@graph":[{"@type":"Article","@id":"https:\/\/www.lafarga.com\/corporatiu\/llegan-los-conciertos-multitudinarios-de-fiestas-de-primavera\/#article","isPartOf":{"@id":"https:\/\/www.lafarga.com\/corporatiu\/llegan-los-conciertos-multitudinarios-de-fiestas-de-primavera\/"},"author":{"name":"\u00d2scar Milla","@id":"https:\/\/www.lafarga.com\/corporatiu\/#\/schema\/person\/70d96fe17d0da1a9c9e80d232bdbcf33"},"headline":"Llegan los conciertos multitudinarios de Fiestas de Primavera","datePublished":"2018-04-16T10:53:35+00:00","mainEntityOfPage":{"@id":"https:\/\/www.lafarga.com\/corporatiu\/llegan-los-conciertos-multitudinarios-de-fiestas-de-primavera\/"},"wordCount":208,"publisher":{"@id":"https:\/\/www.lafarga.com\/corporatiu\/#organization"},"image":{"@id":"https:\/\/www.lafarga.com\/corporatiu\/llegan-los-conciertos-multitudinarios-de-fiestas-de-primavera\/#primaryimage"},"thumbnailUrl":"https:\/\/www.lafarga.com\/corporatiu\/wp-content\/uploads\/2016\/04\/concerts-festes-farga.jpg","articleSection":["Centro de Actividades"],"inLanguage":"ca"},{"@type":"WebPage","@id":"https:\/\/www.lafarga.com\/corporatiu\/llegan-los-conciertos-multitudinarios-de-fiestas-de-primavera\/","url":"https:\/\/www.lafarga.com\/corporatiu\/llegan-los-conciertos-multitudinarios-de-fiestas-de-primavera\/","name":"Llegan los conciertos multitudinarios de Fiestas de Primavera - La Farga Gesti\u00f3n de Equipamientos Municipales, S.A.","isPartOf":{"@id":"https:\/\/www.lafarga.com\/corporatiu\/#website"},"primaryImageOfPage":{"@id":"https:\/\/www.lafarga.com\/corporatiu\/llegan-los-conciertos-multitudinarios-de-fiestas-de-primavera\/#primaryimage"},"image":{"@id":"https:\/\/www.lafarga.com\/corporatiu\/llegan-los-conciertos-multitudinarios-de-fiestas-de-primavera\/#primaryimage"},"thumbnailUrl":"https:\/\/www.lafarga.com\/corporatiu\/wp-content\/uploads\/2016\/04\/concerts-festes-farga.jpg","datePublished":"2018-04-16T10:53:35+00:00","description":"La Farga Centro de Actividades\u00a0ser\u00e1 uno de los principales escenarios de las\u00a0Fiestas de Primavera, este a\u00f1o con 4 conciertos multitudinarios para grandes y peque\u00f1os.","breadcrumb":{"@id":"https:\/\/www.lafarga.com\/corporatiu\/llegan-los-conciertos-multitudinarios-de-fiestas-de-primavera\/#breadcrumb"},"inLanguage":"ca","potentialAction":[{"@type":"ReadAction","target":["https:\/\/www.lafarga.com\/corporatiu\/llegan-los-conciertos-multitudinarios-de-fiestas-de-primavera\/"]}]},{"@type":"ImageObject","inLanguage":"ca","@id":"https:\/\/www.lafarga.com\/corporatiu\/llegan-los-conciertos-multitudinarios-de-fiestas-de-primavera\/#primaryimage","url":"https:\/\/www.lafarga.com\/corporatiu\/wp-content\/uploads\/2016\/04\/concerts-festes-farga.jpg","contentUrl":"https:\/\/www.lafarga.com\/corporatiu\/wp-content\/uploads\/2016\/04\/concerts-festes-farga.jpg","width":730,"height":410,"caption":"Concerts"},{"@type":"BreadcrumbList","@id":"https:\/\/www.lafarga.com\/corporatiu\/llegan-los-conciertos-multitudinarios-de-fiestas-de-primavera\/#breadcrumb","itemListElement":[{"@type":"ListItem","position":1,"name":"Home","item":"https:\/\/www.lafarga.com\/corporatiu\/lafarga-hospitalet-llobregat\/"},{"@type":"ListItem","position":2,"name":"Llegan los conciertos multitudinarios de Fiestas de Primavera"}]},{"@type":"WebSite","@id":"https:\/\/www.lafarga.com\/corporatiu\/#website","url":"https:\/\/www.lafarga.com\/corporatiu\/","name":"La Farga Gesti\u00f3 d&#039;Equipaments Municipals, SA","description":"","publisher":{"@id":"https:\/\/www.lafarga.com\/corporatiu\/#organization"},"potentialAction":[{"@type":"SearchAction","target":{"@type":"EntryPoint","urlTemplate":"https:\/\/www.lafarga.com\/corporatiu\/?s={search_term_string}"},"query-input":{"@type":"PropertyValueSpecification","valueRequired":true,"valueName":"search_term_string"}}],"inLanguage":"ca"},{"@type":"Organization","@id":"https:\/\/www.lafarga.com\/corporatiu\/#organization","name":"La Farga Gesti\u00f3 d&#039;Equipaments Municipals, SA","url":"https:\/\/www.lafarga.com\/corporatiu\/","logo":{"@type":"ImageObject","inLanguage":"ca","@id":"https:\/\/www.lafarga.com\/corporatiu\/#\/schema\/logo\/image\/","url":"https:\/\/www.lafarga.com\/corporatiu\/wp-content\/uploads\/2023\/11\/logotipo_lafarga_gemsa.svg","contentUrl":"https:\/\/www.lafarga.com\/corporatiu\/wp-content\/uploads\/2023\/11\/logotipo_lafarga_gemsa.svg","width":102,"height":103,"caption":"La Farga Gesti\u00f3 d&#039;Equipaments Municipals, SA"},"image":{"@id":"https:\/\/www.lafarga.com\/corporatiu\/#\/schema\/logo\/image\/"}},{"@type":"Person","@id":"https:\/\/www.lafarga.com\/corporatiu\/#\/schema\/person\/70d96fe17d0da1a9c9e80d232bdbcf33","name":"\u00d2scar Milla","image":{"@type":"ImageObject","inLanguage":"ca","@id":"https:\/\/secure.gravatar.com\/avatar\/92e75d184f9d5e0e403bd4ad075b080ad258344ddc259adddb579f6a3ba6494f?s=96&d=mm&r=g","url":"https:\/\/secure.gravatar.com\/avatar\/92e75d184f9d5e0e403bd4ad075b080ad258344ddc259adddb579f6a3ba6494f?s=96&d=mm&r=g","contentUrl":"https:\/\/secure.gravatar.com\/avatar\/92e75d184f9d5e0e403bd4ad075b080ad258344ddc259adddb579f6a3ba6494f?s=96&d=mm&r=g","caption":"\u00d2scar Milla"},"url":"https:\/\/www.lafarga.com\/corporatiu\/author\/omilla\/"}]}},"uagb_featured_image_src":{"full":["https:\/\/www.lafarga.com\/corporatiu\/wp-content\/uploads\/2016\/04\/concerts-festes-farga.jpg",730,410,false],"thumbnail":["https:\/\/www.lafarga.com\/corporatiu\/wp-content\/uploads\/2016\/04\/concerts-festes-farga-150x150.jpg",150,150,true],"medium":["https:\/\/www.lafarga.com\/corporatiu\/wp-content\/uploads\/2016\/04\/concerts-festes-farga-300x168.jpg",300,168,true],"medium_large":["https:\/\/www.lafarga.com\/corporatiu\/wp-content\/uploads\/2016\/04\/concerts-festes-farga.jpg",730,410,false],"large":["https:\/\/www.lafarga.com\/corporatiu\/wp-content\/uploads\/2016\/04\/concerts-festes-farga.jpg",730,410,false],"1536x1536":["https:\/\/www.lafarga.com\/corporatiu\/wp-content\/uploads\/2016\/04\/concerts-festes-farga.jpg",730,410,false],"2048x2048":["https:\/\/www.lafarga.com\/corporatiu\/wp-content\/uploads\/2016\/04\/concerts-festes-farga.jpg",730,410,false],"mailpoet_newsletter_max":["https:\/\/www.lafarga.com\/corporatiu\/wp-content\/uploads\/2016\/04\/concerts-festes-farga.jpg",730,410,false]},"uagb_author_info":{"display_name":"\u00d2scar Milla","author_link":"https:\/\/www.lafarga.com\/corporatiu\/author\/omilla\/"},"uagb_comment_info":0,"uagb_excerpt":"La Farga Centro de Actividades\u00a0ser\u00e1 uno de los principales escenarios de las\u00a0Fiestas de Primavera, este a\u00f1o con 4 conciertos multitudinarios para grandes y peque\u00f1os.","_links":{"self":[{"href":"https:\/\/www.lafarga.com\/corporatiu\/wp-json\/wp\/v2\/posts\/11611","targetHints":{"allow":["GET"]}}],"collection":[{"href":"https:\/\/www.lafarga.com\/corporatiu\/wp-json\/wp\/v2\/posts"}],"about":[{"href":"https:\/\/www.lafarga.com\/corporatiu\/wp-json\/wp\/v2\/types\/post"}],"author":[{"embeddable":true,"href":"https:\/\/www.lafarga.com\/corporatiu\/wp-json\/wp\/v2\/users\/5"}],"replies":[{"embeddable":true,"href":"https:\/\/www.lafarga.com\/corporatiu\/wp-json\/wp\/v2\/comments?post=11611"}],"version-history":[{"count":2,"href":"https:\/\/www.lafarga.com\/corporatiu\/wp-json\/wp\/v2\/posts\/11611\/revisions"}],"predecessor-version":[{"id":11615,"href":"https:\/\/www.lafarga.com\/corporatiu\/wp-json\/wp\/v2\/posts\/11611\/revisions\/11615"}],"wp:featuredmedia":[{"embeddable":true,"href":"https:\/\/www.lafarga.com\/corporatiu\/wp-json\/wp\/v2\/media\/7026"}],"wp:attachment":[{"href":"https:\/\/www.lafarga.com\/corporatiu\/wp-json\/wp\/v2\/media?parent=11611"}],"wp:term":[{"taxonomy":"category","embeddable":true,"href":"https:\/\/www.lafarga.com\/corporatiu\/wp-json\/wp\/v2\/categories?post=11611"},{"taxonomy":"post_tag","embeddable":true,"href":"https:\/\/www.lafarga.com\/corporatiu\/wp-json\/wp\/v2\/tags?post=11611"}],"curies":[{"name":"wp","href":"https:\/\/api.w.org\/{rel}","templated":true}]}}