{"id":11561,"date":"2018-04-04T10:05:16","date_gmt":"2018-04-04T10:05:16","guid":{"rendered":"http:\/\/www.lafarga.com\/corporatiu\/?p=11561"},"modified":"2018-04-09T10:08:20","modified_gmt":"2018-04-09T10:08:20","slug":"zona-verde-granvia-sud-gratuita-residentes","status":"publish","type":"post","link":"https:\/\/www.lafarga.com\/corporatiu\/zona-verde-granvia-sud-gratuita-residentes\/","title":{"rendered":"La zona verde de Granvia Sud, gratuita para los residentes"},"content":{"rendered":"<h5>Desde el 3 de abril<\/h5>\n<p>Entran en vigor los cambios en la tarificaci\u00f3n del <a href=\"https:\/\/www.lafarga.com\/corporatiu\/estacionamientos-regulados-hospitalet-la-farga\/\" target=\"_blank\" rel=\"noopener\"><strong>\u00e1rea integral de regulaci\u00f3n del estacionamiento<\/strong><\/a> (AIRE) de Granvia Sud. A partir de este d\u00eda la zona verde deja de ser de pago para los veh\u00edculos con el distintivo de residente expedido por el <a href=\"http:\/\/l-h.cat\/inici_2.aspx\" target=\"_blank\" rel=\"noopener\"><strong>Ayuntamiento<\/strong><\/a>, con obtenci\u00f3n de ticket gratuito en el parqu\u00edmetro.<\/p>\n<p>En la zona verde contin\u00faa vigente la tarifa especial para veh\u00edculos con distintivo de veh\u00edculo comercial expedido por el Ayuntamiento de 1,10 euros por d\u00eda. Los comerciantes de la ciudad pueden disponer de vales descuento de una hora para estacionar en la zona azul, con una tarifa reducida aplicable de 0,80 euros\/hora para cada vale.<\/p>\n<p>La zona amarilla es gratuita para los veh\u00edculos que efect\u00faen operaciones de carga y descarga de mercanc\u00edas, con obligaci\u00f3n de obtener ticket en el parqu\u00edmetro, sin sobrepasar el tiempo m\u00e1ximo de media hora.<\/p>\n<p>En la zona verde se establece una tarifa especial para veh\u00edculos que sean propiedad de familiares de primer grado del residente (padres e hijos) de 0,20 euros por d\u00eda.<\/p>\n<p>El \u00e1rea integral de regulaci\u00f3n del estacionamiento (AIRE) de Granvia Sud enmarca dentro del Plan de movilidad urbana sostenible de L&#8217;Hospitalet, que tiene como objetivo racionalizar el uso del veh\u00edculo privado en la ciudad, mejorar la calidad del aire y ordenar el espacio p\u00fablico.<\/p>\n","protected":false},"excerpt":{"rendered":"<p>Entran en vigor los cambios en la tarificaci\u00f3n del \u00e1rea integral de regulaci\u00f3n del estacionamiento (AIRE) de Granvia Sud. <\/p>\n","protected":false},"author":5,"featured_media":11559,"comment_status":"closed","ping_status":"closed","sticky":false,"template":"","format":"standard","meta":{"inline_featured_image":false,"_uag_custom_page_level_css":"","_monsterinsights_skip_tracking":false,"_monsterinsights_sitenote_active":false,"_monsterinsights_sitenote_note":"","_monsterinsights_sitenote_category":0,"site-sidebar-layout":"default","site-content-layout":"","ast-site-content-layout":"default","site-content-style":"default","site-sidebar-style":"default","ast-global-header-display":"","ast-banner-title-visibility":"","ast-main-header-display":"","ast-hfb-above-header-display":"","ast-hfb-below-header-display":"","ast-hfb-mobile-header-display":"","site-post-title":"","ast-breadcrumbs-content":"","ast-featured-img":"","footer-sml-layout":"","ast-disable-related-posts":"","theme-transparent-header-meta":"","adv-header-id-meta":"","stick-header-meta":"","header-above-stick-meta":"","header-main-stick-meta":"","header-below-stick-meta":"","astra-migrate-meta-layouts":"default","ast-page-background-enabled":"default","ast-page-background-meta":{"desktop":{"background-color":"var(--ast-global-color-4)","background-image":"","background-repeat":"repeat","background-position":"center center","background-size":"auto","background-attachment":"scroll","background-type":"","background-media":"","overlay-type":"","overlay-color":"","overlay-opacity":"","overlay-gradient":""},"tablet":{"background-color":"","background-image":"","background-repeat":"repeat","background-position":"center center","background-size":"auto","background-attachment":"scroll","background-type":"","background-media":"","overlay-type":"","overlay-color":"","overlay-opacity":"","overlay-gradient":""},"mobile":{"background-color":"","background-image":"","background-repeat":"repeat","background-position":"center center","background-size":"auto","background-attachment":"scroll","background-type":"","background-media":"","overlay-type":"","overlay-color":"","overlay-opacity":"","overlay-gradient":""}},"ast-content-background-meta":{"desktop":{"background-color":"var(--ast-global-color-5)","background-image":"","background-repeat":"repeat","background-position":"center center","background-size":"auto","background-attachment":"scroll","background-type":"","background-media":"","overlay-type":"","overlay-color":"","overlay-opacity":"","overlay-gradient":""},"tablet":{"background-color":"var(--ast-global-color-5)","background-image":"","background-repeat":"repeat","background-position":"center center","background-size":"auto","background-attachment":"scroll","background-type":"","background-media":"","overlay-type":"","overlay-color":"","overlay-opacity":"","overlay-gradient":""},"mobile":{"background-color":"var(--ast-global-color-5)","background-image":"","background-repeat":"repeat","background-position":"center center","background-size":"auto","background-attachment":"scroll","background-type":"","background-media":"","overlay-type":"","overlay-color":"","overlay-opacity":"","overlay-gradient":""}},"footnotes":""},"categories":[83],"tags":[],"class_list":["post-11561","post","type-post","status-publish","format-standard","has-post-thumbnail","hentry","category-movilidad"],"yoast_head":"<!-- This site is optimized with the Yoast SEO plugin v27.5 - https:\/\/yoast.com\/product\/yoast-seo-wordpress\/ -->\n<title>La zona verde de Granvia Sud, gratuita para los residentes - La Farga Gesti\u00f3n de Equipamientos Municipales, S.A.<\/title>\n<meta name=\"description\" content=\"Entran en vigor los cambios en la tarificaci\u00f3n del \u00e1rea integral de regulaci\u00f3n del estacionamiento (AIRE) de Granvia Sud.\" \/>\n<meta name=\"robots\" content=\"index, follow, max-snippet:-1, max-image-preview:large, max-video-preview:-1\" \/>\n<link rel=\"canonical\" href=\"https:\/\/www.lafarga.com\/corporatiu\/zona-verde-granvia-sud-gratuita-residentes\/\" \/>\n<meta property=\"og:locale\" content=\"ca_ES\" \/>\n<meta property=\"og:type\" content=\"article\" \/>\n<meta property=\"og:title\" content=\"La zona verde de Granvia Sud, gratuita para los residentes - La Farga Gesti\u00f3n de Equipamientos Municipales, S.A.\" \/>\n<meta property=\"og:description\" content=\"Entran en vigor los cambios en la tarificaci\u00f3n del \u00e1rea integral de regulaci\u00f3n del estacionamiento (AIRE) de Granvia Sud.\" \/>\n<meta property=\"og:url\" content=\"https:\/\/www.lafarga.com\/corporatiu\/zona-verde-granvia-sud-gratuita-residentes\/\" \/>\n<meta property=\"og:site_name\" content=\"La Farga Gesti\u00f3n de Equipamientos Municipales, S.A.\" \/>\n<meta property=\"article:published_time\" content=\"2018-04-04T10:05:16+00:00\" \/>\n<meta property=\"article:modified_time\" content=\"2018-04-09T10:08:20+00:00\" \/>\n<meta property=\"og:image\" content=\"https:\/\/www.lafarga.com\/corporatiu\/wp-content\/uploads\/2018\/04\/Area-Verda-Farga18.jpg\" \/>\n\t<meta property=\"og:image:width\" content=\"730\" \/>\n\t<meta property=\"og:image:height\" content=\"410\" \/>\n\t<meta property=\"og:image:type\" content=\"image\/jpeg\" \/>\n<meta name=\"author\" content=\"\u00d2scar Milla\" \/>\n<meta name=\"twitter:label1\" content=\"Escrit per\" \/>\n\t<meta name=\"twitter:data1\" content=\"\u00d2scar Milla\" \/>\n\t<meta name=\"twitter:label2\" content=\"Temps estimat de lectura\" \/>\n\t<meta name=\"twitter:data2\" content=\"1 minut\" \/>\n<script type=\"application\/ld+json\" class=\"yoast-schema-graph\">{\"@context\":\"https:\\\/\\\/schema.org\",\"@graph\":[{\"@type\":\"Article\",\"@id\":\"https:\\\/\\\/www.lafarga.com\\\/corporatiu\\\/zona-verde-granvia-sud-gratuita-residentes\\\/#article\",\"isPartOf\":{\"@id\":\"https:\\\/\\\/www.lafarga.com\\\/corporatiu\\\/zona-verde-granvia-sud-gratuita-residentes\\\/\"},\"author\":{\"name\":\"\u00d2scar Milla\",\"@id\":\"https:\\\/\\\/www.lafarga.com\\\/corporatiu\\\/#\\\/schema\\\/person\\\/70d96fe17d0da1a9c9e80d232bdbcf33\"},\"headline\":\"La zona verde de Granvia Sud, gratuita para los residentes\",\"datePublished\":\"2018-04-04T10:05:16+00:00\",\"dateModified\":\"2018-04-09T10:08:20+00:00\",\"mainEntityOfPage\":{\"@id\":\"https:\\\/\\\/www.lafarga.com\\\/corporatiu\\\/zona-verde-granvia-sud-gratuita-residentes\\\/\"},\"wordCount\":247,\"publisher\":{\"@id\":\"https:\\\/\\\/www.lafarga.com\\\/corporatiu\\\/#organization\"},\"image\":{\"@id\":\"https:\\\/\\\/www.lafarga.com\\\/corporatiu\\\/zona-verde-granvia-sud-gratuita-residentes\\\/#primaryimage\"},\"thumbnailUrl\":\"https:\\\/\\\/www.lafarga.com\\\/corporatiu\\\/wp-content\\\/uploads\\\/2018\\\/04\\\/Area-Verda-Farga18.jpg\",\"articleSection\":[\"Estacionamientos Regulados\"],\"inLanguage\":\"ca\"},{\"@type\":\"WebPage\",\"@id\":\"https:\\\/\\\/www.lafarga.com\\\/corporatiu\\\/zona-verde-granvia-sud-gratuita-residentes\\\/\",\"url\":\"https:\\\/\\\/www.lafarga.com\\\/corporatiu\\\/zona-verde-granvia-sud-gratuita-residentes\\\/\",\"name\":\"La zona verde de Granvia Sud, gratuita para los residentes - La Farga Gesti\u00f3n de Equipamientos Municipales, S.A.\",\"isPartOf\":{\"@id\":\"https:\\\/\\\/www.lafarga.com\\\/corporatiu\\\/#website\"},\"primaryImageOfPage\":{\"@id\":\"https:\\\/\\\/www.lafarga.com\\\/corporatiu\\\/zona-verde-granvia-sud-gratuita-residentes\\\/#primaryimage\"},\"image\":{\"@id\":\"https:\\\/\\\/www.lafarga.com\\\/corporatiu\\\/zona-verde-granvia-sud-gratuita-residentes\\\/#primaryimage\"},\"thumbnailUrl\":\"https:\\\/\\\/www.lafarga.com\\\/corporatiu\\\/wp-content\\\/uploads\\\/2018\\\/04\\\/Area-Verda-Farga18.jpg\",\"datePublished\":\"2018-04-04T10:05:16+00:00\",\"dateModified\":\"2018-04-09T10:08:20+00:00\",\"description\":\"Entran en vigor los cambios en la tarificaci\u00f3n del \u00e1rea integral de regulaci\u00f3n del estacionamiento (AIRE) de Granvia Sud.\",\"breadcrumb\":{\"@id\":\"https:\\\/\\\/www.lafarga.com\\\/corporatiu\\\/zona-verde-granvia-sud-gratuita-residentes\\\/#breadcrumb\"},\"inLanguage\":\"ca\",\"potentialAction\":[{\"@type\":\"ReadAction\",\"target\":[\"https:\\\/\\\/www.lafarga.com\\\/corporatiu\\\/zona-verde-granvia-sud-gratuita-residentes\\\/\"]}]},{\"@type\":\"ImageObject\",\"inLanguage\":\"ca\",\"@id\":\"https:\\\/\\\/www.lafarga.com\\\/corporatiu\\\/zona-verde-granvia-sud-gratuita-residentes\\\/#primaryimage\",\"url\":\"https:\\\/\\\/www.lafarga.com\\\/corporatiu\\\/wp-content\\\/uploads\\\/2018\\\/04\\\/Area-Verda-Farga18.jpg\",\"contentUrl\":\"https:\\\/\\\/www.lafarga.com\\\/corporatiu\\\/wp-content\\\/uploads\\\/2018\\\/04\\\/Area-Verda-Farga18.jpg\",\"width\":730,\"height\":410,\"caption\":\"\u00c0rees Verda Farga Granvia\"},{\"@type\":\"BreadcrumbList\",\"@id\":\"https:\\\/\\\/www.lafarga.com\\\/corporatiu\\\/zona-verde-granvia-sud-gratuita-residentes\\\/#breadcrumb\",\"itemListElement\":[{\"@type\":\"ListItem\",\"position\":1,\"name\":\"Home\",\"item\":\"https:\\\/\\\/www.lafarga.com\\\/corporatiu\\\/lafarga-hospitalet-llobregat\\\/\"},{\"@type\":\"ListItem\",\"position\":2,\"name\":\"La zona verde de Granvia Sud, gratuita para los residentes\"}]},{\"@type\":\"WebSite\",\"@id\":\"https:\\\/\\\/www.lafarga.com\\\/corporatiu\\\/#website\",\"url\":\"https:\\\/\\\/www.lafarga.com\\\/corporatiu\\\/\",\"name\":\"La Farga Gesti\u00f3 d&#039;Equipaments Municipals, SA\",\"description\":\"\",\"publisher\":{\"@id\":\"https:\\\/\\\/www.lafarga.com\\\/corporatiu\\\/#organization\"},\"potentialAction\":[{\"@type\":\"SearchAction\",\"target\":{\"@type\":\"EntryPoint\",\"urlTemplate\":\"https:\\\/\\\/www.lafarga.com\\\/corporatiu\\\/?s={search_term_string}\"},\"query-input\":{\"@type\":\"PropertyValueSpecification\",\"valueRequired\":true,\"valueName\":\"search_term_string\"}}],\"inLanguage\":\"ca\"},{\"@type\":\"Organization\",\"@id\":\"https:\\\/\\\/www.lafarga.com\\\/corporatiu\\\/#organization\",\"name\":\"La Farga Gesti\u00f3 d&#039;Equipaments Municipals, SA\",\"url\":\"https:\\\/\\\/www.lafarga.com\\\/corporatiu\\\/\",\"logo\":{\"@type\":\"ImageObject\",\"inLanguage\":\"ca\",\"@id\":\"https:\\\/\\\/www.lafarga.com\\\/corporatiu\\\/#\\\/schema\\\/logo\\\/image\\\/\",\"url\":\"https:\\\/\\\/www.lafarga.com\\\/corporatiu\\\/wp-content\\\/uploads\\\/2023\\\/11\\\/logotipo_lafarga_gemsa.svg\",\"contentUrl\":\"https:\\\/\\\/www.lafarga.com\\\/corporatiu\\\/wp-content\\\/uploads\\\/2023\\\/11\\\/logotipo_lafarga_gemsa.svg\",\"width\":102,\"height\":103,\"caption\":\"La Farga Gesti\u00f3 d&#039;Equipaments Municipals, SA\"},\"image\":{\"@id\":\"https:\\\/\\\/www.lafarga.com\\\/corporatiu\\\/#\\\/schema\\\/logo\\\/image\\\/\"}},{\"@type\":\"Person\",\"@id\":\"https:\\\/\\\/www.lafarga.com\\\/corporatiu\\\/#\\\/schema\\\/person\\\/70d96fe17d0da1a9c9e80d232bdbcf33\",\"name\":\"\u00d2scar Milla\",\"image\":{\"@type\":\"ImageObject\",\"inLanguage\":\"ca\",\"@id\":\"https:\\\/\\\/secure.gravatar.com\\\/avatar\\\/92e75d184f9d5e0e403bd4ad075b080ad258344ddc259adddb579f6a3ba6494f?s=96&d=mm&r=g\",\"url\":\"https:\\\/\\\/secure.gravatar.com\\\/avatar\\\/92e75d184f9d5e0e403bd4ad075b080ad258344ddc259adddb579f6a3ba6494f?s=96&d=mm&r=g\",\"contentUrl\":\"https:\\\/\\\/secure.gravatar.com\\\/avatar\\\/92e75d184f9d5e0e403bd4ad075b080ad258344ddc259adddb579f6a3ba6494f?s=96&d=mm&r=g\",\"caption\":\"\u00d2scar Milla\"},\"url\":\"https:\\\/\\\/www.lafarga.com\\\/corporatiu\\\/author\\\/omilla\\\/\"}]}<\/script>\n<!-- \/ Yoast SEO plugin. -->","yoast_head_json":{"title":"La zona verde de Granvia Sud, gratuita para los residentes - La Farga Gesti\u00f3n de Equipamientos Municipales, S.A.","description":"Entran en vigor los cambios en la tarificaci\u00f3n del \u00e1rea integral de regulaci\u00f3n del estacionamiento (AIRE) de Granvia Sud.","robots":{"index":"index","follow":"follow","max-snippet":"max-snippet:-1","max-image-preview":"max-image-preview:large","max-video-preview":"max-video-preview:-1"},"canonical":"https:\/\/www.lafarga.com\/corporatiu\/zona-verde-granvia-sud-gratuita-residentes\/","og_locale":"ca_ES","og_type":"article","og_title":"La zona verde de Granvia Sud, gratuita para los residentes - La Farga Gesti\u00f3n de Equipamientos Municipales, S.A.","og_description":"Entran en vigor los cambios en la tarificaci\u00f3n del \u00e1rea integral de regulaci\u00f3n del estacionamiento (AIRE) de Granvia Sud.","og_url":"https:\/\/www.lafarga.com\/corporatiu\/zona-verde-granvia-sud-gratuita-residentes\/","og_site_name":"La Farga Gesti\u00f3n de Equipamientos Municipales, S.A.","article_published_time":"2018-04-04T10:05:16+00:00","article_modified_time":"2018-04-09T10:08:20+00:00","og_image":[{"width":730,"height":410,"url":"https:\/\/www.lafarga.com\/corporatiu\/wp-content\/uploads\/2018\/04\/Area-Verda-Farga18.jpg","type":"image\/jpeg"}],"author":"\u00d2scar Milla","twitter_misc":{"Escrit per":"\u00d2scar Milla","Temps estimat de lectura":"1 minut"},"schema":{"@context":"https:\/\/schema.org","@graph":[{"@type":"Article","@id":"https:\/\/www.lafarga.com\/corporatiu\/zona-verde-granvia-sud-gratuita-residentes\/#article","isPartOf":{"@id":"https:\/\/www.lafarga.com\/corporatiu\/zona-verde-granvia-sud-gratuita-residentes\/"},"author":{"name":"\u00d2scar Milla","@id":"https:\/\/www.lafarga.com\/corporatiu\/#\/schema\/person\/70d96fe17d0da1a9c9e80d232bdbcf33"},"headline":"La zona verde de Granvia Sud, gratuita para los residentes","datePublished":"2018-04-04T10:05:16+00:00","dateModified":"2018-04-09T10:08:20+00:00","mainEntityOfPage":{"@id":"https:\/\/www.lafarga.com\/corporatiu\/zona-verde-granvia-sud-gratuita-residentes\/"},"wordCount":247,"publisher":{"@id":"https:\/\/www.lafarga.com\/corporatiu\/#organization"},"image":{"@id":"https:\/\/www.lafarga.com\/corporatiu\/zona-verde-granvia-sud-gratuita-residentes\/#primaryimage"},"thumbnailUrl":"https:\/\/www.lafarga.com\/corporatiu\/wp-content\/uploads\/2018\/04\/Area-Verda-Farga18.jpg","articleSection":["Estacionamientos Regulados"],"inLanguage":"ca"},{"@type":"WebPage","@id":"https:\/\/www.lafarga.com\/corporatiu\/zona-verde-granvia-sud-gratuita-residentes\/","url":"https:\/\/www.lafarga.com\/corporatiu\/zona-verde-granvia-sud-gratuita-residentes\/","name":"La zona verde de Granvia Sud, gratuita para los residentes - La Farga Gesti\u00f3n de Equipamientos Municipales, S.A.","isPartOf":{"@id":"https:\/\/www.lafarga.com\/corporatiu\/#website"},"primaryImageOfPage":{"@id":"https:\/\/www.lafarga.com\/corporatiu\/zona-verde-granvia-sud-gratuita-residentes\/#primaryimage"},"image":{"@id":"https:\/\/www.lafarga.com\/corporatiu\/zona-verde-granvia-sud-gratuita-residentes\/#primaryimage"},"thumbnailUrl":"https:\/\/www.lafarga.com\/corporatiu\/wp-content\/uploads\/2018\/04\/Area-Verda-Farga18.jpg","datePublished":"2018-04-04T10:05:16+00:00","dateModified":"2018-04-09T10:08:20+00:00","description":"Entran en vigor los cambios en la tarificaci\u00f3n del \u00e1rea integral de regulaci\u00f3n del estacionamiento (AIRE) de Granvia Sud.","breadcrumb":{"@id":"https:\/\/www.lafarga.com\/corporatiu\/zona-verde-granvia-sud-gratuita-residentes\/#breadcrumb"},"inLanguage":"ca","potentialAction":[{"@type":"ReadAction","target":["https:\/\/www.lafarga.com\/corporatiu\/zona-verde-granvia-sud-gratuita-residentes\/"]}]},{"@type":"ImageObject","inLanguage":"ca","@id":"https:\/\/www.lafarga.com\/corporatiu\/zona-verde-granvia-sud-gratuita-residentes\/#primaryimage","url":"https:\/\/www.lafarga.com\/corporatiu\/wp-content\/uploads\/2018\/04\/Area-Verda-Farga18.jpg","contentUrl":"https:\/\/www.lafarga.com\/corporatiu\/wp-content\/uploads\/2018\/04\/Area-Verda-Farga18.jpg","width":730,"height":410,"caption":"\u00c0rees Verda Farga Granvia"},{"@type":"BreadcrumbList","@id":"https:\/\/www.lafarga.com\/corporatiu\/zona-verde-granvia-sud-gratuita-residentes\/#breadcrumb","itemListElement":[{"@type":"ListItem","position":1,"name":"Home","item":"https:\/\/www.lafarga.com\/corporatiu\/lafarga-hospitalet-llobregat\/"},{"@type":"ListItem","position":2,"name":"La zona verde de Granvia Sud, gratuita para los residentes"}]},{"@type":"WebSite","@id":"https:\/\/www.lafarga.com\/corporatiu\/#website","url":"https:\/\/www.lafarga.com\/corporatiu\/","name":"La Farga Gesti\u00f3 d&#039;Equipaments Municipals, SA","description":"","publisher":{"@id":"https:\/\/www.lafarga.com\/corporatiu\/#organization"},"potentialAction":[{"@type":"SearchAction","target":{"@type":"EntryPoint","urlTemplate":"https:\/\/www.lafarga.com\/corporatiu\/?s={search_term_string}"},"query-input":{"@type":"PropertyValueSpecification","valueRequired":true,"valueName":"search_term_string"}}],"inLanguage":"ca"},{"@type":"Organization","@id":"https:\/\/www.lafarga.com\/corporatiu\/#organization","name":"La Farga Gesti\u00f3 d&#039;Equipaments Municipals, SA","url":"https:\/\/www.lafarga.com\/corporatiu\/","logo":{"@type":"ImageObject","inLanguage":"ca","@id":"https:\/\/www.lafarga.com\/corporatiu\/#\/schema\/logo\/image\/","url":"https:\/\/www.lafarga.com\/corporatiu\/wp-content\/uploads\/2023\/11\/logotipo_lafarga_gemsa.svg","contentUrl":"https:\/\/www.lafarga.com\/corporatiu\/wp-content\/uploads\/2023\/11\/logotipo_lafarga_gemsa.svg","width":102,"height":103,"caption":"La Farga Gesti\u00f3 d&#039;Equipaments Municipals, SA"},"image":{"@id":"https:\/\/www.lafarga.com\/corporatiu\/#\/schema\/logo\/image\/"}},{"@type":"Person","@id":"https:\/\/www.lafarga.com\/corporatiu\/#\/schema\/person\/70d96fe17d0da1a9c9e80d232bdbcf33","name":"\u00d2scar Milla","image":{"@type":"ImageObject","inLanguage":"ca","@id":"https:\/\/secure.gravatar.com\/avatar\/92e75d184f9d5e0e403bd4ad075b080ad258344ddc259adddb579f6a3ba6494f?s=96&d=mm&r=g","url":"https:\/\/secure.gravatar.com\/avatar\/92e75d184f9d5e0e403bd4ad075b080ad258344ddc259adddb579f6a3ba6494f?s=96&d=mm&r=g","contentUrl":"https:\/\/secure.gravatar.com\/avatar\/92e75d184f9d5e0e403bd4ad075b080ad258344ddc259adddb579f6a3ba6494f?s=96&d=mm&r=g","caption":"\u00d2scar Milla"},"url":"https:\/\/www.lafarga.com\/corporatiu\/author\/omilla\/"}]}},"uagb_featured_image_src":{"full":["https:\/\/www.lafarga.com\/corporatiu\/wp-content\/uploads\/2018\/04\/Area-Verda-Farga18.jpg",730,410,false],"thumbnail":["https:\/\/www.lafarga.com\/corporatiu\/wp-content\/uploads\/2018\/04\/Area-Verda-Farga18-150x150.jpg",150,150,true],"medium":["https:\/\/www.lafarga.com\/corporatiu\/wp-content\/uploads\/2018\/04\/Area-Verda-Farga18-300x168.jpg",300,168,true],"medium_large":["https:\/\/www.lafarga.com\/corporatiu\/wp-content\/uploads\/2018\/04\/Area-Verda-Farga18.jpg",730,410,false],"large":["https:\/\/www.lafarga.com\/corporatiu\/wp-content\/uploads\/2018\/04\/Area-Verda-Farga18.jpg",730,410,false],"1536x1536":["https:\/\/www.lafarga.com\/corporatiu\/wp-content\/uploads\/2018\/04\/Area-Verda-Farga18.jpg",730,410,false],"2048x2048":["https:\/\/www.lafarga.com\/corporatiu\/wp-content\/uploads\/2018\/04\/Area-Verda-Farga18.jpg",730,410,false],"mailpoet_newsletter_max":["https:\/\/www.lafarga.com\/corporatiu\/wp-content\/uploads\/2018\/04\/Area-Verda-Farga18.jpg",730,410,false]},"uagb_author_info":{"display_name":"\u00d2scar Milla","author_link":"https:\/\/www.lafarga.com\/corporatiu\/author\/omilla\/"},"uagb_comment_info":0,"uagb_excerpt":"Entran en vigor los cambios en la tarificaci\u00f3n del \u00e1rea integral de regulaci\u00f3n del estacionamiento (AIRE) de Granvia Sud.","_links":{"self":[{"href":"https:\/\/www.lafarga.com\/corporatiu\/wp-json\/wp\/v2\/posts\/11561","targetHints":{"allow":["GET"]}}],"collection":[{"href":"https:\/\/www.lafarga.com\/corporatiu\/wp-json\/wp\/v2\/posts"}],"about":[{"href":"https:\/\/www.lafarga.com\/corporatiu\/wp-json\/wp\/v2\/types\/post"}],"author":[{"embeddable":true,"href":"https:\/\/www.lafarga.com\/corporatiu\/wp-json\/wp\/v2\/users\/5"}],"replies":[{"embeddable":true,"href":"https:\/\/www.lafarga.com\/corporatiu\/wp-json\/wp\/v2\/comments?post=11561"}],"version-history":[{"count":1,"href":"https:\/\/www.lafarga.com\/corporatiu\/wp-json\/wp\/v2\/posts\/11561\/revisions"}],"predecessor-version":[{"id":11562,"href":"https:\/\/www.lafarga.com\/corporatiu\/wp-json\/wp\/v2\/posts\/11561\/revisions\/11562"}],"wp:featuredmedia":[{"embeddable":true,"href":"https:\/\/www.lafarga.com\/corporatiu\/wp-json\/wp\/v2\/media\/11559"}],"wp:attachment":[{"href":"https:\/\/www.lafarga.com\/corporatiu\/wp-json\/wp\/v2\/media?parent=11561"}],"wp:term":[{"taxonomy":"category","embeddable":true,"href":"https:\/\/www.lafarga.com\/corporatiu\/wp-json\/wp\/v2\/categories?post=11561"},{"taxonomy":"post_tag","embeddable":true,"href":"https:\/\/www.lafarga.com\/corporatiu\/wp-json\/wp\/v2\/tags?post=11561"}],"curies":[{"name":"wp","href":"https:\/\/api.w.org\/{rel}","templated":true}]}}