{"id":11448,"date":"2018-03-12T13:17:33","date_gmt":"2018-03-12T13:17:33","guid":{"rendered":"http:\/\/www.lafarga.com\/corporatiu\/?p=11448"},"modified":"2018-03-12T13:58:33","modified_gmt":"2018-03-12T13:58:33","slug":"seccio-districtes-diari-hospitalet","status":"publish","type":"post","link":"https:\/\/www.lafarga.com\/corporatiu\/seccio-districtes-diari-hospitalet\/","title":{"rendered":"Nova secci\u00f3 sobre els districtes al Diari de L&#8217;Hospitalet"},"content":{"rendered":"<h5>Edici\u00f3 n\u00famero 332<\/h5>\n<p>L\u2019estrena de la nova secci\u00f3 sobre els districtes \u00e9s el m\u00e9s destacat del <a href=\"http:\/\/lhdigital.cat\/web\/diari\/diari-l-h\" target=\"_blank\" rel=\"noopener\"><strong>Diari de L\u2019Hospitalet<\/strong><\/a> d\u2019aquest mes de mar\u00e7. Cada districte de la ciutat tindr\u00e0 unes p\u00e0gines sobre la seva informaci\u00f3 m\u00e9s propera amb not\u00edcies sobre les entitats i associacions dels barris i un apartat de l\u2019agenda m\u00e9s destacada. Cada llar de la ciutat rebr\u00e0 a la b\u00fastia l\u2019edici\u00f3 corresponent al seu districte.<\/p>\n<p>Pel que fa a la portada d\u2019aquest mes, el comprom\u00eds de Foment per a soterrar les vies, l\u2019any 2020, \u00e9s el principal de tema. El projecte preveu l\u2019actuaci\u00f3 en sis quil\u00f2metres de les l\u00ednies de Vilanova i Vilafranca, a m\u00e9s de la nova estaci\u00f3 a La Torrassa. L\u2019Ajuntament s\u2019ha assegurat la signatura d\u2019un conveni per fixar l\u2019acord i crear una comissi\u00f3 de seguiment.<\/p>\n<p>Altres not\u00edcies que recull la portada del Diari s\u00f3n el Pla de xoc de 100 milions per millorar l\u2019espai p\u00fablic, els actes celebrats a la ciutat del Dia de la Dona i l\u2019arribada un any m\u00e9s de la Setmana Santa a L\u2019Hospitalet que organitza la Cofrad\u00eda 15+1 i\u00a0la Cofrad\u00eda de la Amargura.<\/p>\n<p>Pel que fa a les entrevistes als diferents portaveus municipals en aquesta edici\u00f3 hi trobem la del l\u00edder de Ciutadans, i vicepresident de La Farga, GEM, S.A., Miguel Garc\u00eda, i la portaveu d\u2019ICV-EuiA-Pirates, Ana Gonz\u00e1lez.<\/p>\n<h5>La Farga, a ple rendiment<\/h5>\n<p>En refer\u00e8ncia a les informacions de <a href=\"http:\/\/www.lafargalhospitalet.com\/home\/#\" target=\"_blank\" rel=\"noopener\"><strong>La Farga Centre d\u2019Activitats<\/strong><\/a> trobem que el Diari destaca que el proper esdeveniment \u00e9s el <a href=\"https:\/\/www.lafarga.com\/corporatiu\/barcelona-beer-festival-torna-a-la-la-farga\/\" target=\"_blank\" rel=\"noopener\"><strong>Barcelona Beer Festival<\/strong><\/a>, del 16 a 18 de mar\u00e7, i tamb\u00e9 fa un ampli resum del que ha estat el Mobile World Congress a la ciutat, amb especial atenci\u00f3 al <a href=\"https:\/\/www.lafarga.com\/corporatiu\/lespai-per-al-yomo-es-mes-gran-i-lluminos-a-la-farga\/\" target=\"_blank\" rel=\"noopener\"><strong>YoMo<\/strong><\/a> que s\u2019ha celebrat a La Farga. L\u2019arribada un any m\u00e9s dels <a href=\"https:\/\/www.lafarga.com\/corporatiu\/quatre-concerts-celebrar-20-anys-musica-farga\/\" target=\"_blank\" rel=\"noopener\"><strong>concerts multitudinaris<\/strong><\/a> de les Festes de Primavera tamb\u00e9 ho trobem en p\u00e0gines interiors. A La Farga es faran els concerts de Mikel Erentxun, Jarabe de Palo, Demarco Flamenco, D\u00e0maris Gelabert i Sweet California.<\/p>\n<p>En l\u2019apartat cultural, tamb\u00e9 es destaca en portada que l\u2019espectacle \u2018Totem\u2019 del Cirque du Soleil arriba a la ciutat el 23 de mar\u00e7; mentre que en esports trobem que el Club B\u00e0squet L\u2019Hospitalet pugna per classificar-se per a la promoci\u00f3 d\u2019ascens a LEB Or.<\/p>\n<p>El Diari de L\u2019Hospitalet \u00e9s un mitj\u00e0 editat per La Farga Gesti\u00f3 d\u2019Equipaments Municipals, amb una tirada de 105.000 exemplars cada mes, arribant a totes les llars de la ciutat.<\/p>\n<p>Aqu\u00ed podeu veure la <a href=\"http:\/\/lhdigital.cat\/diarilh_digital\/332\/index.html\" target=\"_blank\" rel=\"noopener\"><strong>versi\u00f3 digital<\/strong><\/a> del Diari de L&#8217;Hospitalet.<\/p>\n","protected":false},"excerpt":{"rendered":"<p>Pel que fa a la portada d\u2019aquest mes, el comprom\u00eds de Foment per a soterrar les vies, l\u2019any 2020, \u00e9s el principal de tema.<\/p>\n","protected":false},"author":5,"featured_media":11449,"comment_status":"closed","ping_status":"closed","sticky":false,"template":"","format":"standard","meta":{"inline_featured_image":false,"_uag_custom_page_level_css":"","_monsterinsights_skip_tracking":false,"_monsterinsights_sitenote_active":false,"_monsterinsights_sitenote_note":"","_monsterinsights_sitenote_category":0,"site-sidebar-layout":"default","site-content-layout":"","ast-site-content-layout":"default","site-content-style":"default","site-sidebar-style":"default","ast-global-header-display":"","ast-banner-title-visibility":"","ast-main-header-display":"","ast-hfb-above-header-display":"","ast-hfb-below-header-display":"","ast-hfb-mobile-header-display":"","site-post-title":"","ast-breadcrumbs-content":"","ast-featured-img":"","footer-sml-layout":"","ast-disable-related-posts":"","theme-transparent-header-meta":"","adv-header-id-meta":"","stick-header-meta":"","header-above-stick-meta":"","header-main-stick-meta":"","header-below-stick-meta":"","astra-migrate-meta-layouts":"default","ast-page-background-enabled":"default","ast-page-background-meta":{"desktop":{"background-color":"var(--ast-global-color-4)","background-image":"","background-repeat":"repeat","background-position":"center center","background-size":"auto","background-attachment":"scroll","background-type":"","background-media":"","overlay-type":"","overlay-color":"","overlay-opacity":"","overlay-gradient":""},"tablet":{"background-color":"","background-image":"","background-repeat":"repeat","background-position":"center center","background-size":"auto","background-attachment":"scroll","background-type":"","background-media":"","overlay-type":"","overlay-color":"","overlay-opacity":"","overlay-gradient":""},"mobile":{"background-color":"","background-image":"","background-repeat":"repeat","background-position":"center center","background-size":"auto","background-attachment":"scroll","background-type":"","background-media":"","overlay-type":"","overlay-color":"","overlay-opacity":"","overlay-gradient":""}},"ast-content-background-meta":{"desktop":{"background-color":"var(--ast-global-color-5)","background-image":"","background-repeat":"repeat","background-position":"center center","background-size":"auto","background-attachment":"scroll","background-type":"","background-media":"","overlay-type":"","overlay-color":"","overlay-opacity":"","overlay-gradient":""},"tablet":{"background-color":"var(--ast-global-color-5)","background-image":"","background-repeat":"repeat","background-position":"center center","background-size":"auto","background-attachment":"scroll","background-type":"","background-media":"","overlay-type":"","overlay-color":"","overlay-opacity":"","overlay-gradient":""},"mobile":{"background-color":"var(--ast-global-color-5)","background-image":"","background-repeat":"repeat","background-position":"center center","background-size":"auto","background-attachment":"scroll","background-type":"","background-media":"","overlay-type":"","overlay-color":"","overlay-opacity":"","overlay-gradient":""}},"footnotes":""},"categories":[51],"tags":[],"class_list":["post-11448","post","type-post","status-publish","format-standard","has-post-thumbnail","hentry","category-mitjans-comunicacio"],"yoast_head":"<!-- This site is optimized with the Yoast SEO plugin v27.4 - https:\/\/yoast.com\/product\/yoast-seo-wordpress\/ -->\n<title>Nova secci\u00f3 sobre els districtes al Diari de L&#039;Hospitalet - La Farga Gesti\u00f3n de Equipamientos Municipales, S.A.<\/title>\n<meta name=\"description\" content=\"L\u2019estrena de la nova secci\u00f3 sobre els districtes \u00e9s el m\u00e9s destacat del Diari de L\u2019Hospitalet d\u2019aquest mes de mar\u00e7. Cada districte de la ciutat tindr\u00e0 unes p\u00e0gines sobre la seva informaci\u00f3 m\u00e9s propera amb not\u00edcies sobre les entitats i associacions dels barris i un apartat de l\u2019agenda m\u00e9s destacada.\" \/>\n<meta name=\"robots\" content=\"index, follow, max-snippet:-1, max-image-preview:large, max-video-preview:-1\" \/>\n<link rel=\"canonical\" href=\"https:\/\/www.lafarga.com\/corporatiu\/seccio-districtes-diari-hospitalet\/\" \/>\n<meta property=\"og:locale\" content=\"ca_ES\" \/>\n<meta property=\"og:type\" content=\"article\" \/>\n<meta property=\"og:title\" content=\"Nova secci\u00f3 sobre els districtes al Diari de L&#039;Hospitalet - La Farga Gesti\u00f3n de Equipamientos Municipales, S.A.\" \/>\n<meta property=\"og:description\" content=\"L\u2019estrena de la nova secci\u00f3 sobre els districtes \u00e9s el m\u00e9s destacat del Diari de L\u2019Hospitalet d\u2019aquest mes de mar\u00e7. Cada districte de la ciutat tindr\u00e0 unes p\u00e0gines sobre la seva informaci\u00f3 m\u00e9s propera amb not\u00edcies sobre les entitats i associacions dels barris i un apartat de l\u2019agenda m\u00e9s destacada.\" \/>\n<meta property=\"og:url\" content=\"https:\/\/www.lafarga.com\/corporatiu\/seccio-districtes-diari-hospitalet\/\" \/>\n<meta property=\"og:site_name\" content=\"La Farga Gesti\u00f3n de Equipamientos Municipales, S.A.\" \/>\n<meta property=\"article:published_time\" content=\"2018-03-12T13:17:33+00:00\" \/>\n<meta property=\"article:modified_time\" content=\"2018-03-12T13:58:33+00:00\" \/>\n<meta property=\"og:image\" content=\"https:\/\/www.lafarga.com\/corporatiu\/wp-content\/uploads\/2018\/03\/Diari-LH-Marc18.jpg\" \/>\n\t<meta property=\"og:image:width\" content=\"730\" \/>\n\t<meta property=\"og:image:height\" content=\"410\" \/>\n\t<meta property=\"og:image:type\" content=\"image\/jpeg\" \/>\n<meta name=\"author\" content=\"\u00d2scar Milla\" \/>\n<meta name=\"twitter:label1\" content=\"Escrit per\" \/>\n\t<meta name=\"twitter:data1\" content=\"\u00d2scar Milla\" \/>\n\t<meta name=\"twitter:label2\" content=\"Temps estimat de lectura\" \/>\n\t<meta name=\"twitter:data2\" content=\"2 minuts\" \/>\n<script type=\"application\/ld+json\" class=\"yoast-schema-graph\">{\"@context\":\"https:\\\/\\\/schema.org\",\"@graph\":[{\"@type\":\"Article\",\"@id\":\"https:\\\/\\\/www.lafarga.com\\\/corporatiu\\\/seccio-districtes-diari-hospitalet\\\/#article\",\"isPartOf\":{\"@id\":\"https:\\\/\\\/www.lafarga.com\\\/corporatiu\\\/seccio-districtes-diari-hospitalet\\\/\"},\"author\":{\"name\":\"\u00d2scar Milla\",\"@id\":\"https:\\\/\\\/www.lafarga.com\\\/corporatiu\\\/#\\\/schema\\\/person\\\/70d96fe17d0da1a9c9e80d232bdbcf33\"},\"headline\":\"Nova secci\u00f3 sobre els districtes al Diari de L&#8217;Hospitalet\",\"datePublished\":\"2018-03-12T13:17:33+00:00\",\"dateModified\":\"2018-03-12T13:58:33+00:00\",\"mainEntityOfPage\":{\"@id\":\"https:\\\/\\\/www.lafarga.com\\\/corporatiu\\\/seccio-districtes-diari-hospitalet\\\/\"},\"wordCount\":457,\"publisher\":{\"@id\":\"https:\\\/\\\/www.lafarga.com\\\/corporatiu\\\/#organization\"},\"image\":{\"@id\":\"https:\\\/\\\/www.lafarga.com\\\/corporatiu\\\/seccio-districtes-diari-hospitalet\\\/#primaryimage\"},\"thumbnailUrl\":\"https:\\\/\\\/www.lafarga.com\\\/corporatiu\\\/wp-content\\\/uploads\\\/2018\\\/03\\\/Diari-LH-Marc18.jpg\",\"articleSection\":[\"Mitjans de Comunicaci\u00f3\"],\"inLanguage\":\"ca\"},{\"@type\":\"WebPage\",\"@id\":\"https:\\\/\\\/www.lafarga.com\\\/corporatiu\\\/seccio-districtes-diari-hospitalet\\\/\",\"url\":\"https:\\\/\\\/www.lafarga.com\\\/corporatiu\\\/seccio-districtes-diari-hospitalet\\\/\",\"name\":\"Nova secci\u00f3 sobre els districtes al Diari de L'Hospitalet - La Farga Gesti\u00f3n de Equipamientos Municipales, S.A.\",\"isPartOf\":{\"@id\":\"https:\\\/\\\/www.lafarga.com\\\/corporatiu\\\/#website\"},\"primaryImageOfPage\":{\"@id\":\"https:\\\/\\\/www.lafarga.com\\\/corporatiu\\\/seccio-districtes-diari-hospitalet\\\/#primaryimage\"},\"image\":{\"@id\":\"https:\\\/\\\/www.lafarga.com\\\/corporatiu\\\/seccio-districtes-diari-hospitalet\\\/#primaryimage\"},\"thumbnailUrl\":\"https:\\\/\\\/www.lafarga.com\\\/corporatiu\\\/wp-content\\\/uploads\\\/2018\\\/03\\\/Diari-LH-Marc18.jpg\",\"datePublished\":\"2018-03-12T13:17:33+00:00\",\"dateModified\":\"2018-03-12T13:58:33+00:00\",\"description\":\"L\u2019estrena de la nova secci\u00f3 sobre els districtes \u00e9s el m\u00e9s destacat del Diari de L\u2019Hospitalet d\u2019aquest mes de mar\u00e7. Cada districte de la ciutat tindr\u00e0 unes p\u00e0gines sobre la seva informaci\u00f3 m\u00e9s propera amb not\u00edcies sobre les entitats i associacions dels barris i un apartat de l\u2019agenda m\u00e9s destacada.\",\"breadcrumb\":{\"@id\":\"https:\\\/\\\/www.lafarga.com\\\/corporatiu\\\/seccio-districtes-diari-hospitalet\\\/#breadcrumb\"},\"inLanguage\":\"ca\",\"potentialAction\":[{\"@type\":\"ReadAction\",\"target\":[\"https:\\\/\\\/www.lafarga.com\\\/corporatiu\\\/seccio-districtes-diari-hospitalet\\\/\"]}]},{\"@type\":\"ImageObject\",\"inLanguage\":\"ca\",\"@id\":\"https:\\\/\\\/www.lafarga.com\\\/corporatiu\\\/seccio-districtes-diari-hospitalet\\\/#primaryimage\",\"url\":\"https:\\\/\\\/www.lafarga.com\\\/corporatiu\\\/wp-content\\\/uploads\\\/2018\\\/03\\\/Diari-LH-Marc18.jpg\",\"contentUrl\":\"https:\\\/\\\/www.lafarga.com\\\/corporatiu\\\/wp-content\\\/uploads\\\/2018\\\/03\\\/Diari-LH-Marc18.jpg\",\"width\":730,\"height\":410,\"caption\":\"Districtes Farga Diari\"},{\"@type\":\"BreadcrumbList\",\"@id\":\"https:\\\/\\\/www.lafarga.com\\\/corporatiu\\\/seccio-districtes-diari-hospitalet\\\/#breadcrumb\",\"itemListElement\":[{\"@type\":\"ListItem\",\"position\":1,\"name\":\"Home\",\"item\":\"https:\\\/\\\/www.lafarga.com\\\/corporatiu\\\/lafarga-hospitalet-llobregat\\\/\"},{\"@type\":\"ListItem\",\"position\":2,\"name\":\"Nova secci\u00f3 sobre els districtes al Diari de L&#8217;Hospitalet\"}]},{\"@type\":\"WebSite\",\"@id\":\"https:\\\/\\\/www.lafarga.com\\\/corporatiu\\\/#website\",\"url\":\"https:\\\/\\\/www.lafarga.com\\\/corporatiu\\\/\",\"name\":\"La Farga Gesti\u00f3 d&#039;Equipaments Municipals, SA\",\"description\":\"\",\"publisher\":{\"@id\":\"https:\\\/\\\/www.lafarga.com\\\/corporatiu\\\/#organization\"},\"potentialAction\":[{\"@type\":\"SearchAction\",\"target\":{\"@type\":\"EntryPoint\",\"urlTemplate\":\"https:\\\/\\\/www.lafarga.com\\\/corporatiu\\\/?s={search_term_string}\"},\"query-input\":{\"@type\":\"PropertyValueSpecification\",\"valueRequired\":true,\"valueName\":\"search_term_string\"}}],\"inLanguage\":\"ca\"},{\"@type\":\"Organization\",\"@id\":\"https:\\\/\\\/www.lafarga.com\\\/corporatiu\\\/#organization\",\"name\":\"La Farga Gesti\u00f3 d&#039;Equipaments Municipals, SA\",\"url\":\"https:\\\/\\\/www.lafarga.com\\\/corporatiu\\\/\",\"logo\":{\"@type\":\"ImageObject\",\"inLanguage\":\"ca\",\"@id\":\"https:\\\/\\\/www.lafarga.com\\\/corporatiu\\\/#\\\/schema\\\/logo\\\/image\\\/\",\"url\":\"https:\\\/\\\/www.lafarga.com\\\/corporatiu\\\/wp-content\\\/uploads\\\/2023\\\/11\\\/logotipo_lafarga_gemsa.svg\",\"contentUrl\":\"https:\\\/\\\/www.lafarga.com\\\/corporatiu\\\/wp-content\\\/uploads\\\/2023\\\/11\\\/logotipo_lafarga_gemsa.svg\",\"width\":102,\"height\":103,\"caption\":\"La Farga Gesti\u00f3 d&#039;Equipaments Municipals, SA\"},\"image\":{\"@id\":\"https:\\\/\\\/www.lafarga.com\\\/corporatiu\\\/#\\\/schema\\\/logo\\\/image\\\/\"}},{\"@type\":\"Person\",\"@id\":\"https:\\\/\\\/www.lafarga.com\\\/corporatiu\\\/#\\\/schema\\\/person\\\/70d96fe17d0da1a9c9e80d232bdbcf33\",\"name\":\"\u00d2scar Milla\",\"image\":{\"@type\":\"ImageObject\",\"inLanguage\":\"ca\",\"@id\":\"https:\\\/\\\/secure.gravatar.com\\\/avatar\\\/92e75d184f9d5e0e403bd4ad075b080ad258344ddc259adddb579f6a3ba6494f?s=96&d=mm&r=g\",\"url\":\"https:\\\/\\\/secure.gravatar.com\\\/avatar\\\/92e75d184f9d5e0e403bd4ad075b080ad258344ddc259adddb579f6a3ba6494f?s=96&d=mm&r=g\",\"contentUrl\":\"https:\\\/\\\/secure.gravatar.com\\\/avatar\\\/92e75d184f9d5e0e403bd4ad075b080ad258344ddc259adddb579f6a3ba6494f?s=96&d=mm&r=g\",\"caption\":\"\u00d2scar Milla\"},\"url\":\"https:\\\/\\\/www.lafarga.com\\\/corporatiu\\\/author\\\/omilla\\\/\"}]}<\/script>\n<!-- \/ Yoast SEO plugin. -->","yoast_head_json":{"title":"Nova secci\u00f3 sobre els districtes al Diari de L'Hospitalet - La Farga Gesti\u00f3n de Equipamientos Municipales, S.A.","description":"L\u2019estrena de la nova secci\u00f3 sobre els districtes \u00e9s el m\u00e9s destacat del Diari de L\u2019Hospitalet d\u2019aquest mes de mar\u00e7. Cada districte de la ciutat tindr\u00e0 unes p\u00e0gines sobre la seva informaci\u00f3 m\u00e9s propera amb not\u00edcies sobre les entitats i associacions dels barris i un apartat de l\u2019agenda m\u00e9s destacada.","robots":{"index":"index","follow":"follow","max-snippet":"max-snippet:-1","max-image-preview":"max-image-preview:large","max-video-preview":"max-video-preview:-1"},"canonical":"https:\/\/www.lafarga.com\/corporatiu\/seccio-districtes-diari-hospitalet\/","og_locale":"ca_ES","og_type":"article","og_title":"Nova secci\u00f3 sobre els districtes al Diari de L'Hospitalet - La Farga Gesti\u00f3n de Equipamientos Municipales, S.A.","og_description":"L\u2019estrena de la nova secci\u00f3 sobre els districtes \u00e9s el m\u00e9s destacat del Diari de L\u2019Hospitalet d\u2019aquest mes de mar\u00e7. Cada districte de la ciutat tindr\u00e0 unes p\u00e0gines sobre la seva informaci\u00f3 m\u00e9s propera amb not\u00edcies sobre les entitats i associacions dels barris i un apartat de l\u2019agenda m\u00e9s destacada.","og_url":"https:\/\/www.lafarga.com\/corporatiu\/seccio-districtes-diari-hospitalet\/","og_site_name":"La Farga Gesti\u00f3n de Equipamientos Municipales, S.A.","article_published_time":"2018-03-12T13:17:33+00:00","article_modified_time":"2018-03-12T13:58:33+00:00","og_image":[{"width":730,"height":410,"url":"https:\/\/www.lafarga.com\/corporatiu\/wp-content\/uploads\/2018\/03\/Diari-LH-Marc18.jpg","type":"image\/jpeg"}],"author":"\u00d2scar Milla","twitter_misc":{"Escrit per":"\u00d2scar Milla","Temps estimat de lectura":"2 minuts"},"schema":{"@context":"https:\/\/schema.org","@graph":[{"@type":"Article","@id":"https:\/\/www.lafarga.com\/corporatiu\/seccio-districtes-diari-hospitalet\/#article","isPartOf":{"@id":"https:\/\/www.lafarga.com\/corporatiu\/seccio-districtes-diari-hospitalet\/"},"author":{"name":"\u00d2scar Milla","@id":"https:\/\/www.lafarga.com\/corporatiu\/#\/schema\/person\/70d96fe17d0da1a9c9e80d232bdbcf33"},"headline":"Nova secci\u00f3 sobre els districtes al Diari de L&#8217;Hospitalet","datePublished":"2018-03-12T13:17:33+00:00","dateModified":"2018-03-12T13:58:33+00:00","mainEntityOfPage":{"@id":"https:\/\/www.lafarga.com\/corporatiu\/seccio-districtes-diari-hospitalet\/"},"wordCount":457,"publisher":{"@id":"https:\/\/www.lafarga.com\/corporatiu\/#organization"},"image":{"@id":"https:\/\/www.lafarga.com\/corporatiu\/seccio-districtes-diari-hospitalet\/#primaryimage"},"thumbnailUrl":"https:\/\/www.lafarga.com\/corporatiu\/wp-content\/uploads\/2018\/03\/Diari-LH-Marc18.jpg","articleSection":["Mitjans de Comunicaci\u00f3"],"inLanguage":"ca"},{"@type":"WebPage","@id":"https:\/\/www.lafarga.com\/corporatiu\/seccio-districtes-diari-hospitalet\/","url":"https:\/\/www.lafarga.com\/corporatiu\/seccio-districtes-diari-hospitalet\/","name":"Nova secci\u00f3 sobre els districtes al Diari de L'Hospitalet - La Farga Gesti\u00f3n de Equipamientos Municipales, S.A.","isPartOf":{"@id":"https:\/\/www.lafarga.com\/corporatiu\/#website"},"primaryImageOfPage":{"@id":"https:\/\/www.lafarga.com\/corporatiu\/seccio-districtes-diari-hospitalet\/#primaryimage"},"image":{"@id":"https:\/\/www.lafarga.com\/corporatiu\/seccio-districtes-diari-hospitalet\/#primaryimage"},"thumbnailUrl":"https:\/\/www.lafarga.com\/corporatiu\/wp-content\/uploads\/2018\/03\/Diari-LH-Marc18.jpg","datePublished":"2018-03-12T13:17:33+00:00","dateModified":"2018-03-12T13:58:33+00:00","description":"L\u2019estrena de la nova secci\u00f3 sobre els districtes \u00e9s el m\u00e9s destacat del Diari de L\u2019Hospitalet d\u2019aquest mes de mar\u00e7. Cada districte de la ciutat tindr\u00e0 unes p\u00e0gines sobre la seva informaci\u00f3 m\u00e9s propera amb not\u00edcies sobre les entitats i associacions dels barris i un apartat de l\u2019agenda m\u00e9s destacada.","breadcrumb":{"@id":"https:\/\/www.lafarga.com\/corporatiu\/seccio-districtes-diari-hospitalet\/#breadcrumb"},"inLanguage":"ca","potentialAction":[{"@type":"ReadAction","target":["https:\/\/www.lafarga.com\/corporatiu\/seccio-districtes-diari-hospitalet\/"]}]},{"@type":"ImageObject","inLanguage":"ca","@id":"https:\/\/www.lafarga.com\/corporatiu\/seccio-districtes-diari-hospitalet\/#primaryimage","url":"https:\/\/www.lafarga.com\/corporatiu\/wp-content\/uploads\/2018\/03\/Diari-LH-Marc18.jpg","contentUrl":"https:\/\/www.lafarga.com\/corporatiu\/wp-content\/uploads\/2018\/03\/Diari-LH-Marc18.jpg","width":730,"height":410,"caption":"Districtes Farga Diari"},{"@type":"BreadcrumbList","@id":"https:\/\/www.lafarga.com\/corporatiu\/seccio-districtes-diari-hospitalet\/#breadcrumb","itemListElement":[{"@type":"ListItem","position":1,"name":"Home","item":"https:\/\/www.lafarga.com\/corporatiu\/lafarga-hospitalet-llobregat\/"},{"@type":"ListItem","position":2,"name":"Nova secci\u00f3 sobre els districtes al Diari de L&#8217;Hospitalet"}]},{"@type":"WebSite","@id":"https:\/\/www.lafarga.com\/corporatiu\/#website","url":"https:\/\/www.lafarga.com\/corporatiu\/","name":"La Farga Gesti\u00f3 d&#039;Equipaments Municipals, SA","description":"","publisher":{"@id":"https:\/\/www.lafarga.com\/corporatiu\/#organization"},"potentialAction":[{"@type":"SearchAction","target":{"@type":"EntryPoint","urlTemplate":"https:\/\/www.lafarga.com\/corporatiu\/?s={search_term_string}"},"query-input":{"@type":"PropertyValueSpecification","valueRequired":true,"valueName":"search_term_string"}}],"inLanguage":"ca"},{"@type":"Organization","@id":"https:\/\/www.lafarga.com\/corporatiu\/#organization","name":"La Farga Gesti\u00f3 d&#039;Equipaments Municipals, SA","url":"https:\/\/www.lafarga.com\/corporatiu\/","logo":{"@type":"ImageObject","inLanguage":"ca","@id":"https:\/\/www.lafarga.com\/corporatiu\/#\/schema\/logo\/image\/","url":"https:\/\/www.lafarga.com\/corporatiu\/wp-content\/uploads\/2023\/11\/logotipo_lafarga_gemsa.svg","contentUrl":"https:\/\/www.lafarga.com\/corporatiu\/wp-content\/uploads\/2023\/11\/logotipo_lafarga_gemsa.svg","width":102,"height":103,"caption":"La Farga Gesti\u00f3 d&#039;Equipaments Municipals, SA"},"image":{"@id":"https:\/\/www.lafarga.com\/corporatiu\/#\/schema\/logo\/image\/"}},{"@type":"Person","@id":"https:\/\/www.lafarga.com\/corporatiu\/#\/schema\/person\/70d96fe17d0da1a9c9e80d232bdbcf33","name":"\u00d2scar Milla","image":{"@type":"ImageObject","inLanguage":"ca","@id":"https:\/\/secure.gravatar.com\/avatar\/92e75d184f9d5e0e403bd4ad075b080ad258344ddc259adddb579f6a3ba6494f?s=96&d=mm&r=g","url":"https:\/\/secure.gravatar.com\/avatar\/92e75d184f9d5e0e403bd4ad075b080ad258344ddc259adddb579f6a3ba6494f?s=96&d=mm&r=g","contentUrl":"https:\/\/secure.gravatar.com\/avatar\/92e75d184f9d5e0e403bd4ad075b080ad258344ddc259adddb579f6a3ba6494f?s=96&d=mm&r=g","caption":"\u00d2scar Milla"},"url":"https:\/\/www.lafarga.com\/corporatiu\/author\/omilla\/"}]}},"uagb_featured_image_src":{"full":["https:\/\/www.lafarga.com\/corporatiu\/wp-content\/uploads\/2018\/03\/Diari-LH-Marc18.jpg",730,410,false],"thumbnail":["https:\/\/www.lafarga.com\/corporatiu\/wp-content\/uploads\/2018\/03\/Diari-LH-Marc18-150x150.jpg",150,150,true],"medium":["https:\/\/www.lafarga.com\/corporatiu\/wp-content\/uploads\/2018\/03\/Diari-LH-Marc18-300x168.jpg",300,168,true],"medium_large":["https:\/\/www.lafarga.com\/corporatiu\/wp-content\/uploads\/2018\/03\/Diari-LH-Marc18.jpg",730,410,false],"large":["https:\/\/www.lafarga.com\/corporatiu\/wp-content\/uploads\/2018\/03\/Diari-LH-Marc18.jpg",730,410,false],"1536x1536":["https:\/\/www.lafarga.com\/corporatiu\/wp-content\/uploads\/2018\/03\/Diari-LH-Marc18.jpg",730,410,false],"2048x2048":["https:\/\/www.lafarga.com\/corporatiu\/wp-content\/uploads\/2018\/03\/Diari-LH-Marc18.jpg",730,410,false],"mailpoet_newsletter_max":["https:\/\/www.lafarga.com\/corporatiu\/wp-content\/uploads\/2018\/03\/Diari-LH-Marc18.jpg",730,410,false]},"uagb_author_info":{"display_name":"\u00d2scar Milla","author_link":"https:\/\/www.lafarga.com\/corporatiu\/author\/omilla\/"},"uagb_comment_info":0,"uagb_excerpt":"Pel que fa a la portada d\u2019aquest mes, el comprom\u00eds de Foment per a soterrar les vies, l\u2019any 2020, \u00e9s el principal de tema.","_links":{"self":[{"href":"https:\/\/www.lafarga.com\/corporatiu\/wp-json\/wp\/v2\/posts\/11448","targetHints":{"allow":["GET"]}}],"collection":[{"href":"https:\/\/www.lafarga.com\/corporatiu\/wp-json\/wp\/v2\/posts"}],"about":[{"href":"https:\/\/www.lafarga.com\/corporatiu\/wp-json\/wp\/v2\/types\/post"}],"author":[{"embeddable":true,"href":"https:\/\/www.lafarga.com\/corporatiu\/wp-json\/wp\/v2\/users\/5"}],"replies":[{"embeddable":true,"href":"https:\/\/www.lafarga.com\/corporatiu\/wp-json\/wp\/v2\/comments?post=11448"}],"version-history":[{"count":6,"href":"https:\/\/www.lafarga.com\/corporatiu\/wp-json\/wp\/v2\/posts\/11448\/revisions"}],"predecessor-version":[{"id":11465,"href":"https:\/\/www.lafarga.com\/corporatiu\/wp-json\/wp\/v2\/posts\/11448\/revisions\/11465"}],"wp:featuredmedia":[{"embeddable":true,"href":"https:\/\/www.lafarga.com\/corporatiu\/wp-json\/wp\/v2\/media\/11449"}],"wp:attachment":[{"href":"https:\/\/www.lafarga.com\/corporatiu\/wp-json\/wp\/v2\/media?parent=11448"}],"wp:term":[{"taxonomy":"category","embeddable":true,"href":"https:\/\/www.lafarga.com\/corporatiu\/wp-json\/wp\/v2\/categories?post=11448"},{"taxonomy":"post_tag","embeddable":true,"href":"https:\/\/www.lafarga.com\/corporatiu\/wp-json\/wp\/v2\/tags?post=11448"}],"curies":[{"name":"wp","href":"https:\/\/api.w.org\/{rel}","templated":true}]}}