{"id":11380,"date":"2018-03-01T10:35:01","date_gmt":"2018-03-01T10:35:01","guid":{"rendered":"http:\/\/www.lafarga.com\/corporatiu\/?p=11380"},"modified":"2018-03-01T10:35:01","modified_gmt":"2018-03-01T10:35:01","slug":"espacio-para-yomo-mas-grande-y-luminoso-farga","status":"publish","type":"post","link":"https:\/\/www.lafarga.com\/corporatiu\/espacio-para-yomo-mas-grande-y-luminoso-farga\/","title":{"rendered":"\u201cEl espacio para el Yomo es m\u00e1s grande y luminoso en La Farga\u201d"},"content":{"rendered":"<h5>Durante cuatro d\u00edas 15.000 escolares visitan La Farga<\/h5>\n<p>La alcaldesa de L\u2019Hospitalet, N\u00faria Mar\u00edn, ha visitado esta ma\u00f1ana Yomo (<a href=\"https:\/\/www.lafarga.com\/corporatiu\/semana-mobile-tambien-para-farga\/\" target=\"_blank\" rel=\"noopener\"><strong>The Youth Mobile Festival<\/strong><\/a>), el programa de ciencia y tecnolog\u00eda destinado a los estudiantes que se celebra por primer a\u00f1o en La Farga de L\u2019Hospitalet, en el marco del Mobile World Congress.<\/p>\n<p>Durante cuatro d\u00edas, 15.000 escolares entre 10 y 16 a\u00f1os pasar\u00e1n por el certamen. Durante la visita, Mar\u00edn ha coincidido con el CEO de GSMA Ltd., John Hoffman, quien ha valorado de forma muy positiva el traslado de esta actividad en La Farga Centro de Actividades: \u201cEl espacio para el Yomo es mayor y luminoso en La Farga, log\u00edsticamente tambi\u00e9n es mejor\u201d.<\/p>\n<p>N\u00faria Mar\u00edn ha destacado \u201cla importancia que este certamen se celebre por primera vez en L\u2019Hospitalet, en unas instalaciones que por sus dimensiones y por su centralidad son del todo id\u00f3neas para acoger un evento que se dirige a los estudiantes de Catalu\u00f1a y Espa\u00f1a\u201d.<\/p>\n<p>La alcaldesa ha explicado c\u00f3mo de importante es acercar a los estudiantes a las nuevas tecnolog\u00edas ya que estas les abren un mont\u00f3n de nuevas oportunidades profesionales. \u201cAqu\u00ed los estudiantes pueden experimentar la ciencia y la tecnolog\u00eda m\u00e1s sorprendente y es una forma muy efectiva de despertar su inter\u00e9s por una serie de materias muy ligadas a las nuevas tecnolog\u00edas, que tienen un amplio abanico de salidas profesionales y que contribuyen a nuestro desarrollo social y econ\u00f3mico\u201d.<\/p>\n<p>N\u00faria Mar\u00edn tambi\u00e9n ha coincidido con el chef hospitalense Ferran Adri\u00e0 y con Joaquim Faura, director de Telef\u00f3nica Catalu\u00f1a, en el stand que este grupo empresarial multinacional de telecomunicaciones ha instalado en el certamen.<\/p>\n<h5>Hasta el viernes en La Farga<\/h5>\n<p>El Yomo (The Youth Mobile Festival) se celebra del 27 de febrero al 2 de marzo en La Farga Centro de Actividades. Se trata de un festival de ciencia y tecnolog\u00eda con espect\u00e1culos de teatro en vivo, talleres interactivos y varias actividades pr\u00e1cticas para alumnos de primaria y secundaria con el objetivo de trasladar el aprendizaje del aula a la vida real.<\/p>\n<p>En el certamen participan diferentes empresas ligadas al sector de las tecnolog\u00edas, centros de formaci\u00f3n profesional, as\u00ed como una decena de centros e institutos del Consejo Superior de Investigaciones Cient\u00edficas (CSIC), entre otros.<\/p>\n","protected":false},"excerpt":{"rendered":"<p>Este mi\u00e9rcoles la alcaldesa N\u00faria Mar\u00edn ha coincidido en La Farga con el CEO de GSMA Ltd., John Hoffman, quien ha valorado de forma muy positiva el traslado del Yomo.<\/p>\n","protected":false},"author":5,"featured_media":11378,"comment_status":"closed","ping_status":"closed","sticky":false,"template":"","format":"standard","meta":{"inline_featured_image":false,"_uag_custom_page_level_css":"","_monsterinsights_skip_tracking":false,"_monsterinsights_sitenote_active":false,"_monsterinsights_sitenote_note":"","_monsterinsights_sitenote_category":0,"site-sidebar-layout":"default","site-content-layout":"","ast-site-content-layout":"default","site-content-style":"default","site-sidebar-style":"default","ast-global-header-display":"","ast-banner-title-visibility":"","ast-main-header-display":"","ast-hfb-above-header-display":"","ast-hfb-below-header-display":"","ast-hfb-mobile-header-display":"","site-post-title":"","ast-breadcrumbs-content":"","ast-featured-img":"","footer-sml-layout":"","ast-disable-related-posts":"","theme-transparent-header-meta":"","adv-header-id-meta":"","stick-header-meta":"","header-above-stick-meta":"","header-main-stick-meta":"","header-below-stick-meta":"","astra-migrate-meta-layouts":"default","ast-page-background-enabled":"default","ast-page-background-meta":{"desktop":{"background-color":"var(--ast-global-color-4)","background-image":"","background-repeat":"repeat","background-position":"center center","background-size":"auto","background-attachment":"scroll","background-type":"","background-media":"","overlay-type":"","overlay-color":"","overlay-opacity":"","overlay-gradient":""},"tablet":{"background-color":"","background-image":"","background-repeat":"repeat","background-position":"center center","background-size":"auto","background-attachment":"scroll","background-type":"","background-media":"","overlay-type":"","overlay-color":"","overlay-opacity":"","overlay-gradient":""},"mobile":{"background-color":"","background-image":"","background-repeat":"repeat","background-position":"center center","background-size":"auto","background-attachment":"scroll","background-type":"","background-media":"","overlay-type":"","overlay-color":"","overlay-opacity":"","overlay-gradient":""}},"ast-content-background-meta":{"desktop":{"background-color":"var(--ast-global-color-5)","background-image":"","background-repeat":"repeat","background-position":"center center","background-size":"auto","background-attachment":"scroll","background-type":"","background-media":"","overlay-type":"","overlay-color":"","overlay-opacity":"","overlay-gradient":""},"tablet":{"background-color":"var(--ast-global-color-5)","background-image":"","background-repeat":"repeat","background-position":"center center","background-size":"auto","background-attachment":"scroll","background-type":"","background-media":"","overlay-type":"","overlay-color":"","overlay-opacity":"","overlay-gradient":""},"mobile":{"background-color":"var(--ast-global-color-5)","background-image":"","background-repeat":"repeat","background-position":"center center","background-size":"auto","background-attachment":"scroll","background-type":"","background-media":"","overlay-type":"","overlay-color":"","overlay-opacity":"","overlay-gradient":""}},"footnotes":""},"categories":[73],"tags":[],"class_list":["post-11380","post","type-post","status-publish","format-standard","has-post-thumbnail","hentry","category-centro-de-actividades"],"yoast_head":"<!-- This site is optimized with the Yoast SEO plugin v27.5 - https:\/\/yoast.com\/product\/yoast-seo-wordpress\/ -->\n<title>\u201cEl espacio para el Yomo es m\u00e1s grande y luminoso en La Farga\u201d - La Farga Gesti\u00f3n de Equipamientos Municipales, S.A.<\/title>\n<meta name=\"description\" content=\"Este mi\u00e9rcoles la alcaldesa N\u00faria Mar\u00edn ha coincidido en La Farga con el CEO de GSMA Ltd., John Hoffman, quien ha valorado de forma muy positiva el traslado del Yomo.\" \/>\n<meta name=\"robots\" content=\"index, follow, max-snippet:-1, max-image-preview:large, max-video-preview:-1\" \/>\n<link rel=\"canonical\" href=\"https:\/\/www.lafarga.com\/corporatiu\/espacio-para-yomo-mas-grande-y-luminoso-farga\/\" \/>\n<meta property=\"og:locale\" content=\"ca_ES\" \/>\n<meta property=\"og:type\" content=\"article\" \/>\n<meta property=\"og:title\" content=\"\u201cEl espacio para el Yomo es m\u00e1s grande y luminoso en La Farga\u201d - La Farga Gesti\u00f3n de Equipamientos Municipales, S.A.\" \/>\n<meta property=\"og:description\" content=\"Este mi\u00e9rcoles la alcaldesa N\u00faria Mar\u00edn ha coincidido en La Farga con el CEO de GSMA Ltd., John Hoffman, quien ha valorado de forma muy positiva el traslado del Yomo.\" \/>\n<meta property=\"og:url\" content=\"https:\/\/www.lafarga.com\/corporatiu\/espacio-para-yomo-mas-grande-y-luminoso-farga\/\" \/>\n<meta property=\"og:site_name\" content=\"La Farga Gesti\u00f3n de Equipamientos Municipales, S.A.\" \/>\n<meta property=\"article:published_time\" content=\"2018-03-01T10:35:01+00:00\" \/>\n<meta property=\"og:image\" content=\"https:\/\/www.lafarga.com\/corporatiu\/wp-content\/uploads\/2018\/03\/YoMo-Hoffman-Marin-Farga.jpg\" \/>\n\t<meta property=\"og:image:width\" content=\"730\" \/>\n\t<meta property=\"og:image:height\" content=\"410\" \/>\n\t<meta property=\"og:image:type\" content=\"image\/jpeg\" \/>\n<meta name=\"author\" content=\"\u00d2scar Milla\" \/>\n<meta name=\"twitter:label1\" content=\"Escrit per\" \/>\n\t<meta name=\"twitter:data1\" content=\"\u00d2scar Milla\" \/>\n\t<meta name=\"twitter:label2\" content=\"Temps estimat de lectura\" \/>\n\t<meta name=\"twitter:data2\" content=\"2 minuts\" \/>\n<script type=\"application\/ld+json\" class=\"yoast-schema-graph\">{\"@context\":\"https:\\\/\\\/schema.org\",\"@graph\":[{\"@type\":\"Article\",\"@id\":\"https:\\\/\\\/www.lafarga.com\\\/corporatiu\\\/espacio-para-yomo-mas-grande-y-luminoso-farga\\\/#article\",\"isPartOf\":{\"@id\":\"https:\\\/\\\/www.lafarga.com\\\/corporatiu\\\/espacio-para-yomo-mas-grande-y-luminoso-farga\\\/\"},\"author\":{\"name\":\"\u00d2scar Milla\",\"@id\":\"https:\\\/\\\/www.lafarga.com\\\/corporatiu\\\/#\\\/schema\\\/person\\\/70d96fe17d0da1a9c9e80d232bdbcf33\"},\"headline\":\"\u201cEl espacio para el Yomo es m\u00e1s grande y luminoso en La Farga\u201d\",\"datePublished\":\"2018-03-01T10:35:01+00:00\",\"mainEntityOfPage\":{\"@id\":\"https:\\\/\\\/www.lafarga.com\\\/corporatiu\\\/espacio-para-yomo-mas-grande-y-luminoso-farga\\\/\"},\"wordCount\":417,\"publisher\":{\"@id\":\"https:\\\/\\\/www.lafarga.com\\\/corporatiu\\\/#organization\"},\"image\":{\"@id\":\"https:\\\/\\\/www.lafarga.com\\\/corporatiu\\\/espacio-para-yomo-mas-grande-y-luminoso-farga\\\/#primaryimage\"},\"thumbnailUrl\":\"https:\\\/\\\/www.lafarga.com\\\/corporatiu\\\/wp-content\\\/uploads\\\/2018\\\/03\\\/YoMo-Hoffman-Marin-Farga.jpg\",\"articleSection\":[\"Centro de Actividades\"],\"inLanguage\":\"ca\"},{\"@type\":\"WebPage\",\"@id\":\"https:\\\/\\\/www.lafarga.com\\\/corporatiu\\\/espacio-para-yomo-mas-grande-y-luminoso-farga\\\/\",\"url\":\"https:\\\/\\\/www.lafarga.com\\\/corporatiu\\\/espacio-para-yomo-mas-grande-y-luminoso-farga\\\/\",\"name\":\"\u201cEl espacio para el Yomo es m\u00e1s grande y luminoso en La Farga\u201d - La Farga Gesti\u00f3n de Equipamientos Municipales, S.A.\",\"isPartOf\":{\"@id\":\"https:\\\/\\\/www.lafarga.com\\\/corporatiu\\\/#website\"},\"primaryImageOfPage\":{\"@id\":\"https:\\\/\\\/www.lafarga.com\\\/corporatiu\\\/espacio-para-yomo-mas-grande-y-luminoso-farga\\\/#primaryimage\"},\"image\":{\"@id\":\"https:\\\/\\\/www.lafarga.com\\\/corporatiu\\\/espacio-para-yomo-mas-grande-y-luminoso-farga\\\/#primaryimage\"},\"thumbnailUrl\":\"https:\\\/\\\/www.lafarga.com\\\/corporatiu\\\/wp-content\\\/uploads\\\/2018\\\/03\\\/YoMo-Hoffman-Marin-Farga.jpg\",\"datePublished\":\"2018-03-01T10:35:01+00:00\",\"description\":\"Este mi\u00e9rcoles la alcaldesa N\u00faria Mar\u00edn ha coincidido en La Farga con el CEO de GSMA Ltd., John Hoffman, quien ha valorado de forma muy positiva el traslado del Yomo.\",\"breadcrumb\":{\"@id\":\"https:\\\/\\\/www.lafarga.com\\\/corporatiu\\\/espacio-para-yomo-mas-grande-y-luminoso-farga\\\/#breadcrumb\"},\"inLanguage\":\"ca\",\"potentialAction\":[{\"@type\":\"ReadAction\",\"target\":[\"https:\\\/\\\/www.lafarga.com\\\/corporatiu\\\/espacio-para-yomo-mas-grande-y-luminoso-farga\\\/\"]}]},{\"@type\":\"ImageObject\",\"inLanguage\":\"ca\",\"@id\":\"https:\\\/\\\/www.lafarga.com\\\/corporatiu\\\/espacio-para-yomo-mas-grande-y-luminoso-farga\\\/#primaryimage\",\"url\":\"https:\\\/\\\/www.lafarga.com\\\/corporatiu\\\/wp-content\\\/uploads\\\/2018\\\/03\\\/YoMo-Hoffman-Marin-Farga.jpg\",\"contentUrl\":\"https:\\\/\\\/www.lafarga.com\\\/corporatiu\\\/wp-content\\\/uploads\\\/2018\\\/03\\\/YoMo-Hoffman-Marin-Farga.jpg\",\"width\":730,\"height\":410,\"caption\":\"YoMo Hoffman Farga\"},{\"@type\":\"BreadcrumbList\",\"@id\":\"https:\\\/\\\/www.lafarga.com\\\/corporatiu\\\/espacio-para-yomo-mas-grande-y-luminoso-farga\\\/#breadcrumb\",\"itemListElement\":[{\"@type\":\"ListItem\",\"position\":1,\"name\":\"Home\",\"item\":\"https:\\\/\\\/www.lafarga.com\\\/corporatiu\\\/lafarga-hospitalet-llobregat\\\/\"},{\"@type\":\"ListItem\",\"position\":2,\"name\":\"\u201cEl espacio para el Yomo es m\u00e1s grande y luminoso en La Farga\u201d\"}]},{\"@type\":\"WebSite\",\"@id\":\"https:\\\/\\\/www.lafarga.com\\\/corporatiu\\\/#website\",\"url\":\"https:\\\/\\\/www.lafarga.com\\\/corporatiu\\\/\",\"name\":\"La Farga Gesti\u00f3 d&#039;Equipaments Municipals, SA\",\"description\":\"\",\"publisher\":{\"@id\":\"https:\\\/\\\/www.lafarga.com\\\/corporatiu\\\/#organization\"},\"potentialAction\":[{\"@type\":\"SearchAction\",\"target\":{\"@type\":\"EntryPoint\",\"urlTemplate\":\"https:\\\/\\\/www.lafarga.com\\\/corporatiu\\\/?s={search_term_string}\"},\"query-input\":{\"@type\":\"PropertyValueSpecification\",\"valueRequired\":true,\"valueName\":\"search_term_string\"}}],\"inLanguage\":\"ca\"},{\"@type\":\"Organization\",\"@id\":\"https:\\\/\\\/www.lafarga.com\\\/corporatiu\\\/#organization\",\"name\":\"La Farga Gesti\u00f3 d&#039;Equipaments Municipals, SA\",\"url\":\"https:\\\/\\\/www.lafarga.com\\\/corporatiu\\\/\",\"logo\":{\"@type\":\"ImageObject\",\"inLanguage\":\"ca\",\"@id\":\"https:\\\/\\\/www.lafarga.com\\\/corporatiu\\\/#\\\/schema\\\/logo\\\/image\\\/\",\"url\":\"https:\\\/\\\/www.lafarga.com\\\/corporatiu\\\/wp-content\\\/uploads\\\/2023\\\/11\\\/logotipo_lafarga_gemsa.svg\",\"contentUrl\":\"https:\\\/\\\/www.lafarga.com\\\/corporatiu\\\/wp-content\\\/uploads\\\/2023\\\/11\\\/logotipo_lafarga_gemsa.svg\",\"width\":102,\"height\":103,\"caption\":\"La Farga Gesti\u00f3 d&#039;Equipaments Municipals, SA\"},\"image\":{\"@id\":\"https:\\\/\\\/www.lafarga.com\\\/corporatiu\\\/#\\\/schema\\\/logo\\\/image\\\/\"}},{\"@type\":\"Person\",\"@id\":\"https:\\\/\\\/www.lafarga.com\\\/corporatiu\\\/#\\\/schema\\\/person\\\/70d96fe17d0da1a9c9e80d232bdbcf33\",\"name\":\"\u00d2scar Milla\",\"image\":{\"@type\":\"ImageObject\",\"inLanguage\":\"ca\",\"@id\":\"https:\\\/\\\/secure.gravatar.com\\\/avatar\\\/92e75d184f9d5e0e403bd4ad075b080ad258344ddc259adddb579f6a3ba6494f?s=96&d=mm&r=g\",\"url\":\"https:\\\/\\\/secure.gravatar.com\\\/avatar\\\/92e75d184f9d5e0e403bd4ad075b080ad258344ddc259adddb579f6a3ba6494f?s=96&d=mm&r=g\",\"contentUrl\":\"https:\\\/\\\/secure.gravatar.com\\\/avatar\\\/92e75d184f9d5e0e403bd4ad075b080ad258344ddc259adddb579f6a3ba6494f?s=96&d=mm&r=g\",\"caption\":\"\u00d2scar Milla\"},\"url\":\"https:\\\/\\\/www.lafarga.com\\\/corporatiu\\\/author\\\/omilla\\\/\"}]}<\/script>\n<!-- \/ Yoast SEO plugin. -->","yoast_head_json":{"title":"\u201cEl espacio para el Yomo es m\u00e1s grande y luminoso en La Farga\u201d - La Farga Gesti\u00f3n de Equipamientos Municipales, S.A.","description":"Este mi\u00e9rcoles la alcaldesa N\u00faria Mar\u00edn ha coincidido en La Farga con el CEO de GSMA Ltd., John Hoffman, quien ha valorado de forma muy positiva el traslado del Yomo.","robots":{"index":"index","follow":"follow","max-snippet":"max-snippet:-1","max-image-preview":"max-image-preview:large","max-video-preview":"max-video-preview:-1"},"canonical":"https:\/\/www.lafarga.com\/corporatiu\/espacio-para-yomo-mas-grande-y-luminoso-farga\/","og_locale":"ca_ES","og_type":"article","og_title":"\u201cEl espacio para el Yomo es m\u00e1s grande y luminoso en La Farga\u201d - La Farga Gesti\u00f3n de Equipamientos Municipales, S.A.","og_description":"Este mi\u00e9rcoles la alcaldesa N\u00faria Mar\u00edn ha coincidido en La Farga con el CEO de GSMA Ltd., John Hoffman, quien ha valorado de forma muy positiva el traslado del Yomo.","og_url":"https:\/\/www.lafarga.com\/corporatiu\/espacio-para-yomo-mas-grande-y-luminoso-farga\/","og_site_name":"La Farga Gesti\u00f3n de Equipamientos Municipales, S.A.","article_published_time":"2018-03-01T10:35:01+00:00","og_image":[{"width":730,"height":410,"url":"https:\/\/www.lafarga.com\/corporatiu\/wp-content\/uploads\/2018\/03\/YoMo-Hoffman-Marin-Farga.jpg","type":"image\/jpeg"}],"author":"\u00d2scar Milla","twitter_misc":{"Escrit per":"\u00d2scar Milla","Temps estimat de lectura":"2 minuts"},"schema":{"@context":"https:\/\/schema.org","@graph":[{"@type":"Article","@id":"https:\/\/www.lafarga.com\/corporatiu\/espacio-para-yomo-mas-grande-y-luminoso-farga\/#article","isPartOf":{"@id":"https:\/\/www.lafarga.com\/corporatiu\/espacio-para-yomo-mas-grande-y-luminoso-farga\/"},"author":{"name":"\u00d2scar Milla","@id":"https:\/\/www.lafarga.com\/corporatiu\/#\/schema\/person\/70d96fe17d0da1a9c9e80d232bdbcf33"},"headline":"\u201cEl espacio para el Yomo es m\u00e1s grande y luminoso en La Farga\u201d","datePublished":"2018-03-01T10:35:01+00:00","mainEntityOfPage":{"@id":"https:\/\/www.lafarga.com\/corporatiu\/espacio-para-yomo-mas-grande-y-luminoso-farga\/"},"wordCount":417,"publisher":{"@id":"https:\/\/www.lafarga.com\/corporatiu\/#organization"},"image":{"@id":"https:\/\/www.lafarga.com\/corporatiu\/espacio-para-yomo-mas-grande-y-luminoso-farga\/#primaryimage"},"thumbnailUrl":"https:\/\/www.lafarga.com\/corporatiu\/wp-content\/uploads\/2018\/03\/YoMo-Hoffman-Marin-Farga.jpg","articleSection":["Centro de Actividades"],"inLanguage":"ca"},{"@type":"WebPage","@id":"https:\/\/www.lafarga.com\/corporatiu\/espacio-para-yomo-mas-grande-y-luminoso-farga\/","url":"https:\/\/www.lafarga.com\/corporatiu\/espacio-para-yomo-mas-grande-y-luminoso-farga\/","name":"\u201cEl espacio para el Yomo es m\u00e1s grande y luminoso en La Farga\u201d - La Farga Gesti\u00f3n de Equipamientos Municipales, S.A.","isPartOf":{"@id":"https:\/\/www.lafarga.com\/corporatiu\/#website"},"primaryImageOfPage":{"@id":"https:\/\/www.lafarga.com\/corporatiu\/espacio-para-yomo-mas-grande-y-luminoso-farga\/#primaryimage"},"image":{"@id":"https:\/\/www.lafarga.com\/corporatiu\/espacio-para-yomo-mas-grande-y-luminoso-farga\/#primaryimage"},"thumbnailUrl":"https:\/\/www.lafarga.com\/corporatiu\/wp-content\/uploads\/2018\/03\/YoMo-Hoffman-Marin-Farga.jpg","datePublished":"2018-03-01T10:35:01+00:00","description":"Este mi\u00e9rcoles la alcaldesa N\u00faria Mar\u00edn ha coincidido en La Farga con el CEO de GSMA Ltd., John Hoffman, quien ha valorado de forma muy positiva el traslado del Yomo.","breadcrumb":{"@id":"https:\/\/www.lafarga.com\/corporatiu\/espacio-para-yomo-mas-grande-y-luminoso-farga\/#breadcrumb"},"inLanguage":"ca","potentialAction":[{"@type":"ReadAction","target":["https:\/\/www.lafarga.com\/corporatiu\/espacio-para-yomo-mas-grande-y-luminoso-farga\/"]}]},{"@type":"ImageObject","inLanguage":"ca","@id":"https:\/\/www.lafarga.com\/corporatiu\/espacio-para-yomo-mas-grande-y-luminoso-farga\/#primaryimage","url":"https:\/\/www.lafarga.com\/corporatiu\/wp-content\/uploads\/2018\/03\/YoMo-Hoffman-Marin-Farga.jpg","contentUrl":"https:\/\/www.lafarga.com\/corporatiu\/wp-content\/uploads\/2018\/03\/YoMo-Hoffman-Marin-Farga.jpg","width":730,"height":410,"caption":"YoMo Hoffman Farga"},{"@type":"BreadcrumbList","@id":"https:\/\/www.lafarga.com\/corporatiu\/espacio-para-yomo-mas-grande-y-luminoso-farga\/#breadcrumb","itemListElement":[{"@type":"ListItem","position":1,"name":"Home","item":"https:\/\/www.lafarga.com\/corporatiu\/lafarga-hospitalet-llobregat\/"},{"@type":"ListItem","position":2,"name":"\u201cEl espacio para el Yomo es m\u00e1s grande y luminoso en La Farga\u201d"}]},{"@type":"WebSite","@id":"https:\/\/www.lafarga.com\/corporatiu\/#website","url":"https:\/\/www.lafarga.com\/corporatiu\/","name":"La Farga Gesti\u00f3 d&#039;Equipaments Municipals, SA","description":"","publisher":{"@id":"https:\/\/www.lafarga.com\/corporatiu\/#organization"},"potentialAction":[{"@type":"SearchAction","target":{"@type":"EntryPoint","urlTemplate":"https:\/\/www.lafarga.com\/corporatiu\/?s={search_term_string}"},"query-input":{"@type":"PropertyValueSpecification","valueRequired":true,"valueName":"search_term_string"}}],"inLanguage":"ca"},{"@type":"Organization","@id":"https:\/\/www.lafarga.com\/corporatiu\/#organization","name":"La Farga Gesti\u00f3 d&#039;Equipaments Municipals, SA","url":"https:\/\/www.lafarga.com\/corporatiu\/","logo":{"@type":"ImageObject","inLanguage":"ca","@id":"https:\/\/www.lafarga.com\/corporatiu\/#\/schema\/logo\/image\/","url":"https:\/\/www.lafarga.com\/corporatiu\/wp-content\/uploads\/2023\/11\/logotipo_lafarga_gemsa.svg","contentUrl":"https:\/\/www.lafarga.com\/corporatiu\/wp-content\/uploads\/2023\/11\/logotipo_lafarga_gemsa.svg","width":102,"height":103,"caption":"La Farga Gesti\u00f3 d&#039;Equipaments Municipals, SA"},"image":{"@id":"https:\/\/www.lafarga.com\/corporatiu\/#\/schema\/logo\/image\/"}},{"@type":"Person","@id":"https:\/\/www.lafarga.com\/corporatiu\/#\/schema\/person\/70d96fe17d0da1a9c9e80d232bdbcf33","name":"\u00d2scar Milla","image":{"@type":"ImageObject","inLanguage":"ca","@id":"https:\/\/secure.gravatar.com\/avatar\/92e75d184f9d5e0e403bd4ad075b080ad258344ddc259adddb579f6a3ba6494f?s=96&d=mm&r=g","url":"https:\/\/secure.gravatar.com\/avatar\/92e75d184f9d5e0e403bd4ad075b080ad258344ddc259adddb579f6a3ba6494f?s=96&d=mm&r=g","contentUrl":"https:\/\/secure.gravatar.com\/avatar\/92e75d184f9d5e0e403bd4ad075b080ad258344ddc259adddb579f6a3ba6494f?s=96&d=mm&r=g","caption":"\u00d2scar Milla"},"url":"https:\/\/www.lafarga.com\/corporatiu\/author\/omilla\/"}]}},"uagb_featured_image_src":{"full":["https:\/\/www.lafarga.com\/corporatiu\/wp-content\/uploads\/2018\/03\/YoMo-Hoffman-Marin-Farga.jpg",730,410,false],"thumbnail":["https:\/\/www.lafarga.com\/corporatiu\/wp-content\/uploads\/2018\/03\/YoMo-Hoffman-Marin-Farga-150x150.jpg",150,150,true],"medium":["https:\/\/www.lafarga.com\/corporatiu\/wp-content\/uploads\/2018\/03\/YoMo-Hoffman-Marin-Farga-300x168.jpg",300,168,true],"medium_large":["https:\/\/www.lafarga.com\/corporatiu\/wp-content\/uploads\/2018\/03\/YoMo-Hoffman-Marin-Farga.jpg",730,410,false],"large":["https:\/\/www.lafarga.com\/corporatiu\/wp-content\/uploads\/2018\/03\/YoMo-Hoffman-Marin-Farga.jpg",730,410,false],"1536x1536":["https:\/\/www.lafarga.com\/corporatiu\/wp-content\/uploads\/2018\/03\/YoMo-Hoffman-Marin-Farga.jpg",730,410,false],"2048x2048":["https:\/\/www.lafarga.com\/corporatiu\/wp-content\/uploads\/2018\/03\/YoMo-Hoffman-Marin-Farga.jpg",730,410,false],"mailpoet_newsletter_max":["https:\/\/www.lafarga.com\/corporatiu\/wp-content\/uploads\/2018\/03\/YoMo-Hoffman-Marin-Farga.jpg",730,410,false]},"uagb_author_info":{"display_name":"\u00d2scar Milla","author_link":"https:\/\/www.lafarga.com\/corporatiu\/author\/omilla\/"},"uagb_comment_info":0,"uagb_excerpt":"Este mi\u00e9rcoles la alcaldesa N\u00faria Mar\u00edn ha coincidido en La Farga con el CEO de GSMA Ltd., John Hoffman, quien ha valorado de forma muy positiva el traslado del Yomo.","_links":{"self":[{"href":"https:\/\/www.lafarga.com\/corporatiu\/wp-json\/wp\/v2\/posts\/11380","targetHints":{"allow":["GET"]}}],"collection":[{"href":"https:\/\/www.lafarga.com\/corporatiu\/wp-json\/wp\/v2\/posts"}],"about":[{"href":"https:\/\/www.lafarga.com\/corporatiu\/wp-json\/wp\/v2\/types\/post"}],"author":[{"embeddable":true,"href":"https:\/\/www.lafarga.com\/corporatiu\/wp-json\/wp\/v2\/users\/5"}],"replies":[{"embeddable":true,"href":"https:\/\/www.lafarga.com\/corporatiu\/wp-json\/wp\/v2\/comments?post=11380"}],"version-history":[{"count":1,"href":"https:\/\/www.lafarga.com\/corporatiu\/wp-json\/wp\/v2\/posts\/11380\/revisions"}],"predecessor-version":[{"id":11381,"href":"https:\/\/www.lafarga.com\/corporatiu\/wp-json\/wp\/v2\/posts\/11380\/revisions\/11381"}],"wp:featuredmedia":[{"embeddable":true,"href":"https:\/\/www.lafarga.com\/corporatiu\/wp-json\/wp\/v2\/media\/11378"}],"wp:attachment":[{"href":"https:\/\/www.lafarga.com\/corporatiu\/wp-json\/wp\/v2\/media?parent=11380"}],"wp:term":[{"taxonomy":"category","embeddable":true,"href":"https:\/\/www.lafarga.com\/corporatiu\/wp-json\/wp\/v2\/categories?post=11380"},{"taxonomy":"post_tag","embeddable":true,"href":"https:\/\/www.lafarga.com\/corporatiu\/wp-json\/wp\/v2\/tags?post=11380"}],"curies":[{"name":"wp","href":"https:\/\/api.w.org\/{rel}","templated":true}]}}