{"id":11341,"date":"2018-02-23T09:31:13","date_gmt":"2018-02-23T09:31:13","guid":{"rendered":"http:\/\/www.lafarga.com\/corporatiu\/?p=11341"},"modified":"2018-03-05T12:34:50","modified_gmt":"2018-03-05T12:34:50","slug":"farga-gran-escenario-para-dia-andalucia","status":"publish","type":"post","link":"https:\/\/www.lafarga.com\/corporatiu\/farga-gran-escenario-para-dia-andalucia\/","title":{"rendered":"La Farga, gran escenario para el D\u00eda de Andaluc\u00eda"},"content":{"rendered":"<h5>S\u00e1bado y domingo<\/h5>\n<p>Todo est\u00e1 a punto en La Farga Centro de Actividades para acoger las principales actividades de las XXXI Jornadas Conmemorativas D\u00eda de Andaluc\u00eda en L&#8217;Hospitalet, que organiza la <a href=\"https:\/\/www.facebook.com\/fecealh\/\" target=\"_blank\" rel=\"noopener\"><strong>Federaci\u00f3n Coordinadora de Entidades Andaluzas en L&#8217;Hospitalet<\/strong><\/a>.<\/p>\n<p>Este a\u00f1o el D\u00eda Andaluc\u00eda en L&#8217;Hospitalet servir\u00e1 para rendir homenaje a Blas Infante y a la ciudad de Sevilla.<\/p>\n<p>La Farga acoge el s\u00e1bado por la tarde todo un programa de festival de entidades, que tambi\u00e9n se repite el domingo por la ma\u00f1ana. La jornada del s\u00e1bado la cerrar\u00e1 el concierto gratuito que ofrecer\u00e1 La H\u00fangara.<\/p>\n<p>El domingo por la ma\u00f1ana habr\u00e1 las celebraciones m\u00e1s institucionales con la tradicional ofrenda floral al olivo, la misa rociera, para acabar con la degustaci\u00f3n de un plato t\u00edpico andaluz.<\/p>\n<h5>PROGRAMA DE LAS XXXI JORNADAS DEL D\u00cdA DE ANDALUC\u00cdA EN L\u2019HOSPITALET<\/h5>\n<p><strong>S\u00e1bado, 24 de febrero<\/strong><br \/>\n<strong>17h.<\/strong><br \/>\nActos centrales del D\u00eda de Andaluc\u00eda Festival de Entidades (1\u00aa parte)<br \/>\nParticipan: Hermandad Nuestra Se\u00f1ora del Roc\u00edo de L\u2019Hospitalet (coro rociero), Centro Recreativo Andaluz Coro Alhambra (coro), Asociaci\u00f3n Cultural Andaluza Hijos de Bedmar en Catalunya (coro), Asociaci\u00f3n Cultural Andaluza Marismas del Guadalquivir (coro), Asociaci\u00f3n Cultural Andaluza Hijos de Paradas en Catalunya (cuadros de baile), Tertulia Flamenca de L\u2019Hospitalet (cuadros de baile), Asociaci\u00f3n Cultural Andaluza de L\u2019Hospitalet (cuadros de baile), Hermandad Nuestra Se\u00f1ora del Roc\u00edo Pastora Almonte\u00f1a (cuadros de baile y coro rociero), Hermandad Nuestra Se\u00f1ora del Roc\u00edo Pastorcillo Divino (coro rociero), Hermandad Nuestra Se\u00f1ora del Roc\u00edo Rocieros de Carmona (coro rociero y cuadros de baile), Asociaci\u00f3n Cultural Andaluza Marismas del Guadalquivir (cuadros de baile), Asociaci\u00f3n Cultural Andaluza Casa Fuente Obejuna en Catalunya (cuadros de baile) y Escuela de danza Concha Ruiz (cuadros de baile).<\/p>\n<p><strong>22:30 h<\/strong><br \/>\nConcierto de La H\u00fangara (Entrada gratuita)<\/p>\n<p><strong>Domingo, 25 de febrero<\/strong><br \/>\n<strong>09.30 h<\/strong><br \/>\nOfrenda floral tradicional en el olivo<br \/>\nA cargo de la Coral de la Asociaci\u00f3n Cultural Andaluza Casa de Baena en Catalunya, con la participaci\u00f3n de la Colla Jove Castellera de L\u2019Hospitalet y la Escola Municipal de M\u00fasica \u2013 Centre de les Arts de L\u2019Hospitalet<\/p>\n<p><strong>10.00 h<\/strong><br \/>\nFestival de Entidades (2\u00aa parte)<br \/>\nActuaci\u00f3n de: Asociaci\u00f3n Cultural Andaluza Casa de Baena en Catalunya (coral) y Agrupaci\u00f3n Musical Asociaci\u00f3n Cultural Andaluza Cofrad\u00eda 15+1 de L\u2019Hospitalet.<\/p>\n<p><strong>11.00 h<\/strong><br \/>\nMisa Romera<br \/>\nOficiada por el p\u00e1rroco Enric Canet<br \/>\nLos cantos lit\u00fargicos corren a cargo del coro romero Real Cofrad\u00eda Virgen de la Cabeza en Catalunya.<\/p>\n<p><strong>12.30 h<\/strong><br \/>\nFestival de Entidades (3\u00aa parte)<br \/>\nParticipan: Centro Cultural Andaluz Blas Infante (cuadros de baile), Asociaci\u00f3n Cultural Andaluza Marismas del Guadalquivir (cuadros de baile), Asociaci\u00f3n Cultural Andaluza de L\u2019Hospitalet (cuadros de baile) y Asociaci\u00f3n Cultural Andaluza Hijos de Paradas en Catalunya (cuadros de baile).<\/p>\n<p><strong>13.00 h<\/strong><br \/>\nDegustaci\u00f3n del plato t\u00edpico andaluz<br \/>\nMontadito de pring\u00e1<br \/>\nOfrecido por el Centro de Formaci\u00f3n de Hosteler\u00eda del Ayuntamiento de L\u2019Hospitalet.<\/p>\n<p><iframe loading=\"lazy\" src=\"https:\/\/player.vimeo.com\/video\/257453329?color=ef2e24&#038;title=0&#038;byline=0&#038;portrait=0\" width=\"640\" height=\"352\" frameborder=\"0\" webkitallowfullscreen mozallowfullscreen allowfullscreen><\/iframe><\/p>\n","protected":false},"excerpt":{"rendered":"<p>Todo est\u00e1 a punto en La Farga Centro de Actividades para acoger las principales actividades del D\u00eda de Andaluc\u00eda en L&#8217;Hospitalet, que organiza la FECEAL&#8217;H.<\/p>\n","protected":false},"author":5,"featured_media":11339,"comment_status":"closed","ping_status":"closed","sticky":false,"template":"","format":"standard","meta":{"inline_featured_image":false,"_uag_custom_page_level_css":"","_monsterinsights_skip_tracking":false,"_monsterinsights_sitenote_active":false,"_monsterinsights_sitenote_note":"","_monsterinsights_sitenote_category":0,"site-sidebar-layout":"default","site-content-layout":"","ast-site-content-layout":"default","site-content-style":"default","site-sidebar-style":"default","ast-global-header-display":"","ast-banner-title-visibility":"","ast-main-header-display":"","ast-hfb-above-header-display":"","ast-hfb-below-header-display":"","ast-hfb-mobile-header-display":"","site-post-title":"","ast-breadcrumbs-content":"","ast-featured-img":"","footer-sml-layout":"","ast-disable-related-posts":"","theme-transparent-header-meta":"","adv-header-id-meta":"","stick-header-meta":"","header-above-stick-meta":"","header-main-stick-meta":"","header-below-stick-meta":"","astra-migrate-meta-layouts":"default","ast-page-background-enabled":"default","ast-page-background-meta":{"desktop":{"background-color":"var(--ast-global-color-4)","background-image":"","background-repeat":"repeat","background-position":"center center","background-size":"auto","background-attachment":"scroll","background-type":"","background-media":"","overlay-type":"","overlay-color":"","overlay-opacity":"","overlay-gradient":""},"tablet":{"background-color":"","background-image":"","background-repeat":"repeat","background-position":"center center","background-size":"auto","background-attachment":"scroll","background-type":"","background-media":"","overlay-type":"","overlay-color":"","overlay-opacity":"","overlay-gradient":""},"mobile":{"background-color":"","background-image":"","background-repeat":"repeat","background-position":"center center","background-size":"auto","background-attachment":"scroll","background-type":"","background-media":"","overlay-type":"","overlay-color":"","overlay-opacity":"","overlay-gradient":""}},"ast-content-background-meta":{"desktop":{"background-color":"var(--ast-global-color-5)","background-image":"","background-repeat":"repeat","background-position":"center center","background-size":"auto","background-attachment":"scroll","background-type":"","background-media":"","overlay-type":"","overlay-color":"","overlay-opacity":"","overlay-gradient":""},"tablet":{"background-color":"var(--ast-global-color-5)","background-image":"","background-repeat":"repeat","background-position":"center center","background-size":"auto","background-attachment":"scroll","background-type":"","background-media":"","overlay-type":"","overlay-color":"","overlay-opacity":"","overlay-gradient":""},"mobile":{"background-color":"var(--ast-global-color-5)","background-image":"","background-repeat":"repeat","background-position":"center center","background-size":"auto","background-attachment":"scroll","background-type":"","background-media":"","overlay-type":"","overlay-color":"","overlay-opacity":"","overlay-gradient":""}},"footnotes":""},"categories":[73],"tags":[],"class_list":["post-11341","post","type-post","status-publish","format-standard","has-post-thumbnail","hentry","category-centro-de-actividades"],"yoast_head":"<!-- This site is optimized with the Yoast SEO plugin v27.4 - https:\/\/yoast.com\/product\/yoast-seo-wordpress\/ -->\n<title>La Farga, gran escenario para el D\u00eda de Andaluc\u00eda - La Farga Gesti\u00f3n de Equipamientos Municipales, S.A.<\/title>\n<meta name=\"description\" content=\"Todo est\u00e1 a punto en La Farga Centro de Actividades para acoger las principales actividades de las XXXI Jornadas Conmemorativas D\u00eda de Andaluc\u00eda en L&#039;Hospitalet, que organiza la Federaci\u00f3n Coordinadora de Entidades Andaluzas en L&#039;Hospitalet.\" \/>\n<meta name=\"robots\" content=\"index, follow, max-snippet:-1, max-image-preview:large, max-video-preview:-1\" \/>\n<link rel=\"canonical\" href=\"https:\/\/www.lafarga.com\/corporatiu\/farga-gran-escenario-para-dia-andalucia\/\" \/>\n<meta property=\"og:locale\" content=\"ca_ES\" \/>\n<meta property=\"og:type\" content=\"article\" \/>\n<meta property=\"og:title\" content=\"La Farga, gran escenario para el D\u00eda de Andaluc\u00eda - La Farga Gesti\u00f3n de Equipamientos Municipales, S.A.\" \/>\n<meta property=\"og:description\" content=\"Todo est\u00e1 a punto en La Farga Centro de Actividades para acoger las principales actividades de las XXXI Jornadas Conmemorativas D\u00eda de Andaluc\u00eda en L&#039;Hospitalet, que organiza la Federaci\u00f3n Coordinadora de Entidades Andaluzas en L&#039;Hospitalet.\" \/>\n<meta property=\"og:url\" content=\"https:\/\/www.lafarga.com\/corporatiu\/farga-gran-escenario-para-dia-andalucia\/\" \/>\n<meta property=\"og:site_name\" content=\"La Farga Gesti\u00f3n de Equipamientos Municipales, S.A.\" \/>\n<meta property=\"article:published_time\" content=\"2018-02-23T09:31:13+00:00\" \/>\n<meta property=\"article:modified_time\" content=\"2018-03-05T12:34:50+00:00\" \/>\n<meta property=\"og:image\" content=\"https:\/\/www.lafarga.com\/corporatiu\/wp-content\/uploads\/2018\/02\/DIA-ANDALUSIA18-Farga.jpg\" \/>\n\t<meta property=\"og:image:width\" content=\"730\" \/>\n\t<meta property=\"og:image:height\" content=\"410\" \/>\n\t<meta property=\"og:image:type\" content=\"image\/jpeg\" \/>\n<meta name=\"author\" content=\"\u00d2scar Milla\" \/>\n<meta name=\"twitter:label1\" content=\"Escrit per\" \/>\n\t<meta name=\"twitter:data1\" content=\"\u00d2scar Milla\" \/>\n\t<meta name=\"twitter:label2\" content=\"Temps estimat de lectura\" \/>\n\t<meta name=\"twitter:data2\" content=\"3 minuts\" \/>\n<script type=\"application\/ld+json\" class=\"yoast-schema-graph\">{\"@context\":\"https:\\\/\\\/schema.org\",\"@graph\":[{\"@type\":\"Article\",\"@id\":\"https:\\\/\\\/www.lafarga.com\\\/corporatiu\\\/farga-gran-escenario-para-dia-andalucia\\\/#article\",\"isPartOf\":{\"@id\":\"https:\\\/\\\/www.lafarga.com\\\/corporatiu\\\/farga-gran-escenario-para-dia-andalucia\\\/\"},\"author\":{\"name\":\"\u00d2scar Milla\",\"@id\":\"https:\\\/\\\/www.lafarga.com\\\/corporatiu\\\/#\\\/schema\\\/person\\\/70d96fe17d0da1a9c9e80d232bdbcf33\"},\"headline\":\"La Farga, gran escenario para el D\u00eda de Andaluc\u00eda\",\"datePublished\":\"2018-02-23T09:31:13+00:00\",\"dateModified\":\"2018-03-05T12:34:50+00:00\",\"mainEntityOfPage\":{\"@id\":\"https:\\\/\\\/www.lafarga.com\\\/corporatiu\\\/farga-gran-escenario-para-dia-andalucia\\\/\"},\"wordCount\":520,\"publisher\":{\"@id\":\"https:\\\/\\\/www.lafarga.com\\\/corporatiu\\\/#organization\"},\"image\":{\"@id\":\"https:\\\/\\\/www.lafarga.com\\\/corporatiu\\\/farga-gran-escenario-para-dia-andalucia\\\/#primaryimage\"},\"thumbnailUrl\":\"https:\\\/\\\/www.lafarga.com\\\/corporatiu\\\/wp-content\\\/uploads\\\/2018\\\/02\\\/DIA-ANDALUSIA18-Farga.jpg\",\"articleSection\":[\"Centro de Actividades\"],\"inLanguage\":\"ca\"},{\"@type\":\"WebPage\",\"@id\":\"https:\\\/\\\/www.lafarga.com\\\/corporatiu\\\/farga-gran-escenario-para-dia-andalucia\\\/\",\"url\":\"https:\\\/\\\/www.lafarga.com\\\/corporatiu\\\/farga-gran-escenario-para-dia-andalucia\\\/\",\"name\":\"La Farga, gran escenario para el D\u00eda de Andaluc\u00eda - La Farga Gesti\u00f3n de Equipamientos Municipales, S.A.\",\"isPartOf\":{\"@id\":\"https:\\\/\\\/www.lafarga.com\\\/corporatiu\\\/#website\"},\"primaryImageOfPage\":{\"@id\":\"https:\\\/\\\/www.lafarga.com\\\/corporatiu\\\/farga-gran-escenario-para-dia-andalucia\\\/#primaryimage\"},\"image\":{\"@id\":\"https:\\\/\\\/www.lafarga.com\\\/corporatiu\\\/farga-gran-escenario-para-dia-andalucia\\\/#primaryimage\"},\"thumbnailUrl\":\"https:\\\/\\\/www.lafarga.com\\\/corporatiu\\\/wp-content\\\/uploads\\\/2018\\\/02\\\/DIA-ANDALUSIA18-Farga.jpg\",\"datePublished\":\"2018-02-23T09:31:13+00:00\",\"dateModified\":\"2018-03-05T12:34:50+00:00\",\"description\":\"Todo est\u00e1 a punto en La Farga Centro de Actividades para acoger las principales actividades de las XXXI Jornadas Conmemorativas D\u00eda de Andaluc\u00eda en L'Hospitalet, que organiza la Federaci\u00f3n Coordinadora de Entidades Andaluzas en L'Hospitalet.\",\"breadcrumb\":{\"@id\":\"https:\\\/\\\/www.lafarga.com\\\/corporatiu\\\/farga-gran-escenario-para-dia-andalucia\\\/#breadcrumb\"},\"inLanguage\":\"ca\",\"potentialAction\":[{\"@type\":\"ReadAction\",\"target\":[\"https:\\\/\\\/www.lafarga.com\\\/corporatiu\\\/farga-gran-escenario-para-dia-andalucia\\\/\"]}]},{\"@type\":\"ImageObject\",\"inLanguage\":\"ca\",\"@id\":\"https:\\\/\\\/www.lafarga.com\\\/corporatiu\\\/farga-gran-escenario-para-dia-andalucia\\\/#primaryimage\",\"url\":\"https:\\\/\\\/www.lafarga.com\\\/corporatiu\\\/wp-content\\\/uploads\\\/2018\\\/02\\\/DIA-ANDALUSIA18-Farga.jpg\",\"contentUrl\":\"https:\\\/\\\/www.lafarga.com\\\/corporatiu\\\/wp-content\\\/uploads\\\/2018\\\/02\\\/DIA-ANDALUSIA18-Farga.jpg\",\"width\":730,\"height\":410,\"caption\":\"Dia d'Andalusia Farga\"},{\"@type\":\"BreadcrumbList\",\"@id\":\"https:\\\/\\\/www.lafarga.com\\\/corporatiu\\\/farga-gran-escenario-para-dia-andalucia\\\/#breadcrumb\",\"itemListElement\":[{\"@type\":\"ListItem\",\"position\":1,\"name\":\"Home\",\"item\":\"https:\\\/\\\/www.lafarga.com\\\/corporatiu\\\/lafarga-hospitalet-llobregat\\\/\"},{\"@type\":\"ListItem\",\"position\":2,\"name\":\"La Farga, gran escenario para el D\u00eda de Andaluc\u00eda\"}]},{\"@type\":\"WebSite\",\"@id\":\"https:\\\/\\\/www.lafarga.com\\\/corporatiu\\\/#website\",\"url\":\"https:\\\/\\\/www.lafarga.com\\\/corporatiu\\\/\",\"name\":\"La Farga Gesti\u00f3 d&#039;Equipaments Municipals, SA\",\"description\":\"\",\"publisher\":{\"@id\":\"https:\\\/\\\/www.lafarga.com\\\/corporatiu\\\/#organization\"},\"potentialAction\":[{\"@type\":\"SearchAction\",\"target\":{\"@type\":\"EntryPoint\",\"urlTemplate\":\"https:\\\/\\\/www.lafarga.com\\\/corporatiu\\\/?s={search_term_string}\"},\"query-input\":{\"@type\":\"PropertyValueSpecification\",\"valueRequired\":true,\"valueName\":\"search_term_string\"}}],\"inLanguage\":\"ca\"},{\"@type\":\"Organization\",\"@id\":\"https:\\\/\\\/www.lafarga.com\\\/corporatiu\\\/#organization\",\"name\":\"La Farga Gesti\u00f3 d&#039;Equipaments Municipals, SA\",\"url\":\"https:\\\/\\\/www.lafarga.com\\\/corporatiu\\\/\",\"logo\":{\"@type\":\"ImageObject\",\"inLanguage\":\"ca\",\"@id\":\"https:\\\/\\\/www.lafarga.com\\\/corporatiu\\\/#\\\/schema\\\/logo\\\/image\\\/\",\"url\":\"https:\\\/\\\/www.lafarga.com\\\/corporatiu\\\/wp-content\\\/uploads\\\/2023\\\/11\\\/logotipo_lafarga_gemsa.svg\",\"contentUrl\":\"https:\\\/\\\/www.lafarga.com\\\/corporatiu\\\/wp-content\\\/uploads\\\/2023\\\/11\\\/logotipo_lafarga_gemsa.svg\",\"width\":102,\"height\":103,\"caption\":\"La Farga Gesti\u00f3 d&#039;Equipaments Municipals, SA\"},\"image\":{\"@id\":\"https:\\\/\\\/www.lafarga.com\\\/corporatiu\\\/#\\\/schema\\\/logo\\\/image\\\/\"}},{\"@type\":\"Person\",\"@id\":\"https:\\\/\\\/www.lafarga.com\\\/corporatiu\\\/#\\\/schema\\\/person\\\/70d96fe17d0da1a9c9e80d232bdbcf33\",\"name\":\"\u00d2scar Milla\",\"image\":{\"@type\":\"ImageObject\",\"inLanguage\":\"ca\",\"@id\":\"https:\\\/\\\/secure.gravatar.com\\\/avatar\\\/92e75d184f9d5e0e403bd4ad075b080ad258344ddc259adddb579f6a3ba6494f?s=96&d=mm&r=g\",\"url\":\"https:\\\/\\\/secure.gravatar.com\\\/avatar\\\/92e75d184f9d5e0e403bd4ad075b080ad258344ddc259adddb579f6a3ba6494f?s=96&d=mm&r=g\",\"contentUrl\":\"https:\\\/\\\/secure.gravatar.com\\\/avatar\\\/92e75d184f9d5e0e403bd4ad075b080ad258344ddc259adddb579f6a3ba6494f?s=96&d=mm&r=g\",\"caption\":\"\u00d2scar Milla\"},\"url\":\"https:\\\/\\\/www.lafarga.com\\\/corporatiu\\\/author\\\/omilla\\\/\"}]}<\/script>\n<!-- \/ Yoast SEO plugin. -->","yoast_head_json":{"title":"La Farga, gran escenario para el D\u00eda de Andaluc\u00eda - La Farga Gesti\u00f3n de Equipamientos Municipales, S.A.","description":"Todo est\u00e1 a punto en La Farga Centro de Actividades para acoger las principales actividades de las XXXI Jornadas Conmemorativas D\u00eda de Andaluc\u00eda en L'Hospitalet, que organiza la Federaci\u00f3n Coordinadora de Entidades Andaluzas en L'Hospitalet.","robots":{"index":"index","follow":"follow","max-snippet":"max-snippet:-1","max-image-preview":"max-image-preview:large","max-video-preview":"max-video-preview:-1"},"canonical":"https:\/\/www.lafarga.com\/corporatiu\/farga-gran-escenario-para-dia-andalucia\/","og_locale":"ca_ES","og_type":"article","og_title":"La Farga, gran escenario para el D\u00eda de Andaluc\u00eda - La Farga Gesti\u00f3n de Equipamientos Municipales, S.A.","og_description":"Todo est\u00e1 a punto en La Farga Centro de Actividades para acoger las principales actividades de las XXXI Jornadas Conmemorativas D\u00eda de Andaluc\u00eda en L'Hospitalet, que organiza la Federaci\u00f3n Coordinadora de Entidades Andaluzas en L'Hospitalet.","og_url":"https:\/\/www.lafarga.com\/corporatiu\/farga-gran-escenario-para-dia-andalucia\/","og_site_name":"La Farga Gesti\u00f3n de Equipamientos Municipales, S.A.","article_published_time":"2018-02-23T09:31:13+00:00","article_modified_time":"2018-03-05T12:34:50+00:00","og_image":[{"width":730,"height":410,"url":"https:\/\/www.lafarga.com\/corporatiu\/wp-content\/uploads\/2018\/02\/DIA-ANDALUSIA18-Farga.jpg","type":"image\/jpeg"}],"author":"\u00d2scar Milla","twitter_misc":{"Escrit per":"\u00d2scar Milla","Temps estimat de lectura":"3 minuts"},"schema":{"@context":"https:\/\/schema.org","@graph":[{"@type":"Article","@id":"https:\/\/www.lafarga.com\/corporatiu\/farga-gran-escenario-para-dia-andalucia\/#article","isPartOf":{"@id":"https:\/\/www.lafarga.com\/corporatiu\/farga-gran-escenario-para-dia-andalucia\/"},"author":{"name":"\u00d2scar Milla","@id":"https:\/\/www.lafarga.com\/corporatiu\/#\/schema\/person\/70d96fe17d0da1a9c9e80d232bdbcf33"},"headline":"La Farga, gran escenario para el D\u00eda de Andaluc\u00eda","datePublished":"2018-02-23T09:31:13+00:00","dateModified":"2018-03-05T12:34:50+00:00","mainEntityOfPage":{"@id":"https:\/\/www.lafarga.com\/corporatiu\/farga-gran-escenario-para-dia-andalucia\/"},"wordCount":520,"publisher":{"@id":"https:\/\/www.lafarga.com\/corporatiu\/#organization"},"image":{"@id":"https:\/\/www.lafarga.com\/corporatiu\/farga-gran-escenario-para-dia-andalucia\/#primaryimage"},"thumbnailUrl":"https:\/\/www.lafarga.com\/corporatiu\/wp-content\/uploads\/2018\/02\/DIA-ANDALUSIA18-Farga.jpg","articleSection":["Centro de Actividades"],"inLanguage":"ca"},{"@type":"WebPage","@id":"https:\/\/www.lafarga.com\/corporatiu\/farga-gran-escenario-para-dia-andalucia\/","url":"https:\/\/www.lafarga.com\/corporatiu\/farga-gran-escenario-para-dia-andalucia\/","name":"La Farga, gran escenario para el D\u00eda de Andaluc\u00eda - La Farga Gesti\u00f3n de Equipamientos Municipales, S.A.","isPartOf":{"@id":"https:\/\/www.lafarga.com\/corporatiu\/#website"},"primaryImageOfPage":{"@id":"https:\/\/www.lafarga.com\/corporatiu\/farga-gran-escenario-para-dia-andalucia\/#primaryimage"},"image":{"@id":"https:\/\/www.lafarga.com\/corporatiu\/farga-gran-escenario-para-dia-andalucia\/#primaryimage"},"thumbnailUrl":"https:\/\/www.lafarga.com\/corporatiu\/wp-content\/uploads\/2018\/02\/DIA-ANDALUSIA18-Farga.jpg","datePublished":"2018-02-23T09:31:13+00:00","dateModified":"2018-03-05T12:34:50+00:00","description":"Todo est\u00e1 a punto en La Farga Centro de Actividades para acoger las principales actividades de las XXXI Jornadas Conmemorativas D\u00eda de Andaluc\u00eda en L'Hospitalet, que organiza la Federaci\u00f3n Coordinadora de Entidades Andaluzas en L'Hospitalet.","breadcrumb":{"@id":"https:\/\/www.lafarga.com\/corporatiu\/farga-gran-escenario-para-dia-andalucia\/#breadcrumb"},"inLanguage":"ca","potentialAction":[{"@type":"ReadAction","target":["https:\/\/www.lafarga.com\/corporatiu\/farga-gran-escenario-para-dia-andalucia\/"]}]},{"@type":"ImageObject","inLanguage":"ca","@id":"https:\/\/www.lafarga.com\/corporatiu\/farga-gran-escenario-para-dia-andalucia\/#primaryimage","url":"https:\/\/www.lafarga.com\/corporatiu\/wp-content\/uploads\/2018\/02\/DIA-ANDALUSIA18-Farga.jpg","contentUrl":"https:\/\/www.lafarga.com\/corporatiu\/wp-content\/uploads\/2018\/02\/DIA-ANDALUSIA18-Farga.jpg","width":730,"height":410,"caption":"Dia d'Andalusia Farga"},{"@type":"BreadcrumbList","@id":"https:\/\/www.lafarga.com\/corporatiu\/farga-gran-escenario-para-dia-andalucia\/#breadcrumb","itemListElement":[{"@type":"ListItem","position":1,"name":"Home","item":"https:\/\/www.lafarga.com\/corporatiu\/lafarga-hospitalet-llobregat\/"},{"@type":"ListItem","position":2,"name":"La Farga, gran escenario para el D\u00eda de Andaluc\u00eda"}]},{"@type":"WebSite","@id":"https:\/\/www.lafarga.com\/corporatiu\/#website","url":"https:\/\/www.lafarga.com\/corporatiu\/","name":"La Farga Gesti\u00f3 d&#039;Equipaments Municipals, SA","description":"","publisher":{"@id":"https:\/\/www.lafarga.com\/corporatiu\/#organization"},"potentialAction":[{"@type":"SearchAction","target":{"@type":"EntryPoint","urlTemplate":"https:\/\/www.lafarga.com\/corporatiu\/?s={search_term_string}"},"query-input":{"@type":"PropertyValueSpecification","valueRequired":true,"valueName":"search_term_string"}}],"inLanguage":"ca"},{"@type":"Organization","@id":"https:\/\/www.lafarga.com\/corporatiu\/#organization","name":"La Farga Gesti\u00f3 d&#039;Equipaments Municipals, SA","url":"https:\/\/www.lafarga.com\/corporatiu\/","logo":{"@type":"ImageObject","inLanguage":"ca","@id":"https:\/\/www.lafarga.com\/corporatiu\/#\/schema\/logo\/image\/","url":"https:\/\/www.lafarga.com\/corporatiu\/wp-content\/uploads\/2023\/11\/logotipo_lafarga_gemsa.svg","contentUrl":"https:\/\/www.lafarga.com\/corporatiu\/wp-content\/uploads\/2023\/11\/logotipo_lafarga_gemsa.svg","width":102,"height":103,"caption":"La Farga Gesti\u00f3 d&#039;Equipaments Municipals, SA"},"image":{"@id":"https:\/\/www.lafarga.com\/corporatiu\/#\/schema\/logo\/image\/"}},{"@type":"Person","@id":"https:\/\/www.lafarga.com\/corporatiu\/#\/schema\/person\/70d96fe17d0da1a9c9e80d232bdbcf33","name":"\u00d2scar Milla","image":{"@type":"ImageObject","inLanguage":"ca","@id":"https:\/\/secure.gravatar.com\/avatar\/92e75d184f9d5e0e403bd4ad075b080ad258344ddc259adddb579f6a3ba6494f?s=96&d=mm&r=g","url":"https:\/\/secure.gravatar.com\/avatar\/92e75d184f9d5e0e403bd4ad075b080ad258344ddc259adddb579f6a3ba6494f?s=96&d=mm&r=g","contentUrl":"https:\/\/secure.gravatar.com\/avatar\/92e75d184f9d5e0e403bd4ad075b080ad258344ddc259adddb579f6a3ba6494f?s=96&d=mm&r=g","caption":"\u00d2scar Milla"},"url":"https:\/\/www.lafarga.com\/corporatiu\/author\/omilla\/"}]}},"uagb_featured_image_src":{"full":["https:\/\/www.lafarga.com\/corporatiu\/wp-content\/uploads\/2018\/02\/DIA-ANDALUSIA18-Farga.jpg",730,410,false],"thumbnail":["https:\/\/www.lafarga.com\/corporatiu\/wp-content\/uploads\/2018\/02\/DIA-ANDALUSIA18-Farga-150x150.jpg",150,150,true],"medium":["https:\/\/www.lafarga.com\/corporatiu\/wp-content\/uploads\/2018\/02\/DIA-ANDALUSIA18-Farga-300x168.jpg",300,168,true],"medium_large":["https:\/\/www.lafarga.com\/corporatiu\/wp-content\/uploads\/2018\/02\/DIA-ANDALUSIA18-Farga.jpg",730,410,false],"large":["https:\/\/www.lafarga.com\/corporatiu\/wp-content\/uploads\/2018\/02\/DIA-ANDALUSIA18-Farga.jpg",730,410,false],"1536x1536":["https:\/\/www.lafarga.com\/corporatiu\/wp-content\/uploads\/2018\/02\/DIA-ANDALUSIA18-Farga.jpg",730,410,false],"2048x2048":["https:\/\/www.lafarga.com\/corporatiu\/wp-content\/uploads\/2018\/02\/DIA-ANDALUSIA18-Farga.jpg",730,410,false],"mailpoet_newsletter_max":["https:\/\/www.lafarga.com\/corporatiu\/wp-content\/uploads\/2018\/02\/DIA-ANDALUSIA18-Farga.jpg",730,410,false]},"uagb_author_info":{"display_name":"\u00d2scar Milla","author_link":"https:\/\/www.lafarga.com\/corporatiu\/author\/omilla\/"},"uagb_comment_info":0,"uagb_excerpt":"Todo est\u00e1 a punto en La Farga Centro de Actividades para acoger las principales actividades del D\u00eda de Andaluc\u00eda en L'Hospitalet, que organiza la FECEAL'H.","_links":{"self":[{"href":"https:\/\/www.lafarga.com\/corporatiu\/wp-json\/wp\/v2\/posts\/11341","targetHints":{"allow":["GET"]}}],"collection":[{"href":"https:\/\/www.lafarga.com\/corporatiu\/wp-json\/wp\/v2\/posts"}],"about":[{"href":"https:\/\/www.lafarga.com\/corporatiu\/wp-json\/wp\/v2\/types\/post"}],"author":[{"embeddable":true,"href":"https:\/\/www.lafarga.com\/corporatiu\/wp-json\/wp\/v2\/users\/5"}],"replies":[{"embeddable":true,"href":"https:\/\/www.lafarga.com\/corporatiu\/wp-json\/wp\/v2\/comments?post=11341"}],"version-history":[{"count":3,"href":"https:\/\/www.lafarga.com\/corporatiu\/wp-json\/wp\/v2\/posts\/11341\/revisions"}],"predecessor-version":[{"id":11404,"href":"https:\/\/www.lafarga.com\/corporatiu\/wp-json\/wp\/v2\/posts\/11341\/revisions\/11404"}],"wp:featuredmedia":[{"embeddable":true,"href":"https:\/\/www.lafarga.com\/corporatiu\/wp-json\/wp\/v2\/media\/11339"}],"wp:attachment":[{"href":"https:\/\/www.lafarga.com\/corporatiu\/wp-json\/wp\/v2\/media?parent=11341"}],"wp:term":[{"taxonomy":"category","embeddable":true,"href":"https:\/\/www.lafarga.com\/corporatiu\/wp-json\/wp\/v2\/categories?post=11341"},{"taxonomy":"post_tag","embeddable":true,"href":"https:\/\/www.lafarga.com\/corporatiu\/wp-json\/wp\/v2\/tags?post=11341"}],"curies":[{"name":"wp","href":"https:\/\/api.w.org\/{rel}","templated":true}]}}