{"id":11338,"date":"2018-02-23T09:24:10","date_gmt":"2018-02-23T09:24:10","guid":{"rendered":"http:\/\/www.lafarga.com\/corporatiu\/?p=11338"},"modified":"2018-03-05T12:35:47","modified_gmt":"2018-03-05T12:35:47","slug":"la-farga-gran-escenari-per-al-dia-dandalusia","status":"publish","type":"post","link":"https:\/\/www.lafarga.com\/corporatiu\/la-farga-gran-escenari-per-al-dia-dandalusia\/","title":{"rendered":"La Farga, gran escenari per al Dia d&#8217;Andalusia"},"content":{"rendered":"<h5>Dissabte i diumenge<\/h5>\n<p>Tot \u00e9s a punt a La Farga Centre d&#8217;Activitats per acollir les principals activitats de les XXXI Jornades Commemoratives Dia d&#8217;Andalusia a L&#8217;Hospitalet, que organitza la <a href=\"https:\/\/www.facebook.com\/fecealh\/\" target=\"_blank\" rel=\"noopener\"><strong>Federaci\u00f3n Coordinadora de Entidades Andaluzas en L&#8217;Hospitalet<\/strong><\/a>.<\/p>\n<p>Enguany el Dia Andalusia a L&#8217;Hospitalet servir\u00e0 per retre homenatge a Blas\u00a0Infante i a la ciutat de Sevilla.<\/p>\n<p>La Farga acull dissabte a la tarda tot un programa de festival d&#8217;entitats, que tamb\u00e9 es repeteix diumenge al mat\u00ed. La jornada de dissabte la tancar\u00e0 el concert gratu\u00eft que oferir\u00e0 La H\u00fangara.<\/p>\n<p>Diumenge al mat\u00ed hi haur\u00e0 les celebracions m\u00e9s institucionals amb la tradicional ofrena floral a l&#8217;olivera, la missa rociera, per acabar amb la degustaci\u00f3 d&#8217;un plat t\u00edpic andal\u00fas.<\/p>\n<h5>PROGRAMA DE LES XXXI JORNADES DEL DIA D\u2019ANDALUSIA A L\u2019HOSPITALET<\/h5>\n<p><strong>Dissabte, 24 de febrer<\/strong><br \/>\n<strong>17 h.<\/strong><br \/>\nActes centrals del Dia d\u2019Andalusia Festival d\u2019Entitats (1\u00aa part)<br \/>\nHi participen: Hermandad Nuestra Se\u00f1ora del Roc\u00edo de L\u2019Hospitalet (cor rociero), Centro Recreativo Andaluz Coro Alhambra (cor), Asociaci\u00f3n Cultural Andaluza Hijos de Bedmar en Catalunya (cor), Asociaci\u00f3n Cultural Andaluza Marismas del Guadalquivir (cor), Asociaci\u00f3n Cultural Andaluza Hijos de Paradas en Catalunya (quadres de ball), Tertulia Flamenca de L\u2019Hospitalet (quadres de ball), Asociaci\u00f3n Cultural Andaluza de L\u2019Hospitalet (quadres de ball), Hermandad Nuestra Se\u00f1ora del Roc\u00edo Pastora Almonte\u00f1a (quadres de ball i cor rociero), Hermandad Nuestra Se\u00f1ora del Roc\u00edo Pastorcillo Divino (cor rociero), Hermandad Nuestra Se\u00f1ora del Roc\u00edo Rocieros de Carmona (cor rociero i quadres de ball), Asociaci\u00f3n Cultural Andaluza Marismas del Guadalquivir (quadres de ball), Asociaci\u00f3n Cultural Andaluza Casa Fuente Obejuna en Catalunya (quadres de ball) i Escuela de danza Concha Ruiz (quadres de ball).<\/p>\n<p><strong>22:30 h<\/strong><br \/>\nConcert de La H\u00fangara (Entrada gratu\u00efta)<\/p>\n<p><strong>Diumenge, 25 de febrer<\/strong><br \/>\n<strong>09.30 h<\/strong><br \/>\nOfrena floral tradicional a l\u2019olivera<br \/>\nA c\u00e0rrec de la Coral de l\u2019Asociaci\u00f3n Cultural Andaluza Casa de Baena en Catalunya, amb la participaci\u00f3 de la Colla Jove Castellera de L\u2019Hospitalet i l\u2019Escola Municipal de M\u00fasica \u2013 Centre de les Arts de L\u2019Hospitalet.<\/p>\n<p><strong>10.00 h<\/strong><br \/>\nFestival d\u2019Entitats (2a part)<br \/>\nActuaci\u00f3 de: Asociaci\u00f3n Cultural Andaluza Casa de Baena en Catalunya (coral) i Agrupaci\u00f3n Musical Asociaci\u00f3n Cultural Andaluza Confraria 15 + 1 de L\u2019Hospitalet.<\/p>\n<p><strong>11.00 h<\/strong><br \/>\nMissa Rociera<br \/>\nOficiada pel rector Enric Canet<br \/>\nEls cants lit\u00fargics corren a c\u00e0rrec del cor rociero Real Cofrad\u00eda Virgen de la Cabeza a Catalunya.<\/p>\n<p><strong>12.30 h<\/strong><br \/>\nFestival d\u2019Entitats (3a part)<br \/>\nHi participen: Centro Cultural Andaluz Blas Infante (quadres de ball), Asociaci\u00f3n Cultural Andaluza Marismas del Guadalquivir (quadres de ball), Asociaci\u00f3n Cultural Andaluza de L\u2019Hospitalet (quadres de ball) i Asociaci\u00f3n Cultural Andaluza Hijos de Paradas en Catalunya (quadres de ball).<\/p>\n<p><strong>13.00 h<\/strong><br \/>\nDegustaci\u00f3 del plat t\u00edpic andal\u00fas<br \/>\nMontadito de pring\u00e1<br \/>\nOfert pel Centre de Formaci\u00f3 d\u2019Hostaleria de l\u2019Ajuntament de L\u2019Hospitalet.<\/p>\n<p><iframe loading=\"lazy\" src=\"https:\/\/player.vimeo.com\/video\/257453329?color=ef2e24&#038;title=0&#038;byline=0&#038;portrait=0\" width=\"640\" height=\"352\" frameborder=\"0\" webkitallowfullscreen mozallowfullscreen allowfullscreen><\/iframe><\/p>\n","protected":false},"excerpt":{"rendered":"<p>Tot \u00e9s a punt a La Farga Centre d&#8217;Activitats per acollir les principals activitats del Dia d&#8217;Andalusia a L&#8217;Hospitalet, que organitza la FECEAL&#8217;H.<\/p>\n","protected":false},"author":5,"featured_media":11339,"comment_status":"closed","ping_status":"closed","sticky":false,"template":"","format":"standard","meta":{"inline_featured_image":false,"_uag_custom_page_level_css":"","_monsterinsights_skip_tracking":false,"_monsterinsights_sitenote_active":false,"_monsterinsights_sitenote_note":"","_monsterinsights_sitenote_category":0,"site-sidebar-layout":"default","site-content-layout":"","ast-site-content-layout":"default","site-content-style":"default","site-sidebar-style":"default","ast-global-header-display":"","ast-banner-title-visibility":"","ast-main-header-display":"","ast-hfb-above-header-display":"","ast-hfb-below-header-display":"","ast-hfb-mobile-header-display":"","site-post-title":"","ast-breadcrumbs-content":"","ast-featured-img":"","footer-sml-layout":"","ast-disable-related-posts":"","theme-transparent-header-meta":"","adv-header-id-meta":"","stick-header-meta":"","header-above-stick-meta":"","header-main-stick-meta":"","header-below-stick-meta":"","astra-migrate-meta-layouts":"default","ast-page-background-enabled":"default","ast-page-background-meta":{"desktop":{"background-color":"var(--ast-global-color-4)","background-image":"","background-repeat":"repeat","background-position":"center center","background-size":"auto","background-attachment":"scroll","background-type":"","background-media":"","overlay-type":"","overlay-color":"","overlay-opacity":"","overlay-gradient":""},"tablet":{"background-color":"","background-image":"","background-repeat":"repeat","background-position":"center center","background-size":"auto","background-attachment":"scroll","background-type":"","background-media":"","overlay-type":"","overlay-color":"","overlay-opacity":"","overlay-gradient":""},"mobile":{"background-color":"","background-image":"","background-repeat":"repeat","background-position":"center center","background-size":"auto","background-attachment":"scroll","background-type":"","background-media":"","overlay-type":"","overlay-color":"","overlay-opacity":"","overlay-gradient":""}},"ast-content-background-meta":{"desktop":{"background-color":"var(--ast-global-color-5)","background-image":"","background-repeat":"repeat","background-position":"center center","background-size":"auto","background-attachment":"scroll","background-type":"","background-media":"","overlay-type":"","overlay-color":"","overlay-opacity":"","overlay-gradient":""},"tablet":{"background-color":"var(--ast-global-color-5)","background-image":"","background-repeat":"repeat","background-position":"center center","background-size":"auto","background-attachment":"scroll","background-type":"","background-media":"","overlay-type":"","overlay-color":"","overlay-opacity":"","overlay-gradient":""},"mobile":{"background-color":"var(--ast-global-color-5)","background-image":"","background-repeat":"repeat","background-position":"center center","background-size":"auto","background-attachment":"scroll","background-type":"","background-media":"","overlay-type":"","overlay-color":"","overlay-opacity":"","overlay-gradient":""}},"footnotes":""},"categories":[49],"tags":[],"class_list":["post-11338","post","type-post","status-publish","format-standard","has-post-thumbnail","hentry","category-centre-activitats"],"yoast_head":"<!-- This site is optimized with the Yoast SEO plugin v27.4 - https:\/\/yoast.com\/product\/yoast-seo-wordpress\/ -->\n<title>La Farga, gran escenari per al Dia d&#039;Andalusia - La Farga Gesti\u00f3n de Equipamientos Municipales, S.A.<\/title>\n<meta name=\"robots\" content=\"index, follow, max-snippet:-1, max-image-preview:large, max-video-preview:-1\" \/>\n<link rel=\"canonical\" href=\"https:\/\/www.lafarga.com\/corporatiu\/la-farga-gran-escenari-per-al-dia-dandalusia\/\" \/>\n<meta property=\"og:locale\" content=\"ca_ES\" \/>\n<meta property=\"og:type\" content=\"article\" \/>\n<meta property=\"og:title\" content=\"La Farga, gran escenari per al Dia d&#039;Andalusia - La Farga Gesti\u00f3n de Equipamientos Municipales, S.A.\" \/>\n<meta property=\"og:description\" content=\"Tot \u00e9s a punt a La Farga Centre d&#039;Activitats per acollir les principals activitats del Dia d&#039;Andalusia a L&#039;Hospitalet, que organitza la FECEAL&#039;H.\" \/>\n<meta property=\"og:url\" content=\"https:\/\/www.lafarga.com\/corporatiu\/la-farga-gran-escenari-per-al-dia-dandalusia\/\" \/>\n<meta property=\"og:site_name\" content=\"La Farga Gesti\u00f3n de Equipamientos Municipales, S.A.\" \/>\n<meta property=\"article:published_time\" content=\"2018-02-23T09:24:10+00:00\" \/>\n<meta property=\"article:modified_time\" content=\"2018-03-05T12:35:47+00:00\" \/>\n<meta property=\"og:image\" content=\"https:\/\/www.lafarga.com\/corporatiu\/wp-content\/uploads\/2018\/02\/DIA-ANDALUSIA18-Farga.jpg\" \/>\n\t<meta property=\"og:image:width\" content=\"730\" \/>\n\t<meta property=\"og:image:height\" content=\"410\" \/>\n\t<meta property=\"og:image:type\" content=\"image\/jpeg\" \/>\n<meta name=\"author\" content=\"\u00d2scar Milla\" \/>\n<meta name=\"twitter:label1\" content=\"Escrit per\" \/>\n\t<meta name=\"twitter:data1\" content=\"\u00d2scar Milla\" \/>\n\t<meta name=\"twitter:label2\" content=\"Temps estimat de lectura\" \/>\n\t<meta name=\"twitter:data2\" content=\"2 minuts\" \/>\n<script type=\"application\/ld+json\" class=\"yoast-schema-graph\">{\"@context\":\"https:\\\/\\\/schema.org\",\"@graph\":[{\"@type\":\"Article\",\"@id\":\"https:\\\/\\\/www.lafarga.com\\\/corporatiu\\\/la-farga-gran-escenari-per-al-dia-dandalusia\\\/#article\",\"isPartOf\":{\"@id\":\"https:\\\/\\\/www.lafarga.com\\\/corporatiu\\\/la-farga-gran-escenari-per-al-dia-dandalusia\\\/\"},\"author\":{\"name\":\"\u00d2scar Milla\",\"@id\":\"https:\\\/\\\/www.lafarga.com\\\/corporatiu\\\/#\\\/schema\\\/person\\\/70d96fe17d0da1a9c9e80d232bdbcf33\"},\"headline\":\"La Farga, gran escenari per al Dia d&#8217;Andalusia\",\"datePublished\":\"2018-02-23T09:24:10+00:00\",\"dateModified\":\"2018-03-05T12:35:47+00:00\",\"mainEntityOfPage\":{\"@id\":\"https:\\\/\\\/www.lafarga.com\\\/corporatiu\\\/la-farga-gran-escenari-per-al-dia-dandalusia\\\/\"},\"wordCount\":499,\"publisher\":{\"@id\":\"https:\\\/\\\/www.lafarga.com\\\/corporatiu\\\/#organization\"},\"image\":{\"@id\":\"https:\\\/\\\/www.lafarga.com\\\/corporatiu\\\/la-farga-gran-escenari-per-al-dia-dandalusia\\\/#primaryimage\"},\"thumbnailUrl\":\"https:\\\/\\\/www.lafarga.com\\\/corporatiu\\\/wp-content\\\/uploads\\\/2018\\\/02\\\/DIA-ANDALUSIA18-Farga.jpg\",\"articleSection\":[\"Centre d'Activitats\"],\"inLanguage\":\"ca\"},{\"@type\":\"WebPage\",\"@id\":\"https:\\\/\\\/www.lafarga.com\\\/corporatiu\\\/la-farga-gran-escenari-per-al-dia-dandalusia\\\/\",\"url\":\"https:\\\/\\\/www.lafarga.com\\\/corporatiu\\\/la-farga-gran-escenari-per-al-dia-dandalusia\\\/\",\"name\":\"La Farga, gran escenari per al Dia d'Andalusia - La Farga Gesti\u00f3n de Equipamientos Municipales, S.A.\",\"isPartOf\":{\"@id\":\"https:\\\/\\\/www.lafarga.com\\\/corporatiu\\\/#website\"},\"primaryImageOfPage\":{\"@id\":\"https:\\\/\\\/www.lafarga.com\\\/corporatiu\\\/la-farga-gran-escenari-per-al-dia-dandalusia\\\/#primaryimage\"},\"image\":{\"@id\":\"https:\\\/\\\/www.lafarga.com\\\/corporatiu\\\/la-farga-gran-escenari-per-al-dia-dandalusia\\\/#primaryimage\"},\"thumbnailUrl\":\"https:\\\/\\\/www.lafarga.com\\\/corporatiu\\\/wp-content\\\/uploads\\\/2018\\\/02\\\/DIA-ANDALUSIA18-Farga.jpg\",\"datePublished\":\"2018-02-23T09:24:10+00:00\",\"dateModified\":\"2018-03-05T12:35:47+00:00\",\"breadcrumb\":{\"@id\":\"https:\\\/\\\/www.lafarga.com\\\/corporatiu\\\/la-farga-gran-escenari-per-al-dia-dandalusia\\\/#breadcrumb\"},\"inLanguage\":\"ca\",\"potentialAction\":[{\"@type\":\"ReadAction\",\"target\":[\"https:\\\/\\\/www.lafarga.com\\\/corporatiu\\\/la-farga-gran-escenari-per-al-dia-dandalusia\\\/\"]}]},{\"@type\":\"ImageObject\",\"inLanguage\":\"ca\",\"@id\":\"https:\\\/\\\/www.lafarga.com\\\/corporatiu\\\/la-farga-gran-escenari-per-al-dia-dandalusia\\\/#primaryimage\",\"url\":\"https:\\\/\\\/www.lafarga.com\\\/corporatiu\\\/wp-content\\\/uploads\\\/2018\\\/02\\\/DIA-ANDALUSIA18-Farga.jpg\",\"contentUrl\":\"https:\\\/\\\/www.lafarga.com\\\/corporatiu\\\/wp-content\\\/uploads\\\/2018\\\/02\\\/DIA-ANDALUSIA18-Farga.jpg\",\"width\":730,\"height\":410,\"caption\":\"Dia d'Andalusia Farga\"},{\"@type\":\"BreadcrumbList\",\"@id\":\"https:\\\/\\\/www.lafarga.com\\\/corporatiu\\\/la-farga-gran-escenari-per-al-dia-dandalusia\\\/#breadcrumb\",\"itemListElement\":[{\"@type\":\"ListItem\",\"position\":1,\"name\":\"Home\",\"item\":\"https:\\\/\\\/www.lafarga.com\\\/corporatiu\\\/lafarga-hospitalet-llobregat\\\/\"},{\"@type\":\"ListItem\",\"position\":2,\"name\":\"La Farga, gran escenari per al Dia d&#8217;Andalusia\"}]},{\"@type\":\"WebSite\",\"@id\":\"https:\\\/\\\/www.lafarga.com\\\/corporatiu\\\/#website\",\"url\":\"https:\\\/\\\/www.lafarga.com\\\/corporatiu\\\/\",\"name\":\"La Farga Gesti\u00f3 d&#039;Equipaments Municipals, SA\",\"description\":\"\",\"publisher\":{\"@id\":\"https:\\\/\\\/www.lafarga.com\\\/corporatiu\\\/#organization\"},\"potentialAction\":[{\"@type\":\"SearchAction\",\"target\":{\"@type\":\"EntryPoint\",\"urlTemplate\":\"https:\\\/\\\/www.lafarga.com\\\/corporatiu\\\/?s={search_term_string}\"},\"query-input\":{\"@type\":\"PropertyValueSpecification\",\"valueRequired\":true,\"valueName\":\"search_term_string\"}}],\"inLanguage\":\"ca\"},{\"@type\":\"Organization\",\"@id\":\"https:\\\/\\\/www.lafarga.com\\\/corporatiu\\\/#organization\",\"name\":\"La Farga Gesti\u00f3 d&#039;Equipaments Municipals, SA\",\"url\":\"https:\\\/\\\/www.lafarga.com\\\/corporatiu\\\/\",\"logo\":{\"@type\":\"ImageObject\",\"inLanguage\":\"ca\",\"@id\":\"https:\\\/\\\/www.lafarga.com\\\/corporatiu\\\/#\\\/schema\\\/logo\\\/image\\\/\",\"url\":\"https:\\\/\\\/www.lafarga.com\\\/corporatiu\\\/wp-content\\\/uploads\\\/2023\\\/11\\\/logotipo_lafarga_gemsa.svg\",\"contentUrl\":\"https:\\\/\\\/www.lafarga.com\\\/corporatiu\\\/wp-content\\\/uploads\\\/2023\\\/11\\\/logotipo_lafarga_gemsa.svg\",\"width\":102,\"height\":103,\"caption\":\"La Farga Gesti\u00f3 d&#039;Equipaments Municipals, SA\"},\"image\":{\"@id\":\"https:\\\/\\\/www.lafarga.com\\\/corporatiu\\\/#\\\/schema\\\/logo\\\/image\\\/\"}},{\"@type\":\"Person\",\"@id\":\"https:\\\/\\\/www.lafarga.com\\\/corporatiu\\\/#\\\/schema\\\/person\\\/70d96fe17d0da1a9c9e80d232bdbcf33\",\"name\":\"\u00d2scar Milla\",\"image\":{\"@type\":\"ImageObject\",\"inLanguage\":\"ca\",\"@id\":\"https:\\\/\\\/secure.gravatar.com\\\/avatar\\\/92e75d184f9d5e0e403bd4ad075b080ad258344ddc259adddb579f6a3ba6494f?s=96&d=mm&r=g\",\"url\":\"https:\\\/\\\/secure.gravatar.com\\\/avatar\\\/92e75d184f9d5e0e403bd4ad075b080ad258344ddc259adddb579f6a3ba6494f?s=96&d=mm&r=g\",\"contentUrl\":\"https:\\\/\\\/secure.gravatar.com\\\/avatar\\\/92e75d184f9d5e0e403bd4ad075b080ad258344ddc259adddb579f6a3ba6494f?s=96&d=mm&r=g\",\"caption\":\"\u00d2scar Milla\"},\"url\":\"https:\\\/\\\/www.lafarga.com\\\/corporatiu\\\/author\\\/omilla\\\/\"}]}<\/script>\n<!-- \/ Yoast SEO plugin. -->","yoast_head_json":{"title":"La Farga, gran escenari per al Dia d'Andalusia - La Farga Gesti\u00f3n de Equipamientos Municipales, S.A.","robots":{"index":"index","follow":"follow","max-snippet":"max-snippet:-1","max-image-preview":"max-image-preview:large","max-video-preview":"max-video-preview:-1"},"canonical":"https:\/\/www.lafarga.com\/corporatiu\/la-farga-gran-escenari-per-al-dia-dandalusia\/","og_locale":"ca_ES","og_type":"article","og_title":"La Farga, gran escenari per al Dia d'Andalusia - La Farga Gesti\u00f3n de Equipamientos Municipales, S.A.","og_description":"Tot \u00e9s a punt a La Farga Centre d'Activitats per acollir les principals activitats del Dia d'Andalusia a L'Hospitalet, que organitza la FECEAL'H.","og_url":"https:\/\/www.lafarga.com\/corporatiu\/la-farga-gran-escenari-per-al-dia-dandalusia\/","og_site_name":"La Farga Gesti\u00f3n de Equipamientos Municipales, S.A.","article_published_time":"2018-02-23T09:24:10+00:00","article_modified_time":"2018-03-05T12:35:47+00:00","og_image":[{"width":730,"height":410,"url":"https:\/\/www.lafarga.com\/corporatiu\/wp-content\/uploads\/2018\/02\/DIA-ANDALUSIA18-Farga.jpg","type":"image\/jpeg"}],"author":"\u00d2scar Milla","twitter_misc":{"Escrit per":"\u00d2scar Milla","Temps estimat de lectura":"2 minuts"},"schema":{"@context":"https:\/\/schema.org","@graph":[{"@type":"Article","@id":"https:\/\/www.lafarga.com\/corporatiu\/la-farga-gran-escenari-per-al-dia-dandalusia\/#article","isPartOf":{"@id":"https:\/\/www.lafarga.com\/corporatiu\/la-farga-gran-escenari-per-al-dia-dandalusia\/"},"author":{"name":"\u00d2scar Milla","@id":"https:\/\/www.lafarga.com\/corporatiu\/#\/schema\/person\/70d96fe17d0da1a9c9e80d232bdbcf33"},"headline":"La Farga, gran escenari per al Dia d&#8217;Andalusia","datePublished":"2018-02-23T09:24:10+00:00","dateModified":"2018-03-05T12:35:47+00:00","mainEntityOfPage":{"@id":"https:\/\/www.lafarga.com\/corporatiu\/la-farga-gran-escenari-per-al-dia-dandalusia\/"},"wordCount":499,"publisher":{"@id":"https:\/\/www.lafarga.com\/corporatiu\/#organization"},"image":{"@id":"https:\/\/www.lafarga.com\/corporatiu\/la-farga-gran-escenari-per-al-dia-dandalusia\/#primaryimage"},"thumbnailUrl":"https:\/\/www.lafarga.com\/corporatiu\/wp-content\/uploads\/2018\/02\/DIA-ANDALUSIA18-Farga.jpg","articleSection":["Centre d'Activitats"],"inLanguage":"ca"},{"@type":"WebPage","@id":"https:\/\/www.lafarga.com\/corporatiu\/la-farga-gran-escenari-per-al-dia-dandalusia\/","url":"https:\/\/www.lafarga.com\/corporatiu\/la-farga-gran-escenari-per-al-dia-dandalusia\/","name":"La Farga, gran escenari per al Dia d'Andalusia - La Farga Gesti\u00f3n de Equipamientos Municipales, S.A.","isPartOf":{"@id":"https:\/\/www.lafarga.com\/corporatiu\/#website"},"primaryImageOfPage":{"@id":"https:\/\/www.lafarga.com\/corporatiu\/la-farga-gran-escenari-per-al-dia-dandalusia\/#primaryimage"},"image":{"@id":"https:\/\/www.lafarga.com\/corporatiu\/la-farga-gran-escenari-per-al-dia-dandalusia\/#primaryimage"},"thumbnailUrl":"https:\/\/www.lafarga.com\/corporatiu\/wp-content\/uploads\/2018\/02\/DIA-ANDALUSIA18-Farga.jpg","datePublished":"2018-02-23T09:24:10+00:00","dateModified":"2018-03-05T12:35:47+00:00","breadcrumb":{"@id":"https:\/\/www.lafarga.com\/corporatiu\/la-farga-gran-escenari-per-al-dia-dandalusia\/#breadcrumb"},"inLanguage":"ca","potentialAction":[{"@type":"ReadAction","target":["https:\/\/www.lafarga.com\/corporatiu\/la-farga-gran-escenari-per-al-dia-dandalusia\/"]}]},{"@type":"ImageObject","inLanguage":"ca","@id":"https:\/\/www.lafarga.com\/corporatiu\/la-farga-gran-escenari-per-al-dia-dandalusia\/#primaryimage","url":"https:\/\/www.lafarga.com\/corporatiu\/wp-content\/uploads\/2018\/02\/DIA-ANDALUSIA18-Farga.jpg","contentUrl":"https:\/\/www.lafarga.com\/corporatiu\/wp-content\/uploads\/2018\/02\/DIA-ANDALUSIA18-Farga.jpg","width":730,"height":410,"caption":"Dia d'Andalusia Farga"},{"@type":"BreadcrumbList","@id":"https:\/\/www.lafarga.com\/corporatiu\/la-farga-gran-escenari-per-al-dia-dandalusia\/#breadcrumb","itemListElement":[{"@type":"ListItem","position":1,"name":"Home","item":"https:\/\/www.lafarga.com\/corporatiu\/lafarga-hospitalet-llobregat\/"},{"@type":"ListItem","position":2,"name":"La Farga, gran escenari per al Dia d&#8217;Andalusia"}]},{"@type":"WebSite","@id":"https:\/\/www.lafarga.com\/corporatiu\/#website","url":"https:\/\/www.lafarga.com\/corporatiu\/","name":"La Farga Gesti\u00f3 d&#039;Equipaments Municipals, SA","description":"","publisher":{"@id":"https:\/\/www.lafarga.com\/corporatiu\/#organization"},"potentialAction":[{"@type":"SearchAction","target":{"@type":"EntryPoint","urlTemplate":"https:\/\/www.lafarga.com\/corporatiu\/?s={search_term_string}"},"query-input":{"@type":"PropertyValueSpecification","valueRequired":true,"valueName":"search_term_string"}}],"inLanguage":"ca"},{"@type":"Organization","@id":"https:\/\/www.lafarga.com\/corporatiu\/#organization","name":"La Farga Gesti\u00f3 d&#039;Equipaments Municipals, SA","url":"https:\/\/www.lafarga.com\/corporatiu\/","logo":{"@type":"ImageObject","inLanguage":"ca","@id":"https:\/\/www.lafarga.com\/corporatiu\/#\/schema\/logo\/image\/","url":"https:\/\/www.lafarga.com\/corporatiu\/wp-content\/uploads\/2023\/11\/logotipo_lafarga_gemsa.svg","contentUrl":"https:\/\/www.lafarga.com\/corporatiu\/wp-content\/uploads\/2023\/11\/logotipo_lafarga_gemsa.svg","width":102,"height":103,"caption":"La Farga Gesti\u00f3 d&#039;Equipaments Municipals, SA"},"image":{"@id":"https:\/\/www.lafarga.com\/corporatiu\/#\/schema\/logo\/image\/"}},{"@type":"Person","@id":"https:\/\/www.lafarga.com\/corporatiu\/#\/schema\/person\/70d96fe17d0da1a9c9e80d232bdbcf33","name":"\u00d2scar Milla","image":{"@type":"ImageObject","inLanguage":"ca","@id":"https:\/\/secure.gravatar.com\/avatar\/92e75d184f9d5e0e403bd4ad075b080ad258344ddc259adddb579f6a3ba6494f?s=96&d=mm&r=g","url":"https:\/\/secure.gravatar.com\/avatar\/92e75d184f9d5e0e403bd4ad075b080ad258344ddc259adddb579f6a3ba6494f?s=96&d=mm&r=g","contentUrl":"https:\/\/secure.gravatar.com\/avatar\/92e75d184f9d5e0e403bd4ad075b080ad258344ddc259adddb579f6a3ba6494f?s=96&d=mm&r=g","caption":"\u00d2scar Milla"},"url":"https:\/\/www.lafarga.com\/corporatiu\/author\/omilla\/"}]}},"uagb_featured_image_src":{"full":["https:\/\/www.lafarga.com\/corporatiu\/wp-content\/uploads\/2018\/02\/DIA-ANDALUSIA18-Farga.jpg",730,410,false],"thumbnail":["https:\/\/www.lafarga.com\/corporatiu\/wp-content\/uploads\/2018\/02\/DIA-ANDALUSIA18-Farga-150x150.jpg",150,150,true],"medium":["https:\/\/www.lafarga.com\/corporatiu\/wp-content\/uploads\/2018\/02\/DIA-ANDALUSIA18-Farga-300x168.jpg",300,168,true],"medium_large":["https:\/\/www.lafarga.com\/corporatiu\/wp-content\/uploads\/2018\/02\/DIA-ANDALUSIA18-Farga.jpg",730,410,false],"large":["https:\/\/www.lafarga.com\/corporatiu\/wp-content\/uploads\/2018\/02\/DIA-ANDALUSIA18-Farga.jpg",730,410,false],"1536x1536":["https:\/\/www.lafarga.com\/corporatiu\/wp-content\/uploads\/2018\/02\/DIA-ANDALUSIA18-Farga.jpg",730,410,false],"2048x2048":["https:\/\/www.lafarga.com\/corporatiu\/wp-content\/uploads\/2018\/02\/DIA-ANDALUSIA18-Farga.jpg",730,410,false],"mailpoet_newsletter_max":["https:\/\/www.lafarga.com\/corporatiu\/wp-content\/uploads\/2018\/02\/DIA-ANDALUSIA18-Farga.jpg",730,410,false]},"uagb_author_info":{"display_name":"\u00d2scar Milla","author_link":"https:\/\/www.lafarga.com\/corporatiu\/author\/omilla\/"},"uagb_comment_info":0,"uagb_excerpt":"Tot \u00e9s a punt a La Farga Centre d'Activitats per acollir les principals activitats del Dia d'Andalusia a L'Hospitalet, que organitza la FECEAL'H.","_links":{"self":[{"href":"https:\/\/www.lafarga.com\/corporatiu\/wp-json\/wp\/v2\/posts\/11338","targetHints":{"allow":["GET"]}}],"collection":[{"href":"https:\/\/www.lafarga.com\/corporatiu\/wp-json\/wp\/v2\/posts"}],"about":[{"href":"https:\/\/www.lafarga.com\/corporatiu\/wp-json\/wp\/v2\/types\/post"}],"author":[{"embeddable":true,"href":"https:\/\/www.lafarga.com\/corporatiu\/wp-json\/wp\/v2\/users\/5"}],"replies":[{"embeddable":true,"href":"https:\/\/www.lafarga.com\/corporatiu\/wp-json\/wp\/v2\/comments?post=11338"}],"version-history":[{"count":3,"href":"https:\/\/www.lafarga.com\/corporatiu\/wp-json\/wp\/v2\/posts\/11338\/revisions"}],"predecessor-version":[{"id":11405,"href":"https:\/\/www.lafarga.com\/corporatiu\/wp-json\/wp\/v2\/posts\/11338\/revisions\/11405"}],"wp:featuredmedia":[{"embeddable":true,"href":"https:\/\/www.lafarga.com\/corporatiu\/wp-json\/wp\/v2\/media\/11339"}],"wp:attachment":[{"href":"https:\/\/www.lafarga.com\/corporatiu\/wp-json\/wp\/v2\/media?parent=11338"}],"wp:term":[{"taxonomy":"category","embeddable":true,"href":"https:\/\/www.lafarga.com\/corporatiu\/wp-json\/wp\/v2\/categories?post=11338"},{"taxonomy":"post_tag","embeddable":true,"href":"https:\/\/www.lafarga.com\/corporatiu\/wp-json\/wp\/v2\/tags?post=11338"}],"curies":[{"name":"wp","href":"https:\/\/api.w.org\/{rel}","templated":true}]}}