{"id":11327,"date":"2018-02-20T11:55:42","date_gmt":"2018-02-20T11:55:42","guid":{"rendered":"http:\/\/www.lafarga.com\/corporatiu\/?p=11327"},"modified":"2018-02-20T11:55:42","modified_gmt":"2018-02-20T11:55:42","slug":"mobile-extiende-tambien-farga","status":"publish","type":"post","link":"https:\/\/www.lafarga.com\/corporatiu\/mobile-extiende-tambien-farga\/","title":{"rendered":"El Mobile se extiende tambi\u00e9n en La Farga"},"content":{"rendered":"<h5>Edici\u00f3n m\u00famero 331<\/h5>\n<p>La llegada del Mobile World Congress a la ciudad, y por primera vez a La Farga, centra buena parte de la edici\u00f3n del <a href=\"http:\/\/lhdigital.cat\/web\/diari\/diari-l-h\" target=\"_blank\" rel=\"noopener\"><strong>Diari de L&#8217;Hospitalet<\/strong><\/a> de este mes de febrero.<\/p>\n<p>Las p\u00e1ginas centrales del Diari destacan la llegada de este evento mundial en la ciudad, y en especial a La Farga Centro de Actividades, con la celebraci\u00f3n del <a href=\"https:\/\/www.lafarga.com\/corporatiu\/yomo-evento-mobile-world-congress-pasara-por-farga\/\" target=\"_blank\" rel=\"noopener\"><strong>Youth Mobile<\/strong><\/a>, festival del m\u00f3vil dedicado a la formaci\u00f3n para estudiantes y profesores y que reunir\u00e1 15.000 asistentes, del 27 de febrero al 2 de marzo.<\/p>\n<p>En p\u00e1ginas centrales tambi\u00e9n observamos los datos de La Farga Centro de Actividades, centrados en el <a href=\"https:\/\/www.lafarga.com\/corporatiu\/ano-empieza-con-fuerza-para-farga-centro-actividades\/\" target=\"_blank\" rel=\"noopener\"><strong>n\u00famero de visitantes de 2017<\/strong><\/a>, que asciende a 260.000, lo que hace despegar el recinto hospitalense, gestionado por La Farga Gesti\u00f3n de Equipamientos Municipales. Vemos una amplio <a href=\"http:\/\/www.lafargalhospitalet.com\/agenda-cas\/\" target=\"_blank\" rel=\"noopener\"><strong>calendario de las actividades<\/strong><\/a> realizadas hasta ahora y las que quedan de 2018, donde destaca el propio Yomo, el Japan Weekend, el Barcelona Beer Fest o el VeggieWorld Barcelona.<\/p>\n<p>En la portada del Diari encontramos que la ciudad impulsa nuevas iniciativas culturales como la Casa de la M\u00fasica, ayudas para la m\u00fasica en vivo y un &#8216;village&#8217; internacional de artistas. Estos anuncios los ha hecho la alcaldesa, N\u00faria Mar\u00edn, en el marco de su conferencia anual, donde Mar\u00edn espera que Fomento presente el proyecto para soterrar las v\u00edas y avanza un plan para el espacio p\u00fablico de 100 millones de euros.<\/p>\n<h5>M\u00e1s informaci\u00f3n de la ciudad<\/h5>\n<p>Otras informaciones del Diari son que Merche Garc\u00eda, tambi\u00e9n entrevistada por Cristina S\u00e1nchez, toma posesi\u00f3n como defensora de L&#8217;Hospitalet, atendiendo ya en la oficina de Can n&#8217;Ar\u00fas; que la Generalitat y Ayuntamiento acuerdan ofrecer ESO en la escuela Gornal y desdoblar el Instituto Llobregat; y que las asociaciones de vecinos exigen que se cumplan las mejoras pendientes en sanidad.<\/p>\n<p>En p\u00e1ginas interiores encontramos las habituales entrevistas al portavoces de los grupos municipales, en esta edici\u00f3n a Pedro Alonso, portavoz adjunto del PP y Antoni Garc\u00eda, portavoz de ERC y tambi\u00e9n consejero de La Farga, GEM, S.A.<\/p>\n<p>En cuanto al apartado cultural, destaca la exposici\u00f3n inaugurada en el Mercado de La Florida, hasta el 25 de marzo, sobre el conflicto de Siria, a trav\u00e9s de la c\u00e1mara Manu Brabo, premio Pulitzer 2013; y que llegan de nuevo las Jornadas Conmemorativas del D\u00eda de Andaluc\u00eda, este a\u00f1o con el homenaje a Blas Infante y a la ciudad de Sevilla. El escenario principal de celebraci\u00f3n del D\u00eda de Andaluc\u00eda en L&#8217;Hospitalet volver\u00e1 a ser, el pr\u00f3ximo fin de semana, La Farga Centro de Actividades.<\/p>\n<p>En deportes, el CGA de L&#8217;Hospitalet, es protagonista con su debut en la m\u00e1xima categor\u00eda del nuevo circuito de gimnasia art\u00edstica.<\/p>\n<p>El Diari de L&#8217;Hospitalet, medio de comunicaci\u00f3n editado por La Farga Gesti\u00f3n de Equipamientos Municipales, tiene una tirada de 105.000 ejemplares mensuales llegando a todos los hogares de la ciudad.<\/p>\n<p>Aqu\u00ed puede ver la <a href=\"http:\/\/lhdigital.cat\/diarilh_digital\/331\/index.html\" target=\"_blank\" rel=\"noopener\"><strong>versi\u00f3n digital<\/strong><\/a> del Diari.<\/p>\n","protected":false},"excerpt":{"rendered":"<p>La llegada del Mobile World Congress a la ciudad, y por primera vez a La Farga, centra buena parte de la edici\u00f3n del Diari de L&#8217;Hospitalet de este mes de febrero.<\/p>\n","protected":false},"author":5,"featured_media":11325,"comment_status":"closed","ping_status":"closed","sticky":false,"template":"","format":"standard","meta":{"inline_featured_image":false,"_uag_custom_page_level_css":"","_monsterinsights_skip_tracking":false,"_monsterinsights_sitenote_active":false,"_monsterinsights_sitenote_note":"","_monsterinsights_sitenote_category":0,"site-sidebar-layout":"default","site-content-layout":"","ast-site-content-layout":"default","site-content-style":"default","site-sidebar-style":"default","ast-global-header-display":"","ast-banner-title-visibility":"","ast-main-header-display":"","ast-hfb-above-header-display":"","ast-hfb-below-header-display":"","ast-hfb-mobile-header-display":"","site-post-title":"","ast-breadcrumbs-content":"","ast-featured-img":"","footer-sml-layout":"","ast-disable-related-posts":"","theme-transparent-header-meta":"","adv-header-id-meta":"","stick-header-meta":"","header-above-stick-meta":"","header-main-stick-meta":"","header-below-stick-meta":"","astra-migrate-meta-layouts":"default","ast-page-background-enabled":"default","ast-page-background-meta":{"desktop":{"background-color":"var(--ast-global-color-4)","background-image":"","background-repeat":"repeat","background-position":"center center","background-size":"auto","background-attachment":"scroll","background-type":"","background-media":"","overlay-type":"","overlay-color":"","overlay-opacity":"","overlay-gradient":""},"tablet":{"background-color":"","background-image":"","background-repeat":"repeat","background-position":"center center","background-size":"auto","background-attachment":"scroll","background-type":"","background-media":"","overlay-type":"","overlay-color":"","overlay-opacity":"","overlay-gradient":""},"mobile":{"background-color":"","background-image":"","background-repeat":"repeat","background-position":"center center","background-size":"auto","background-attachment":"scroll","background-type":"","background-media":"","overlay-type":"","overlay-color":"","overlay-opacity":"","overlay-gradient":""}},"ast-content-background-meta":{"desktop":{"background-color":"var(--ast-global-color-5)","background-image":"","background-repeat":"repeat","background-position":"center center","background-size":"auto","background-attachment":"scroll","background-type":"","background-media":"","overlay-type":"","overlay-color":"","overlay-opacity":"","overlay-gradient":""},"tablet":{"background-color":"var(--ast-global-color-5)","background-image":"","background-repeat":"repeat","background-position":"center center","background-size":"auto","background-attachment":"scroll","background-type":"","background-media":"","overlay-type":"","overlay-color":"","overlay-opacity":"","overlay-gradient":""},"mobile":{"background-color":"var(--ast-global-color-5)","background-image":"","background-repeat":"repeat","background-position":"center center","background-size":"auto","background-attachment":"scroll","background-type":"","background-media":"","overlay-type":"","overlay-color":"","overlay-opacity":"","overlay-gradient":""}},"footnotes":""},"categories":[73,81],"tags":[],"class_list":["post-11327","post","type-post","status-publish","format-standard","has-post-thumbnail","hentry","category-centro-de-actividades","category-medios-comunicacion"],"yoast_head":"<!-- This site is optimized with the Yoast SEO plugin v27.4 - https:\/\/yoast.com\/product\/yoast-seo-wordpress\/ -->\n<title>El Mobile se extiende tambi\u00e9n en La Farga - La Farga Gesti\u00f3n de Equipamientos Municipales, S.A.<\/title>\n<meta name=\"description\" content=\"La llegada del Mobile World Congress a la ciudad, y por primera vez a La Farga, centra buena parte de la edici\u00f3n del Diari de L&#039;Hospitalet de este mes de febrero.\" \/>\n<meta name=\"robots\" content=\"index, follow, max-snippet:-1, max-image-preview:large, max-video-preview:-1\" \/>\n<link rel=\"canonical\" href=\"https:\/\/www.lafarga.com\/corporatiu\/mobile-extiende-tambien-farga\/\" \/>\n<meta property=\"og:locale\" content=\"ca_ES\" \/>\n<meta property=\"og:type\" content=\"article\" \/>\n<meta property=\"og:title\" content=\"El Mobile se extiende tambi\u00e9n en La Farga - La Farga Gesti\u00f3n de Equipamientos Municipales, S.A.\" \/>\n<meta property=\"og:description\" content=\"La llegada del Mobile World Congress a la ciudad, y por primera vez a La Farga, centra buena parte de la edici\u00f3n del Diari de L&#039;Hospitalet de este mes de febrero.\" \/>\n<meta property=\"og:url\" content=\"https:\/\/www.lafarga.com\/corporatiu\/mobile-extiende-tambien-farga\/\" \/>\n<meta property=\"og:site_name\" content=\"La Farga Gesti\u00f3n de Equipamientos Municipales, S.A.\" \/>\n<meta property=\"article:published_time\" content=\"2018-02-20T11:55:42+00:00\" \/>\n<meta property=\"og:image\" content=\"https:\/\/www.lafarga.com\/corporatiu\/wp-content\/uploads\/2018\/02\/Diari-LH-Febrer-18.jpg\" \/>\n\t<meta property=\"og:image:width\" content=\"730\" \/>\n\t<meta property=\"og:image:height\" content=\"410\" \/>\n\t<meta property=\"og:image:type\" content=\"image\/jpeg\" \/>\n<meta name=\"author\" content=\"\u00d2scar Milla\" \/>\n<meta name=\"twitter:label1\" content=\"Escrit per\" \/>\n\t<meta name=\"twitter:data1\" content=\"\u00d2scar Milla\" \/>\n\t<meta name=\"twitter:label2\" content=\"Temps estimat de lectura\" \/>\n\t<meta name=\"twitter:data2\" content=\"3 minuts\" \/>\n<script type=\"application\/ld+json\" class=\"yoast-schema-graph\">{\"@context\":\"https:\\\/\\\/schema.org\",\"@graph\":[{\"@type\":\"Article\",\"@id\":\"https:\\\/\\\/www.lafarga.com\\\/corporatiu\\\/mobile-extiende-tambien-farga\\\/#article\",\"isPartOf\":{\"@id\":\"https:\\\/\\\/www.lafarga.com\\\/corporatiu\\\/mobile-extiende-tambien-farga\\\/\"},\"author\":{\"name\":\"\u00d2scar Milla\",\"@id\":\"https:\\\/\\\/www.lafarga.com\\\/corporatiu\\\/#\\\/schema\\\/person\\\/70d96fe17d0da1a9c9e80d232bdbcf33\"},\"headline\":\"El Mobile se extiende tambi\u00e9n en La Farga\",\"datePublished\":\"2018-02-20T11:55:42+00:00\",\"mainEntityOfPage\":{\"@id\":\"https:\\\/\\\/www.lafarga.com\\\/corporatiu\\\/mobile-extiende-tambien-farga\\\/\"},\"wordCount\":527,\"publisher\":{\"@id\":\"https:\\\/\\\/www.lafarga.com\\\/corporatiu\\\/#organization\"},\"image\":{\"@id\":\"https:\\\/\\\/www.lafarga.com\\\/corporatiu\\\/mobile-extiende-tambien-farga\\\/#primaryimage\"},\"thumbnailUrl\":\"https:\\\/\\\/www.lafarga.com\\\/corporatiu\\\/wp-content\\\/uploads\\\/2018\\\/02\\\/Diari-LH-Febrer-18.jpg\",\"articleSection\":[\"Centro de Actividades\",\"Medios de Comunicaci\u00f3n\"],\"inLanguage\":\"ca\"},{\"@type\":\"WebPage\",\"@id\":\"https:\\\/\\\/www.lafarga.com\\\/corporatiu\\\/mobile-extiende-tambien-farga\\\/\",\"url\":\"https:\\\/\\\/www.lafarga.com\\\/corporatiu\\\/mobile-extiende-tambien-farga\\\/\",\"name\":\"El Mobile se extiende tambi\u00e9n en La Farga - La Farga Gesti\u00f3n de Equipamientos Municipales, S.A.\",\"isPartOf\":{\"@id\":\"https:\\\/\\\/www.lafarga.com\\\/corporatiu\\\/#website\"},\"primaryImageOfPage\":{\"@id\":\"https:\\\/\\\/www.lafarga.com\\\/corporatiu\\\/mobile-extiende-tambien-farga\\\/#primaryimage\"},\"image\":{\"@id\":\"https:\\\/\\\/www.lafarga.com\\\/corporatiu\\\/mobile-extiende-tambien-farga\\\/#primaryimage\"},\"thumbnailUrl\":\"https:\\\/\\\/www.lafarga.com\\\/corporatiu\\\/wp-content\\\/uploads\\\/2018\\\/02\\\/Diari-LH-Febrer-18.jpg\",\"datePublished\":\"2018-02-20T11:55:42+00:00\",\"description\":\"La llegada del Mobile World Congress a la ciudad, y por primera vez a La Farga, centra buena parte de la edici\u00f3n del Diari de L'Hospitalet de este mes de febrero.\",\"breadcrumb\":{\"@id\":\"https:\\\/\\\/www.lafarga.com\\\/corporatiu\\\/mobile-extiende-tambien-farga\\\/#breadcrumb\"},\"inLanguage\":\"ca\",\"potentialAction\":[{\"@type\":\"ReadAction\",\"target\":[\"https:\\\/\\\/www.lafarga.com\\\/corporatiu\\\/mobile-extiende-tambien-farga\\\/\"]}]},{\"@type\":\"ImageObject\",\"inLanguage\":\"ca\",\"@id\":\"https:\\\/\\\/www.lafarga.com\\\/corporatiu\\\/mobile-extiende-tambien-farga\\\/#primaryimage\",\"url\":\"https:\\\/\\\/www.lafarga.com\\\/corporatiu\\\/wp-content\\\/uploads\\\/2018\\\/02\\\/Diari-LH-Febrer-18.jpg\",\"contentUrl\":\"https:\\\/\\\/www.lafarga.com\\\/corporatiu\\\/wp-content\\\/uploads\\\/2018\\\/02\\\/Diari-LH-Febrer-18.jpg\",\"width\":730,\"height\":410,\"caption\":\"Diari Farga\"},{\"@type\":\"BreadcrumbList\",\"@id\":\"https:\\\/\\\/www.lafarga.com\\\/corporatiu\\\/mobile-extiende-tambien-farga\\\/#breadcrumb\",\"itemListElement\":[{\"@type\":\"ListItem\",\"position\":1,\"name\":\"Home\",\"item\":\"https:\\\/\\\/www.lafarga.com\\\/corporatiu\\\/lafarga-hospitalet-llobregat\\\/\"},{\"@type\":\"ListItem\",\"position\":2,\"name\":\"El Mobile se extiende tambi\u00e9n en La Farga\"}]},{\"@type\":\"WebSite\",\"@id\":\"https:\\\/\\\/www.lafarga.com\\\/corporatiu\\\/#website\",\"url\":\"https:\\\/\\\/www.lafarga.com\\\/corporatiu\\\/\",\"name\":\"La Farga Gesti\u00f3 d&#039;Equipaments Municipals, SA\",\"description\":\"\",\"publisher\":{\"@id\":\"https:\\\/\\\/www.lafarga.com\\\/corporatiu\\\/#organization\"},\"potentialAction\":[{\"@type\":\"SearchAction\",\"target\":{\"@type\":\"EntryPoint\",\"urlTemplate\":\"https:\\\/\\\/www.lafarga.com\\\/corporatiu\\\/?s={search_term_string}\"},\"query-input\":{\"@type\":\"PropertyValueSpecification\",\"valueRequired\":true,\"valueName\":\"search_term_string\"}}],\"inLanguage\":\"ca\"},{\"@type\":\"Organization\",\"@id\":\"https:\\\/\\\/www.lafarga.com\\\/corporatiu\\\/#organization\",\"name\":\"La Farga Gesti\u00f3 d&#039;Equipaments Municipals, SA\",\"url\":\"https:\\\/\\\/www.lafarga.com\\\/corporatiu\\\/\",\"logo\":{\"@type\":\"ImageObject\",\"inLanguage\":\"ca\",\"@id\":\"https:\\\/\\\/www.lafarga.com\\\/corporatiu\\\/#\\\/schema\\\/logo\\\/image\\\/\",\"url\":\"https:\\\/\\\/www.lafarga.com\\\/corporatiu\\\/wp-content\\\/uploads\\\/2023\\\/11\\\/logotipo_lafarga_gemsa.svg\",\"contentUrl\":\"https:\\\/\\\/www.lafarga.com\\\/corporatiu\\\/wp-content\\\/uploads\\\/2023\\\/11\\\/logotipo_lafarga_gemsa.svg\",\"width\":102,\"height\":103,\"caption\":\"La Farga Gesti\u00f3 d&#039;Equipaments Municipals, SA\"},\"image\":{\"@id\":\"https:\\\/\\\/www.lafarga.com\\\/corporatiu\\\/#\\\/schema\\\/logo\\\/image\\\/\"}},{\"@type\":\"Person\",\"@id\":\"https:\\\/\\\/www.lafarga.com\\\/corporatiu\\\/#\\\/schema\\\/person\\\/70d96fe17d0da1a9c9e80d232bdbcf33\",\"name\":\"\u00d2scar Milla\",\"image\":{\"@type\":\"ImageObject\",\"inLanguage\":\"ca\",\"@id\":\"https:\\\/\\\/secure.gravatar.com\\\/avatar\\\/92e75d184f9d5e0e403bd4ad075b080ad258344ddc259adddb579f6a3ba6494f?s=96&d=mm&r=g\",\"url\":\"https:\\\/\\\/secure.gravatar.com\\\/avatar\\\/92e75d184f9d5e0e403bd4ad075b080ad258344ddc259adddb579f6a3ba6494f?s=96&d=mm&r=g\",\"contentUrl\":\"https:\\\/\\\/secure.gravatar.com\\\/avatar\\\/92e75d184f9d5e0e403bd4ad075b080ad258344ddc259adddb579f6a3ba6494f?s=96&d=mm&r=g\",\"caption\":\"\u00d2scar Milla\"},\"url\":\"https:\\\/\\\/www.lafarga.com\\\/corporatiu\\\/author\\\/omilla\\\/\"}]}<\/script>\n<!-- \/ Yoast SEO plugin. -->","yoast_head_json":{"title":"El Mobile se extiende tambi\u00e9n en La Farga - La Farga Gesti\u00f3n de Equipamientos Municipales, S.A.","description":"La llegada del Mobile World Congress a la ciudad, y por primera vez a La Farga, centra buena parte de la edici\u00f3n del Diari de L'Hospitalet de este mes de febrero.","robots":{"index":"index","follow":"follow","max-snippet":"max-snippet:-1","max-image-preview":"max-image-preview:large","max-video-preview":"max-video-preview:-1"},"canonical":"https:\/\/www.lafarga.com\/corporatiu\/mobile-extiende-tambien-farga\/","og_locale":"ca_ES","og_type":"article","og_title":"El Mobile se extiende tambi\u00e9n en La Farga - La Farga Gesti\u00f3n de Equipamientos Municipales, S.A.","og_description":"La llegada del Mobile World Congress a la ciudad, y por primera vez a La Farga, centra buena parte de la edici\u00f3n del Diari de L'Hospitalet de este mes de febrero.","og_url":"https:\/\/www.lafarga.com\/corporatiu\/mobile-extiende-tambien-farga\/","og_site_name":"La Farga Gesti\u00f3n de Equipamientos Municipales, S.A.","article_published_time":"2018-02-20T11:55:42+00:00","og_image":[{"width":730,"height":410,"url":"https:\/\/www.lafarga.com\/corporatiu\/wp-content\/uploads\/2018\/02\/Diari-LH-Febrer-18.jpg","type":"image\/jpeg"}],"author":"\u00d2scar Milla","twitter_misc":{"Escrit per":"\u00d2scar Milla","Temps estimat de lectura":"3 minuts"},"schema":{"@context":"https:\/\/schema.org","@graph":[{"@type":"Article","@id":"https:\/\/www.lafarga.com\/corporatiu\/mobile-extiende-tambien-farga\/#article","isPartOf":{"@id":"https:\/\/www.lafarga.com\/corporatiu\/mobile-extiende-tambien-farga\/"},"author":{"name":"\u00d2scar Milla","@id":"https:\/\/www.lafarga.com\/corporatiu\/#\/schema\/person\/70d96fe17d0da1a9c9e80d232bdbcf33"},"headline":"El Mobile se extiende tambi\u00e9n en La Farga","datePublished":"2018-02-20T11:55:42+00:00","mainEntityOfPage":{"@id":"https:\/\/www.lafarga.com\/corporatiu\/mobile-extiende-tambien-farga\/"},"wordCount":527,"publisher":{"@id":"https:\/\/www.lafarga.com\/corporatiu\/#organization"},"image":{"@id":"https:\/\/www.lafarga.com\/corporatiu\/mobile-extiende-tambien-farga\/#primaryimage"},"thumbnailUrl":"https:\/\/www.lafarga.com\/corporatiu\/wp-content\/uploads\/2018\/02\/Diari-LH-Febrer-18.jpg","articleSection":["Centro de Actividades","Medios de Comunicaci\u00f3n"],"inLanguage":"ca"},{"@type":"WebPage","@id":"https:\/\/www.lafarga.com\/corporatiu\/mobile-extiende-tambien-farga\/","url":"https:\/\/www.lafarga.com\/corporatiu\/mobile-extiende-tambien-farga\/","name":"El Mobile se extiende tambi\u00e9n en La Farga - La Farga Gesti\u00f3n de Equipamientos Municipales, S.A.","isPartOf":{"@id":"https:\/\/www.lafarga.com\/corporatiu\/#website"},"primaryImageOfPage":{"@id":"https:\/\/www.lafarga.com\/corporatiu\/mobile-extiende-tambien-farga\/#primaryimage"},"image":{"@id":"https:\/\/www.lafarga.com\/corporatiu\/mobile-extiende-tambien-farga\/#primaryimage"},"thumbnailUrl":"https:\/\/www.lafarga.com\/corporatiu\/wp-content\/uploads\/2018\/02\/Diari-LH-Febrer-18.jpg","datePublished":"2018-02-20T11:55:42+00:00","description":"La llegada del Mobile World Congress a la ciudad, y por primera vez a La Farga, centra buena parte de la edici\u00f3n del Diari de L'Hospitalet de este mes de febrero.","breadcrumb":{"@id":"https:\/\/www.lafarga.com\/corporatiu\/mobile-extiende-tambien-farga\/#breadcrumb"},"inLanguage":"ca","potentialAction":[{"@type":"ReadAction","target":["https:\/\/www.lafarga.com\/corporatiu\/mobile-extiende-tambien-farga\/"]}]},{"@type":"ImageObject","inLanguage":"ca","@id":"https:\/\/www.lafarga.com\/corporatiu\/mobile-extiende-tambien-farga\/#primaryimage","url":"https:\/\/www.lafarga.com\/corporatiu\/wp-content\/uploads\/2018\/02\/Diari-LH-Febrer-18.jpg","contentUrl":"https:\/\/www.lafarga.com\/corporatiu\/wp-content\/uploads\/2018\/02\/Diari-LH-Febrer-18.jpg","width":730,"height":410,"caption":"Diari Farga"},{"@type":"BreadcrumbList","@id":"https:\/\/www.lafarga.com\/corporatiu\/mobile-extiende-tambien-farga\/#breadcrumb","itemListElement":[{"@type":"ListItem","position":1,"name":"Home","item":"https:\/\/www.lafarga.com\/corporatiu\/lafarga-hospitalet-llobregat\/"},{"@type":"ListItem","position":2,"name":"El Mobile se extiende tambi\u00e9n en La Farga"}]},{"@type":"WebSite","@id":"https:\/\/www.lafarga.com\/corporatiu\/#website","url":"https:\/\/www.lafarga.com\/corporatiu\/","name":"La Farga Gesti\u00f3 d&#039;Equipaments Municipals, SA","description":"","publisher":{"@id":"https:\/\/www.lafarga.com\/corporatiu\/#organization"},"potentialAction":[{"@type":"SearchAction","target":{"@type":"EntryPoint","urlTemplate":"https:\/\/www.lafarga.com\/corporatiu\/?s={search_term_string}"},"query-input":{"@type":"PropertyValueSpecification","valueRequired":true,"valueName":"search_term_string"}}],"inLanguage":"ca"},{"@type":"Organization","@id":"https:\/\/www.lafarga.com\/corporatiu\/#organization","name":"La Farga Gesti\u00f3 d&#039;Equipaments Municipals, SA","url":"https:\/\/www.lafarga.com\/corporatiu\/","logo":{"@type":"ImageObject","inLanguage":"ca","@id":"https:\/\/www.lafarga.com\/corporatiu\/#\/schema\/logo\/image\/","url":"https:\/\/www.lafarga.com\/corporatiu\/wp-content\/uploads\/2023\/11\/logotipo_lafarga_gemsa.svg","contentUrl":"https:\/\/www.lafarga.com\/corporatiu\/wp-content\/uploads\/2023\/11\/logotipo_lafarga_gemsa.svg","width":102,"height":103,"caption":"La Farga Gesti\u00f3 d&#039;Equipaments Municipals, SA"},"image":{"@id":"https:\/\/www.lafarga.com\/corporatiu\/#\/schema\/logo\/image\/"}},{"@type":"Person","@id":"https:\/\/www.lafarga.com\/corporatiu\/#\/schema\/person\/70d96fe17d0da1a9c9e80d232bdbcf33","name":"\u00d2scar Milla","image":{"@type":"ImageObject","inLanguage":"ca","@id":"https:\/\/secure.gravatar.com\/avatar\/92e75d184f9d5e0e403bd4ad075b080ad258344ddc259adddb579f6a3ba6494f?s=96&d=mm&r=g","url":"https:\/\/secure.gravatar.com\/avatar\/92e75d184f9d5e0e403bd4ad075b080ad258344ddc259adddb579f6a3ba6494f?s=96&d=mm&r=g","contentUrl":"https:\/\/secure.gravatar.com\/avatar\/92e75d184f9d5e0e403bd4ad075b080ad258344ddc259adddb579f6a3ba6494f?s=96&d=mm&r=g","caption":"\u00d2scar Milla"},"url":"https:\/\/www.lafarga.com\/corporatiu\/author\/omilla\/"}]}},"uagb_featured_image_src":{"full":["https:\/\/www.lafarga.com\/corporatiu\/wp-content\/uploads\/2018\/02\/Diari-LH-Febrer-18.jpg",730,410,false],"thumbnail":["https:\/\/www.lafarga.com\/corporatiu\/wp-content\/uploads\/2018\/02\/Diari-LH-Febrer-18-150x150.jpg",150,150,true],"medium":["https:\/\/www.lafarga.com\/corporatiu\/wp-content\/uploads\/2018\/02\/Diari-LH-Febrer-18-300x168.jpg",300,168,true],"medium_large":["https:\/\/www.lafarga.com\/corporatiu\/wp-content\/uploads\/2018\/02\/Diari-LH-Febrer-18.jpg",730,410,false],"large":["https:\/\/www.lafarga.com\/corporatiu\/wp-content\/uploads\/2018\/02\/Diari-LH-Febrer-18.jpg",730,410,false],"1536x1536":["https:\/\/www.lafarga.com\/corporatiu\/wp-content\/uploads\/2018\/02\/Diari-LH-Febrer-18.jpg",730,410,false],"2048x2048":["https:\/\/www.lafarga.com\/corporatiu\/wp-content\/uploads\/2018\/02\/Diari-LH-Febrer-18.jpg",730,410,false],"mailpoet_newsletter_max":["https:\/\/www.lafarga.com\/corporatiu\/wp-content\/uploads\/2018\/02\/Diari-LH-Febrer-18.jpg",730,410,false]},"uagb_author_info":{"display_name":"\u00d2scar Milla","author_link":"https:\/\/www.lafarga.com\/corporatiu\/author\/omilla\/"},"uagb_comment_info":0,"uagb_excerpt":"La llegada del Mobile World Congress a la ciudad, y por primera vez a La Farga, centra buena parte de la edici\u00f3n del Diari de L'Hospitalet de este mes de febrero.","_links":{"self":[{"href":"https:\/\/www.lafarga.com\/corporatiu\/wp-json\/wp\/v2\/posts\/11327","targetHints":{"allow":["GET"]}}],"collection":[{"href":"https:\/\/www.lafarga.com\/corporatiu\/wp-json\/wp\/v2\/posts"}],"about":[{"href":"https:\/\/www.lafarga.com\/corporatiu\/wp-json\/wp\/v2\/types\/post"}],"author":[{"embeddable":true,"href":"https:\/\/www.lafarga.com\/corporatiu\/wp-json\/wp\/v2\/users\/5"}],"replies":[{"embeddable":true,"href":"https:\/\/www.lafarga.com\/corporatiu\/wp-json\/wp\/v2\/comments?post=11327"}],"version-history":[{"count":1,"href":"https:\/\/www.lafarga.com\/corporatiu\/wp-json\/wp\/v2\/posts\/11327\/revisions"}],"predecessor-version":[{"id":11328,"href":"https:\/\/www.lafarga.com\/corporatiu\/wp-json\/wp\/v2\/posts\/11327\/revisions\/11328"}],"wp:featuredmedia":[{"embeddable":true,"href":"https:\/\/www.lafarga.com\/corporatiu\/wp-json\/wp\/v2\/media\/11325"}],"wp:attachment":[{"href":"https:\/\/www.lafarga.com\/corporatiu\/wp-json\/wp\/v2\/media?parent=11327"}],"wp:term":[{"taxonomy":"category","embeddable":true,"href":"https:\/\/www.lafarga.com\/corporatiu\/wp-json\/wp\/v2\/categories?post=11327"},{"taxonomy":"post_tag","embeddable":true,"href":"https:\/\/www.lafarga.com\/corporatiu\/wp-json\/wp\/v2\/tags?post=11327"}],"curies":[{"name":"wp","href":"https:\/\/api.w.org\/{rel}","templated":true}]}}