{"id":11324,"date":"2018-02-20T11:47:30","date_gmt":"2018-02-20T11:47:30","guid":{"rendered":"http:\/\/www.lafarga.com\/corporatiu\/?p=11324"},"modified":"2018-02-21T09:55:10","modified_gmt":"2018-02-21T09:55:10","slug":"mobile-exten-tambe-farga","status":"publish","type":"post","link":"https:\/\/www.lafarga.com\/corporatiu\/mobile-exten-tambe-farga\/","title":{"rendered":"El Mobile s&#8217;est\u00e9n tamb\u00e9 a La Farga"},"content":{"rendered":"<h5>Edici\u00f3 m\u00famero 331<\/h5>\n<p>L\u2019arribada del Mobile World Congress a la ciutat, i per primer cop a La Farga, centra bona part de l\u2019edici\u00f3 del <a href=\"http:\/\/lhdigital.cat\/web\/diari\/diari-l-h\" target=\"_blank\" rel=\"noopener\"><strong>Diari de L\u2019Hospitalet<\/strong><\/a> d\u2019aquest mes de febrer.<\/p>\n<p>Les p\u00e0gines centrals del Diari destaquen l\u2019arribada d\u2019aquest esdeveniment mundial a la ciutat, i en especial a La Farga Centre d\u2019Activitats, amb la celebraci\u00f3 del <a href=\"https:\/\/www.lafarga.com\/corporatiu\/yomo-mobile-world-congress-farga\/\" target=\"_blank\" rel=\"noopener\"><strong>Youth Mobile<\/strong><\/a>, festival del m\u00f2bil dedicat a la formaci\u00f3 per a estudiants i professors i que aplegar\u00e0 15.000 assistents, del 27 de febrer al 2 de mar\u00e7.<\/p>\n<p>En p\u00e0gines centrals tamb\u00e9 observem les dades de La Farga Centre d\u2019Activitats, centrades en el <a href=\"https:\/\/www.lafarga.com\/corporatiu\/any-comenca-forca-farga-centre-activitats\/\" target=\"_blank\" rel=\"noopener\"><strong>nombre de visitants del 2017<\/strong><\/a>, que ascendeix a 260.000, fet que fa enlairar el recinte hospitalenc, gestionat per La Farga Gesti\u00f3 d\u2019Equipaments Municipals. Hi veiem una ampli <a href=\"http:\/\/www.lafargalhospitalet.com\/agenda-cat\/\" target=\"_blank\" rel=\"noopener\"><strong>calendari de les activitats<\/strong><\/a> realitzades fins ara i les que resten de 2018, on destaca el propi YoMo, el Japan Weekend, el Barcelona Beer Fest o el VeggieWorld Barcelona.<\/p>\n<p>En la portada del Diari hi trobem que la ciutat impulsa noves iniciatives culturals com la Casa de la M\u00fasica, ajudes per a la m\u00fasica en viu i un \u2018village\u2019 internacional d\u2019artistes. Aquests anuncis els ha fet l\u2019alcaldessa, N\u00faria Mar\u00edn, en el marc de la seva confer\u00e8ncia anual, on Mar\u00edn espera que Fomento presenti el projecte per soterrar les vies i avan\u00e7a un pla per a l\u2019espai p\u00fablic de 100 milions d\u2019euros.<\/p>\n<h5>M\u00e9s informaci\u00f3 de la ciutat<\/h5>\n<p>Altres informacions del Diari s\u00f3n que Merche Garc\u00eda, tamb\u00e9 entrevistada per Cristina S\u00e1nchez, pren possessi\u00f3 com a s\u00edndica de L\u2019Hospitalet, atenent ja a l\u2019oficina de Can n\u2019Ar\u00fas; que la Generalitat i Ajuntament acorden oferir ESO a l\u2019escola Gornal i desdoblar l\u2019Institut Llobregat; i que les associacions de ve\u00efns exigeixen que es compleixin les millores pendents en sanitat.<\/p>\n<p>En p\u00e0gines interiors trobem les habituals entrevistes al portaveus dels grups municipals, en aquesta edici\u00f3 a Pedro Alonso, portaveu adjunt del PP i Antoni Garc\u00eda, portaveu d\u2019ERC i tamb\u00e9 conseller de La Farga, GEM, S.A.<\/p>\n<p>Pel que fa a l\u2019apartat cultural, destaca l\u2019exposici\u00f3 inaugurada al Mercat de La Florida, fins el 25 de mar\u00e7, sobre el conflicte de S\u00edria, a trav\u00e9s de la c\u00e0mera Manu Brabo, premi Pulitzer 2013; i que arriben de nou les Jornades Commemoratives del Dia d\u2019Andalusia, enguany amb l\u2019homenatge a Blas Infante i a la ciutat de Sevilla. L\u2019escenari principal de celebraci\u00f3 del Dia d\u2019Andalusia a L\u2019Hospitalet tornar\u00e0 a ser, el proper cap de setmana, La Farga Centre d\u2019Activitats.<\/p>\n<p>En esports, el CGA de L\u2019Hospitalet, n\u2019\u00e9s protagonista amb el seu debut a la m\u00e0xima categoria del nou circuit de gimn\u00e0stica art\u00edstica.<\/p>\n<p>El Diari de L\u2019Hospitalet, mitj\u00e0 de comunicaci\u00f3 editat per La Farga Gesti\u00f3 d\u2019Equipaments Municipals, t\u00e9 una tirada de 105.000 exemplars mensuals arribant a totes les llars de la ciutat.<\/p>\n<p>Aqu\u00ed podeu veure la <a href=\"http:\/\/lhdigital.cat\/diarilh_digital\/331\/index.html\" target=\"_blank\" rel=\"noopener\"><strong>versi\u00f3 digital<\/strong><\/a> del Diari.<\/p>\n","protected":false},"excerpt":{"rendered":"<p>L\u2019arribada del Mobile World Congress a la ciutat, i per primer cop a La Farga, centra bona part de l\u2019edici\u00f3 del Diari de L\u2019Hospitalet d\u2019aquest mes de febrer.<\/p>\n","protected":false},"author":5,"featured_media":11325,"comment_status":"closed","ping_status":"closed","sticky":false,"template":"","format":"standard","meta":{"inline_featured_image":false,"_uag_custom_page_level_css":"","_monsterinsights_skip_tracking":false,"_monsterinsights_sitenote_active":false,"_monsterinsights_sitenote_note":"","_monsterinsights_sitenote_category":0,"site-sidebar-layout":"default","site-content-layout":"","ast-site-content-layout":"default","site-content-style":"default","site-sidebar-style":"default","ast-global-header-display":"","ast-banner-title-visibility":"","ast-main-header-display":"","ast-hfb-above-header-display":"","ast-hfb-below-header-display":"","ast-hfb-mobile-header-display":"","site-post-title":"","ast-breadcrumbs-content":"","ast-featured-img":"","footer-sml-layout":"","ast-disable-related-posts":"","theme-transparent-header-meta":"","adv-header-id-meta":"","stick-header-meta":"","header-above-stick-meta":"","header-main-stick-meta":"","header-below-stick-meta":"","astra-migrate-meta-layouts":"default","ast-page-background-enabled":"default","ast-page-background-meta":{"desktop":{"background-color":"var(--ast-global-color-4)","background-image":"","background-repeat":"repeat","background-position":"center center","background-size":"auto","background-attachment":"scroll","background-type":"","background-media":"","overlay-type":"","overlay-color":"","overlay-opacity":"","overlay-gradient":""},"tablet":{"background-color":"","background-image":"","background-repeat":"repeat","background-position":"center center","background-size":"auto","background-attachment":"scroll","background-type":"","background-media":"","overlay-type":"","overlay-color":"","overlay-opacity":"","overlay-gradient":""},"mobile":{"background-color":"","background-image":"","background-repeat":"repeat","background-position":"center center","background-size":"auto","background-attachment":"scroll","background-type":"","background-media":"","overlay-type":"","overlay-color":"","overlay-opacity":"","overlay-gradient":""}},"ast-content-background-meta":{"desktop":{"background-color":"var(--ast-global-color-5)","background-image":"","background-repeat":"repeat","background-position":"center center","background-size":"auto","background-attachment":"scroll","background-type":"","background-media":"","overlay-type":"","overlay-color":"","overlay-opacity":"","overlay-gradient":""},"tablet":{"background-color":"var(--ast-global-color-5)","background-image":"","background-repeat":"repeat","background-position":"center center","background-size":"auto","background-attachment":"scroll","background-type":"","background-media":"","overlay-type":"","overlay-color":"","overlay-opacity":"","overlay-gradient":""},"mobile":{"background-color":"var(--ast-global-color-5)","background-image":"","background-repeat":"repeat","background-position":"center center","background-size":"auto","background-attachment":"scroll","background-type":"","background-media":"","overlay-type":"","overlay-color":"","overlay-opacity":"","overlay-gradient":""}},"footnotes":""},"categories":[49,51],"tags":[],"class_list":["post-11324","post","type-post","status-publish","format-standard","has-post-thumbnail","hentry","category-centre-activitats","category-mitjans-comunicacio"],"yoast_head":"<!-- This site is optimized with the Yoast SEO plugin v27.4 - https:\/\/yoast.com\/product\/yoast-seo-wordpress\/ -->\n<title>El Mobile s&#039;est\u00e9n tamb\u00e9 a La Farga - La Farga Gesti\u00f3n de Equipamientos Municipales, S.A.<\/title>\n<meta name=\"description\" content=\"L\u2019arribada del Mobile World Congress a la ciutat, i per primer cop a La Farga centra bona part de l\u2019edici\u00f3 del Diari de L\u2019Hospitalet d\u2019aquest mes de febrer.\" \/>\n<meta name=\"robots\" content=\"index, follow, max-snippet:-1, max-image-preview:large, max-video-preview:-1\" \/>\n<link rel=\"canonical\" href=\"https:\/\/www.lafarga.com\/corporatiu\/mobile-exten-tambe-farga\/\" \/>\n<meta property=\"og:locale\" content=\"ca_ES\" \/>\n<meta property=\"og:type\" content=\"article\" \/>\n<meta property=\"og:title\" content=\"El Mobile s&#039;est\u00e9n tamb\u00e9 a La Farga - La Farga Gesti\u00f3n de Equipamientos Municipales, S.A.\" \/>\n<meta property=\"og:description\" content=\"L\u2019arribada del Mobile World Congress a la ciutat, i per primer cop a La Farga centra bona part de l\u2019edici\u00f3 del Diari de L\u2019Hospitalet d\u2019aquest mes de febrer.\" \/>\n<meta property=\"og:url\" content=\"https:\/\/www.lafarga.com\/corporatiu\/mobile-exten-tambe-farga\/\" \/>\n<meta property=\"og:site_name\" content=\"La Farga Gesti\u00f3n de Equipamientos Municipales, S.A.\" \/>\n<meta property=\"article:published_time\" content=\"2018-02-20T11:47:30+00:00\" \/>\n<meta property=\"article:modified_time\" content=\"2018-02-21T09:55:10+00:00\" \/>\n<meta property=\"og:image\" content=\"https:\/\/www.lafarga.com\/corporatiu\/wp-content\/uploads\/2018\/02\/Diari-LH-Febrer-18.jpg\" \/>\n\t<meta property=\"og:image:width\" content=\"730\" \/>\n\t<meta property=\"og:image:height\" content=\"410\" \/>\n\t<meta property=\"og:image:type\" content=\"image\/jpeg\" \/>\n<meta name=\"author\" content=\"\u00d2scar Milla\" \/>\n<meta name=\"twitter:label1\" content=\"Escrit per\" \/>\n\t<meta name=\"twitter:data1\" content=\"\u00d2scar Milla\" \/>\n\t<meta name=\"twitter:label2\" content=\"Temps estimat de lectura\" \/>\n\t<meta name=\"twitter:data2\" content=\"3 minuts\" \/>\n<script type=\"application\/ld+json\" class=\"yoast-schema-graph\">{\"@context\":\"https:\\\/\\\/schema.org\",\"@graph\":[{\"@type\":\"Article\",\"@id\":\"https:\\\/\\\/www.lafarga.com\\\/corporatiu\\\/mobile-exten-tambe-farga\\\/#article\",\"isPartOf\":{\"@id\":\"https:\\\/\\\/www.lafarga.com\\\/corporatiu\\\/mobile-exten-tambe-farga\\\/\"},\"author\":{\"name\":\"\u00d2scar Milla\",\"@id\":\"https:\\\/\\\/www.lafarga.com\\\/corporatiu\\\/#\\\/schema\\\/person\\\/70d96fe17d0da1a9c9e80d232bdbcf33\"},\"headline\":\"El Mobile s&#8217;est\u00e9n tamb\u00e9 a La Farga\",\"datePublished\":\"2018-02-20T11:47:30+00:00\",\"dateModified\":\"2018-02-21T09:55:10+00:00\",\"mainEntityOfPage\":{\"@id\":\"https:\\\/\\\/www.lafarga.com\\\/corporatiu\\\/mobile-exten-tambe-farga\\\/\"},\"wordCount\":517,\"publisher\":{\"@id\":\"https:\\\/\\\/www.lafarga.com\\\/corporatiu\\\/#organization\"},\"image\":{\"@id\":\"https:\\\/\\\/www.lafarga.com\\\/corporatiu\\\/mobile-exten-tambe-farga\\\/#primaryimage\"},\"thumbnailUrl\":\"https:\\\/\\\/www.lafarga.com\\\/corporatiu\\\/wp-content\\\/uploads\\\/2018\\\/02\\\/Diari-LH-Febrer-18.jpg\",\"articleSection\":[\"Centre d'Activitats\",\"Mitjans de Comunicaci\u00f3\"],\"inLanguage\":\"ca\"},{\"@type\":\"WebPage\",\"@id\":\"https:\\\/\\\/www.lafarga.com\\\/corporatiu\\\/mobile-exten-tambe-farga\\\/\",\"url\":\"https:\\\/\\\/www.lafarga.com\\\/corporatiu\\\/mobile-exten-tambe-farga\\\/\",\"name\":\"El Mobile s'est\u00e9n tamb\u00e9 a La Farga - La Farga Gesti\u00f3n de Equipamientos Municipales, S.A.\",\"isPartOf\":{\"@id\":\"https:\\\/\\\/www.lafarga.com\\\/corporatiu\\\/#website\"},\"primaryImageOfPage\":{\"@id\":\"https:\\\/\\\/www.lafarga.com\\\/corporatiu\\\/mobile-exten-tambe-farga\\\/#primaryimage\"},\"image\":{\"@id\":\"https:\\\/\\\/www.lafarga.com\\\/corporatiu\\\/mobile-exten-tambe-farga\\\/#primaryimage\"},\"thumbnailUrl\":\"https:\\\/\\\/www.lafarga.com\\\/corporatiu\\\/wp-content\\\/uploads\\\/2018\\\/02\\\/Diari-LH-Febrer-18.jpg\",\"datePublished\":\"2018-02-20T11:47:30+00:00\",\"dateModified\":\"2018-02-21T09:55:10+00:00\",\"description\":\"L\u2019arribada del Mobile World Congress a la ciutat, i per primer cop a La Farga centra bona part de l\u2019edici\u00f3 del Diari de L\u2019Hospitalet d\u2019aquest mes de febrer.\",\"breadcrumb\":{\"@id\":\"https:\\\/\\\/www.lafarga.com\\\/corporatiu\\\/mobile-exten-tambe-farga\\\/#breadcrumb\"},\"inLanguage\":\"ca\",\"potentialAction\":[{\"@type\":\"ReadAction\",\"target\":[\"https:\\\/\\\/www.lafarga.com\\\/corporatiu\\\/mobile-exten-tambe-farga\\\/\"]}]},{\"@type\":\"ImageObject\",\"inLanguage\":\"ca\",\"@id\":\"https:\\\/\\\/www.lafarga.com\\\/corporatiu\\\/mobile-exten-tambe-farga\\\/#primaryimage\",\"url\":\"https:\\\/\\\/www.lafarga.com\\\/corporatiu\\\/wp-content\\\/uploads\\\/2018\\\/02\\\/Diari-LH-Febrer-18.jpg\",\"contentUrl\":\"https:\\\/\\\/www.lafarga.com\\\/corporatiu\\\/wp-content\\\/uploads\\\/2018\\\/02\\\/Diari-LH-Febrer-18.jpg\",\"width\":730,\"height\":410,\"caption\":\"Diari Farga\"},{\"@type\":\"BreadcrumbList\",\"@id\":\"https:\\\/\\\/www.lafarga.com\\\/corporatiu\\\/mobile-exten-tambe-farga\\\/#breadcrumb\",\"itemListElement\":[{\"@type\":\"ListItem\",\"position\":1,\"name\":\"Home\",\"item\":\"https:\\\/\\\/www.lafarga.com\\\/corporatiu\\\/lafarga-hospitalet-llobregat\\\/\"},{\"@type\":\"ListItem\",\"position\":2,\"name\":\"El Mobile s&#8217;est\u00e9n tamb\u00e9 a La Farga\"}]},{\"@type\":\"WebSite\",\"@id\":\"https:\\\/\\\/www.lafarga.com\\\/corporatiu\\\/#website\",\"url\":\"https:\\\/\\\/www.lafarga.com\\\/corporatiu\\\/\",\"name\":\"La Farga Gesti\u00f3 d&#039;Equipaments Municipals, SA\",\"description\":\"\",\"publisher\":{\"@id\":\"https:\\\/\\\/www.lafarga.com\\\/corporatiu\\\/#organization\"},\"potentialAction\":[{\"@type\":\"SearchAction\",\"target\":{\"@type\":\"EntryPoint\",\"urlTemplate\":\"https:\\\/\\\/www.lafarga.com\\\/corporatiu\\\/?s={search_term_string}\"},\"query-input\":{\"@type\":\"PropertyValueSpecification\",\"valueRequired\":true,\"valueName\":\"search_term_string\"}}],\"inLanguage\":\"ca\"},{\"@type\":\"Organization\",\"@id\":\"https:\\\/\\\/www.lafarga.com\\\/corporatiu\\\/#organization\",\"name\":\"La Farga Gesti\u00f3 d&#039;Equipaments Municipals, SA\",\"url\":\"https:\\\/\\\/www.lafarga.com\\\/corporatiu\\\/\",\"logo\":{\"@type\":\"ImageObject\",\"inLanguage\":\"ca\",\"@id\":\"https:\\\/\\\/www.lafarga.com\\\/corporatiu\\\/#\\\/schema\\\/logo\\\/image\\\/\",\"url\":\"https:\\\/\\\/www.lafarga.com\\\/corporatiu\\\/wp-content\\\/uploads\\\/2023\\\/11\\\/logotipo_lafarga_gemsa.svg\",\"contentUrl\":\"https:\\\/\\\/www.lafarga.com\\\/corporatiu\\\/wp-content\\\/uploads\\\/2023\\\/11\\\/logotipo_lafarga_gemsa.svg\",\"width\":102,\"height\":103,\"caption\":\"La Farga Gesti\u00f3 d&#039;Equipaments Municipals, SA\"},\"image\":{\"@id\":\"https:\\\/\\\/www.lafarga.com\\\/corporatiu\\\/#\\\/schema\\\/logo\\\/image\\\/\"}},{\"@type\":\"Person\",\"@id\":\"https:\\\/\\\/www.lafarga.com\\\/corporatiu\\\/#\\\/schema\\\/person\\\/70d96fe17d0da1a9c9e80d232bdbcf33\",\"name\":\"\u00d2scar Milla\",\"image\":{\"@type\":\"ImageObject\",\"inLanguage\":\"ca\",\"@id\":\"https:\\\/\\\/secure.gravatar.com\\\/avatar\\\/92e75d184f9d5e0e403bd4ad075b080ad258344ddc259adddb579f6a3ba6494f?s=96&d=mm&r=g\",\"url\":\"https:\\\/\\\/secure.gravatar.com\\\/avatar\\\/92e75d184f9d5e0e403bd4ad075b080ad258344ddc259adddb579f6a3ba6494f?s=96&d=mm&r=g\",\"contentUrl\":\"https:\\\/\\\/secure.gravatar.com\\\/avatar\\\/92e75d184f9d5e0e403bd4ad075b080ad258344ddc259adddb579f6a3ba6494f?s=96&d=mm&r=g\",\"caption\":\"\u00d2scar Milla\"},\"url\":\"https:\\\/\\\/www.lafarga.com\\\/corporatiu\\\/author\\\/omilla\\\/\"}]}<\/script>\n<!-- \/ Yoast SEO plugin. -->","yoast_head_json":{"title":"El Mobile s'est\u00e9n tamb\u00e9 a La Farga - La Farga Gesti\u00f3n de Equipamientos Municipales, S.A.","description":"L\u2019arribada del Mobile World Congress a la ciutat, i per primer cop a La Farga centra bona part de l\u2019edici\u00f3 del Diari de L\u2019Hospitalet d\u2019aquest mes de febrer.","robots":{"index":"index","follow":"follow","max-snippet":"max-snippet:-1","max-image-preview":"max-image-preview:large","max-video-preview":"max-video-preview:-1"},"canonical":"https:\/\/www.lafarga.com\/corporatiu\/mobile-exten-tambe-farga\/","og_locale":"ca_ES","og_type":"article","og_title":"El Mobile s'est\u00e9n tamb\u00e9 a La Farga - La Farga Gesti\u00f3n de Equipamientos Municipales, S.A.","og_description":"L\u2019arribada del Mobile World Congress a la ciutat, i per primer cop a La Farga centra bona part de l\u2019edici\u00f3 del Diari de L\u2019Hospitalet d\u2019aquest mes de febrer.","og_url":"https:\/\/www.lafarga.com\/corporatiu\/mobile-exten-tambe-farga\/","og_site_name":"La Farga Gesti\u00f3n de Equipamientos Municipales, S.A.","article_published_time":"2018-02-20T11:47:30+00:00","article_modified_time":"2018-02-21T09:55:10+00:00","og_image":[{"width":730,"height":410,"url":"https:\/\/www.lafarga.com\/corporatiu\/wp-content\/uploads\/2018\/02\/Diari-LH-Febrer-18.jpg","type":"image\/jpeg"}],"author":"\u00d2scar Milla","twitter_misc":{"Escrit per":"\u00d2scar Milla","Temps estimat de lectura":"3 minuts"},"schema":{"@context":"https:\/\/schema.org","@graph":[{"@type":"Article","@id":"https:\/\/www.lafarga.com\/corporatiu\/mobile-exten-tambe-farga\/#article","isPartOf":{"@id":"https:\/\/www.lafarga.com\/corporatiu\/mobile-exten-tambe-farga\/"},"author":{"name":"\u00d2scar Milla","@id":"https:\/\/www.lafarga.com\/corporatiu\/#\/schema\/person\/70d96fe17d0da1a9c9e80d232bdbcf33"},"headline":"El Mobile s&#8217;est\u00e9n tamb\u00e9 a La Farga","datePublished":"2018-02-20T11:47:30+00:00","dateModified":"2018-02-21T09:55:10+00:00","mainEntityOfPage":{"@id":"https:\/\/www.lafarga.com\/corporatiu\/mobile-exten-tambe-farga\/"},"wordCount":517,"publisher":{"@id":"https:\/\/www.lafarga.com\/corporatiu\/#organization"},"image":{"@id":"https:\/\/www.lafarga.com\/corporatiu\/mobile-exten-tambe-farga\/#primaryimage"},"thumbnailUrl":"https:\/\/www.lafarga.com\/corporatiu\/wp-content\/uploads\/2018\/02\/Diari-LH-Febrer-18.jpg","articleSection":["Centre d'Activitats","Mitjans de Comunicaci\u00f3"],"inLanguage":"ca"},{"@type":"WebPage","@id":"https:\/\/www.lafarga.com\/corporatiu\/mobile-exten-tambe-farga\/","url":"https:\/\/www.lafarga.com\/corporatiu\/mobile-exten-tambe-farga\/","name":"El Mobile s'est\u00e9n tamb\u00e9 a La Farga - La Farga Gesti\u00f3n de Equipamientos Municipales, S.A.","isPartOf":{"@id":"https:\/\/www.lafarga.com\/corporatiu\/#website"},"primaryImageOfPage":{"@id":"https:\/\/www.lafarga.com\/corporatiu\/mobile-exten-tambe-farga\/#primaryimage"},"image":{"@id":"https:\/\/www.lafarga.com\/corporatiu\/mobile-exten-tambe-farga\/#primaryimage"},"thumbnailUrl":"https:\/\/www.lafarga.com\/corporatiu\/wp-content\/uploads\/2018\/02\/Diari-LH-Febrer-18.jpg","datePublished":"2018-02-20T11:47:30+00:00","dateModified":"2018-02-21T09:55:10+00:00","description":"L\u2019arribada del Mobile World Congress a la ciutat, i per primer cop a La Farga centra bona part de l\u2019edici\u00f3 del Diari de L\u2019Hospitalet d\u2019aquest mes de febrer.","breadcrumb":{"@id":"https:\/\/www.lafarga.com\/corporatiu\/mobile-exten-tambe-farga\/#breadcrumb"},"inLanguage":"ca","potentialAction":[{"@type":"ReadAction","target":["https:\/\/www.lafarga.com\/corporatiu\/mobile-exten-tambe-farga\/"]}]},{"@type":"ImageObject","inLanguage":"ca","@id":"https:\/\/www.lafarga.com\/corporatiu\/mobile-exten-tambe-farga\/#primaryimage","url":"https:\/\/www.lafarga.com\/corporatiu\/wp-content\/uploads\/2018\/02\/Diari-LH-Febrer-18.jpg","contentUrl":"https:\/\/www.lafarga.com\/corporatiu\/wp-content\/uploads\/2018\/02\/Diari-LH-Febrer-18.jpg","width":730,"height":410,"caption":"Diari Farga"},{"@type":"BreadcrumbList","@id":"https:\/\/www.lafarga.com\/corporatiu\/mobile-exten-tambe-farga\/#breadcrumb","itemListElement":[{"@type":"ListItem","position":1,"name":"Home","item":"https:\/\/www.lafarga.com\/corporatiu\/lafarga-hospitalet-llobregat\/"},{"@type":"ListItem","position":2,"name":"El Mobile s&#8217;est\u00e9n tamb\u00e9 a La Farga"}]},{"@type":"WebSite","@id":"https:\/\/www.lafarga.com\/corporatiu\/#website","url":"https:\/\/www.lafarga.com\/corporatiu\/","name":"La Farga Gesti\u00f3 d&#039;Equipaments Municipals, SA","description":"","publisher":{"@id":"https:\/\/www.lafarga.com\/corporatiu\/#organization"},"potentialAction":[{"@type":"SearchAction","target":{"@type":"EntryPoint","urlTemplate":"https:\/\/www.lafarga.com\/corporatiu\/?s={search_term_string}"},"query-input":{"@type":"PropertyValueSpecification","valueRequired":true,"valueName":"search_term_string"}}],"inLanguage":"ca"},{"@type":"Organization","@id":"https:\/\/www.lafarga.com\/corporatiu\/#organization","name":"La Farga Gesti\u00f3 d&#039;Equipaments Municipals, SA","url":"https:\/\/www.lafarga.com\/corporatiu\/","logo":{"@type":"ImageObject","inLanguage":"ca","@id":"https:\/\/www.lafarga.com\/corporatiu\/#\/schema\/logo\/image\/","url":"https:\/\/www.lafarga.com\/corporatiu\/wp-content\/uploads\/2023\/11\/logotipo_lafarga_gemsa.svg","contentUrl":"https:\/\/www.lafarga.com\/corporatiu\/wp-content\/uploads\/2023\/11\/logotipo_lafarga_gemsa.svg","width":102,"height":103,"caption":"La Farga Gesti\u00f3 d&#039;Equipaments Municipals, SA"},"image":{"@id":"https:\/\/www.lafarga.com\/corporatiu\/#\/schema\/logo\/image\/"}},{"@type":"Person","@id":"https:\/\/www.lafarga.com\/corporatiu\/#\/schema\/person\/70d96fe17d0da1a9c9e80d232bdbcf33","name":"\u00d2scar Milla","image":{"@type":"ImageObject","inLanguage":"ca","@id":"https:\/\/secure.gravatar.com\/avatar\/92e75d184f9d5e0e403bd4ad075b080ad258344ddc259adddb579f6a3ba6494f?s=96&d=mm&r=g","url":"https:\/\/secure.gravatar.com\/avatar\/92e75d184f9d5e0e403bd4ad075b080ad258344ddc259adddb579f6a3ba6494f?s=96&d=mm&r=g","contentUrl":"https:\/\/secure.gravatar.com\/avatar\/92e75d184f9d5e0e403bd4ad075b080ad258344ddc259adddb579f6a3ba6494f?s=96&d=mm&r=g","caption":"\u00d2scar Milla"},"url":"https:\/\/www.lafarga.com\/corporatiu\/author\/omilla\/"}]}},"uagb_featured_image_src":{"full":["https:\/\/www.lafarga.com\/corporatiu\/wp-content\/uploads\/2018\/02\/Diari-LH-Febrer-18.jpg",730,410,false],"thumbnail":["https:\/\/www.lafarga.com\/corporatiu\/wp-content\/uploads\/2018\/02\/Diari-LH-Febrer-18-150x150.jpg",150,150,true],"medium":["https:\/\/www.lafarga.com\/corporatiu\/wp-content\/uploads\/2018\/02\/Diari-LH-Febrer-18-300x168.jpg",300,168,true],"medium_large":["https:\/\/www.lafarga.com\/corporatiu\/wp-content\/uploads\/2018\/02\/Diari-LH-Febrer-18.jpg",730,410,false],"large":["https:\/\/www.lafarga.com\/corporatiu\/wp-content\/uploads\/2018\/02\/Diari-LH-Febrer-18.jpg",730,410,false],"1536x1536":["https:\/\/www.lafarga.com\/corporatiu\/wp-content\/uploads\/2018\/02\/Diari-LH-Febrer-18.jpg",730,410,false],"2048x2048":["https:\/\/www.lafarga.com\/corporatiu\/wp-content\/uploads\/2018\/02\/Diari-LH-Febrer-18.jpg",730,410,false],"mailpoet_newsletter_max":["https:\/\/www.lafarga.com\/corporatiu\/wp-content\/uploads\/2018\/02\/Diari-LH-Febrer-18.jpg",730,410,false]},"uagb_author_info":{"display_name":"\u00d2scar Milla","author_link":"https:\/\/www.lafarga.com\/corporatiu\/author\/omilla\/"},"uagb_comment_info":0,"uagb_excerpt":"L\u2019arribada del Mobile World Congress a la ciutat, i per primer cop a La Farga, centra bona part de l\u2019edici\u00f3 del Diari de L\u2019Hospitalet d\u2019aquest mes de febrer.","_links":{"self":[{"href":"https:\/\/www.lafarga.com\/corporatiu\/wp-json\/wp\/v2\/posts\/11324","targetHints":{"allow":["GET"]}}],"collection":[{"href":"https:\/\/www.lafarga.com\/corporatiu\/wp-json\/wp\/v2\/posts"}],"about":[{"href":"https:\/\/www.lafarga.com\/corporatiu\/wp-json\/wp\/v2\/types\/post"}],"author":[{"embeddable":true,"href":"https:\/\/www.lafarga.com\/corporatiu\/wp-json\/wp\/v2\/users\/5"}],"replies":[{"embeddable":true,"href":"https:\/\/www.lafarga.com\/corporatiu\/wp-json\/wp\/v2\/comments?post=11324"}],"version-history":[{"count":3,"href":"https:\/\/www.lafarga.com\/corporatiu\/wp-json\/wp\/v2\/posts\/11324\/revisions"}],"predecessor-version":[{"id":11335,"href":"https:\/\/www.lafarga.com\/corporatiu\/wp-json\/wp\/v2\/posts\/11324\/revisions\/11335"}],"wp:featuredmedia":[{"embeddable":true,"href":"https:\/\/www.lafarga.com\/corporatiu\/wp-json\/wp\/v2\/media\/11325"}],"wp:attachment":[{"href":"https:\/\/www.lafarga.com\/corporatiu\/wp-json\/wp\/v2\/media?parent=11324"}],"wp:term":[{"taxonomy":"category","embeddable":true,"href":"https:\/\/www.lafarga.com\/corporatiu\/wp-json\/wp\/v2\/categories?post=11324"},{"taxonomy":"post_tag","embeddable":true,"href":"https:\/\/www.lafarga.com\/corporatiu\/wp-json\/wp\/v2\/tags?post=11324"}],"curies":[{"name":"wp","href":"https:\/\/api.w.org\/{rel}","templated":true}]}}