{"id":11297,"date":"2018-02-12T17:01:17","date_gmt":"2018-02-12T17:01:17","guid":{"rendered":"http:\/\/www.lafarga.com\/corporatiu\/?p=11297"},"modified":"2018-09-03T07:54:22","modified_gmt":"2018-09-03T07:54:22","slug":"setmana-de-parc-infantil-de-transit-2","status":"publish","type":"post","link":"https:\/\/www.lafarga.com\/corporatiu\/setmana-de-parc-infantil-de-transit-2\/","title":{"rendered":"Setmana de Parc Infantil de Tr\u00e0nsit"},"content":{"rendered":"<h5>Activitat per a 400 escolars<\/h5>\n<p>La\u00a0<a href=\"http:\/\/www.l-h.cat\/directori\/detallEquipament.aspx?1URsSiYDM3rqy7YhqazA3qazCVRpcWlJrfoEkS2lSTBZqazAZ2IOAqazB\" target=\"_blank\" rel=\"noopener\"><strong>Gu\u00e0rdia Urbana de L\u2019Hospitalet<\/strong><\/a>\u00a0torna a organitzar un parc infantil de tr\u00e0nsit a\u00a0La Farga Centre d\u2019Activitats, que aquest any es fa del 13 al 15 de febrer en 2.000 metres quadrats del recinte, en una activitat que s\u2019emmarca dins de la seva programaci\u00f3 d\u2019educaci\u00f3 vi\u00e0ria a les escoles per fomentar l\u2019\u00fas de la bicicleta i la seguretat vi\u00e0ria.<\/p>\n<p>Hi assistiran, en horaris de mat\u00ed i tarda, 400 infants de 5\u00e8 i 6\u00e8 de prim\u00e0ria de 12 centres educatius de la ciutat que durant el curs participen en el programa \u2018Anem en bicicleta\u2019, organitzat per la Gu\u00e0rdia Urbana per fomentar entre els escolars aquest sistema de transport saludable i no contaminant.<\/p>\n<p>L\u2019activitat d\u2019aquesta setmana a La Farga consta de tres tallers: un parc infantil de tr\u00e0nsit per simular la circulaci\u00f3 en un entorn urb\u00e0, un circuit d\u2019habilitat per adquirir destresa en la conducci\u00f3 de bicicletes i una ambul\u00e0ncia de la Gu\u00e0rdia Urbana per saber qu\u00e8 fer davant d\u2019un accident.<\/p>\n<p>L\u2019objectiu \u00e9s que els infants prenguin consci\u00e8ncia d\u2019una conducci\u00f3 segura i puguin detectar situacions de risc, que millorin el seu comportament com a conductors de bicicleta adquirint actituds de respecte i civisme, i que adquireixin habilitats i destresa per a la circulaci\u00f3 en un entorn urb\u00e0.<\/p>\n<p>A banda del <a href=\"https:\/\/www.lafarga.com\/corporatiu\/parc-infantil-de-transit-video-tv-lhospitalet\/\" target=\"_blank\" rel=\"noopener\"><strong>parc infantil<\/strong><\/a> de tr\u00e0nsit de La Farga, el programa \u2018Anem en bicicleta\u2019 que es fa al llarg del curs inclou xerrades a les escoles per part d\u2019agents de l\u2019equip de proximitat de la Gu\u00e0rdia Urbana de L\u2019Hospitalet i activitats a l\u2019aula d\u2019inform\u00e0tica amb el joc de la bona conducci\u00f3 Bicicla\u2019t, del Servei Catal\u00e0 de Tr\u00e0nsit.<\/p>\n","protected":false},"excerpt":{"rendered":"<p>La\u00a0Gu\u00e0rdia Urbana de L\u2019Hospitalet\u00a0torna a organitzar un parc infantil de tr\u00e0nsit a\u00a0La Farga Centre d\u2019Activitats, que aquest any es fa del 13 al 15 de febrer en 2.000 metres quadrats del recinte.<\/p>\n","protected":false},"author":5,"featured_media":4805,"comment_status":"closed","ping_status":"closed","sticky":false,"template":"","format":"standard","meta":{"inline_featured_image":false,"_uag_custom_page_level_css":"","_monsterinsights_skip_tracking":false,"_monsterinsights_sitenote_active":false,"_monsterinsights_sitenote_note":"","_monsterinsights_sitenote_category":0,"site-sidebar-layout":"default","site-content-layout":"","ast-site-content-layout":"default","site-content-style":"default","site-sidebar-style":"default","ast-global-header-display":"","ast-banner-title-visibility":"","ast-main-header-display":"","ast-hfb-above-header-display":"","ast-hfb-below-header-display":"","ast-hfb-mobile-header-display":"","site-post-title":"","ast-breadcrumbs-content":"","ast-featured-img":"","footer-sml-layout":"","ast-disable-related-posts":"","theme-transparent-header-meta":"","adv-header-id-meta":"","stick-header-meta":"","header-above-stick-meta":"","header-main-stick-meta":"","header-below-stick-meta":"","astra-migrate-meta-layouts":"default","ast-page-background-enabled":"default","ast-page-background-meta":{"desktop":{"background-color":"var(--ast-global-color-4)","background-image":"","background-repeat":"repeat","background-position":"center center","background-size":"auto","background-attachment":"scroll","background-type":"","background-media":"","overlay-type":"","overlay-color":"","overlay-opacity":"","overlay-gradient":""},"tablet":{"background-color":"","background-image":"","background-repeat":"repeat","background-position":"center center","background-size":"auto","background-attachment":"scroll","background-type":"","background-media":"","overlay-type":"","overlay-color":"","overlay-opacity":"","overlay-gradient":""},"mobile":{"background-color":"","background-image":"","background-repeat":"repeat","background-position":"center center","background-size":"auto","background-attachment":"scroll","background-type":"","background-media":"","overlay-type":"","overlay-color":"","overlay-opacity":"","overlay-gradient":""}},"ast-content-background-meta":{"desktop":{"background-color":"var(--ast-global-color-5)","background-image":"","background-repeat":"repeat","background-position":"center center","background-size":"auto","background-attachment":"scroll","background-type":"","background-media":"","overlay-type":"","overlay-color":"","overlay-opacity":"","overlay-gradient":""},"tablet":{"background-color":"var(--ast-global-color-5)","background-image":"","background-repeat":"repeat","background-position":"center center","background-size":"auto","background-attachment":"scroll","background-type":"","background-media":"","overlay-type":"","overlay-color":"","overlay-opacity":"","overlay-gradient":""},"mobile":{"background-color":"var(--ast-global-color-5)","background-image":"","background-repeat":"repeat","background-position":"center center","background-size":"auto","background-attachment":"scroll","background-type":"","background-media":"","overlay-type":"","overlay-color":"","overlay-opacity":"","overlay-gradient":""}},"footnotes":""},"categories":[49],"tags":[],"class_list":["post-11297","post","type-post","status-publish","format-standard","has-post-thumbnail","hentry","category-centre-activitats"],"yoast_head":"<!-- This site is optimized with the Yoast SEO plugin v27.4 - https:\/\/yoast.com\/product\/yoast-seo-wordpress\/ -->\n<title>Setmana de Parc Infantil de Tr\u00e0nsit - La Farga Gesti\u00f3n de Equipamientos Municipales, S.A.<\/title>\n<meta name=\"description\" content=\"La\u00a0Gu\u00e0rdia Urbana de L\u2019Hospitalet\u00a0torna a organitzar un parc infantil de tr\u00e0nsit a\u00a0La Farga Centre d\u2019Activitats, que aquest any es fa del 13 al 15 de febrer en 2.000 metres quadrats del recinte.\" \/>\n<meta name=\"robots\" content=\"index, follow, max-snippet:-1, max-image-preview:large, max-video-preview:-1\" \/>\n<link rel=\"canonical\" href=\"https:\/\/www.lafarga.com\/corporatiu\/setmana-de-parc-infantil-de-transit-2\/\" \/>\n<meta property=\"og:locale\" content=\"ca_ES\" \/>\n<meta property=\"og:type\" content=\"article\" \/>\n<meta property=\"og:title\" content=\"Setmana de Parc Infantil de Tr\u00e0nsit - La Farga Gesti\u00f3n de Equipamientos Municipales, S.A.\" \/>\n<meta property=\"og:description\" content=\"La\u00a0Gu\u00e0rdia Urbana de L\u2019Hospitalet\u00a0torna a organitzar un parc infantil de tr\u00e0nsit a\u00a0La Farga Centre d\u2019Activitats, que aquest any es fa del 13 al 15 de febrer en 2.000 metres quadrats del recinte.\" \/>\n<meta property=\"og:url\" content=\"https:\/\/www.lafarga.com\/corporatiu\/setmana-de-parc-infantil-de-transit-2\/\" \/>\n<meta property=\"og:site_name\" content=\"La Farga Gesti\u00f3n de Equipamientos Municipales, S.A.\" \/>\n<meta property=\"article:published_time\" content=\"2018-02-12T17:01:17+00:00\" \/>\n<meta property=\"article:modified_time\" content=\"2018-09-03T07:54:22+00:00\" \/>\n<meta property=\"og:image\" content=\"https:\/\/www.lafarga.com\/corporatiu\/wp-content\/uploads\/2015\/07\/parcinfantil-farga.jpg\" \/>\n\t<meta property=\"og:image:width\" content=\"730\" \/>\n\t<meta property=\"og:image:height\" content=\"410\" \/>\n\t<meta property=\"og:image:type\" content=\"image\/jpeg\" \/>\n<meta name=\"author\" content=\"\u00d2scar Milla\" \/>\n<meta name=\"twitter:label1\" content=\"Escrit per\" \/>\n\t<meta name=\"twitter:data1\" content=\"\u00d2scar Milla\" \/>\n\t<meta name=\"twitter:label2\" content=\"Temps estimat de lectura\" \/>\n\t<meta name=\"twitter:data2\" content=\"1 minut\" \/>\n<script type=\"application\/ld+json\" class=\"yoast-schema-graph\">{\"@context\":\"https:\\\/\\\/schema.org\",\"@graph\":[{\"@type\":\"Article\",\"@id\":\"https:\\\/\\\/www.lafarga.com\\\/corporatiu\\\/setmana-de-parc-infantil-de-transit-2\\\/#article\",\"isPartOf\":{\"@id\":\"https:\\\/\\\/www.lafarga.com\\\/corporatiu\\\/setmana-de-parc-infantil-de-transit-2\\\/\"},\"author\":{\"name\":\"\u00d2scar Milla\",\"@id\":\"https:\\\/\\\/www.lafarga.com\\\/corporatiu\\\/#\\\/schema\\\/person\\\/70d96fe17d0da1a9c9e80d232bdbcf33\"},\"headline\":\"Setmana de Parc Infantil de Tr\u00e0nsit\",\"datePublished\":\"2018-02-12T17:01:17+00:00\",\"dateModified\":\"2018-09-03T07:54:22+00:00\",\"mainEntityOfPage\":{\"@id\":\"https:\\\/\\\/www.lafarga.com\\\/corporatiu\\\/setmana-de-parc-infantil-de-transit-2\\\/\"},\"wordCount\":299,\"publisher\":{\"@id\":\"https:\\\/\\\/www.lafarga.com\\\/corporatiu\\\/#organization\"},\"image\":{\"@id\":\"https:\\\/\\\/www.lafarga.com\\\/corporatiu\\\/setmana-de-parc-infantil-de-transit-2\\\/#primaryimage\"},\"thumbnailUrl\":\"https:\\\/\\\/www.lafarga.com\\\/corporatiu\\\/wp-content\\\/uploads\\\/2015\\\/07\\\/parcinfantil-farga.jpg\",\"articleSection\":[\"Centre d'Activitats\"],\"inLanguage\":\"ca\"},{\"@type\":\"WebPage\",\"@id\":\"https:\\\/\\\/www.lafarga.com\\\/corporatiu\\\/setmana-de-parc-infantil-de-transit-2\\\/\",\"url\":\"https:\\\/\\\/www.lafarga.com\\\/corporatiu\\\/setmana-de-parc-infantil-de-transit-2\\\/\",\"name\":\"Setmana de Parc Infantil de Tr\u00e0nsit - La Farga Gesti\u00f3n de Equipamientos Municipales, S.A.\",\"isPartOf\":{\"@id\":\"https:\\\/\\\/www.lafarga.com\\\/corporatiu\\\/#website\"},\"primaryImageOfPage\":{\"@id\":\"https:\\\/\\\/www.lafarga.com\\\/corporatiu\\\/setmana-de-parc-infantil-de-transit-2\\\/#primaryimage\"},\"image\":{\"@id\":\"https:\\\/\\\/www.lafarga.com\\\/corporatiu\\\/setmana-de-parc-infantil-de-transit-2\\\/#primaryimage\"},\"thumbnailUrl\":\"https:\\\/\\\/www.lafarga.com\\\/corporatiu\\\/wp-content\\\/uploads\\\/2015\\\/07\\\/parcinfantil-farga.jpg\",\"datePublished\":\"2018-02-12T17:01:17+00:00\",\"dateModified\":\"2018-09-03T07:54:22+00:00\",\"description\":\"La\u00a0Gu\u00e0rdia Urbana de L\u2019Hospitalet\u00a0torna a organitzar un parc infantil de tr\u00e0nsit a\u00a0La Farga Centre d\u2019Activitats, que aquest any es fa del 13 al 15 de febrer en 2.000 metres quadrats del recinte.\",\"breadcrumb\":{\"@id\":\"https:\\\/\\\/www.lafarga.com\\\/corporatiu\\\/setmana-de-parc-infantil-de-transit-2\\\/#breadcrumb\"},\"inLanguage\":\"ca\",\"potentialAction\":[{\"@type\":\"ReadAction\",\"target\":[\"https:\\\/\\\/www.lafarga.com\\\/corporatiu\\\/setmana-de-parc-infantil-de-transit-2\\\/\"]}]},{\"@type\":\"ImageObject\",\"inLanguage\":\"ca\",\"@id\":\"https:\\\/\\\/www.lafarga.com\\\/corporatiu\\\/setmana-de-parc-infantil-de-transit-2\\\/#primaryimage\",\"url\":\"https:\\\/\\\/www.lafarga.com\\\/corporatiu\\\/wp-content\\\/uploads\\\/2015\\\/07\\\/parcinfantil-farga.jpg\",\"contentUrl\":\"https:\\\/\\\/www.lafarga.com\\\/corporatiu\\\/wp-content\\\/uploads\\\/2015\\\/07\\\/parcinfantil-farga.jpg\",\"width\":730,\"height\":410,\"caption\":\"Parc Infantil Tr\u00e0nsit\"},{\"@type\":\"BreadcrumbList\",\"@id\":\"https:\\\/\\\/www.lafarga.com\\\/corporatiu\\\/setmana-de-parc-infantil-de-transit-2\\\/#breadcrumb\",\"itemListElement\":[{\"@type\":\"ListItem\",\"position\":1,\"name\":\"Home\",\"item\":\"https:\\\/\\\/www.lafarga.com\\\/corporatiu\\\/lafarga-hospitalet-llobregat\\\/\"},{\"@type\":\"ListItem\",\"position\":2,\"name\":\"Setmana de Parc Infantil de Tr\u00e0nsit\"}]},{\"@type\":\"WebSite\",\"@id\":\"https:\\\/\\\/www.lafarga.com\\\/corporatiu\\\/#website\",\"url\":\"https:\\\/\\\/www.lafarga.com\\\/corporatiu\\\/\",\"name\":\"La Farga Gesti\u00f3 d&#039;Equipaments Municipals, SA\",\"description\":\"\",\"publisher\":{\"@id\":\"https:\\\/\\\/www.lafarga.com\\\/corporatiu\\\/#organization\"},\"potentialAction\":[{\"@type\":\"SearchAction\",\"target\":{\"@type\":\"EntryPoint\",\"urlTemplate\":\"https:\\\/\\\/www.lafarga.com\\\/corporatiu\\\/?s={search_term_string}\"},\"query-input\":{\"@type\":\"PropertyValueSpecification\",\"valueRequired\":true,\"valueName\":\"search_term_string\"}}],\"inLanguage\":\"ca\"},{\"@type\":\"Organization\",\"@id\":\"https:\\\/\\\/www.lafarga.com\\\/corporatiu\\\/#organization\",\"name\":\"La Farga Gesti\u00f3 d&#039;Equipaments Municipals, SA\",\"url\":\"https:\\\/\\\/www.lafarga.com\\\/corporatiu\\\/\",\"logo\":{\"@type\":\"ImageObject\",\"inLanguage\":\"ca\",\"@id\":\"https:\\\/\\\/www.lafarga.com\\\/corporatiu\\\/#\\\/schema\\\/logo\\\/image\\\/\",\"url\":\"https:\\\/\\\/www.lafarga.com\\\/corporatiu\\\/wp-content\\\/uploads\\\/2023\\\/11\\\/logotipo_lafarga_gemsa.svg\",\"contentUrl\":\"https:\\\/\\\/www.lafarga.com\\\/corporatiu\\\/wp-content\\\/uploads\\\/2023\\\/11\\\/logotipo_lafarga_gemsa.svg\",\"width\":102,\"height\":103,\"caption\":\"La Farga Gesti\u00f3 d&#039;Equipaments Municipals, SA\"},\"image\":{\"@id\":\"https:\\\/\\\/www.lafarga.com\\\/corporatiu\\\/#\\\/schema\\\/logo\\\/image\\\/\"}},{\"@type\":\"Person\",\"@id\":\"https:\\\/\\\/www.lafarga.com\\\/corporatiu\\\/#\\\/schema\\\/person\\\/70d96fe17d0da1a9c9e80d232bdbcf33\",\"name\":\"\u00d2scar Milla\",\"image\":{\"@type\":\"ImageObject\",\"inLanguage\":\"ca\",\"@id\":\"https:\\\/\\\/secure.gravatar.com\\\/avatar\\\/92e75d184f9d5e0e403bd4ad075b080ad258344ddc259adddb579f6a3ba6494f?s=96&d=mm&r=g\",\"url\":\"https:\\\/\\\/secure.gravatar.com\\\/avatar\\\/92e75d184f9d5e0e403bd4ad075b080ad258344ddc259adddb579f6a3ba6494f?s=96&d=mm&r=g\",\"contentUrl\":\"https:\\\/\\\/secure.gravatar.com\\\/avatar\\\/92e75d184f9d5e0e403bd4ad075b080ad258344ddc259adddb579f6a3ba6494f?s=96&d=mm&r=g\",\"caption\":\"\u00d2scar Milla\"},\"url\":\"https:\\\/\\\/www.lafarga.com\\\/corporatiu\\\/author\\\/omilla\\\/\"}]}<\/script>\n<!-- \/ Yoast SEO plugin. -->","yoast_head_json":{"title":"Setmana de Parc Infantil de Tr\u00e0nsit - La Farga Gesti\u00f3n de Equipamientos Municipales, S.A.","description":"La\u00a0Gu\u00e0rdia Urbana de L\u2019Hospitalet\u00a0torna a organitzar un parc infantil de tr\u00e0nsit a\u00a0La Farga Centre d\u2019Activitats, que aquest any es fa del 13 al 15 de febrer en 2.000 metres quadrats del recinte.","robots":{"index":"index","follow":"follow","max-snippet":"max-snippet:-1","max-image-preview":"max-image-preview:large","max-video-preview":"max-video-preview:-1"},"canonical":"https:\/\/www.lafarga.com\/corporatiu\/setmana-de-parc-infantil-de-transit-2\/","og_locale":"ca_ES","og_type":"article","og_title":"Setmana de Parc Infantil de Tr\u00e0nsit - La Farga Gesti\u00f3n de Equipamientos Municipales, S.A.","og_description":"La\u00a0Gu\u00e0rdia Urbana de L\u2019Hospitalet\u00a0torna a organitzar un parc infantil de tr\u00e0nsit a\u00a0La Farga Centre d\u2019Activitats, que aquest any es fa del 13 al 15 de febrer en 2.000 metres quadrats del recinte.","og_url":"https:\/\/www.lafarga.com\/corporatiu\/setmana-de-parc-infantil-de-transit-2\/","og_site_name":"La Farga Gesti\u00f3n de Equipamientos Municipales, S.A.","article_published_time":"2018-02-12T17:01:17+00:00","article_modified_time":"2018-09-03T07:54:22+00:00","og_image":[{"width":730,"height":410,"url":"https:\/\/www.lafarga.com\/corporatiu\/wp-content\/uploads\/2015\/07\/parcinfantil-farga.jpg","type":"image\/jpeg"}],"author":"\u00d2scar Milla","twitter_misc":{"Escrit per":"\u00d2scar Milla","Temps estimat de lectura":"1 minut"},"schema":{"@context":"https:\/\/schema.org","@graph":[{"@type":"Article","@id":"https:\/\/www.lafarga.com\/corporatiu\/setmana-de-parc-infantil-de-transit-2\/#article","isPartOf":{"@id":"https:\/\/www.lafarga.com\/corporatiu\/setmana-de-parc-infantil-de-transit-2\/"},"author":{"name":"\u00d2scar Milla","@id":"https:\/\/www.lafarga.com\/corporatiu\/#\/schema\/person\/70d96fe17d0da1a9c9e80d232bdbcf33"},"headline":"Setmana de Parc Infantil de Tr\u00e0nsit","datePublished":"2018-02-12T17:01:17+00:00","dateModified":"2018-09-03T07:54:22+00:00","mainEntityOfPage":{"@id":"https:\/\/www.lafarga.com\/corporatiu\/setmana-de-parc-infantil-de-transit-2\/"},"wordCount":299,"publisher":{"@id":"https:\/\/www.lafarga.com\/corporatiu\/#organization"},"image":{"@id":"https:\/\/www.lafarga.com\/corporatiu\/setmana-de-parc-infantil-de-transit-2\/#primaryimage"},"thumbnailUrl":"https:\/\/www.lafarga.com\/corporatiu\/wp-content\/uploads\/2015\/07\/parcinfantil-farga.jpg","articleSection":["Centre d'Activitats"],"inLanguage":"ca"},{"@type":"WebPage","@id":"https:\/\/www.lafarga.com\/corporatiu\/setmana-de-parc-infantil-de-transit-2\/","url":"https:\/\/www.lafarga.com\/corporatiu\/setmana-de-parc-infantil-de-transit-2\/","name":"Setmana de Parc Infantil de Tr\u00e0nsit - La Farga Gesti\u00f3n de Equipamientos Municipales, S.A.","isPartOf":{"@id":"https:\/\/www.lafarga.com\/corporatiu\/#website"},"primaryImageOfPage":{"@id":"https:\/\/www.lafarga.com\/corporatiu\/setmana-de-parc-infantil-de-transit-2\/#primaryimage"},"image":{"@id":"https:\/\/www.lafarga.com\/corporatiu\/setmana-de-parc-infantil-de-transit-2\/#primaryimage"},"thumbnailUrl":"https:\/\/www.lafarga.com\/corporatiu\/wp-content\/uploads\/2015\/07\/parcinfantil-farga.jpg","datePublished":"2018-02-12T17:01:17+00:00","dateModified":"2018-09-03T07:54:22+00:00","description":"La\u00a0Gu\u00e0rdia Urbana de L\u2019Hospitalet\u00a0torna a organitzar un parc infantil de tr\u00e0nsit a\u00a0La Farga Centre d\u2019Activitats, que aquest any es fa del 13 al 15 de febrer en 2.000 metres quadrats del recinte.","breadcrumb":{"@id":"https:\/\/www.lafarga.com\/corporatiu\/setmana-de-parc-infantil-de-transit-2\/#breadcrumb"},"inLanguage":"ca","potentialAction":[{"@type":"ReadAction","target":["https:\/\/www.lafarga.com\/corporatiu\/setmana-de-parc-infantil-de-transit-2\/"]}]},{"@type":"ImageObject","inLanguage":"ca","@id":"https:\/\/www.lafarga.com\/corporatiu\/setmana-de-parc-infantil-de-transit-2\/#primaryimage","url":"https:\/\/www.lafarga.com\/corporatiu\/wp-content\/uploads\/2015\/07\/parcinfantil-farga.jpg","contentUrl":"https:\/\/www.lafarga.com\/corporatiu\/wp-content\/uploads\/2015\/07\/parcinfantil-farga.jpg","width":730,"height":410,"caption":"Parc Infantil Tr\u00e0nsit"},{"@type":"BreadcrumbList","@id":"https:\/\/www.lafarga.com\/corporatiu\/setmana-de-parc-infantil-de-transit-2\/#breadcrumb","itemListElement":[{"@type":"ListItem","position":1,"name":"Home","item":"https:\/\/www.lafarga.com\/corporatiu\/lafarga-hospitalet-llobregat\/"},{"@type":"ListItem","position":2,"name":"Setmana de Parc Infantil de Tr\u00e0nsit"}]},{"@type":"WebSite","@id":"https:\/\/www.lafarga.com\/corporatiu\/#website","url":"https:\/\/www.lafarga.com\/corporatiu\/","name":"La Farga Gesti\u00f3 d&#039;Equipaments Municipals, SA","description":"","publisher":{"@id":"https:\/\/www.lafarga.com\/corporatiu\/#organization"},"potentialAction":[{"@type":"SearchAction","target":{"@type":"EntryPoint","urlTemplate":"https:\/\/www.lafarga.com\/corporatiu\/?s={search_term_string}"},"query-input":{"@type":"PropertyValueSpecification","valueRequired":true,"valueName":"search_term_string"}}],"inLanguage":"ca"},{"@type":"Organization","@id":"https:\/\/www.lafarga.com\/corporatiu\/#organization","name":"La Farga Gesti\u00f3 d&#039;Equipaments Municipals, SA","url":"https:\/\/www.lafarga.com\/corporatiu\/","logo":{"@type":"ImageObject","inLanguage":"ca","@id":"https:\/\/www.lafarga.com\/corporatiu\/#\/schema\/logo\/image\/","url":"https:\/\/www.lafarga.com\/corporatiu\/wp-content\/uploads\/2023\/11\/logotipo_lafarga_gemsa.svg","contentUrl":"https:\/\/www.lafarga.com\/corporatiu\/wp-content\/uploads\/2023\/11\/logotipo_lafarga_gemsa.svg","width":102,"height":103,"caption":"La Farga Gesti\u00f3 d&#039;Equipaments Municipals, SA"},"image":{"@id":"https:\/\/www.lafarga.com\/corporatiu\/#\/schema\/logo\/image\/"}},{"@type":"Person","@id":"https:\/\/www.lafarga.com\/corporatiu\/#\/schema\/person\/70d96fe17d0da1a9c9e80d232bdbcf33","name":"\u00d2scar Milla","image":{"@type":"ImageObject","inLanguage":"ca","@id":"https:\/\/secure.gravatar.com\/avatar\/92e75d184f9d5e0e403bd4ad075b080ad258344ddc259adddb579f6a3ba6494f?s=96&d=mm&r=g","url":"https:\/\/secure.gravatar.com\/avatar\/92e75d184f9d5e0e403bd4ad075b080ad258344ddc259adddb579f6a3ba6494f?s=96&d=mm&r=g","contentUrl":"https:\/\/secure.gravatar.com\/avatar\/92e75d184f9d5e0e403bd4ad075b080ad258344ddc259adddb579f6a3ba6494f?s=96&d=mm&r=g","caption":"\u00d2scar Milla"},"url":"https:\/\/www.lafarga.com\/corporatiu\/author\/omilla\/"}]}},"uagb_featured_image_src":{"full":["https:\/\/www.lafarga.com\/corporatiu\/wp-content\/uploads\/2015\/07\/parcinfantil-farga.jpg",730,410,false],"thumbnail":["https:\/\/www.lafarga.com\/corporatiu\/wp-content\/uploads\/2015\/07\/parcinfantil-farga-150x150.jpg",150,150,true],"medium":["https:\/\/www.lafarga.com\/corporatiu\/wp-content\/uploads\/2015\/07\/parcinfantil-farga-300x168.jpg",300,168,true],"medium_large":["https:\/\/www.lafarga.com\/corporatiu\/wp-content\/uploads\/2015\/07\/parcinfantil-farga.jpg",730,410,false],"large":["https:\/\/www.lafarga.com\/corporatiu\/wp-content\/uploads\/2015\/07\/parcinfantil-farga.jpg",730,410,false],"1536x1536":["https:\/\/www.lafarga.com\/corporatiu\/wp-content\/uploads\/2015\/07\/parcinfantil-farga.jpg",730,410,false],"2048x2048":["https:\/\/www.lafarga.com\/corporatiu\/wp-content\/uploads\/2015\/07\/parcinfantil-farga.jpg",730,410,false],"mailpoet_newsletter_max":["https:\/\/www.lafarga.com\/corporatiu\/wp-content\/uploads\/2015\/07\/parcinfantil-farga.jpg",730,410,false]},"uagb_author_info":{"display_name":"\u00d2scar Milla","author_link":"https:\/\/www.lafarga.com\/corporatiu\/author\/omilla\/"},"uagb_comment_info":0,"uagb_excerpt":"La\u00a0Gu\u00e0rdia Urbana de L\u2019Hospitalet\u00a0torna a organitzar un parc infantil de tr\u00e0nsit a\u00a0La Farga Centre d\u2019Activitats, que aquest any es fa del 13 al 15 de febrer en 2.000 metres quadrats del recinte.","_links":{"self":[{"href":"https:\/\/www.lafarga.com\/corporatiu\/wp-json\/wp\/v2\/posts\/11297","targetHints":{"allow":["GET"]}}],"collection":[{"href":"https:\/\/www.lafarga.com\/corporatiu\/wp-json\/wp\/v2\/posts"}],"about":[{"href":"https:\/\/www.lafarga.com\/corporatiu\/wp-json\/wp\/v2\/types\/post"}],"author":[{"embeddable":true,"href":"https:\/\/www.lafarga.com\/corporatiu\/wp-json\/wp\/v2\/users\/5"}],"replies":[{"embeddable":true,"href":"https:\/\/www.lafarga.com\/corporatiu\/wp-json\/wp\/v2\/comments?post=11297"}],"version-history":[{"count":1,"href":"https:\/\/www.lafarga.com\/corporatiu\/wp-json\/wp\/v2\/posts\/11297\/revisions"}],"predecessor-version":[{"id":11298,"href":"https:\/\/www.lafarga.com\/corporatiu\/wp-json\/wp\/v2\/posts\/11297\/revisions\/11298"}],"wp:featuredmedia":[{"embeddable":true,"href":"https:\/\/www.lafarga.com\/corporatiu\/wp-json\/wp\/v2\/media\/4805"}],"wp:attachment":[{"href":"https:\/\/www.lafarga.com\/corporatiu\/wp-json\/wp\/v2\/media?parent=11297"}],"wp:term":[{"taxonomy":"category","embeddable":true,"href":"https:\/\/www.lafarga.com\/corporatiu\/wp-json\/wp\/v2\/categories?post=11297"},{"taxonomy":"post_tag","embeddable":true,"href":"https:\/\/www.lafarga.com\/corporatiu\/wp-json\/wp\/v2\/tags?post=11297"}],"curies":[{"name":"wp","href":"https:\/\/api.w.org\/{rel}","templated":true}]}}