{"id":11046,"date":"2017-12-20T14:31:36","date_gmt":"2017-12-20T14:31:36","guid":{"rendered":"http:\/\/www.lafarga.com\/corporatiu\/?p=11046"},"modified":"2017-12-21T14:33:11","modified_gmt":"2017-12-21T14:33:11","slug":"nuria-marin-oferta-ludica-se-ha-ampliado-mucho-esta-edicion","status":"publish","type":"post","link":"https:\/\/www.lafarga.com\/corporatiu\/nuria-marin-oferta-ludica-se-ha-ampliado-mucho-esta-edicion\/","title":{"rendered":"N\u00faria Mar\u00edn: \u2018La oferta l\u00fadica se ha ampliado mucho en esta edici\u00f3n\u2019"},"content":{"rendered":"<h5>Del 21 de diciembre al 7 de enero<\/h5>\n<p>La alcaldesa, N\u00faria Mar\u00edn, y el concejal de Cultura, David Quir\u00f3s, han visitado hoy\u00a0<a href=\"http:\/\/kaliupark.cat\/es\/espacio-ludico-navidad\/\" target=\"_blank\" rel=\"noopener\"><strong>Kaliu Park, Espacio L\u00fadico de Navidad de L\u2019Hospitalet<\/strong><\/a>, que ultima los \u00faltimos preparativos para abrir sus puertas este jueves, 21 de diciembre, en La Farga de L\u2019Hospitalet.<\/p>\n<p>Kaliu Park vuelve con m\u00e1s fuerza ofreciendo muchas m\u00e1s propuestas de ocio, tiempo libre, y deporte para completar la agenda de Navidad en L\u2019Hospitalet con un mont\u00f3n de actividades para todos los p\u00fablicos. La alcaldesa ha se\u00f1alado que\u00a0<em>\u201cla oferta l\u00fadica se ha ampliado mucho en esta edici\u00f3n, por lo que queda pr\u00e1cticamente lleno de actividades infantiles el recinto de la Farga esta Navidad\u201d<\/em>.<\/p>\n<p>M\u00e1s informaci\u00f3n:\u00a0<a href=\"http:\/\/www.lafargalhospitalet.com\/nuria-marin-oferta-ludica-ampliado-mucho-esta-edicion\/\" target=\"_blank\" rel=\"noopener\"><strong>N\u00faria Mar\u00edn: \u2018La oferta l\u00fadica se ha ampliado mucho en esta edici\u00f3n\u2019.<\/strong><\/a><\/p>\n","protected":false},"excerpt":{"rendered":"<p>La alcaldesa, N\u00faria Mar\u00edn, y el concejal de Cultura, David Quir\u00f3s, han visitado hoy\u00a0Kaliu Park, Espacio L\u00fadico de Navidad de L\u2019Hospitalet, que ultima los \u00faltimos preparativos para abrir sus puertas este jueves, 21 de diciembre, en La Farga de L\u2019Hospitalet.<\/p>\n","protected":false},"author":5,"featured_media":11044,"comment_status":"closed","ping_status":"closed","sticky":false,"template":"","format":"standard","meta":{"inline_featured_image":false,"_uag_custom_page_level_css":"","_monsterinsights_skip_tracking":false,"_monsterinsights_sitenote_active":false,"_monsterinsights_sitenote_note":"","_monsterinsights_sitenote_category":0,"site-sidebar-layout":"default","site-content-layout":"","ast-site-content-layout":"default","site-content-style":"default","site-sidebar-style":"default","ast-global-header-display":"","ast-banner-title-visibility":"","ast-main-header-display":"","ast-hfb-above-header-display":"","ast-hfb-below-header-display":"","ast-hfb-mobile-header-display":"","site-post-title":"","ast-breadcrumbs-content":"","ast-featured-img":"","footer-sml-layout":"","ast-disable-related-posts":"","theme-transparent-header-meta":"","adv-header-id-meta":"","stick-header-meta":"","header-above-stick-meta":"","header-main-stick-meta":"","header-below-stick-meta":"","astra-migrate-meta-layouts":"default","ast-page-background-enabled":"default","ast-page-background-meta":{"desktop":{"background-color":"var(--ast-global-color-4)","background-image":"","background-repeat":"repeat","background-position":"center center","background-size":"auto","background-attachment":"scroll","background-type":"","background-media":"","overlay-type":"","overlay-color":"","overlay-opacity":"","overlay-gradient":""},"tablet":{"background-color":"","background-image":"","background-repeat":"repeat","background-position":"center center","background-size":"auto","background-attachment":"scroll","background-type":"","background-media":"","overlay-type":"","overlay-color":"","overlay-opacity":"","overlay-gradient":""},"mobile":{"background-color":"","background-image":"","background-repeat":"repeat","background-position":"center center","background-size":"auto","background-attachment":"scroll","background-type":"","background-media":"","overlay-type":"","overlay-color":"","overlay-opacity":"","overlay-gradient":""}},"ast-content-background-meta":{"desktop":{"background-color":"var(--ast-global-color-5)","background-image":"","background-repeat":"repeat","background-position":"center center","background-size":"auto","background-attachment":"scroll","background-type":"","background-media":"","overlay-type":"","overlay-color":"","overlay-opacity":"","overlay-gradient":""},"tablet":{"background-color":"var(--ast-global-color-5)","background-image":"","background-repeat":"repeat","background-position":"center center","background-size":"auto","background-attachment":"scroll","background-type":"","background-media":"","overlay-type":"","overlay-color":"","overlay-opacity":"","overlay-gradient":""},"mobile":{"background-color":"var(--ast-global-color-5)","background-image":"","background-repeat":"repeat","background-position":"center center","background-size":"auto","background-attachment":"scroll","background-type":"","background-media":"","overlay-type":"","overlay-color":"","overlay-opacity":"","overlay-gradient":""}},"footnotes":""},"categories":[73],"tags":[],"class_list":["post-11046","post","type-post","status-publish","format-standard","has-post-thumbnail","hentry","category-centro-de-actividades"],"yoast_head":"<!-- This site is optimized with the Yoast SEO plugin v27.5 - https:\/\/yoast.com\/product\/yoast-seo-wordpress\/ -->\n<title>N\u00faria Mar\u00edn: \u2018La oferta l\u00fadica se ha ampliado mucho en esta edici\u00f3n\u2019 - La Farga Gesti\u00f3n de Equipamientos Municipales, S.A.<\/title>\n<meta name=\"description\" content=\"L\u2019alcaldessa, N\u00faria Mar\u00edn, i el regidor de Cultura, David Quir\u00f3s, han visitat avui\u00a0Kaliu Park, Espai L\u00fadic de Nadal de L\u2019H, amb ampliaci\u00f3 oferta l\u00fadica.\" \/>\n<meta name=\"robots\" content=\"index, follow, max-snippet:-1, max-image-preview:large, max-video-preview:-1\" \/>\n<link rel=\"canonical\" href=\"https:\/\/www.lafarga.com\/corporatiu\/nuria-marin-oferta-ludica-se-ha-ampliado-mucho-esta-edicion\/\" \/>\n<meta property=\"og:locale\" content=\"ca_ES\" \/>\n<meta property=\"og:type\" content=\"article\" \/>\n<meta property=\"og:title\" content=\"N\u00faria Mar\u00edn: \u2018La oferta l\u00fadica se ha ampliado mucho en esta edici\u00f3n\u2019 - La Farga Gesti\u00f3n de Equipamientos Municipales, S.A.\" \/>\n<meta property=\"og:description\" content=\"L\u2019alcaldessa, N\u00faria Mar\u00edn, i el regidor de Cultura, David Quir\u00f3s, han visitat avui\u00a0Kaliu Park, Espai L\u00fadic de Nadal de L\u2019H, amb ampliaci\u00f3 oferta l\u00fadica.\" \/>\n<meta property=\"og:url\" content=\"https:\/\/www.lafarga.com\/corporatiu\/nuria-marin-oferta-ludica-se-ha-ampliado-mucho-esta-edicion\/\" \/>\n<meta property=\"og:site_name\" content=\"La Farga Gesti\u00f3n de Equipamientos Municipales, S.A.\" \/>\n<meta property=\"article:published_time\" content=\"2017-12-20T14:31:36+00:00\" \/>\n<meta property=\"article:modified_time\" content=\"2017-12-21T14:33:11+00:00\" \/>\n<meta property=\"og:image\" content=\"https:\/\/www.lafarga.com\/corporatiu\/wp-content\/uploads\/2017\/12\/Kaliu-Nuria-Marin.jpg\" \/>\n\t<meta property=\"og:image:width\" content=\"730\" \/>\n\t<meta property=\"og:image:height\" content=\"410\" \/>\n\t<meta property=\"og:image:type\" content=\"image\/jpeg\" \/>\n<meta name=\"author\" content=\"\u00d2scar Milla\" \/>\n<meta name=\"twitter:label1\" content=\"Escrit per\" \/>\n\t<meta name=\"twitter:data1\" content=\"\u00d2scar Milla\" \/>\n\t<meta name=\"twitter:label2\" content=\"Temps estimat de lectura\" \/>\n\t<meta name=\"twitter:data2\" content=\"1 minut\" \/>\n<script type=\"application\/ld+json\" class=\"yoast-schema-graph\">{\"@context\":\"https:\\\/\\\/schema.org\",\"@graph\":[{\"@type\":\"Article\",\"@id\":\"https:\\\/\\\/www.lafarga.com\\\/corporatiu\\\/nuria-marin-oferta-ludica-se-ha-ampliado-mucho-esta-edicion\\\/#article\",\"isPartOf\":{\"@id\":\"https:\\\/\\\/www.lafarga.com\\\/corporatiu\\\/nuria-marin-oferta-ludica-se-ha-ampliado-mucho-esta-edicion\\\/\"},\"author\":{\"name\":\"\u00d2scar Milla\",\"@id\":\"https:\\\/\\\/www.lafarga.com\\\/corporatiu\\\/#\\\/schema\\\/person\\\/70d96fe17d0da1a9c9e80d232bdbcf33\"},\"headline\":\"N\u00faria Mar\u00edn: \u2018La oferta l\u00fadica se ha ampliado mucho en esta edici\u00f3n\u2019\",\"datePublished\":\"2017-12-20T14:31:36+00:00\",\"dateModified\":\"2017-12-21T14:33:11+00:00\",\"mainEntityOfPage\":{\"@id\":\"https:\\\/\\\/www.lafarga.com\\\/corporatiu\\\/nuria-marin-oferta-ludica-se-ha-ampliado-mucho-esta-edicion\\\/\"},\"wordCount\":161,\"publisher\":{\"@id\":\"https:\\\/\\\/www.lafarga.com\\\/corporatiu\\\/#organization\"},\"image\":{\"@id\":\"https:\\\/\\\/www.lafarga.com\\\/corporatiu\\\/nuria-marin-oferta-ludica-se-ha-ampliado-mucho-esta-edicion\\\/#primaryimage\"},\"thumbnailUrl\":\"https:\\\/\\\/www.lafarga.com\\\/corporatiu\\\/wp-content\\\/uploads\\\/2017\\\/12\\\/Kaliu-Nuria-Marin.jpg\",\"articleSection\":[\"Centro de Actividades\"],\"inLanguage\":\"ca\"},{\"@type\":\"WebPage\",\"@id\":\"https:\\\/\\\/www.lafarga.com\\\/corporatiu\\\/nuria-marin-oferta-ludica-se-ha-ampliado-mucho-esta-edicion\\\/\",\"url\":\"https:\\\/\\\/www.lafarga.com\\\/corporatiu\\\/nuria-marin-oferta-ludica-se-ha-ampliado-mucho-esta-edicion\\\/\",\"name\":\"N\u00faria Mar\u00edn: \u2018La oferta l\u00fadica se ha ampliado mucho en esta edici\u00f3n\u2019 - La Farga Gesti\u00f3n de Equipamientos Municipales, S.A.\",\"isPartOf\":{\"@id\":\"https:\\\/\\\/www.lafarga.com\\\/corporatiu\\\/#website\"},\"primaryImageOfPage\":{\"@id\":\"https:\\\/\\\/www.lafarga.com\\\/corporatiu\\\/nuria-marin-oferta-ludica-se-ha-ampliado-mucho-esta-edicion\\\/#primaryimage\"},\"image\":{\"@id\":\"https:\\\/\\\/www.lafarga.com\\\/corporatiu\\\/nuria-marin-oferta-ludica-se-ha-ampliado-mucho-esta-edicion\\\/#primaryimage\"},\"thumbnailUrl\":\"https:\\\/\\\/www.lafarga.com\\\/corporatiu\\\/wp-content\\\/uploads\\\/2017\\\/12\\\/Kaliu-Nuria-Marin.jpg\",\"datePublished\":\"2017-12-20T14:31:36+00:00\",\"dateModified\":\"2017-12-21T14:33:11+00:00\",\"description\":\"L\u2019alcaldessa, N\u00faria Mar\u00edn, i el regidor de Cultura, David Quir\u00f3s, han visitat avui\u00a0Kaliu Park, Espai L\u00fadic de Nadal de L\u2019H, amb ampliaci\u00f3 oferta l\u00fadica.\",\"breadcrumb\":{\"@id\":\"https:\\\/\\\/www.lafarga.com\\\/corporatiu\\\/nuria-marin-oferta-ludica-se-ha-ampliado-mucho-esta-edicion\\\/#breadcrumb\"},\"inLanguage\":\"ca\",\"potentialAction\":[{\"@type\":\"ReadAction\",\"target\":[\"https:\\\/\\\/www.lafarga.com\\\/corporatiu\\\/nuria-marin-oferta-ludica-se-ha-ampliado-mucho-esta-edicion\\\/\"]}]},{\"@type\":\"ImageObject\",\"inLanguage\":\"ca\",\"@id\":\"https:\\\/\\\/www.lafarga.com\\\/corporatiu\\\/nuria-marin-oferta-ludica-se-ha-ampliado-mucho-esta-edicion\\\/#primaryimage\",\"url\":\"https:\\\/\\\/www.lafarga.com\\\/corporatiu\\\/wp-content\\\/uploads\\\/2017\\\/12\\\/Kaliu-Nuria-Marin.jpg\",\"contentUrl\":\"https:\\\/\\\/www.lafarga.com\\\/corporatiu\\\/wp-content\\\/uploads\\\/2017\\\/12\\\/Kaliu-Nuria-Marin.jpg\",\"width\":730,\"height\":410,\"caption\":\"L\u00fadica Kaliu Park\"},{\"@type\":\"BreadcrumbList\",\"@id\":\"https:\\\/\\\/www.lafarga.com\\\/corporatiu\\\/nuria-marin-oferta-ludica-se-ha-ampliado-mucho-esta-edicion\\\/#breadcrumb\",\"itemListElement\":[{\"@type\":\"ListItem\",\"position\":1,\"name\":\"Home\",\"item\":\"https:\\\/\\\/www.lafarga.com\\\/corporatiu\\\/lafarga-hospitalet-llobregat\\\/\"},{\"@type\":\"ListItem\",\"position\":2,\"name\":\"N\u00faria Mar\u00edn: \u2018La oferta l\u00fadica se ha ampliado mucho en esta edici\u00f3n\u2019\"}]},{\"@type\":\"WebSite\",\"@id\":\"https:\\\/\\\/www.lafarga.com\\\/corporatiu\\\/#website\",\"url\":\"https:\\\/\\\/www.lafarga.com\\\/corporatiu\\\/\",\"name\":\"La Farga Gesti\u00f3 d&#039;Equipaments Municipals, SA\",\"description\":\"\",\"publisher\":{\"@id\":\"https:\\\/\\\/www.lafarga.com\\\/corporatiu\\\/#organization\"},\"potentialAction\":[{\"@type\":\"SearchAction\",\"target\":{\"@type\":\"EntryPoint\",\"urlTemplate\":\"https:\\\/\\\/www.lafarga.com\\\/corporatiu\\\/?s={search_term_string}\"},\"query-input\":{\"@type\":\"PropertyValueSpecification\",\"valueRequired\":true,\"valueName\":\"search_term_string\"}}],\"inLanguage\":\"ca\"},{\"@type\":\"Organization\",\"@id\":\"https:\\\/\\\/www.lafarga.com\\\/corporatiu\\\/#organization\",\"name\":\"La Farga Gesti\u00f3 d&#039;Equipaments Municipals, SA\",\"url\":\"https:\\\/\\\/www.lafarga.com\\\/corporatiu\\\/\",\"logo\":{\"@type\":\"ImageObject\",\"inLanguage\":\"ca\",\"@id\":\"https:\\\/\\\/www.lafarga.com\\\/corporatiu\\\/#\\\/schema\\\/logo\\\/image\\\/\",\"url\":\"https:\\\/\\\/www.lafarga.com\\\/corporatiu\\\/wp-content\\\/uploads\\\/2023\\\/11\\\/logotipo_lafarga_gemsa.svg\",\"contentUrl\":\"https:\\\/\\\/www.lafarga.com\\\/corporatiu\\\/wp-content\\\/uploads\\\/2023\\\/11\\\/logotipo_lafarga_gemsa.svg\",\"width\":102,\"height\":103,\"caption\":\"La Farga Gesti\u00f3 d&#039;Equipaments Municipals, SA\"},\"image\":{\"@id\":\"https:\\\/\\\/www.lafarga.com\\\/corporatiu\\\/#\\\/schema\\\/logo\\\/image\\\/\"}},{\"@type\":\"Person\",\"@id\":\"https:\\\/\\\/www.lafarga.com\\\/corporatiu\\\/#\\\/schema\\\/person\\\/70d96fe17d0da1a9c9e80d232bdbcf33\",\"name\":\"\u00d2scar Milla\",\"image\":{\"@type\":\"ImageObject\",\"inLanguage\":\"ca\",\"@id\":\"https:\\\/\\\/secure.gravatar.com\\\/avatar\\\/92e75d184f9d5e0e403bd4ad075b080ad258344ddc259adddb579f6a3ba6494f?s=96&d=mm&r=g\",\"url\":\"https:\\\/\\\/secure.gravatar.com\\\/avatar\\\/92e75d184f9d5e0e403bd4ad075b080ad258344ddc259adddb579f6a3ba6494f?s=96&d=mm&r=g\",\"contentUrl\":\"https:\\\/\\\/secure.gravatar.com\\\/avatar\\\/92e75d184f9d5e0e403bd4ad075b080ad258344ddc259adddb579f6a3ba6494f?s=96&d=mm&r=g\",\"caption\":\"\u00d2scar Milla\"},\"url\":\"https:\\\/\\\/www.lafarga.com\\\/corporatiu\\\/author\\\/omilla\\\/\"}]}<\/script>\n<!-- \/ Yoast SEO plugin. -->","yoast_head_json":{"title":"N\u00faria Mar\u00edn: \u2018La oferta l\u00fadica se ha ampliado mucho en esta edici\u00f3n\u2019 - La Farga Gesti\u00f3n de Equipamientos Municipales, S.A.","description":"L\u2019alcaldessa, N\u00faria Mar\u00edn, i el regidor de Cultura, David Quir\u00f3s, han visitat avui\u00a0Kaliu Park, Espai L\u00fadic de Nadal de L\u2019H, amb ampliaci\u00f3 oferta l\u00fadica.","robots":{"index":"index","follow":"follow","max-snippet":"max-snippet:-1","max-image-preview":"max-image-preview:large","max-video-preview":"max-video-preview:-1"},"canonical":"https:\/\/www.lafarga.com\/corporatiu\/nuria-marin-oferta-ludica-se-ha-ampliado-mucho-esta-edicion\/","og_locale":"ca_ES","og_type":"article","og_title":"N\u00faria Mar\u00edn: \u2018La oferta l\u00fadica se ha ampliado mucho en esta edici\u00f3n\u2019 - La Farga Gesti\u00f3n de Equipamientos Municipales, S.A.","og_description":"L\u2019alcaldessa, N\u00faria Mar\u00edn, i el regidor de Cultura, David Quir\u00f3s, han visitat avui\u00a0Kaliu Park, Espai L\u00fadic de Nadal de L\u2019H, amb ampliaci\u00f3 oferta l\u00fadica.","og_url":"https:\/\/www.lafarga.com\/corporatiu\/nuria-marin-oferta-ludica-se-ha-ampliado-mucho-esta-edicion\/","og_site_name":"La Farga Gesti\u00f3n de Equipamientos Municipales, S.A.","article_published_time":"2017-12-20T14:31:36+00:00","article_modified_time":"2017-12-21T14:33:11+00:00","og_image":[{"width":730,"height":410,"url":"https:\/\/www.lafarga.com\/corporatiu\/wp-content\/uploads\/2017\/12\/Kaliu-Nuria-Marin.jpg","type":"image\/jpeg"}],"author":"\u00d2scar Milla","twitter_misc":{"Escrit per":"\u00d2scar Milla","Temps estimat de lectura":"1 minut"},"schema":{"@context":"https:\/\/schema.org","@graph":[{"@type":"Article","@id":"https:\/\/www.lafarga.com\/corporatiu\/nuria-marin-oferta-ludica-se-ha-ampliado-mucho-esta-edicion\/#article","isPartOf":{"@id":"https:\/\/www.lafarga.com\/corporatiu\/nuria-marin-oferta-ludica-se-ha-ampliado-mucho-esta-edicion\/"},"author":{"name":"\u00d2scar Milla","@id":"https:\/\/www.lafarga.com\/corporatiu\/#\/schema\/person\/70d96fe17d0da1a9c9e80d232bdbcf33"},"headline":"N\u00faria Mar\u00edn: \u2018La oferta l\u00fadica se ha ampliado mucho en esta edici\u00f3n\u2019","datePublished":"2017-12-20T14:31:36+00:00","dateModified":"2017-12-21T14:33:11+00:00","mainEntityOfPage":{"@id":"https:\/\/www.lafarga.com\/corporatiu\/nuria-marin-oferta-ludica-se-ha-ampliado-mucho-esta-edicion\/"},"wordCount":161,"publisher":{"@id":"https:\/\/www.lafarga.com\/corporatiu\/#organization"},"image":{"@id":"https:\/\/www.lafarga.com\/corporatiu\/nuria-marin-oferta-ludica-se-ha-ampliado-mucho-esta-edicion\/#primaryimage"},"thumbnailUrl":"https:\/\/www.lafarga.com\/corporatiu\/wp-content\/uploads\/2017\/12\/Kaliu-Nuria-Marin.jpg","articleSection":["Centro de Actividades"],"inLanguage":"ca"},{"@type":"WebPage","@id":"https:\/\/www.lafarga.com\/corporatiu\/nuria-marin-oferta-ludica-se-ha-ampliado-mucho-esta-edicion\/","url":"https:\/\/www.lafarga.com\/corporatiu\/nuria-marin-oferta-ludica-se-ha-ampliado-mucho-esta-edicion\/","name":"N\u00faria Mar\u00edn: \u2018La oferta l\u00fadica se ha ampliado mucho en esta edici\u00f3n\u2019 - La Farga Gesti\u00f3n de Equipamientos Municipales, S.A.","isPartOf":{"@id":"https:\/\/www.lafarga.com\/corporatiu\/#website"},"primaryImageOfPage":{"@id":"https:\/\/www.lafarga.com\/corporatiu\/nuria-marin-oferta-ludica-se-ha-ampliado-mucho-esta-edicion\/#primaryimage"},"image":{"@id":"https:\/\/www.lafarga.com\/corporatiu\/nuria-marin-oferta-ludica-se-ha-ampliado-mucho-esta-edicion\/#primaryimage"},"thumbnailUrl":"https:\/\/www.lafarga.com\/corporatiu\/wp-content\/uploads\/2017\/12\/Kaliu-Nuria-Marin.jpg","datePublished":"2017-12-20T14:31:36+00:00","dateModified":"2017-12-21T14:33:11+00:00","description":"L\u2019alcaldessa, N\u00faria Mar\u00edn, i el regidor de Cultura, David Quir\u00f3s, han visitat avui\u00a0Kaliu Park, Espai L\u00fadic de Nadal de L\u2019H, amb ampliaci\u00f3 oferta l\u00fadica.","breadcrumb":{"@id":"https:\/\/www.lafarga.com\/corporatiu\/nuria-marin-oferta-ludica-se-ha-ampliado-mucho-esta-edicion\/#breadcrumb"},"inLanguage":"ca","potentialAction":[{"@type":"ReadAction","target":["https:\/\/www.lafarga.com\/corporatiu\/nuria-marin-oferta-ludica-se-ha-ampliado-mucho-esta-edicion\/"]}]},{"@type":"ImageObject","inLanguage":"ca","@id":"https:\/\/www.lafarga.com\/corporatiu\/nuria-marin-oferta-ludica-se-ha-ampliado-mucho-esta-edicion\/#primaryimage","url":"https:\/\/www.lafarga.com\/corporatiu\/wp-content\/uploads\/2017\/12\/Kaliu-Nuria-Marin.jpg","contentUrl":"https:\/\/www.lafarga.com\/corporatiu\/wp-content\/uploads\/2017\/12\/Kaliu-Nuria-Marin.jpg","width":730,"height":410,"caption":"L\u00fadica Kaliu Park"},{"@type":"BreadcrumbList","@id":"https:\/\/www.lafarga.com\/corporatiu\/nuria-marin-oferta-ludica-se-ha-ampliado-mucho-esta-edicion\/#breadcrumb","itemListElement":[{"@type":"ListItem","position":1,"name":"Home","item":"https:\/\/www.lafarga.com\/corporatiu\/lafarga-hospitalet-llobregat\/"},{"@type":"ListItem","position":2,"name":"N\u00faria Mar\u00edn: \u2018La oferta l\u00fadica se ha ampliado mucho en esta edici\u00f3n\u2019"}]},{"@type":"WebSite","@id":"https:\/\/www.lafarga.com\/corporatiu\/#website","url":"https:\/\/www.lafarga.com\/corporatiu\/","name":"La Farga Gesti\u00f3 d&#039;Equipaments Municipals, SA","description":"","publisher":{"@id":"https:\/\/www.lafarga.com\/corporatiu\/#organization"},"potentialAction":[{"@type":"SearchAction","target":{"@type":"EntryPoint","urlTemplate":"https:\/\/www.lafarga.com\/corporatiu\/?s={search_term_string}"},"query-input":{"@type":"PropertyValueSpecification","valueRequired":true,"valueName":"search_term_string"}}],"inLanguage":"ca"},{"@type":"Organization","@id":"https:\/\/www.lafarga.com\/corporatiu\/#organization","name":"La Farga Gesti\u00f3 d&#039;Equipaments Municipals, SA","url":"https:\/\/www.lafarga.com\/corporatiu\/","logo":{"@type":"ImageObject","inLanguage":"ca","@id":"https:\/\/www.lafarga.com\/corporatiu\/#\/schema\/logo\/image\/","url":"https:\/\/www.lafarga.com\/corporatiu\/wp-content\/uploads\/2023\/11\/logotipo_lafarga_gemsa.svg","contentUrl":"https:\/\/www.lafarga.com\/corporatiu\/wp-content\/uploads\/2023\/11\/logotipo_lafarga_gemsa.svg","width":102,"height":103,"caption":"La Farga Gesti\u00f3 d&#039;Equipaments Municipals, SA"},"image":{"@id":"https:\/\/www.lafarga.com\/corporatiu\/#\/schema\/logo\/image\/"}},{"@type":"Person","@id":"https:\/\/www.lafarga.com\/corporatiu\/#\/schema\/person\/70d96fe17d0da1a9c9e80d232bdbcf33","name":"\u00d2scar Milla","image":{"@type":"ImageObject","inLanguage":"ca","@id":"https:\/\/secure.gravatar.com\/avatar\/92e75d184f9d5e0e403bd4ad075b080ad258344ddc259adddb579f6a3ba6494f?s=96&d=mm&r=g","url":"https:\/\/secure.gravatar.com\/avatar\/92e75d184f9d5e0e403bd4ad075b080ad258344ddc259adddb579f6a3ba6494f?s=96&d=mm&r=g","contentUrl":"https:\/\/secure.gravatar.com\/avatar\/92e75d184f9d5e0e403bd4ad075b080ad258344ddc259adddb579f6a3ba6494f?s=96&d=mm&r=g","caption":"\u00d2scar Milla"},"url":"https:\/\/www.lafarga.com\/corporatiu\/author\/omilla\/"}]}},"uagb_featured_image_src":{"full":["https:\/\/www.lafarga.com\/corporatiu\/wp-content\/uploads\/2017\/12\/Kaliu-Nuria-Marin.jpg",730,410,false],"thumbnail":["https:\/\/www.lafarga.com\/corporatiu\/wp-content\/uploads\/2017\/12\/Kaliu-Nuria-Marin-150x150.jpg",150,150,true],"medium":["https:\/\/www.lafarga.com\/corporatiu\/wp-content\/uploads\/2017\/12\/Kaliu-Nuria-Marin-300x168.jpg",300,168,true],"medium_large":["https:\/\/www.lafarga.com\/corporatiu\/wp-content\/uploads\/2017\/12\/Kaliu-Nuria-Marin.jpg",730,410,false],"large":["https:\/\/www.lafarga.com\/corporatiu\/wp-content\/uploads\/2017\/12\/Kaliu-Nuria-Marin.jpg",730,410,false],"1536x1536":["https:\/\/www.lafarga.com\/corporatiu\/wp-content\/uploads\/2017\/12\/Kaliu-Nuria-Marin.jpg",730,410,false],"2048x2048":["https:\/\/www.lafarga.com\/corporatiu\/wp-content\/uploads\/2017\/12\/Kaliu-Nuria-Marin.jpg",730,410,false],"mailpoet_newsletter_max":["https:\/\/www.lafarga.com\/corporatiu\/wp-content\/uploads\/2017\/12\/Kaliu-Nuria-Marin.jpg",730,410,false]},"uagb_author_info":{"display_name":"\u00d2scar Milla","author_link":"https:\/\/www.lafarga.com\/corporatiu\/author\/omilla\/"},"uagb_comment_info":0,"uagb_excerpt":"La alcaldesa, N\u00faria Mar\u00edn, y el concejal de Cultura, David Quir\u00f3s, han visitado hoy\u00a0Kaliu Park, Espacio L\u00fadico de Navidad de L\u2019Hospitalet, que ultima los \u00faltimos preparativos para abrir sus puertas este jueves, 21 de diciembre, en La Farga de L\u2019Hospitalet.","_links":{"self":[{"href":"https:\/\/www.lafarga.com\/corporatiu\/wp-json\/wp\/v2\/posts\/11046","targetHints":{"allow":["GET"]}}],"collection":[{"href":"https:\/\/www.lafarga.com\/corporatiu\/wp-json\/wp\/v2\/posts"}],"about":[{"href":"https:\/\/www.lafarga.com\/corporatiu\/wp-json\/wp\/v2\/types\/post"}],"author":[{"embeddable":true,"href":"https:\/\/www.lafarga.com\/corporatiu\/wp-json\/wp\/v2\/users\/5"}],"replies":[{"embeddable":true,"href":"https:\/\/www.lafarga.com\/corporatiu\/wp-json\/wp\/v2\/comments?post=11046"}],"version-history":[{"count":2,"href":"https:\/\/www.lafarga.com\/corporatiu\/wp-json\/wp\/v2\/posts\/11046\/revisions"}],"predecessor-version":[{"id":11048,"href":"https:\/\/www.lafarga.com\/corporatiu\/wp-json\/wp\/v2\/posts\/11046\/revisions\/11048"}],"wp:featuredmedia":[{"embeddable":true,"href":"https:\/\/www.lafarga.com\/corporatiu\/wp-json\/wp\/v2\/media\/11044"}],"wp:attachment":[{"href":"https:\/\/www.lafarga.com\/corporatiu\/wp-json\/wp\/v2\/media?parent=11046"}],"wp:term":[{"taxonomy":"category","embeddable":true,"href":"https:\/\/www.lafarga.com\/corporatiu\/wp-json\/wp\/v2\/categories?post=11046"},{"taxonomy":"post_tag","embeddable":true,"href":"https:\/\/www.lafarga.com\/corporatiu\/wp-json\/wp\/v2\/tags?post=11046"}],"curies":[{"name":"wp","href":"https:\/\/api.w.org\/{rel}","templated":true}]}}