{"id":11010,"date":"2017-12-17T07:58:38","date_gmt":"2017-12-17T07:58:38","guid":{"rendered":"http:\/\/www.lafarga.com\/corporatiu\/?p=11010"},"modified":"2018-01-08T14:44:43","modified_gmt":"2018-01-08T14:44:43","slug":"kaliu-park-abre-puertas-jueves-21-desembre","status":"publish","type":"post","link":"https:\/\/www.lafarga.com\/corporatiu\/kaliu-park-abre-puertas-jueves-21-desembre\/","title":{"rendered":"Kaliu Park abre puertas el jueves 21 de diciembre"},"content":{"rendered":"<h5>El jueves 21, apertura de puertas<\/h5>\n<p><a href=\"https:\/\/www.lafarga.com\/corporatiu\/kaliu-park-estrena-portal-web-2\/\" target=\"_blank\" rel=\"noopener\"><strong>Kaliu Park, Espacio L\u00fadico de Navidad de L\u2019Hospitalet<\/strong>\u00a0<\/a>\u00a0ya est\u00e1 a punto para abrir puertas este jueves, 21 de diciembre, con una nueva propuesta para este acontecimiento navide\u00f1o de La Farga de L&#8217;Hospitalet.<\/p>\n<p>Kaliu Park retorna con m\u00e1s fuerza ofreciendo muchas m\u00e1s propuestas de ocio, deporte, emociones y sensaciones que completaran la navidad en L\u2019Hospitalet con\u00a0 numerosas actividades para todos los p\u00fablicos.<\/p>\n<p>La Farga acoger\u00e1 hasta el 7 de enero una gran pista de patinaje sobre hielo, un tobog\u00e1n gigante y un espacio con juegos, tradiciones, m\u00fasica y arte. Todo ello conformar\u00e1 el Kaliu Park, previsto durante las vacaciones escolares, en tres espacios diferenciados: Kaliu Hielo, Kaliu Creativo y Kaliu L\u00fadico.<\/p>\n<h5>KALIU HIELO<\/h5>\n<p>En el Kaliu Hielo encontraremos la pista de hielo y el tobog\u00e1n gigante. La pista de hielo, construida por la empresa\u00a0<a href=\"http:\/\/www.pista-hielo.com\/es\/\" target=\"_blank\" rel=\"noopener\"><strong>WWIP<\/strong><\/a>\u00a0tendr\u00e1 una superficie de 1.500m2 donde se podr\u00e1 patinar con alquiler de patines. Habr\u00e1 unos 200m2 de pista infantil para aquellos patinadores\/as m\u00e1s inexpertos.<\/p>\n<p>El tobog\u00e1n gigante volver\u00e1 a hacer las delicias de todos y ser\u00e1 una de las grandes atracciones del Kaliu Park. En sus 50 metros de largo por 14 de ancho podr\u00e1n deslizarse grandes y peque\u00f1os.\u00a0<a href=\"http:\/\/www.n-ice.net\/\" target=\"_blank\" rel=\"noopener\"><strong>N-Ice<\/strong><\/a>\u00a0es la encargada de instalar esta estructura.<\/p>\n<h5>KALIU CREATIVO<\/h5>\n<p>El espacio para desarrollar los talentos art\u00edsticos ser\u00e1 este a\u00f1o el Kaliu Creativo donde habr\u00e1 talleres de circo y percusi\u00f3n; m\u00fasica infantil con conciertos en directo; y actividades de baile.<\/p>\n<p>El circo lo traer\u00e1, con gran carpa, el\u00a0<a href=\"https:\/\/www.facebook.com\/peramorLH\/\" target=\"_blank\" rel=\"noopener\"><strong>Festival Per Amor L\u2019Hart<\/strong><\/a>, de la entidad hospitalense\u00a0<a href=\"http:\/\/bipolart.org\/\" target=\"_blank\" rel=\"noopener\"><strong>Bipolart<\/strong><\/a>, que nos presentar\u00e1 el espect\u00e1culo de circo de invierno \u2018Estrellats\u2019 y tambi\u00e9n diferentes talleres de circo durante los d\u00edas del Kaliu Park.<\/p>\n<p>La m\u00fasica vendr\u00e1 de la mano de\u00a0<a href=\"https:\/\/lali-begood.com\/\" target=\"_blank\" rel=\"noopener\"><strong>Lali BeGood<\/strong><\/a>, que con tres conciertos en directo, llevar\u00e1n el\u00a0<em>kindie rock<\/em>\u00a0a todas las familias visitantes de KaliuPark. Lali BeGood actuar\u00e1 los d\u00edas 23 y 29 de diciembre a las 17.30 horas, y el 7 de enero con una gran concierto de fin de fiesta, tambi\u00e9n a las 17.30 horas.<\/p>\n<p>En este espacio, y durante todas los d\u00edas de Kaliu Park tendremos talleres y actuaciones de danza urbana a cargo de\u00a0<a href=\"http:\/\/streetdancearea.com\/\" target=\"_blank\" rel=\"noopener\"><strong>Street Dance Area<\/strong><\/a>\u00a0y talleres de percusi\u00f3n con la\u00a0<a href=\"https:\/\/www.drumteambarcelona.com\/\" target=\"_blank\" rel=\"noopener\"><strong>Escuela Drum Team<\/strong><\/a>.<\/p>\n<p><a href=\"http:\/\/kaliupark.cat\/wp-content\/uploads\/2017\/12\/Agenda-Kaliu-Creatiu-1718.pdf\" target=\"_blank\" rel=\"noopener\"><strong>Agenda completa de Kaliu Creativo<\/strong><\/a><\/p>\n<h5>KALIU L\u00daDICO<\/h5>\n<p>El Kaliu L\u00fadico est\u00e1 reservado para un mont\u00f3n de actividades, tambi\u00e9n para todos los p\u00fablicos, entre las que encontraremos deportes: baloncesto 3\u00d73, tenis de mesa; y espacios de ocio con un roc\u00f3dromo hinchable, el \u2018M\u00f3n del Joc\u2019, y una ludoteca infantil.<\/p>\n<p>El Kaliu Park recibira la visita de Papa Noel, los d\u00edas previos de Navidad, y del Paje Real para que todos los ni\u00f1os y ni\u00f1as puedan darle sobre cartas.<\/p>\n<p>El Kaliu Park ser\u00e1 de entrada libre para todos, excepto las actividades de Kaliu Hielo donde ser\u00e1 necesario obtener una entrada.<\/p>\n<p>El Kaliu Park abrir todos los d\u00edas, del 21 de diciembre al 7 de enero, desde las 11 horas hasta las 21 horas. Habr\u00e1 horarios especiales el d\u00eda 25 de diciembre (de 11 h a 14 h y de 17 h a 21h) y el 31 de diciembre (de 11 h a 19 h).<\/p>\n","protected":false},"excerpt":{"rendered":"<p>Kaliu Park, Espacio L\u00fadico de Navidad de L\u2019Hospitalet\u00a0ya est\u00e1 a punto para abrir puertas este jueves, 21 de diciembre, con una nueva propuesta para este acontecimiento navide\u00f1o de La Farga de L&#8217;Hospitalet.<\/p>\n","protected":false},"author":5,"featured_media":11008,"comment_status":"closed","ping_status":"closed","sticky":false,"template":"","format":"standard","meta":{"inline_featured_image":false,"_uag_custom_page_level_css":"","_monsterinsights_skip_tracking":false,"_monsterinsights_sitenote_active":false,"_monsterinsights_sitenote_note":"","_monsterinsights_sitenote_category":0,"site-sidebar-layout":"default","site-content-layout":"","ast-site-content-layout":"default","site-content-style":"default","site-sidebar-style":"default","ast-global-header-display":"","ast-banner-title-visibility":"","ast-main-header-display":"","ast-hfb-above-header-display":"","ast-hfb-below-header-display":"","ast-hfb-mobile-header-display":"","site-post-title":"","ast-breadcrumbs-content":"","ast-featured-img":"","footer-sml-layout":"","ast-disable-related-posts":"","theme-transparent-header-meta":"","adv-header-id-meta":"","stick-header-meta":"","header-above-stick-meta":"","header-main-stick-meta":"","header-below-stick-meta":"","astra-migrate-meta-layouts":"default","ast-page-background-enabled":"default","ast-page-background-meta":{"desktop":{"background-color":"var(--ast-global-color-4)","background-image":"","background-repeat":"repeat","background-position":"center center","background-size":"auto","background-attachment":"scroll","background-type":"","background-media":"","overlay-type":"","overlay-color":"","overlay-opacity":"","overlay-gradient":""},"tablet":{"background-color":"","background-image":"","background-repeat":"repeat","background-position":"center center","background-size":"auto","background-attachment":"scroll","background-type":"","background-media":"","overlay-type":"","overlay-color":"","overlay-opacity":"","overlay-gradient":""},"mobile":{"background-color":"","background-image":"","background-repeat":"repeat","background-position":"center center","background-size":"auto","background-attachment":"scroll","background-type":"","background-media":"","overlay-type":"","overlay-color":"","overlay-opacity":"","overlay-gradient":""}},"ast-content-background-meta":{"desktop":{"background-color":"var(--ast-global-color-5)","background-image":"","background-repeat":"repeat","background-position":"center center","background-size":"auto","background-attachment":"scroll","background-type":"","background-media":"","overlay-type":"","overlay-color":"","overlay-opacity":"","overlay-gradient":""},"tablet":{"background-color":"var(--ast-global-color-5)","background-image":"","background-repeat":"repeat","background-position":"center center","background-size":"auto","background-attachment":"scroll","background-type":"","background-media":"","overlay-type":"","overlay-color":"","overlay-opacity":"","overlay-gradient":""},"mobile":{"background-color":"var(--ast-global-color-5)","background-image":"","background-repeat":"repeat","background-position":"center center","background-size":"auto","background-attachment":"scroll","background-type":"","background-media":"","overlay-type":"","overlay-color":"","overlay-opacity":"","overlay-gradient":""}},"footnotes":""},"categories":[73],"tags":[],"class_list":["post-11010","post","type-post","status-publish","format-standard","has-post-thumbnail","hentry","category-centro-de-actividades"],"yoast_head":"<!-- This site is optimized with the Yoast SEO plugin v27.5 - https:\/\/yoast.com\/product\/yoast-seo-wordpress\/ -->\n<title>Kaliu Park abre puertas el jueves 21 de diciembre - La Farga Gesti\u00f3n de Equipamientos Municipales, S.A.<\/title>\n<meta name=\"description\" content=\"Abre puertas Kaliu Park, Espacio L\u00fadico de Navidad de L\u2019Hospitalet\u00a0ya est\u00e1 a punto para abrir puertas este jueves, 21 de diciembre.\" \/>\n<meta name=\"robots\" content=\"index, follow, max-snippet:-1, max-image-preview:large, max-video-preview:-1\" \/>\n<link rel=\"canonical\" href=\"https:\/\/www.lafarga.com\/corporatiu\/kaliu-park-abre-puertas-jueves-21-desembre\/\" \/>\n<meta property=\"og:locale\" content=\"ca_ES\" \/>\n<meta property=\"og:type\" content=\"article\" \/>\n<meta property=\"og:title\" content=\"Kaliu Park abre puertas el jueves 21 de diciembre - La Farga Gesti\u00f3n de Equipamientos Municipales, S.A.\" \/>\n<meta property=\"og:description\" content=\"Abre puertas Kaliu Park, Espacio L\u00fadico de Navidad de L\u2019Hospitalet\u00a0ya est\u00e1 a punto para abrir puertas este jueves, 21 de diciembre.\" \/>\n<meta property=\"og:url\" content=\"https:\/\/www.lafarga.com\/corporatiu\/kaliu-park-abre-puertas-jueves-21-desembre\/\" \/>\n<meta property=\"og:site_name\" content=\"La Farga Gesti\u00f3n de Equipamientos Municipales, S.A.\" \/>\n<meta property=\"article:published_time\" content=\"2017-12-17T07:58:38+00:00\" \/>\n<meta property=\"article:modified_time\" content=\"2018-01-08T14:44:43+00:00\" \/>\n<meta property=\"og:image\" content=\"https:\/\/www.lafarga.com\/corporatiu\/wp-content\/uploads\/2017\/12\/Kaliu-Park-Farga-17.jpg\" \/>\n\t<meta property=\"og:image:width\" content=\"730\" \/>\n\t<meta property=\"og:image:height\" content=\"410\" \/>\n\t<meta property=\"og:image:type\" content=\"image\/jpeg\" \/>\n<meta name=\"author\" content=\"\u00d2scar Milla\" \/>\n<meta name=\"twitter:label1\" content=\"Escrit per\" \/>\n\t<meta name=\"twitter:data1\" content=\"\u00d2scar Milla\" \/>\n\t<meta name=\"twitter:label2\" content=\"Temps estimat de lectura\" \/>\n\t<meta name=\"twitter:data2\" content=\"3 minuts\" \/>\n<script type=\"application\/ld+json\" class=\"yoast-schema-graph\">{\"@context\":\"https:\\\/\\\/schema.org\",\"@graph\":[{\"@type\":\"Article\",\"@id\":\"https:\\\/\\\/www.lafarga.com\\\/corporatiu\\\/kaliu-park-abre-puertas-jueves-21-desembre\\\/#article\",\"isPartOf\":{\"@id\":\"https:\\\/\\\/www.lafarga.com\\\/corporatiu\\\/kaliu-park-abre-puertas-jueves-21-desembre\\\/\"},\"author\":{\"name\":\"\u00d2scar Milla\",\"@id\":\"https:\\\/\\\/www.lafarga.com\\\/corporatiu\\\/#\\\/schema\\\/person\\\/70d96fe17d0da1a9c9e80d232bdbcf33\"},\"headline\":\"Kaliu Park abre puertas el jueves 21 de diciembre\",\"datePublished\":\"2017-12-17T07:58:38+00:00\",\"dateModified\":\"2018-01-08T14:44:43+00:00\",\"mainEntityOfPage\":{\"@id\":\"https:\\\/\\\/www.lafarga.com\\\/corporatiu\\\/kaliu-park-abre-puertas-jueves-21-desembre\\\/\"},\"wordCount\":551,\"publisher\":{\"@id\":\"https:\\\/\\\/www.lafarga.com\\\/corporatiu\\\/#organization\"},\"image\":{\"@id\":\"https:\\\/\\\/www.lafarga.com\\\/corporatiu\\\/kaliu-park-abre-puertas-jueves-21-desembre\\\/#primaryimage\"},\"thumbnailUrl\":\"https:\\\/\\\/www.lafarga.com\\\/corporatiu\\\/wp-content\\\/uploads\\\/2017\\\/12\\\/Kaliu-Park-Farga-17.jpg\",\"articleSection\":[\"Centro de Actividades\"],\"inLanguage\":\"ca\"},{\"@type\":\"WebPage\",\"@id\":\"https:\\\/\\\/www.lafarga.com\\\/corporatiu\\\/kaliu-park-abre-puertas-jueves-21-desembre\\\/\",\"url\":\"https:\\\/\\\/www.lafarga.com\\\/corporatiu\\\/kaliu-park-abre-puertas-jueves-21-desembre\\\/\",\"name\":\"Kaliu Park abre puertas el jueves 21 de diciembre - La Farga Gesti\u00f3n de Equipamientos Municipales, S.A.\",\"isPartOf\":{\"@id\":\"https:\\\/\\\/www.lafarga.com\\\/corporatiu\\\/#website\"},\"primaryImageOfPage\":{\"@id\":\"https:\\\/\\\/www.lafarga.com\\\/corporatiu\\\/kaliu-park-abre-puertas-jueves-21-desembre\\\/#primaryimage\"},\"image\":{\"@id\":\"https:\\\/\\\/www.lafarga.com\\\/corporatiu\\\/kaliu-park-abre-puertas-jueves-21-desembre\\\/#primaryimage\"},\"thumbnailUrl\":\"https:\\\/\\\/www.lafarga.com\\\/corporatiu\\\/wp-content\\\/uploads\\\/2017\\\/12\\\/Kaliu-Park-Farga-17.jpg\",\"datePublished\":\"2017-12-17T07:58:38+00:00\",\"dateModified\":\"2018-01-08T14:44:43+00:00\",\"description\":\"Abre puertas Kaliu Park, Espacio L\u00fadico de Navidad de L\u2019Hospitalet\u00a0ya est\u00e1 a punto para abrir puertas este jueves, 21 de diciembre.\",\"breadcrumb\":{\"@id\":\"https:\\\/\\\/www.lafarga.com\\\/corporatiu\\\/kaliu-park-abre-puertas-jueves-21-desembre\\\/#breadcrumb\"},\"inLanguage\":\"ca\",\"potentialAction\":[{\"@type\":\"ReadAction\",\"target\":[\"https:\\\/\\\/www.lafarga.com\\\/corporatiu\\\/kaliu-park-abre-puertas-jueves-21-desembre\\\/\"]}]},{\"@type\":\"ImageObject\",\"inLanguage\":\"ca\",\"@id\":\"https:\\\/\\\/www.lafarga.com\\\/corporatiu\\\/kaliu-park-abre-puertas-jueves-21-desembre\\\/#primaryimage\",\"url\":\"https:\\\/\\\/www.lafarga.com\\\/corporatiu\\\/wp-content\\\/uploads\\\/2017\\\/12\\\/Kaliu-Park-Farga-17.jpg\",\"contentUrl\":\"https:\\\/\\\/www.lafarga.com\\\/corporatiu\\\/wp-content\\\/uploads\\\/2017\\\/12\\\/Kaliu-Park-Farga-17.jpg\",\"width\":730,\"height\":410,\"caption\":\"Obre portes Kaliu Farga\"},{\"@type\":\"BreadcrumbList\",\"@id\":\"https:\\\/\\\/www.lafarga.com\\\/corporatiu\\\/kaliu-park-abre-puertas-jueves-21-desembre\\\/#breadcrumb\",\"itemListElement\":[{\"@type\":\"ListItem\",\"position\":1,\"name\":\"Home\",\"item\":\"https:\\\/\\\/www.lafarga.com\\\/corporatiu\\\/lafarga-hospitalet-llobregat\\\/\"},{\"@type\":\"ListItem\",\"position\":2,\"name\":\"Kaliu Park abre puertas el jueves 21 de diciembre\"}]},{\"@type\":\"WebSite\",\"@id\":\"https:\\\/\\\/www.lafarga.com\\\/corporatiu\\\/#website\",\"url\":\"https:\\\/\\\/www.lafarga.com\\\/corporatiu\\\/\",\"name\":\"La Farga Gesti\u00f3 d&#039;Equipaments Municipals, SA\",\"description\":\"\",\"publisher\":{\"@id\":\"https:\\\/\\\/www.lafarga.com\\\/corporatiu\\\/#organization\"},\"potentialAction\":[{\"@type\":\"SearchAction\",\"target\":{\"@type\":\"EntryPoint\",\"urlTemplate\":\"https:\\\/\\\/www.lafarga.com\\\/corporatiu\\\/?s={search_term_string}\"},\"query-input\":{\"@type\":\"PropertyValueSpecification\",\"valueRequired\":true,\"valueName\":\"search_term_string\"}}],\"inLanguage\":\"ca\"},{\"@type\":\"Organization\",\"@id\":\"https:\\\/\\\/www.lafarga.com\\\/corporatiu\\\/#organization\",\"name\":\"La Farga Gesti\u00f3 d&#039;Equipaments Municipals, SA\",\"url\":\"https:\\\/\\\/www.lafarga.com\\\/corporatiu\\\/\",\"logo\":{\"@type\":\"ImageObject\",\"inLanguage\":\"ca\",\"@id\":\"https:\\\/\\\/www.lafarga.com\\\/corporatiu\\\/#\\\/schema\\\/logo\\\/image\\\/\",\"url\":\"https:\\\/\\\/www.lafarga.com\\\/corporatiu\\\/wp-content\\\/uploads\\\/2023\\\/11\\\/logotipo_lafarga_gemsa.svg\",\"contentUrl\":\"https:\\\/\\\/www.lafarga.com\\\/corporatiu\\\/wp-content\\\/uploads\\\/2023\\\/11\\\/logotipo_lafarga_gemsa.svg\",\"width\":102,\"height\":103,\"caption\":\"La Farga Gesti\u00f3 d&#039;Equipaments Municipals, SA\"},\"image\":{\"@id\":\"https:\\\/\\\/www.lafarga.com\\\/corporatiu\\\/#\\\/schema\\\/logo\\\/image\\\/\"}},{\"@type\":\"Person\",\"@id\":\"https:\\\/\\\/www.lafarga.com\\\/corporatiu\\\/#\\\/schema\\\/person\\\/70d96fe17d0da1a9c9e80d232bdbcf33\",\"name\":\"\u00d2scar Milla\",\"image\":{\"@type\":\"ImageObject\",\"inLanguage\":\"ca\",\"@id\":\"https:\\\/\\\/secure.gravatar.com\\\/avatar\\\/92e75d184f9d5e0e403bd4ad075b080ad258344ddc259adddb579f6a3ba6494f?s=96&d=mm&r=g\",\"url\":\"https:\\\/\\\/secure.gravatar.com\\\/avatar\\\/92e75d184f9d5e0e403bd4ad075b080ad258344ddc259adddb579f6a3ba6494f?s=96&d=mm&r=g\",\"contentUrl\":\"https:\\\/\\\/secure.gravatar.com\\\/avatar\\\/92e75d184f9d5e0e403bd4ad075b080ad258344ddc259adddb579f6a3ba6494f?s=96&d=mm&r=g\",\"caption\":\"\u00d2scar Milla\"},\"url\":\"https:\\\/\\\/www.lafarga.com\\\/corporatiu\\\/author\\\/omilla\\\/\"}]}<\/script>\n<!-- \/ Yoast SEO plugin. -->","yoast_head_json":{"title":"Kaliu Park abre puertas el jueves 21 de diciembre - La Farga Gesti\u00f3n de Equipamientos Municipales, S.A.","description":"Abre puertas Kaliu Park, Espacio L\u00fadico de Navidad de L\u2019Hospitalet\u00a0ya est\u00e1 a punto para abrir puertas este jueves, 21 de diciembre.","robots":{"index":"index","follow":"follow","max-snippet":"max-snippet:-1","max-image-preview":"max-image-preview:large","max-video-preview":"max-video-preview:-1"},"canonical":"https:\/\/www.lafarga.com\/corporatiu\/kaliu-park-abre-puertas-jueves-21-desembre\/","og_locale":"ca_ES","og_type":"article","og_title":"Kaliu Park abre puertas el jueves 21 de diciembre - La Farga Gesti\u00f3n de Equipamientos Municipales, S.A.","og_description":"Abre puertas Kaliu Park, Espacio L\u00fadico de Navidad de L\u2019Hospitalet\u00a0ya est\u00e1 a punto para abrir puertas este jueves, 21 de diciembre.","og_url":"https:\/\/www.lafarga.com\/corporatiu\/kaliu-park-abre-puertas-jueves-21-desembre\/","og_site_name":"La Farga Gesti\u00f3n de Equipamientos Municipales, S.A.","article_published_time":"2017-12-17T07:58:38+00:00","article_modified_time":"2018-01-08T14:44:43+00:00","og_image":[{"width":730,"height":410,"url":"https:\/\/www.lafarga.com\/corporatiu\/wp-content\/uploads\/2017\/12\/Kaliu-Park-Farga-17.jpg","type":"image\/jpeg"}],"author":"\u00d2scar Milla","twitter_misc":{"Escrit per":"\u00d2scar Milla","Temps estimat de lectura":"3 minuts"},"schema":{"@context":"https:\/\/schema.org","@graph":[{"@type":"Article","@id":"https:\/\/www.lafarga.com\/corporatiu\/kaliu-park-abre-puertas-jueves-21-desembre\/#article","isPartOf":{"@id":"https:\/\/www.lafarga.com\/corporatiu\/kaliu-park-abre-puertas-jueves-21-desembre\/"},"author":{"name":"\u00d2scar Milla","@id":"https:\/\/www.lafarga.com\/corporatiu\/#\/schema\/person\/70d96fe17d0da1a9c9e80d232bdbcf33"},"headline":"Kaliu Park abre puertas el jueves 21 de diciembre","datePublished":"2017-12-17T07:58:38+00:00","dateModified":"2018-01-08T14:44:43+00:00","mainEntityOfPage":{"@id":"https:\/\/www.lafarga.com\/corporatiu\/kaliu-park-abre-puertas-jueves-21-desembre\/"},"wordCount":551,"publisher":{"@id":"https:\/\/www.lafarga.com\/corporatiu\/#organization"},"image":{"@id":"https:\/\/www.lafarga.com\/corporatiu\/kaliu-park-abre-puertas-jueves-21-desembre\/#primaryimage"},"thumbnailUrl":"https:\/\/www.lafarga.com\/corporatiu\/wp-content\/uploads\/2017\/12\/Kaliu-Park-Farga-17.jpg","articleSection":["Centro de Actividades"],"inLanguage":"ca"},{"@type":"WebPage","@id":"https:\/\/www.lafarga.com\/corporatiu\/kaliu-park-abre-puertas-jueves-21-desembre\/","url":"https:\/\/www.lafarga.com\/corporatiu\/kaliu-park-abre-puertas-jueves-21-desembre\/","name":"Kaliu Park abre puertas el jueves 21 de diciembre - La Farga Gesti\u00f3n de Equipamientos Municipales, S.A.","isPartOf":{"@id":"https:\/\/www.lafarga.com\/corporatiu\/#website"},"primaryImageOfPage":{"@id":"https:\/\/www.lafarga.com\/corporatiu\/kaliu-park-abre-puertas-jueves-21-desembre\/#primaryimage"},"image":{"@id":"https:\/\/www.lafarga.com\/corporatiu\/kaliu-park-abre-puertas-jueves-21-desembre\/#primaryimage"},"thumbnailUrl":"https:\/\/www.lafarga.com\/corporatiu\/wp-content\/uploads\/2017\/12\/Kaliu-Park-Farga-17.jpg","datePublished":"2017-12-17T07:58:38+00:00","dateModified":"2018-01-08T14:44:43+00:00","description":"Abre puertas Kaliu Park, Espacio L\u00fadico de Navidad de L\u2019Hospitalet\u00a0ya est\u00e1 a punto para abrir puertas este jueves, 21 de diciembre.","breadcrumb":{"@id":"https:\/\/www.lafarga.com\/corporatiu\/kaliu-park-abre-puertas-jueves-21-desembre\/#breadcrumb"},"inLanguage":"ca","potentialAction":[{"@type":"ReadAction","target":["https:\/\/www.lafarga.com\/corporatiu\/kaliu-park-abre-puertas-jueves-21-desembre\/"]}]},{"@type":"ImageObject","inLanguage":"ca","@id":"https:\/\/www.lafarga.com\/corporatiu\/kaliu-park-abre-puertas-jueves-21-desembre\/#primaryimage","url":"https:\/\/www.lafarga.com\/corporatiu\/wp-content\/uploads\/2017\/12\/Kaliu-Park-Farga-17.jpg","contentUrl":"https:\/\/www.lafarga.com\/corporatiu\/wp-content\/uploads\/2017\/12\/Kaliu-Park-Farga-17.jpg","width":730,"height":410,"caption":"Obre portes Kaliu Farga"},{"@type":"BreadcrumbList","@id":"https:\/\/www.lafarga.com\/corporatiu\/kaliu-park-abre-puertas-jueves-21-desembre\/#breadcrumb","itemListElement":[{"@type":"ListItem","position":1,"name":"Home","item":"https:\/\/www.lafarga.com\/corporatiu\/lafarga-hospitalet-llobregat\/"},{"@type":"ListItem","position":2,"name":"Kaliu Park abre puertas el jueves 21 de diciembre"}]},{"@type":"WebSite","@id":"https:\/\/www.lafarga.com\/corporatiu\/#website","url":"https:\/\/www.lafarga.com\/corporatiu\/","name":"La Farga Gesti\u00f3 d&#039;Equipaments Municipals, SA","description":"","publisher":{"@id":"https:\/\/www.lafarga.com\/corporatiu\/#organization"},"potentialAction":[{"@type":"SearchAction","target":{"@type":"EntryPoint","urlTemplate":"https:\/\/www.lafarga.com\/corporatiu\/?s={search_term_string}"},"query-input":{"@type":"PropertyValueSpecification","valueRequired":true,"valueName":"search_term_string"}}],"inLanguage":"ca"},{"@type":"Organization","@id":"https:\/\/www.lafarga.com\/corporatiu\/#organization","name":"La Farga Gesti\u00f3 d&#039;Equipaments Municipals, SA","url":"https:\/\/www.lafarga.com\/corporatiu\/","logo":{"@type":"ImageObject","inLanguage":"ca","@id":"https:\/\/www.lafarga.com\/corporatiu\/#\/schema\/logo\/image\/","url":"https:\/\/www.lafarga.com\/corporatiu\/wp-content\/uploads\/2023\/11\/logotipo_lafarga_gemsa.svg","contentUrl":"https:\/\/www.lafarga.com\/corporatiu\/wp-content\/uploads\/2023\/11\/logotipo_lafarga_gemsa.svg","width":102,"height":103,"caption":"La Farga Gesti\u00f3 d&#039;Equipaments Municipals, SA"},"image":{"@id":"https:\/\/www.lafarga.com\/corporatiu\/#\/schema\/logo\/image\/"}},{"@type":"Person","@id":"https:\/\/www.lafarga.com\/corporatiu\/#\/schema\/person\/70d96fe17d0da1a9c9e80d232bdbcf33","name":"\u00d2scar Milla","image":{"@type":"ImageObject","inLanguage":"ca","@id":"https:\/\/secure.gravatar.com\/avatar\/92e75d184f9d5e0e403bd4ad075b080ad258344ddc259adddb579f6a3ba6494f?s=96&d=mm&r=g","url":"https:\/\/secure.gravatar.com\/avatar\/92e75d184f9d5e0e403bd4ad075b080ad258344ddc259adddb579f6a3ba6494f?s=96&d=mm&r=g","contentUrl":"https:\/\/secure.gravatar.com\/avatar\/92e75d184f9d5e0e403bd4ad075b080ad258344ddc259adddb579f6a3ba6494f?s=96&d=mm&r=g","caption":"\u00d2scar Milla"},"url":"https:\/\/www.lafarga.com\/corporatiu\/author\/omilla\/"}]}},"uagb_featured_image_src":{"full":["https:\/\/www.lafarga.com\/corporatiu\/wp-content\/uploads\/2017\/12\/Kaliu-Park-Farga-17.jpg",730,410,false],"thumbnail":["https:\/\/www.lafarga.com\/corporatiu\/wp-content\/uploads\/2017\/12\/Kaliu-Park-Farga-17-150x150.jpg",150,150,true],"medium":["https:\/\/www.lafarga.com\/corporatiu\/wp-content\/uploads\/2017\/12\/Kaliu-Park-Farga-17-300x168.jpg",300,168,true],"medium_large":["https:\/\/www.lafarga.com\/corporatiu\/wp-content\/uploads\/2017\/12\/Kaliu-Park-Farga-17.jpg",730,410,false],"large":["https:\/\/www.lafarga.com\/corporatiu\/wp-content\/uploads\/2017\/12\/Kaliu-Park-Farga-17.jpg",730,410,false],"1536x1536":["https:\/\/www.lafarga.com\/corporatiu\/wp-content\/uploads\/2017\/12\/Kaliu-Park-Farga-17.jpg",730,410,false],"2048x2048":["https:\/\/www.lafarga.com\/corporatiu\/wp-content\/uploads\/2017\/12\/Kaliu-Park-Farga-17.jpg",730,410,false],"mailpoet_newsletter_max":["https:\/\/www.lafarga.com\/corporatiu\/wp-content\/uploads\/2017\/12\/Kaliu-Park-Farga-17.jpg",730,410,false]},"uagb_author_info":{"display_name":"\u00d2scar Milla","author_link":"https:\/\/www.lafarga.com\/corporatiu\/author\/omilla\/"},"uagb_comment_info":0,"uagb_excerpt":"Kaliu Park, Espacio L\u00fadico de Navidad de L\u2019Hospitalet\u00a0ya est\u00e1 a punto para abrir puertas este jueves, 21 de diciembre, con una nueva propuesta para este acontecimiento navide\u00f1o de La Farga de L'Hospitalet.","_links":{"self":[{"href":"https:\/\/www.lafarga.com\/corporatiu\/wp-json\/wp\/v2\/posts\/11010","targetHints":{"allow":["GET"]}}],"collection":[{"href":"https:\/\/www.lafarga.com\/corporatiu\/wp-json\/wp\/v2\/posts"}],"about":[{"href":"https:\/\/www.lafarga.com\/corporatiu\/wp-json\/wp\/v2\/types\/post"}],"author":[{"embeddable":true,"href":"https:\/\/www.lafarga.com\/corporatiu\/wp-json\/wp\/v2\/users\/5"}],"replies":[{"embeddable":true,"href":"https:\/\/www.lafarga.com\/corporatiu\/wp-json\/wp\/v2\/comments?post=11010"}],"version-history":[{"count":1,"href":"https:\/\/www.lafarga.com\/corporatiu\/wp-json\/wp\/v2\/posts\/11010\/revisions"}],"predecessor-version":[{"id":11011,"href":"https:\/\/www.lafarga.com\/corporatiu\/wp-json\/wp\/v2\/posts\/11010\/revisions\/11011"}],"wp:featuredmedia":[{"embeddable":true,"href":"https:\/\/www.lafarga.com\/corporatiu\/wp-json\/wp\/v2\/media\/11008"}],"wp:attachment":[{"href":"https:\/\/www.lafarga.com\/corporatiu\/wp-json\/wp\/v2\/media?parent=11010"}],"wp:term":[{"taxonomy":"category","embeddable":true,"href":"https:\/\/www.lafarga.com\/corporatiu\/wp-json\/wp\/v2\/categories?post=11010"},{"taxonomy":"post_tag","embeddable":true,"href":"https:\/\/www.lafarga.com\/corporatiu\/wp-json\/wp\/v2\/tags?post=11010"}],"curies":[{"name":"wp","href":"https:\/\/api.w.org\/{rel}","templated":true}]}}