{"id":11007,"date":"2017-12-17T07:53:49","date_gmt":"2017-12-17T07:53:49","guid":{"rendered":"http:\/\/www.lafarga.com\/corporatiu\/?p=11007"},"modified":"2018-01-08T14:44:20","modified_gmt":"2018-01-08T14:44:20","slug":"kaliu-park-obre-portes-dijous-21-de-desembre","status":"publish","type":"post","link":"https:\/\/www.lafarga.com\/corporatiu\/kaliu-park-obre-portes-dijous-21-de-desembre\/","title":{"rendered":"Kaliu Park obre portes dijous 21 de desembre"},"content":{"rendered":"<h5>Dijous 21, obertura de portes<\/h5>\n<p><a href=\"https:\/\/www.lafarga.com\/corporatiu\/kaliu-park-estrena-portal-web\/\" target=\"_blank\" rel=\"noopener\"><strong>Kaliu Park, Espai L\u00fadic de Nadal de L\u2019Hospitalet<\/strong><\/a>\u00a0ja \u00e9s a punt per obrir portes aquest dijous, 21 de desembre, amb una nova proposta per aquest esdeveniment nadalenc de La Farga de L&#8217;Hospitalet.<\/p>\n<p>Kaliu Park retorna amb m\u00e9s for\u00e7a oferint molta m\u00e9s proposta d\u2019oci, lleure, esport, emocions i sensacions que completar\u00e0 el nadal a L\u2019Hospitalet amb un munt d\u2019activitats per a tots els p\u00fablics.<\/p>\n<p>La Farga Centre d\u2019Activitats acollir\u00e0 fins el 7 de gener una gran pista de patinatge sobre gel, un tobogan gegant i un espai amb jocs, tradicions, m\u00fasica i art. Tot plegat conformar\u00e0 el Kaliu Park, previst durant les vacances escolars, en tres espais diferenciats: Kaliu Gel, Kaliu Creatiu i Kaliu L\u00fadic.<\/p>\n<h5>KALIU GEL<\/h5>\n<p>En el Kaliu Gel trobarem la pista de gel i el tobogan gegant. La pista de gel, constru\u00efda per l\u2019empresa\u00a0<a href=\"http:\/\/www.pista-hielo.com\/ca\/\" target=\"_blank\" rel=\"noopener\"><strong>WWIP<\/strong><\/a>\u00a0tindr\u00e0 una superf\u00edcie de 1.500m2 on es podr\u00e0 patinar amb lloguer de patins. Hi haur\u00e0 uns 200m2 de pista infantil per aquells patinadors\/es primerencs.<\/p>\n<p>El tobogan gegant tornar\u00e0 a fer les del\u00edcies de tothom i ser\u00e0 una de les grans atraccions del Kaliu Park. En els seus 50 metres de llarg per 14 d\u2019ample podran lliscar grans i petits.\u00a0<a href=\"http:\/\/www.n-ice.net\/\" target=\"_blank\" rel=\"noopener\"><strong>N-Ice<\/strong><\/a>\u00a0\u00e9s l\u2019encarregada d\u2019instal\u00b7lar aquesta estructura.<\/p>\n<h5>KALIU CREATIU<\/h5>\n<p>L\u2019espai per desenvolupar els talents art\u00edstics ser\u00e0 aquest any el Kaliu Creatiu on hi haur\u00e0 tallers de circ i percussi\u00f3; m\u00fasica infantil amb concerts en directe; i activitats de ball.<\/p>\n<p>El circ el portar\u00e0, amb gran carpa, el\u00a0<a href=\"https:\/\/www.facebook.com\/peramorLH\/\" target=\"_blank\" rel=\"noopener\"><strong>Festival Per Amor L\u2019Hart<\/strong><\/a>, de l\u2019entitat hospitalenca\u00a0<a href=\"http:\/\/bipolart.org\/\" target=\"_blank\" rel=\"noopener\"><strong>Bipolart<\/strong><\/a>, que ens presentar\u00e0 l\u2019espectacle de circ d\u2019hivern \u2018Estrellats\u2019 i tamb\u00e9 diferents tallers de circ durant els dies del Kaliu Park.<\/p>\n<p>La m\u00fasica vindr\u00e0 de la m\u00e0 de\u00a0<a href=\"https:\/\/lali-begood.com\/\" target=\"_blank\" rel=\"noopener\"><strong>Lali Begood<\/strong><\/a>, que amb tres concerts en directe, portaran el\u00a0<em>kindie rock<\/em>\u00a0a totes les fam\u00edlies visitants de KaliuPark. Lali BeGood actuar\u00e0 els dies 23 i 29 de desembre a les 17.30 hores, i el 7 de gener amb una gran concert de fi de festa, tamb\u00e9 a les 17.30 hores.<\/p>\n<p>En aquests espais, i durant totes els dies de Kaliu Park tindrem tallers i actuacions de dan\u00e7a urbana a c\u00e0rrec de\u00a0<a href=\"http:\/\/streetdancearea.com\/\" target=\"_blank\" rel=\"noopener\"><strong>Street Dance Area<\/strong><\/a>\u00a0i tallers de percussi\u00f3 amb l\u2019<a href=\"https:\/\/www.drumteambarcelona.com\/\" target=\"_blank\" rel=\"noopener\"><strong>Escola Drum Team<\/strong><\/a>.<\/p>\n<p><a href=\"http:\/\/kaliupark.cat\/wp-content\/uploads\/2017\/12\/Agenda-Kaliu-Creatiu-1718.pdf\" target=\"_blank\" rel=\"noopener\"><strong>Agenda completa de Kaliu Creatiu<\/strong><\/a><\/p>\n<h5><strong>KALIU L\u00daDIC<\/strong><\/h5>\n<p>El Kaliu L\u00fadic est\u00e0 reservat per a un munt d\u2019activitats, tamb\u00e9 per a tots els p\u00fablics, entre les que trobarem esports: b\u00e0squet 3\u00d73, tennis taula; i espais de lleure amb un roc\u00f2drom inflable, el \u2018M\u00f3n del Joc\u2019, i una ludoteca infantil.<\/p>\n<p>El Kaliu Park rebr\u00e0 la visita del Pare Noel, els dies previs de Nadal, i del Patge Reial perqu\u00e8 tots els nens i nenes puguin donar-li les seves cartes.<\/p>\n<p>El Kaliu Park ser\u00e0 d\u2019entrada lliure per a tothom, excepte les activitats de Kaliu Gel on caldr\u00e0 obtenir una entrada.<\/p>\n<p>El Kaliu Park obrir\u00e0 cada dia, del 21 de desembre al 7 de gener, des de les 11 hores fins les 21 hores. Hi haur\u00e0 horaris especials el dia 25 de desembre (d\u201911 h a 14 h i de 17 h a 21h) i el 31 desembre (d\u201911 h a 19 h).<\/p>\n","protected":false},"excerpt":{"rendered":"<p>Kaliu Park, Espai L\u00fadic de Nadal de L\u2019Hospitalet\u00a0ja \u00e9s a punt per obrir portes aquest dijous, 21 de desembre, amb una nova proposta per aquest esdeveniment nadalenc de La Farga de L&#8217;Hospitalet.<\/p>\n","protected":false},"author":5,"featured_media":11008,"comment_status":"closed","ping_status":"closed","sticky":false,"template":"","format":"standard","meta":{"inline_featured_image":false,"_uag_custom_page_level_css":"","_monsterinsights_skip_tracking":false,"_monsterinsights_sitenote_active":false,"_monsterinsights_sitenote_note":"","_monsterinsights_sitenote_category":0,"site-sidebar-layout":"default","site-content-layout":"","ast-site-content-layout":"default","site-content-style":"default","site-sidebar-style":"default","ast-global-header-display":"","ast-banner-title-visibility":"","ast-main-header-display":"","ast-hfb-above-header-display":"","ast-hfb-below-header-display":"","ast-hfb-mobile-header-display":"","site-post-title":"","ast-breadcrumbs-content":"","ast-featured-img":"","footer-sml-layout":"","ast-disable-related-posts":"","theme-transparent-header-meta":"","adv-header-id-meta":"","stick-header-meta":"","header-above-stick-meta":"","header-main-stick-meta":"","header-below-stick-meta":"","astra-migrate-meta-layouts":"default","ast-page-background-enabled":"default","ast-page-background-meta":{"desktop":{"background-color":"var(--ast-global-color-4)","background-image":"","background-repeat":"repeat","background-position":"center center","background-size":"auto","background-attachment":"scroll","background-type":"","background-media":"","overlay-type":"","overlay-color":"","overlay-opacity":"","overlay-gradient":""},"tablet":{"background-color":"","background-image":"","background-repeat":"repeat","background-position":"center center","background-size":"auto","background-attachment":"scroll","background-type":"","background-media":"","overlay-type":"","overlay-color":"","overlay-opacity":"","overlay-gradient":""},"mobile":{"background-color":"","background-image":"","background-repeat":"repeat","background-position":"center center","background-size":"auto","background-attachment":"scroll","background-type":"","background-media":"","overlay-type":"","overlay-color":"","overlay-opacity":"","overlay-gradient":""}},"ast-content-background-meta":{"desktop":{"background-color":"var(--ast-global-color-5)","background-image":"","background-repeat":"repeat","background-position":"center center","background-size":"auto","background-attachment":"scroll","background-type":"","background-media":"","overlay-type":"","overlay-color":"","overlay-opacity":"","overlay-gradient":""},"tablet":{"background-color":"var(--ast-global-color-5)","background-image":"","background-repeat":"repeat","background-position":"center center","background-size":"auto","background-attachment":"scroll","background-type":"","background-media":"","overlay-type":"","overlay-color":"","overlay-opacity":"","overlay-gradient":""},"mobile":{"background-color":"var(--ast-global-color-5)","background-image":"","background-repeat":"repeat","background-position":"center center","background-size":"auto","background-attachment":"scroll","background-type":"","background-media":"","overlay-type":"","overlay-color":"","overlay-opacity":"","overlay-gradient":""}},"footnotes":""},"categories":[49],"tags":[],"class_list":["post-11007","post","type-post","status-publish","format-standard","has-post-thumbnail","hentry","category-centre-activitats"],"yoast_head":"<!-- This site is optimized with the Yoast SEO plugin v27.5 - https:\/\/yoast.com\/product\/yoast-seo-wordpress\/ -->\n<title>Kaliu Park obre portes dijous 21 de desembre - La Farga Gesti\u00f3n de Equipamientos Municipales, S.A.<\/title>\n<meta name=\"description\" content=\"Obre portes el Kaliu Park, Espai L\u00fadic de Nadal de L\u2019Hospitalet\u00a0ja \u00e9s a punt per obrir portes aquest dijous, 21 de desembre.\" \/>\n<meta name=\"robots\" content=\"index, follow, max-snippet:-1, max-image-preview:large, max-video-preview:-1\" \/>\n<link rel=\"canonical\" href=\"https:\/\/www.lafarga.com\/corporatiu\/kaliu-park-obre-portes-dijous-21-de-desembre\/\" \/>\n<meta property=\"og:locale\" content=\"ca_ES\" \/>\n<meta property=\"og:type\" content=\"article\" \/>\n<meta property=\"og:title\" content=\"Kaliu Park obre portes dijous 21 de desembre - La Farga Gesti\u00f3n de Equipamientos Municipales, S.A.\" \/>\n<meta property=\"og:description\" content=\"Obre portes el Kaliu Park, Espai L\u00fadic de Nadal de L\u2019Hospitalet\u00a0ja \u00e9s a punt per obrir portes aquest dijous, 21 de desembre.\" \/>\n<meta property=\"og:url\" content=\"https:\/\/www.lafarga.com\/corporatiu\/kaliu-park-obre-portes-dijous-21-de-desembre\/\" \/>\n<meta property=\"og:site_name\" content=\"La Farga Gesti\u00f3n de Equipamientos Municipales, S.A.\" \/>\n<meta property=\"article:published_time\" content=\"2017-12-17T07:53:49+00:00\" \/>\n<meta property=\"article:modified_time\" content=\"2018-01-08T14:44:20+00:00\" \/>\n<meta property=\"og:image\" content=\"https:\/\/www.lafarga.com\/corporatiu\/wp-content\/uploads\/2017\/12\/Kaliu-Park-Farga-17.jpg\" \/>\n\t<meta property=\"og:image:width\" content=\"730\" \/>\n\t<meta property=\"og:image:height\" content=\"410\" \/>\n\t<meta property=\"og:image:type\" content=\"image\/jpeg\" \/>\n<meta name=\"author\" content=\"\u00d2scar Milla\" \/>\n<meta name=\"twitter:label1\" content=\"Escrit per\" \/>\n\t<meta name=\"twitter:data1\" content=\"\u00d2scar Milla\" \/>\n\t<meta name=\"twitter:label2\" content=\"Temps estimat de lectura\" \/>\n\t<meta name=\"twitter:data2\" content=\"3 minuts\" \/>\n<script type=\"application\/ld+json\" class=\"yoast-schema-graph\">{\"@context\":\"https:\\\/\\\/schema.org\",\"@graph\":[{\"@type\":\"Article\",\"@id\":\"https:\\\/\\\/www.lafarga.com\\\/corporatiu\\\/kaliu-park-obre-portes-dijous-21-de-desembre\\\/#article\",\"isPartOf\":{\"@id\":\"https:\\\/\\\/www.lafarga.com\\\/corporatiu\\\/kaliu-park-obre-portes-dijous-21-de-desembre\\\/\"},\"author\":{\"name\":\"\u00d2scar Milla\",\"@id\":\"https:\\\/\\\/www.lafarga.com\\\/corporatiu\\\/#\\\/schema\\\/person\\\/70d96fe17d0da1a9c9e80d232bdbcf33\"},\"headline\":\"Kaliu Park obre portes dijous 21 de desembre\",\"datePublished\":\"2017-12-17T07:53:49+00:00\",\"dateModified\":\"2018-01-08T14:44:20+00:00\",\"mainEntityOfPage\":{\"@id\":\"https:\\\/\\\/www.lafarga.com\\\/corporatiu\\\/kaliu-park-obre-portes-dijous-21-de-desembre\\\/\"},\"wordCount\":544,\"publisher\":{\"@id\":\"https:\\\/\\\/www.lafarga.com\\\/corporatiu\\\/#organization\"},\"image\":{\"@id\":\"https:\\\/\\\/www.lafarga.com\\\/corporatiu\\\/kaliu-park-obre-portes-dijous-21-de-desembre\\\/#primaryimage\"},\"thumbnailUrl\":\"https:\\\/\\\/www.lafarga.com\\\/corporatiu\\\/wp-content\\\/uploads\\\/2017\\\/12\\\/Kaliu-Park-Farga-17.jpg\",\"articleSection\":[\"Centre d'Activitats\"],\"inLanguage\":\"ca\"},{\"@type\":\"WebPage\",\"@id\":\"https:\\\/\\\/www.lafarga.com\\\/corporatiu\\\/kaliu-park-obre-portes-dijous-21-de-desembre\\\/\",\"url\":\"https:\\\/\\\/www.lafarga.com\\\/corporatiu\\\/kaliu-park-obre-portes-dijous-21-de-desembre\\\/\",\"name\":\"Kaliu Park obre portes dijous 21 de desembre - La Farga Gesti\u00f3n de Equipamientos Municipales, S.A.\",\"isPartOf\":{\"@id\":\"https:\\\/\\\/www.lafarga.com\\\/corporatiu\\\/#website\"},\"primaryImageOfPage\":{\"@id\":\"https:\\\/\\\/www.lafarga.com\\\/corporatiu\\\/kaliu-park-obre-portes-dijous-21-de-desembre\\\/#primaryimage\"},\"image\":{\"@id\":\"https:\\\/\\\/www.lafarga.com\\\/corporatiu\\\/kaliu-park-obre-portes-dijous-21-de-desembre\\\/#primaryimage\"},\"thumbnailUrl\":\"https:\\\/\\\/www.lafarga.com\\\/corporatiu\\\/wp-content\\\/uploads\\\/2017\\\/12\\\/Kaliu-Park-Farga-17.jpg\",\"datePublished\":\"2017-12-17T07:53:49+00:00\",\"dateModified\":\"2018-01-08T14:44:20+00:00\",\"description\":\"Obre portes el Kaliu Park, Espai L\u00fadic de Nadal de L\u2019Hospitalet\u00a0ja \u00e9s a punt per obrir portes aquest dijous, 21 de desembre.\",\"breadcrumb\":{\"@id\":\"https:\\\/\\\/www.lafarga.com\\\/corporatiu\\\/kaliu-park-obre-portes-dijous-21-de-desembre\\\/#breadcrumb\"},\"inLanguage\":\"ca\",\"potentialAction\":[{\"@type\":\"ReadAction\",\"target\":[\"https:\\\/\\\/www.lafarga.com\\\/corporatiu\\\/kaliu-park-obre-portes-dijous-21-de-desembre\\\/\"]}]},{\"@type\":\"ImageObject\",\"inLanguage\":\"ca\",\"@id\":\"https:\\\/\\\/www.lafarga.com\\\/corporatiu\\\/kaliu-park-obre-portes-dijous-21-de-desembre\\\/#primaryimage\",\"url\":\"https:\\\/\\\/www.lafarga.com\\\/corporatiu\\\/wp-content\\\/uploads\\\/2017\\\/12\\\/Kaliu-Park-Farga-17.jpg\",\"contentUrl\":\"https:\\\/\\\/www.lafarga.com\\\/corporatiu\\\/wp-content\\\/uploads\\\/2017\\\/12\\\/Kaliu-Park-Farga-17.jpg\",\"width\":730,\"height\":410,\"caption\":\"Obre portes Kaliu Farga\"},{\"@type\":\"BreadcrumbList\",\"@id\":\"https:\\\/\\\/www.lafarga.com\\\/corporatiu\\\/kaliu-park-obre-portes-dijous-21-de-desembre\\\/#breadcrumb\",\"itemListElement\":[{\"@type\":\"ListItem\",\"position\":1,\"name\":\"Home\",\"item\":\"https:\\\/\\\/www.lafarga.com\\\/corporatiu\\\/lafarga-hospitalet-llobregat\\\/\"},{\"@type\":\"ListItem\",\"position\":2,\"name\":\"Kaliu Park obre portes dijous 21 de desembre\"}]},{\"@type\":\"WebSite\",\"@id\":\"https:\\\/\\\/www.lafarga.com\\\/corporatiu\\\/#website\",\"url\":\"https:\\\/\\\/www.lafarga.com\\\/corporatiu\\\/\",\"name\":\"La Farga Gesti\u00f3 d&#039;Equipaments Municipals, SA\",\"description\":\"\",\"publisher\":{\"@id\":\"https:\\\/\\\/www.lafarga.com\\\/corporatiu\\\/#organization\"},\"potentialAction\":[{\"@type\":\"SearchAction\",\"target\":{\"@type\":\"EntryPoint\",\"urlTemplate\":\"https:\\\/\\\/www.lafarga.com\\\/corporatiu\\\/?s={search_term_string}\"},\"query-input\":{\"@type\":\"PropertyValueSpecification\",\"valueRequired\":true,\"valueName\":\"search_term_string\"}}],\"inLanguage\":\"ca\"},{\"@type\":\"Organization\",\"@id\":\"https:\\\/\\\/www.lafarga.com\\\/corporatiu\\\/#organization\",\"name\":\"La Farga Gesti\u00f3 d&#039;Equipaments Municipals, SA\",\"url\":\"https:\\\/\\\/www.lafarga.com\\\/corporatiu\\\/\",\"logo\":{\"@type\":\"ImageObject\",\"inLanguage\":\"ca\",\"@id\":\"https:\\\/\\\/www.lafarga.com\\\/corporatiu\\\/#\\\/schema\\\/logo\\\/image\\\/\",\"url\":\"https:\\\/\\\/www.lafarga.com\\\/corporatiu\\\/wp-content\\\/uploads\\\/2023\\\/11\\\/logotipo_lafarga_gemsa.svg\",\"contentUrl\":\"https:\\\/\\\/www.lafarga.com\\\/corporatiu\\\/wp-content\\\/uploads\\\/2023\\\/11\\\/logotipo_lafarga_gemsa.svg\",\"width\":102,\"height\":103,\"caption\":\"La Farga Gesti\u00f3 d&#039;Equipaments Municipals, SA\"},\"image\":{\"@id\":\"https:\\\/\\\/www.lafarga.com\\\/corporatiu\\\/#\\\/schema\\\/logo\\\/image\\\/\"}},{\"@type\":\"Person\",\"@id\":\"https:\\\/\\\/www.lafarga.com\\\/corporatiu\\\/#\\\/schema\\\/person\\\/70d96fe17d0da1a9c9e80d232bdbcf33\",\"name\":\"\u00d2scar Milla\",\"image\":{\"@type\":\"ImageObject\",\"inLanguage\":\"ca\",\"@id\":\"https:\\\/\\\/secure.gravatar.com\\\/avatar\\\/92e75d184f9d5e0e403bd4ad075b080ad258344ddc259adddb579f6a3ba6494f?s=96&d=mm&r=g\",\"url\":\"https:\\\/\\\/secure.gravatar.com\\\/avatar\\\/92e75d184f9d5e0e403bd4ad075b080ad258344ddc259adddb579f6a3ba6494f?s=96&d=mm&r=g\",\"contentUrl\":\"https:\\\/\\\/secure.gravatar.com\\\/avatar\\\/92e75d184f9d5e0e403bd4ad075b080ad258344ddc259adddb579f6a3ba6494f?s=96&d=mm&r=g\",\"caption\":\"\u00d2scar Milla\"},\"url\":\"https:\\\/\\\/www.lafarga.com\\\/corporatiu\\\/author\\\/omilla\\\/\"}]}<\/script>\n<!-- \/ Yoast SEO plugin. -->","yoast_head_json":{"title":"Kaliu Park obre portes dijous 21 de desembre - La Farga Gesti\u00f3n de Equipamientos Municipales, S.A.","description":"Obre portes el Kaliu Park, Espai L\u00fadic de Nadal de L\u2019Hospitalet\u00a0ja \u00e9s a punt per obrir portes aquest dijous, 21 de desembre.","robots":{"index":"index","follow":"follow","max-snippet":"max-snippet:-1","max-image-preview":"max-image-preview:large","max-video-preview":"max-video-preview:-1"},"canonical":"https:\/\/www.lafarga.com\/corporatiu\/kaliu-park-obre-portes-dijous-21-de-desembre\/","og_locale":"ca_ES","og_type":"article","og_title":"Kaliu Park obre portes dijous 21 de desembre - La Farga Gesti\u00f3n de Equipamientos Municipales, S.A.","og_description":"Obre portes el Kaliu Park, Espai L\u00fadic de Nadal de L\u2019Hospitalet\u00a0ja \u00e9s a punt per obrir portes aquest dijous, 21 de desembre.","og_url":"https:\/\/www.lafarga.com\/corporatiu\/kaliu-park-obre-portes-dijous-21-de-desembre\/","og_site_name":"La Farga Gesti\u00f3n de Equipamientos Municipales, S.A.","article_published_time":"2017-12-17T07:53:49+00:00","article_modified_time":"2018-01-08T14:44:20+00:00","og_image":[{"width":730,"height":410,"url":"https:\/\/www.lafarga.com\/corporatiu\/wp-content\/uploads\/2017\/12\/Kaliu-Park-Farga-17.jpg","type":"image\/jpeg"}],"author":"\u00d2scar Milla","twitter_misc":{"Escrit per":"\u00d2scar Milla","Temps estimat de lectura":"3 minuts"},"schema":{"@context":"https:\/\/schema.org","@graph":[{"@type":"Article","@id":"https:\/\/www.lafarga.com\/corporatiu\/kaliu-park-obre-portes-dijous-21-de-desembre\/#article","isPartOf":{"@id":"https:\/\/www.lafarga.com\/corporatiu\/kaliu-park-obre-portes-dijous-21-de-desembre\/"},"author":{"name":"\u00d2scar Milla","@id":"https:\/\/www.lafarga.com\/corporatiu\/#\/schema\/person\/70d96fe17d0da1a9c9e80d232bdbcf33"},"headline":"Kaliu Park obre portes dijous 21 de desembre","datePublished":"2017-12-17T07:53:49+00:00","dateModified":"2018-01-08T14:44:20+00:00","mainEntityOfPage":{"@id":"https:\/\/www.lafarga.com\/corporatiu\/kaliu-park-obre-portes-dijous-21-de-desembre\/"},"wordCount":544,"publisher":{"@id":"https:\/\/www.lafarga.com\/corporatiu\/#organization"},"image":{"@id":"https:\/\/www.lafarga.com\/corporatiu\/kaliu-park-obre-portes-dijous-21-de-desembre\/#primaryimage"},"thumbnailUrl":"https:\/\/www.lafarga.com\/corporatiu\/wp-content\/uploads\/2017\/12\/Kaliu-Park-Farga-17.jpg","articleSection":["Centre d'Activitats"],"inLanguage":"ca"},{"@type":"WebPage","@id":"https:\/\/www.lafarga.com\/corporatiu\/kaliu-park-obre-portes-dijous-21-de-desembre\/","url":"https:\/\/www.lafarga.com\/corporatiu\/kaliu-park-obre-portes-dijous-21-de-desembre\/","name":"Kaliu Park obre portes dijous 21 de desembre - La Farga Gesti\u00f3n de Equipamientos Municipales, S.A.","isPartOf":{"@id":"https:\/\/www.lafarga.com\/corporatiu\/#website"},"primaryImageOfPage":{"@id":"https:\/\/www.lafarga.com\/corporatiu\/kaliu-park-obre-portes-dijous-21-de-desembre\/#primaryimage"},"image":{"@id":"https:\/\/www.lafarga.com\/corporatiu\/kaliu-park-obre-portes-dijous-21-de-desembre\/#primaryimage"},"thumbnailUrl":"https:\/\/www.lafarga.com\/corporatiu\/wp-content\/uploads\/2017\/12\/Kaliu-Park-Farga-17.jpg","datePublished":"2017-12-17T07:53:49+00:00","dateModified":"2018-01-08T14:44:20+00:00","description":"Obre portes el Kaliu Park, Espai L\u00fadic de Nadal de L\u2019Hospitalet\u00a0ja \u00e9s a punt per obrir portes aquest dijous, 21 de desembre.","breadcrumb":{"@id":"https:\/\/www.lafarga.com\/corporatiu\/kaliu-park-obre-portes-dijous-21-de-desembre\/#breadcrumb"},"inLanguage":"ca","potentialAction":[{"@type":"ReadAction","target":["https:\/\/www.lafarga.com\/corporatiu\/kaliu-park-obre-portes-dijous-21-de-desembre\/"]}]},{"@type":"ImageObject","inLanguage":"ca","@id":"https:\/\/www.lafarga.com\/corporatiu\/kaliu-park-obre-portes-dijous-21-de-desembre\/#primaryimage","url":"https:\/\/www.lafarga.com\/corporatiu\/wp-content\/uploads\/2017\/12\/Kaliu-Park-Farga-17.jpg","contentUrl":"https:\/\/www.lafarga.com\/corporatiu\/wp-content\/uploads\/2017\/12\/Kaliu-Park-Farga-17.jpg","width":730,"height":410,"caption":"Obre portes Kaliu Farga"},{"@type":"BreadcrumbList","@id":"https:\/\/www.lafarga.com\/corporatiu\/kaliu-park-obre-portes-dijous-21-de-desembre\/#breadcrumb","itemListElement":[{"@type":"ListItem","position":1,"name":"Home","item":"https:\/\/www.lafarga.com\/corporatiu\/lafarga-hospitalet-llobregat\/"},{"@type":"ListItem","position":2,"name":"Kaliu Park obre portes dijous 21 de desembre"}]},{"@type":"WebSite","@id":"https:\/\/www.lafarga.com\/corporatiu\/#website","url":"https:\/\/www.lafarga.com\/corporatiu\/","name":"La Farga Gesti\u00f3 d&#039;Equipaments Municipals, SA","description":"","publisher":{"@id":"https:\/\/www.lafarga.com\/corporatiu\/#organization"},"potentialAction":[{"@type":"SearchAction","target":{"@type":"EntryPoint","urlTemplate":"https:\/\/www.lafarga.com\/corporatiu\/?s={search_term_string}"},"query-input":{"@type":"PropertyValueSpecification","valueRequired":true,"valueName":"search_term_string"}}],"inLanguage":"ca"},{"@type":"Organization","@id":"https:\/\/www.lafarga.com\/corporatiu\/#organization","name":"La Farga Gesti\u00f3 d&#039;Equipaments Municipals, SA","url":"https:\/\/www.lafarga.com\/corporatiu\/","logo":{"@type":"ImageObject","inLanguage":"ca","@id":"https:\/\/www.lafarga.com\/corporatiu\/#\/schema\/logo\/image\/","url":"https:\/\/www.lafarga.com\/corporatiu\/wp-content\/uploads\/2023\/11\/logotipo_lafarga_gemsa.svg","contentUrl":"https:\/\/www.lafarga.com\/corporatiu\/wp-content\/uploads\/2023\/11\/logotipo_lafarga_gemsa.svg","width":102,"height":103,"caption":"La Farga Gesti\u00f3 d&#039;Equipaments Municipals, SA"},"image":{"@id":"https:\/\/www.lafarga.com\/corporatiu\/#\/schema\/logo\/image\/"}},{"@type":"Person","@id":"https:\/\/www.lafarga.com\/corporatiu\/#\/schema\/person\/70d96fe17d0da1a9c9e80d232bdbcf33","name":"\u00d2scar Milla","image":{"@type":"ImageObject","inLanguage":"ca","@id":"https:\/\/secure.gravatar.com\/avatar\/92e75d184f9d5e0e403bd4ad075b080ad258344ddc259adddb579f6a3ba6494f?s=96&d=mm&r=g","url":"https:\/\/secure.gravatar.com\/avatar\/92e75d184f9d5e0e403bd4ad075b080ad258344ddc259adddb579f6a3ba6494f?s=96&d=mm&r=g","contentUrl":"https:\/\/secure.gravatar.com\/avatar\/92e75d184f9d5e0e403bd4ad075b080ad258344ddc259adddb579f6a3ba6494f?s=96&d=mm&r=g","caption":"\u00d2scar Milla"},"url":"https:\/\/www.lafarga.com\/corporatiu\/author\/omilla\/"}]}},"uagb_featured_image_src":{"full":["https:\/\/www.lafarga.com\/corporatiu\/wp-content\/uploads\/2017\/12\/Kaliu-Park-Farga-17.jpg",730,410,false],"thumbnail":["https:\/\/www.lafarga.com\/corporatiu\/wp-content\/uploads\/2017\/12\/Kaliu-Park-Farga-17-150x150.jpg",150,150,true],"medium":["https:\/\/www.lafarga.com\/corporatiu\/wp-content\/uploads\/2017\/12\/Kaliu-Park-Farga-17-300x168.jpg",300,168,true],"medium_large":["https:\/\/www.lafarga.com\/corporatiu\/wp-content\/uploads\/2017\/12\/Kaliu-Park-Farga-17.jpg",730,410,false],"large":["https:\/\/www.lafarga.com\/corporatiu\/wp-content\/uploads\/2017\/12\/Kaliu-Park-Farga-17.jpg",730,410,false],"1536x1536":["https:\/\/www.lafarga.com\/corporatiu\/wp-content\/uploads\/2017\/12\/Kaliu-Park-Farga-17.jpg",730,410,false],"2048x2048":["https:\/\/www.lafarga.com\/corporatiu\/wp-content\/uploads\/2017\/12\/Kaliu-Park-Farga-17.jpg",730,410,false],"mailpoet_newsletter_max":["https:\/\/www.lafarga.com\/corporatiu\/wp-content\/uploads\/2017\/12\/Kaliu-Park-Farga-17.jpg",730,410,false]},"uagb_author_info":{"display_name":"\u00d2scar Milla","author_link":"https:\/\/www.lafarga.com\/corporatiu\/author\/omilla\/"},"uagb_comment_info":0,"uagb_excerpt":"Kaliu Park, Espai L\u00fadic de Nadal de L\u2019Hospitalet\u00a0ja \u00e9s a punt per obrir portes aquest dijous, 21 de desembre, amb una nova proposta per aquest esdeveniment nadalenc de La Farga de L'Hospitalet.","_links":{"self":[{"href":"https:\/\/www.lafarga.com\/corporatiu\/wp-json\/wp\/v2\/posts\/11007","targetHints":{"allow":["GET"]}}],"collection":[{"href":"https:\/\/www.lafarga.com\/corporatiu\/wp-json\/wp\/v2\/posts"}],"about":[{"href":"https:\/\/www.lafarga.com\/corporatiu\/wp-json\/wp\/v2\/types\/post"}],"author":[{"embeddable":true,"href":"https:\/\/www.lafarga.com\/corporatiu\/wp-json\/wp\/v2\/users\/5"}],"replies":[{"embeddable":true,"href":"https:\/\/www.lafarga.com\/corporatiu\/wp-json\/wp\/v2\/comments?post=11007"}],"version-history":[{"count":1,"href":"https:\/\/www.lafarga.com\/corporatiu\/wp-json\/wp\/v2\/posts\/11007\/revisions"}],"predecessor-version":[{"id":11009,"href":"https:\/\/www.lafarga.com\/corporatiu\/wp-json\/wp\/v2\/posts\/11007\/revisions\/11009"}],"wp:featuredmedia":[{"embeddable":true,"href":"https:\/\/www.lafarga.com\/corporatiu\/wp-json\/wp\/v2\/media\/11008"}],"wp:attachment":[{"href":"https:\/\/www.lafarga.com\/corporatiu\/wp-json\/wp\/v2\/media?parent=11007"}],"wp:term":[{"taxonomy":"category","embeddable":true,"href":"https:\/\/www.lafarga.com\/corporatiu\/wp-json\/wp\/v2\/categories?post=11007"},{"taxonomy":"post_tag","embeddable":true,"href":"https:\/\/www.lafarga.com\/corporatiu\/wp-json\/wp\/v2\/tags?post=11007"}],"curies":[{"name":"wp","href":"https:\/\/api.w.org\/{rel}","templated":true}]}}