{"id":10967,"date":"2017-12-11T13:28:55","date_gmt":"2017-12-11T13:28:55","guid":{"rendered":"http:\/\/www.lafarga.com\/corporatiu\/?p=10967"},"modified":"2017-12-12T14:02:13","modified_gmt":"2017-12-12T14:02:13","slug":"la-constante-actividad-de-la-farga-portada-del-diari-de-lh","status":"publish","type":"post","link":"https:\/\/www.lafarga.com\/corporatiu\/la-constante-actividad-de-la-farga-portada-del-diari-de-lh\/","title":{"rendered":"La constante actividad de La Farga, portada del Diari de L&#8217;H"},"content":{"rendered":"<h5>Edici\u00f3n n\u00famero 329<\/h5>\n<p>La Farga de L&#8217;Hospitalet es protagonista en la edici\u00f3n del <a href=\"http:\/\/lhdigital.cat\/web\/diari\/diari-l-h\" target=\"_blank\" rel=\"noopener\"><strong>Diari de L&#8217;Hospitalet<\/strong><\/a> que ha salido este lunes, correspondiente al mes de diciembre.<\/p>\n<p>El <a href=\"https:\/\/www.lafarga.com\/corporatiu\/nuria-marin-proyecto-aprendizaje-servicio-modelo-exito-ciudad\/\" target=\"_blank\" rel=\"noopener\"><strong>Encuentro de Aprendizaje-Servicio<\/strong><\/a> que se ha celebrado en La Farga Congress es el principal tema de portada, destacando la presencia de m\u00e1s de 400 profesionales de todo el Estado. El proyecto &#8216;Cicerone&#8217; impulsado por diferentes centros educativos de la ciudad, ha sido el ganador del premio ApS &#8216;Ciutat de L&#8217;Hospitalet&#8217;.<\/p>\n<p>Con el titular &#8216;Explora la Navidad&#8217; la fotograf\u00eda de portada tambi\u00e9n corresponde a La Farga Centro de Actividades que vuelve a ser uno de los grandes escenarios navide\u00f1os, con el <a href=\"http:\/\/kaliupark.cat\/es\/espacio-ludico-navidad\/\" target=\"_blank\" rel=\"noopener\"><strong>Kaliu Park, Espacio L\u00fadico de Navidad de L&#8217;Hospitalet<\/strong><\/a>. Este a\u00f1o, esta actividad, dentro de la Navidad en la ciudad, presenta tres grandes espacios: el Kaliu Hielo, con la pista de hielo y el tobog\u00e1n gigante, el Kaliu Creativo con un mont\u00f3n de actividades culturales con circo, m\u00fasica en directo y baile, y el Kaliu L\u00fadico, espacio para el ocio, juegos y deportes. El Diari recoge una amplia <a href=\"http:\/\/lhdigital.cat\/c\/document_library\/get_file?uuid=c16f53de-9624-4f9e-96cc-fe75e04e6ba8&amp;groupId=10919\" target=\"_blank\" rel=\"noopener\"><strong>agenda<\/strong><\/a> de todas las actividades previstas para estas fiestas.<\/p>\n<p>En este n\u00famero el Diari tambi\u00e9n se hace eco de la llegada a La Farga del\u00a0<a href=\"http:\/\/www.lafargalhospitalet.com\/el-mobile-world-congress-pasara-por-la-farga-con-el-yomo\/\" target=\"_blank\" rel=\"noopener\"><strong>YoMo, Youth Mobile Festival<\/strong><\/a>, dentro del Mobile World Congress que se celebra en Fira de Barcelona.<\/p>\n<h5>M\u00e1s noticias<\/h5>\n<p>Otras informaciones del Diari de L&#8217;Hospitalet son las elecciones al Parlament de Catalu\u00f1a del 21 de diciembre; el convenio que ha firmado el Ayuntamiento con la Sareb para la cesi\u00f3n de 50 viviendas para alquiler social; y que el Parque de Las Planas tendr\u00e1 un espacio para perros de 700m2, adem\u00e1s de reformarse la cancha de baloncesto.<\/p>\n<p>El acto de reconocimiento al comercio local tambi\u00e9n tiene un espacio destacado. Este a\u00f1o se han galardonado a 16 comercios con m\u00e1s de 40 a\u00f1os de historia.<\/p>\n<p>En el apartado cultural se destaca los ganadores del Festival MetropoL&#8217;His GlobaL&#8217;H, que han sido &#8216;Sheikima&#8217; y &#8216;El hombre de la tierra: fauna audiviosual&#8217;.<\/p>\n<p>En cuanto a los deportes llega una nueva edici\u00f3n del Torneo Junior de Baloncesto &#8216;Ciutat\u00a0de L&#8217;Hospitalet&#8217;.<\/p>\n<p>El Diari de L&#8217;Hospitalet, es un medio de comunicaci\u00f3n gestionado por La Farga Gesti\u00f3n de Equipamientos y tiene una tirada de 105.000 ejemplares.<\/p>\n<p>Aqu\u00ed puede ver la <a href=\"http:\/\/lhdigital.cat\/diarilh_digital\/329\/index.html\" target=\"_blank\" rel=\"noopener\"><strong>versi\u00f3n digital<\/strong><\/a> del Diari de L&#8217;Hospitalet.<\/p>\n","protected":false},"excerpt":{"rendered":"<p>La Farga de L&#8217;Hospitalet es protagonista en la edici\u00f3n del Diari de L&#8217;Hospitalet que ha salido este lunes, correspondiente al mes de diciembre.<\/p>\n","protected":false},"author":5,"featured_media":10965,"comment_status":"closed","ping_status":"closed","sticky":false,"template":"","format":"standard","meta":{"inline_featured_image":false,"_uag_custom_page_level_css":"","_monsterinsights_skip_tracking":false,"_monsterinsights_sitenote_active":false,"_monsterinsights_sitenote_note":"","_monsterinsights_sitenote_category":0,"site-sidebar-layout":"default","site-content-layout":"","ast-site-content-layout":"default","site-content-style":"default","site-sidebar-style":"default","ast-global-header-display":"","ast-banner-title-visibility":"","ast-main-header-display":"","ast-hfb-above-header-display":"","ast-hfb-below-header-display":"","ast-hfb-mobile-header-display":"","site-post-title":"","ast-breadcrumbs-content":"","ast-featured-img":"","footer-sml-layout":"","ast-disable-related-posts":"","theme-transparent-header-meta":"","adv-header-id-meta":"","stick-header-meta":"","header-above-stick-meta":"","header-main-stick-meta":"","header-below-stick-meta":"","astra-migrate-meta-layouts":"default","ast-page-background-enabled":"default","ast-page-background-meta":{"desktop":{"background-color":"var(--ast-global-color-4)","background-image":"","background-repeat":"repeat","background-position":"center center","background-size":"auto","background-attachment":"scroll","background-type":"","background-media":"","overlay-type":"","overlay-color":"","overlay-opacity":"","overlay-gradient":""},"tablet":{"background-color":"","background-image":"","background-repeat":"repeat","background-position":"center center","background-size":"auto","background-attachment":"scroll","background-type":"","background-media":"","overlay-type":"","overlay-color":"","overlay-opacity":"","overlay-gradient":""},"mobile":{"background-color":"","background-image":"","background-repeat":"repeat","background-position":"center center","background-size":"auto","background-attachment":"scroll","background-type":"","background-media":"","overlay-type":"","overlay-color":"","overlay-opacity":"","overlay-gradient":""}},"ast-content-background-meta":{"desktop":{"background-color":"var(--ast-global-color-5)","background-image":"","background-repeat":"repeat","background-position":"center center","background-size":"auto","background-attachment":"scroll","background-type":"","background-media":"","overlay-type":"","overlay-color":"","overlay-opacity":"","overlay-gradient":""},"tablet":{"background-color":"var(--ast-global-color-5)","background-image":"","background-repeat":"repeat","background-position":"center center","background-size":"auto","background-attachment":"scroll","background-type":"","background-media":"","overlay-type":"","overlay-color":"","overlay-opacity":"","overlay-gradient":""},"mobile":{"background-color":"var(--ast-global-color-5)","background-image":"","background-repeat":"repeat","background-position":"center center","background-size":"auto","background-attachment":"scroll","background-type":"","background-media":"","overlay-type":"","overlay-color":"","overlay-opacity":"","overlay-gradient":""}},"footnotes":""},"categories":[73,81],"tags":[],"class_list":["post-10967","post","type-post","status-publish","format-standard","has-post-thumbnail","hentry","category-centro-de-actividades","category-medios-comunicacion"],"yoast_head":"<!-- This site is optimized with the Yoast SEO plugin v27.5 - https:\/\/yoast.com\/product\/yoast-seo-wordpress\/ -->\n<title>La constante actividad de La Farga, portada del Diari de L&#039;H - La Farga Gesti\u00f3n de Equipamientos Municipales, S.A.<\/title>\n<meta name=\"description\" content=\"La constante actividad de La Farga es protagonista en la edici\u00f3n del Diari de L&#039;Hospitalet que ha salido este lunes, correspondiente al mes de diciembre.\" \/>\n<meta name=\"robots\" content=\"index, follow, max-snippet:-1, max-image-preview:large, max-video-preview:-1\" \/>\n<link rel=\"canonical\" href=\"https:\/\/www.lafarga.com\/corporatiu\/la-constante-actividad-de-la-farga-portada-del-diari-de-lh\/\" \/>\n<meta property=\"og:locale\" content=\"ca_ES\" \/>\n<meta property=\"og:type\" content=\"article\" \/>\n<meta property=\"og:title\" content=\"La constante actividad de La Farga, portada del Diari de L&#039;H - La Farga Gesti\u00f3n de Equipamientos Municipales, S.A.\" \/>\n<meta property=\"og:description\" content=\"La constante actividad de La Farga es protagonista en la edici\u00f3n del Diari de L&#039;Hospitalet que ha salido este lunes, correspondiente al mes de diciembre.\" \/>\n<meta property=\"og:url\" content=\"https:\/\/www.lafarga.com\/corporatiu\/la-constante-actividad-de-la-farga-portada-del-diari-de-lh\/\" \/>\n<meta property=\"og:site_name\" content=\"La Farga Gesti\u00f3n de Equipamientos Municipales, S.A.\" \/>\n<meta property=\"article:published_time\" content=\"2017-12-11T13:28:55+00:00\" \/>\n<meta property=\"article:modified_time\" content=\"2017-12-12T14:02:13+00:00\" \/>\n<meta property=\"og:image\" content=\"https:\/\/www.lafarga.com\/corporatiu\/wp-content\/uploads\/2017\/12\/Diari-LH-Desembre17.jpg\" \/>\n\t<meta property=\"og:image:width\" content=\"730\" \/>\n\t<meta property=\"og:image:height\" content=\"410\" \/>\n\t<meta property=\"og:image:type\" content=\"image\/jpeg\" \/>\n<meta name=\"author\" content=\"\u00d2scar Milla\" \/>\n<meta name=\"twitter:label1\" content=\"Escrit per\" \/>\n\t<meta name=\"twitter:data1\" content=\"\u00d2scar Milla\" \/>\n\t<meta name=\"twitter:label2\" content=\"Temps estimat de lectura\" \/>\n\t<meta name=\"twitter:data2\" content=\"2 minuts\" \/>\n<script type=\"application\/ld+json\" class=\"yoast-schema-graph\">{\"@context\":\"https:\\\/\\\/schema.org\",\"@graph\":[{\"@type\":\"Article\",\"@id\":\"https:\\\/\\\/www.lafarga.com\\\/corporatiu\\\/la-constante-actividad-de-la-farga-portada-del-diari-de-lh\\\/#article\",\"isPartOf\":{\"@id\":\"https:\\\/\\\/www.lafarga.com\\\/corporatiu\\\/la-constante-actividad-de-la-farga-portada-del-diari-de-lh\\\/\"},\"author\":{\"name\":\"\u00d2scar Milla\",\"@id\":\"https:\\\/\\\/www.lafarga.com\\\/corporatiu\\\/#\\\/schema\\\/person\\\/70d96fe17d0da1a9c9e80d232bdbcf33\"},\"headline\":\"La constante actividad de La Farga, portada del Diari de L&#8217;H\",\"datePublished\":\"2017-12-11T13:28:55+00:00\",\"dateModified\":\"2017-12-12T14:02:13+00:00\",\"mainEntityOfPage\":{\"@id\":\"https:\\\/\\\/www.lafarga.com\\\/corporatiu\\\/la-constante-actividad-de-la-farga-portada-del-diari-de-lh\\\/\"},\"wordCount\":417,\"publisher\":{\"@id\":\"https:\\\/\\\/www.lafarga.com\\\/corporatiu\\\/#organization\"},\"image\":{\"@id\":\"https:\\\/\\\/www.lafarga.com\\\/corporatiu\\\/la-constante-actividad-de-la-farga-portada-del-diari-de-lh\\\/#primaryimage\"},\"thumbnailUrl\":\"https:\\\/\\\/www.lafarga.com\\\/corporatiu\\\/wp-content\\\/uploads\\\/2017\\\/12\\\/Diari-LH-Desembre17.jpg\",\"articleSection\":[\"Centro de Actividades\",\"Medios de Comunicaci\u00f3n\"],\"inLanguage\":\"ca\"},{\"@type\":\"WebPage\",\"@id\":\"https:\\\/\\\/www.lafarga.com\\\/corporatiu\\\/la-constante-actividad-de-la-farga-portada-del-diari-de-lh\\\/\",\"url\":\"https:\\\/\\\/www.lafarga.com\\\/corporatiu\\\/la-constante-actividad-de-la-farga-portada-del-diari-de-lh\\\/\",\"name\":\"La constante actividad de La Farga, portada del Diari de L'H - La Farga Gesti\u00f3n de Equipamientos Municipales, S.A.\",\"isPartOf\":{\"@id\":\"https:\\\/\\\/www.lafarga.com\\\/corporatiu\\\/#website\"},\"primaryImageOfPage\":{\"@id\":\"https:\\\/\\\/www.lafarga.com\\\/corporatiu\\\/la-constante-actividad-de-la-farga-portada-del-diari-de-lh\\\/#primaryimage\"},\"image\":{\"@id\":\"https:\\\/\\\/www.lafarga.com\\\/corporatiu\\\/la-constante-actividad-de-la-farga-portada-del-diari-de-lh\\\/#primaryimage\"},\"thumbnailUrl\":\"https:\\\/\\\/www.lafarga.com\\\/corporatiu\\\/wp-content\\\/uploads\\\/2017\\\/12\\\/Diari-LH-Desembre17.jpg\",\"datePublished\":\"2017-12-11T13:28:55+00:00\",\"dateModified\":\"2017-12-12T14:02:13+00:00\",\"description\":\"La constante actividad de La Farga es protagonista en la edici\u00f3n del Diari de L'Hospitalet que ha salido este lunes, correspondiente al mes de diciembre.\",\"breadcrumb\":{\"@id\":\"https:\\\/\\\/www.lafarga.com\\\/corporatiu\\\/la-constante-actividad-de-la-farga-portada-del-diari-de-lh\\\/#breadcrumb\"},\"inLanguage\":\"ca\",\"potentialAction\":[{\"@type\":\"ReadAction\",\"target\":[\"https:\\\/\\\/www.lafarga.com\\\/corporatiu\\\/la-constante-actividad-de-la-farga-portada-del-diari-de-lh\\\/\"]}]},{\"@type\":\"ImageObject\",\"inLanguage\":\"ca\",\"@id\":\"https:\\\/\\\/www.lafarga.com\\\/corporatiu\\\/la-constante-actividad-de-la-farga-portada-del-diari-de-lh\\\/#primaryimage\",\"url\":\"https:\\\/\\\/www.lafarga.com\\\/corporatiu\\\/wp-content\\\/uploads\\\/2017\\\/12\\\/Diari-LH-Desembre17.jpg\",\"contentUrl\":\"https:\\\/\\\/www.lafarga.com\\\/corporatiu\\\/wp-content\\\/uploads\\\/2017\\\/12\\\/Diari-LH-Desembre17.jpg\",\"width\":730,\"height\":410,\"caption\":\"Diari Farga Constant Activitat\"},{\"@type\":\"BreadcrumbList\",\"@id\":\"https:\\\/\\\/www.lafarga.com\\\/corporatiu\\\/la-constante-actividad-de-la-farga-portada-del-diari-de-lh\\\/#breadcrumb\",\"itemListElement\":[{\"@type\":\"ListItem\",\"position\":1,\"name\":\"Home\",\"item\":\"https:\\\/\\\/www.lafarga.com\\\/corporatiu\\\/lafarga-hospitalet-llobregat\\\/\"},{\"@type\":\"ListItem\",\"position\":2,\"name\":\"La constante actividad de La Farga, portada del Diari de L&#8217;H\"}]},{\"@type\":\"WebSite\",\"@id\":\"https:\\\/\\\/www.lafarga.com\\\/corporatiu\\\/#website\",\"url\":\"https:\\\/\\\/www.lafarga.com\\\/corporatiu\\\/\",\"name\":\"La Farga Gesti\u00f3 d&#039;Equipaments Municipals, SA\",\"description\":\"\",\"publisher\":{\"@id\":\"https:\\\/\\\/www.lafarga.com\\\/corporatiu\\\/#organization\"},\"potentialAction\":[{\"@type\":\"SearchAction\",\"target\":{\"@type\":\"EntryPoint\",\"urlTemplate\":\"https:\\\/\\\/www.lafarga.com\\\/corporatiu\\\/?s={search_term_string}\"},\"query-input\":{\"@type\":\"PropertyValueSpecification\",\"valueRequired\":true,\"valueName\":\"search_term_string\"}}],\"inLanguage\":\"ca\"},{\"@type\":\"Organization\",\"@id\":\"https:\\\/\\\/www.lafarga.com\\\/corporatiu\\\/#organization\",\"name\":\"La Farga Gesti\u00f3 d&#039;Equipaments Municipals, SA\",\"url\":\"https:\\\/\\\/www.lafarga.com\\\/corporatiu\\\/\",\"logo\":{\"@type\":\"ImageObject\",\"inLanguage\":\"ca\",\"@id\":\"https:\\\/\\\/www.lafarga.com\\\/corporatiu\\\/#\\\/schema\\\/logo\\\/image\\\/\",\"url\":\"https:\\\/\\\/www.lafarga.com\\\/corporatiu\\\/wp-content\\\/uploads\\\/2023\\\/11\\\/logotipo_lafarga_gemsa.svg\",\"contentUrl\":\"https:\\\/\\\/www.lafarga.com\\\/corporatiu\\\/wp-content\\\/uploads\\\/2023\\\/11\\\/logotipo_lafarga_gemsa.svg\",\"width\":102,\"height\":103,\"caption\":\"La Farga Gesti\u00f3 d&#039;Equipaments Municipals, SA\"},\"image\":{\"@id\":\"https:\\\/\\\/www.lafarga.com\\\/corporatiu\\\/#\\\/schema\\\/logo\\\/image\\\/\"}},{\"@type\":\"Person\",\"@id\":\"https:\\\/\\\/www.lafarga.com\\\/corporatiu\\\/#\\\/schema\\\/person\\\/70d96fe17d0da1a9c9e80d232bdbcf33\",\"name\":\"\u00d2scar Milla\",\"image\":{\"@type\":\"ImageObject\",\"inLanguage\":\"ca\",\"@id\":\"https:\\\/\\\/secure.gravatar.com\\\/avatar\\\/92e75d184f9d5e0e403bd4ad075b080ad258344ddc259adddb579f6a3ba6494f?s=96&d=mm&r=g\",\"url\":\"https:\\\/\\\/secure.gravatar.com\\\/avatar\\\/92e75d184f9d5e0e403bd4ad075b080ad258344ddc259adddb579f6a3ba6494f?s=96&d=mm&r=g\",\"contentUrl\":\"https:\\\/\\\/secure.gravatar.com\\\/avatar\\\/92e75d184f9d5e0e403bd4ad075b080ad258344ddc259adddb579f6a3ba6494f?s=96&d=mm&r=g\",\"caption\":\"\u00d2scar Milla\"},\"url\":\"https:\\\/\\\/www.lafarga.com\\\/corporatiu\\\/author\\\/omilla\\\/\"}]}<\/script>\n<!-- \/ Yoast SEO plugin. -->","yoast_head_json":{"title":"La constante actividad de La Farga, portada del Diari de L'H - La Farga Gesti\u00f3n de Equipamientos Municipales, S.A.","description":"La constante actividad de La Farga es protagonista en la edici\u00f3n del Diari de L'Hospitalet que ha salido este lunes, correspondiente al mes de diciembre.","robots":{"index":"index","follow":"follow","max-snippet":"max-snippet:-1","max-image-preview":"max-image-preview:large","max-video-preview":"max-video-preview:-1"},"canonical":"https:\/\/www.lafarga.com\/corporatiu\/la-constante-actividad-de-la-farga-portada-del-diari-de-lh\/","og_locale":"ca_ES","og_type":"article","og_title":"La constante actividad de La Farga, portada del Diari de L'H - La Farga Gesti\u00f3n de Equipamientos Municipales, S.A.","og_description":"La constante actividad de La Farga es protagonista en la edici\u00f3n del Diari de L'Hospitalet que ha salido este lunes, correspondiente al mes de diciembre.","og_url":"https:\/\/www.lafarga.com\/corporatiu\/la-constante-actividad-de-la-farga-portada-del-diari-de-lh\/","og_site_name":"La Farga Gesti\u00f3n de Equipamientos Municipales, S.A.","article_published_time":"2017-12-11T13:28:55+00:00","article_modified_time":"2017-12-12T14:02:13+00:00","og_image":[{"width":730,"height":410,"url":"https:\/\/www.lafarga.com\/corporatiu\/wp-content\/uploads\/2017\/12\/Diari-LH-Desembre17.jpg","type":"image\/jpeg"}],"author":"\u00d2scar Milla","twitter_misc":{"Escrit per":"\u00d2scar Milla","Temps estimat de lectura":"2 minuts"},"schema":{"@context":"https:\/\/schema.org","@graph":[{"@type":"Article","@id":"https:\/\/www.lafarga.com\/corporatiu\/la-constante-actividad-de-la-farga-portada-del-diari-de-lh\/#article","isPartOf":{"@id":"https:\/\/www.lafarga.com\/corporatiu\/la-constante-actividad-de-la-farga-portada-del-diari-de-lh\/"},"author":{"name":"\u00d2scar Milla","@id":"https:\/\/www.lafarga.com\/corporatiu\/#\/schema\/person\/70d96fe17d0da1a9c9e80d232bdbcf33"},"headline":"La constante actividad de La Farga, portada del Diari de L&#8217;H","datePublished":"2017-12-11T13:28:55+00:00","dateModified":"2017-12-12T14:02:13+00:00","mainEntityOfPage":{"@id":"https:\/\/www.lafarga.com\/corporatiu\/la-constante-actividad-de-la-farga-portada-del-diari-de-lh\/"},"wordCount":417,"publisher":{"@id":"https:\/\/www.lafarga.com\/corporatiu\/#organization"},"image":{"@id":"https:\/\/www.lafarga.com\/corporatiu\/la-constante-actividad-de-la-farga-portada-del-diari-de-lh\/#primaryimage"},"thumbnailUrl":"https:\/\/www.lafarga.com\/corporatiu\/wp-content\/uploads\/2017\/12\/Diari-LH-Desembre17.jpg","articleSection":["Centro de Actividades","Medios de Comunicaci\u00f3n"],"inLanguage":"ca"},{"@type":"WebPage","@id":"https:\/\/www.lafarga.com\/corporatiu\/la-constante-actividad-de-la-farga-portada-del-diari-de-lh\/","url":"https:\/\/www.lafarga.com\/corporatiu\/la-constante-actividad-de-la-farga-portada-del-diari-de-lh\/","name":"La constante actividad de La Farga, portada del Diari de L'H - La Farga Gesti\u00f3n de Equipamientos Municipales, S.A.","isPartOf":{"@id":"https:\/\/www.lafarga.com\/corporatiu\/#website"},"primaryImageOfPage":{"@id":"https:\/\/www.lafarga.com\/corporatiu\/la-constante-actividad-de-la-farga-portada-del-diari-de-lh\/#primaryimage"},"image":{"@id":"https:\/\/www.lafarga.com\/corporatiu\/la-constante-actividad-de-la-farga-portada-del-diari-de-lh\/#primaryimage"},"thumbnailUrl":"https:\/\/www.lafarga.com\/corporatiu\/wp-content\/uploads\/2017\/12\/Diari-LH-Desembre17.jpg","datePublished":"2017-12-11T13:28:55+00:00","dateModified":"2017-12-12T14:02:13+00:00","description":"La constante actividad de La Farga es protagonista en la edici\u00f3n del Diari de L'Hospitalet que ha salido este lunes, correspondiente al mes de diciembre.","breadcrumb":{"@id":"https:\/\/www.lafarga.com\/corporatiu\/la-constante-actividad-de-la-farga-portada-del-diari-de-lh\/#breadcrumb"},"inLanguage":"ca","potentialAction":[{"@type":"ReadAction","target":["https:\/\/www.lafarga.com\/corporatiu\/la-constante-actividad-de-la-farga-portada-del-diari-de-lh\/"]}]},{"@type":"ImageObject","inLanguage":"ca","@id":"https:\/\/www.lafarga.com\/corporatiu\/la-constante-actividad-de-la-farga-portada-del-diari-de-lh\/#primaryimage","url":"https:\/\/www.lafarga.com\/corporatiu\/wp-content\/uploads\/2017\/12\/Diari-LH-Desembre17.jpg","contentUrl":"https:\/\/www.lafarga.com\/corporatiu\/wp-content\/uploads\/2017\/12\/Diari-LH-Desembre17.jpg","width":730,"height":410,"caption":"Diari Farga Constant Activitat"},{"@type":"BreadcrumbList","@id":"https:\/\/www.lafarga.com\/corporatiu\/la-constante-actividad-de-la-farga-portada-del-diari-de-lh\/#breadcrumb","itemListElement":[{"@type":"ListItem","position":1,"name":"Home","item":"https:\/\/www.lafarga.com\/corporatiu\/lafarga-hospitalet-llobregat\/"},{"@type":"ListItem","position":2,"name":"La constante actividad de La Farga, portada del Diari de L&#8217;H"}]},{"@type":"WebSite","@id":"https:\/\/www.lafarga.com\/corporatiu\/#website","url":"https:\/\/www.lafarga.com\/corporatiu\/","name":"La Farga Gesti\u00f3 d&#039;Equipaments Municipals, SA","description":"","publisher":{"@id":"https:\/\/www.lafarga.com\/corporatiu\/#organization"},"potentialAction":[{"@type":"SearchAction","target":{"@type":"EntryPoint","urlTemplate":"https:\/\/www.lafarga.com\/corporatiu\/?s={search_term_string}"},"query-input":{"@type":"PropertyValueSpecification","valueRequired":true,"valueName":"search_term_string"}}],"inLanguage":"ca"},{"@type":"Organization","@id":"https:\/\/www.lafarga.com\/corporatiu\/#organization","name":"La Farga Gesti\u00f3 d&#039;Equipaments Municipals, SA","url":"https:\/\/www.lafarga.com\/corporatiu\/","logo":{"@type":"ImageObject","inLanguage":"ca","@id":"https:\/\/www.lafarga.com\/corporatiu\/#\/schema\/logo\/image\/","url":"https:\/\/www.lafarga.com\/corporatiu\/wp-content\/uploads\/2023\/11\/logotipo_lafarga_gemsa.svg","contentUrl":"https:\/\/www.lafarga.com\/corporatiu\/wp-content\/uploads\/2023\/11\/logotipo_lafarga_gemsa.svg","width":102,"height":103,"caption":"La Farga Gesti\u00f3 d&#039;Equipaments Municipals, SA"},"image":{"@id":"https:\/\/www.lafarga.com\/corporatiu\/#\/schema\/logo\/image\/"}},{"@type":"Person","@id":"https:\/\/www.lafarga.com\/corporatiu\/#\/schema\/person\/70d96fe17d0da1a9c9e80d232bdbcf33","name":"\u00d2scar Milla","image":{"@type":"ImageObject","inLanguage":"ca","@id":"https:\/\/secure.gravatar.com\/avatar\/92e75d184f9d5e0e403bd4ad075b080ad258344ddc259adddb579f6a3ba6494f?s=96&d=mm&r=g","url":"https:\/\/secure.gravatar.com\/avatar\/92e75d184f9d5e0e403bd4ad075b080ad258344ddc259adddb579f6a3ba6494f?s=96&d=mm&r=g","contentUrl":"https:\/\/secure.gravatar.com\/avatar\/92e75d184f9d5e0e403bd4ad075b080ad258344ddc259adddb579f6a3ba6494f?s=96&d=mm&r=g","caption":"\u00d2scar Milla"},"url":"https:\/\/www.lafarga.com\/corporatiu\/author\/omilla\/"}]}},"uagb_featured_image_src":{"full":["https:\/\/www.lafarga.com\/corporatiu\/wp-content\/uploads\/2017\/12\/Diari-LH-Desembre17.jpg",730,410,false],"thumbnail":["https:\/\/www.lafarga.com\/corporatiu\/wp-content\/uploads\/2017\/12\/Diari-LH-Desembre17-150x150.jpg",150,150,true],"medium":["https:\/\/www.lafarga.com\/corporatiu\/wp-content\/uploads\/2017\/12\/Diari-LH-Desembre17-300x168.jpg",300,168,true],"medium_large":["https:\/\/www.lafarga.com\/corporatiu\/wp-content\/uploads\/2017\/12\/Diari-LH-Desembre17.jpg",730,410,false],"large":["https:\/\/www.lafarga.com\/corporatiu\/wp-content\/uploads\/2017\/12\/Diari-LH-Desembre17.jpg",730,410,false],"1536x1536":["https:\/\/www.lafarga.com\/corporatiu\/wp-content\/uploads\/2017\/12\/Diari-LH-Desembre17.jpg",730,410,false],"2048x2048":["https:\/\/www.lafarga.com\/corporatiu\/wp-content\/uploads\/2017\/12\/Diari-LH-Desembre17.jpg",730,410,false],"mailpoet_newsletter_max":["https:\/\/www.lafarga.com\/corporatiu\/wp-content\/uploads\/2017\/12\/Diari-LH-Desembre17.jpg",730,410,false]},"uagb_author_info":{"display_name":"\u00d2scar Milla","author_link":"https:\/\/www.lafarga.com\/corporatiu\/author\/omilla\/"},"uagb_comment_info":0,"uagb_excerpt":"La Farga de L'Hospitalet es protagonista en la edici\u00f3n del Diari de L'Hospitalet que ha salido este lunes, correspondiente al mes de diciembre.","_links":{"self":[{"href":"https:\/\/www.lafarga.com\/corporatiu\/wp-json\/wp\/v2\/posts\/10967","targetHints":{"allow":["GET"]}}],"collection":[{"href":"https:\/\/www.lafarga.com\/corporatiu\/wp-json\/wp\/v2\/posts"}],"about":[{"href":"https:\/\/www.lafarga.com\/corporatiu\/wp-json\/wp\/v2\/types\/post"}],"author":[{"embeddable":true,"href":"https:\/\/www.lafarga.com\/corporatiu\/wp-json\/wp\/v2\/users\/5"}],"replies":[{"embeddable":true,"href":"https:\/\/www.lafarga.com\/corporatiu\/wp-json\/wp\/v2\/comments?post=10967"}],"version-history":[{"count":4,"href":"https:\/\/www.lafarga.com\/corporatiu\/wp-json\/wp\/v2\/posts\/10967\/revisions"}],"predecessor-version":[{"id":10983,"href":"https:\/\/www.lafarga.com\/corporatiu\/wp-json\/wp\/v2\/posts\/10967\/revisions\/10983"}],"wp:featuredmedia":[{"embeddable":true,"href":"https:\/\/www.lafarga.com\/corporatiu\/wp-json\/wp\/v2\/media\/10965"}],"wp:attachment":[{"href":"https:\/\/www.lafarga.com\/corporatiu\/wp-json\/wp\/v2\/media?parent=10967"}],"wp:term":[{"taxonomy":"category","embeddable":true,"href":"https:\/\/www.lafarga.com\/corporatiu\/wp-json\/wp\/v2\/categories?post=10967"},{"taxonomy":"post_tag","embeddable":true,"href":"https:\/\/www.lafarga.com\/corporatiu\/wp-json\/wp\/v2\/tags?post=10967"}],"curies":[{"name":"wp","href":"https:\/\/api.w.org\/{rel}","templated":true}]}}