{"id":10964,"date":"2017-12-11T13:17:10","date_gmt":"2017-12-11T13:17:10","guid":{"rendered":"http:\/\/www.lafarga.com\/corporatiu\/?p=10964"},"modified":"2017-12-12T14:02:41","modified_gmt":"2017-12-12T14:02:41","slug":"constant-activitat-farga-portada-diari-lh","status":"publish","type":"post","link":"https:\/\/www.lafarga.com\/corporatiu\/constant-activitat-farga-portada-diari-lh\/","title":{"rendered":"La constant activitat de La Farga, portada del Diari de L&#8217;H"},"content":{"rendered":"<h5>Edici\u00f3 n\u00famero 329<\/h5>\n<p>La Farga de L\u2019Hospitalet \u00e9s protagonista en l\u2019edici\u00f3 del <a href=\"http:\/\/lhdigital.cat\/web\/diari\/diari-l-h\" target=\"_blank\" rel=\"noopener\"><strong>Diari de L\u2019Hospitalet<\/strong><\/a> que ha sortit aquest dilluns, corresponent al mes de desembre.<\/p>\n<p>La <a href=\"https:\/\/www.lafarga.com\/corporatiu\/nuria-marin-projecte-aprenentatge-servei-model-exit-ciutat\/\" target=\"_blank\" rel=\"noopener\"><strong>Trobada d\u2019Aprenentatge-Servei<\/strong><\/a> que s\u2019ha celebrat a La Farga Congress \u00e9s el principal tema de portada, destacant la pres\u00e8ncia de m\u00e9s de 400 professionals d\u2019arreu de l\u2019Estat. El projecte \u2018Cicerone\u2019 impulsat per diferents centres educatius de la ciutat, ha estat el guanyador del premi ApS \u2018Ciutat de L\u2019Hospitalet\u2019.<\/p>\n<p>Amb el titular \u2018Explora el Nadal\u2019 la fotografia de portada tamb\u00e9 correspon a La Farga Centre d\u2019Activitats que torna a ser un dels grans escenaris nadalencs, amb el <a href=\"http:\/\/kaliupark.cat\" target=\"_blank\" rel=\"noopener\"><strong>Kaliu Park, Espai L\u00fadic de Nadal de L\u2019Hospitalet<\/strong><\/a>. Enguany, aquesta activitat, dins el nadal a la ciutat, presenta tres grans espais: el Kaliu Gel, amb la pista de gel i el tobogan gegant, el Kaliu Creatiu amb un munt d\u2019activitats culturals amb circ, m\u00fasica en directe i ball, i el Kaliu L\u00fadic, espai per al lleure, jocs i esports. El Diari recull una \u00e0mplia <a href=\"http:\/\/lhdigital.cat\/c\/document_library\/get_file?uuid=c16f53de-9624-4f9e-96cc-fe75e04e6ba8&amp;groupId=10919\" target=\"_blank\" rel=\"noopener\"><strong>agenda<\/strong><\/a> de totes les activitats previstes per aquestes festes.<\/p>\n<p>En aquest n\u00famero el Diari tamb\u00e9 es fa ress\u00f2 de l&#8217;arribada a La Farga del <a href=\"http:\/\/www.lafargalhospitalet.com\/mobile-world-congress-farga-yomo\/\" target=\"_blank\" rel=\"noopener\"><strong>YoMo, Youth Mobile Festival<\/strong><\/a>, dins el Mobile World Congress que se celebra a Fira de Barcelona.<\/p>\n<h5>M\u00e9s not\u00edcies<\/h5>\n<p>Altres informacions del Diari de L\u2019Hospitalet s\u00f3n les eleccions al Parlament de Catalunya del 21 de desembre; el conveni que ha signat l\u2019Ajuntament amb la Sareb per a la cessi\u00f3 de 50 habitatges per a lloguer social; i que el Parc de Les Planes un correc\u00e0 de 700m2, a m\u00e9s de reformar-se la pista de b\u00e0squet.<\/p>\n<p>L\u2019acte de reconeixement al comer\u00e7 local tamb\u00e9 t\u00e9 un espai destacat. Enguany s\u2019han guardonat a 16 comer\u00e7os amb m\u00e9s de 40 anys d\u2019hist\u00f2ria.<\/p>\n<p>En l\u2019apartat cultural es destaca els guanyadors del Festival MetropoL\u2019His GlobaL\u2019H, que han estat \u2018Sheikima\u2019 i \u2018L\u2019home de la terra: fauna audiviosual\u2019.<\/p>\n<p>Pel que fa als esports arriba una nova edici\u00f3 del Torneig J\u00fanior de B\u00e0squet \u2018Ciutat de L\u2019Hospitalet\u2019.<\/p>\n<p>El Diari de L&#8217;Hospitalet, \u00e9s un mitj\u00e0 de comunicaci\u00f3 gestionat per La Farga Gesti\u00f3 d&#8217;Equipaments i t\u00e9 una tirada de 105.000 exemplars.<\/p>\n<p>Aqu\u00ed podeu veure la <a href=\"http:\/\/lhdigital.cat\/diarilh_digital\/329\/index.html\" target=\"_blank\" rel=\"noopener\"><strong>versi\u00f3 digital<\/strong> <\/a>del Diari de L&#8217;Hospitalet.<\/p>\n","protected":false},"excerpt":{"rendered":"<p>La Farga de L\u2019Hospitalet \u00e9s protagonista en l\u2019edici\u00f3 del Diari de L\u2019Hospitalet que ha sortit aquest dilluns, corresponent al mes de desembre.<\/p>\n","protected":false},"author":5,"featured_media":10965,"comment_status":"closed","ping_status":"closed","sticky":false,"template":"","format":"standard","meta":{"inline_featured_image":false,"_uag_custom_page_level_css":"","_monsterinsights_skip_tracking":false,"_monsterinsights_sitenote_active":false,"_monsterinsights_sitenote_note":"","_monsterinsights_sitenote_category":0,"site-sidebar-layout":"default","site-content-layout":"","ast-site-content-layout":"default","site-content-style":"default","site-sidebar-style":"default","ast-global-header-display":"","ast-banner-title-visibility":"","ast-main-header-display":"","ast-hfb-above-header-display":"","ast-hfb-below-header-display":"","ast-hfb-mobile-header-display":"","site-post-title":"","ast-breadcrumbs-content":"","ast-featured-img":"","footer-sml-layout":"","ast-disable-related-posts":"","theme-transparent-header-meta":"","adv-header-id-meta":"","stick-header-meta":"","header-above-stick-meta":"","header-main-stick-meta":"","header-below-stick-meta":"","astra-migrate-meta-layouts":"default","ast-page-background-enabled":"default","ast-page-background-meta":{"desktop":{"background-color":"var(--ast-global-color-4)","background-image":"","background-repeat":"repeat","background-position":"center center","background-size":"auto","background-attachment":"scroll","background-type":"","background-media":"","overlay-type":"","overlay-color":"","overlay-opacity":"","overlay-gradient":""},"tablet":{"background-color":"","background-image":"","background-repeat":"repeat","background-position":"center center","background-size":"auto","background-attachment":"scroll","background-type":"","background-media":"","overlay-type":"","overlay-color":"","overlay-opacity":"","overlay-gradient":""},"mobile":{"background-color":"","background-image":"","background-repeat":"repeat","background-position":"center center","background-size":"auto","background-attachment":"scroll","background-type":"","background-media":"","overlay-type":"","overlay-color":"","overlay-opacity":"","overlay-gradient":""}},"ast-content-background-meta":{"desktop":{"background-color":"var(--ast-global-color-5)","background-image":"","background-repeat":"repeat","background-position":"center center","background-size":"auto","background-attachment":"scroll","background-type":"","background-media":"","overlay-type":"","overlay-color":"","overlay-opacity":"","overlay-gradient":""},"tablet":{"background-color":"var(--ast-global-color-5)","background-image":"","background-repeat":"repeat","background-position":"center center","background-size":"auto","background-attachment":"scroll","background-type":"","background-media":"","overlay-type":"","overlay-color":"","overlay-opacity":"","overlay-gradient":""},"mobile":{"background-color":"var(--ast-global-color-5)","background-image":"","background-repeat":"repeat","background-position":"center center","background-size":"auto","background-attachment":"scroll","background-type":"","background-media":"","overlay-type":"","overlay-color":"","overlay-opacity":"","overlay-gradient":""}},"footnotes":""},"categories":[49,51],"tags":[],"class_list":["post-10964","post","type-post","status-publish","format-standard","has-post-thumbnail","hentry","category-centre-activitats","category-mitjans-comunicacio"],"yoast_head":"<!-- This site is optimized with the Yoast SEO plugin v27.5 - https:\/\/yoast.com\/product\/yoast-seo-wordpress\/ -->\n<title>La constant activitat de La Farga, portada del Diari de L&#039;H - La Farga Gesti\u00f3n de Equipamientos Municipales, S.A.<\/title>\n<meta name=\"description\" content=\"La constant activitat de La Farga \u00e9s protagonista en l\u2019edici\u00f3 del Diari de L\u2019Hospitalet que ha sortit aquest dilluns, corresponent al mes de desembre.\" \/>\n<meta name=\"robots\" content=\"index, follow, max-snippet:-1, max-image-preview:large, max-video-preview:-1\" \/>\n<link rel=\"canonical\" href=\"https:\/\/www.lafarga.com\/corporatiu\/constant-activitat-farga-portada-diari-lh\/\" \/>\n<meta property=\"og:locale\" content=\"ca_ES\" \/>\n<meta property=\"og:type\" content=\"article\" \/>\n<meta property=\"og:title\" content=\"La constant activitat de La Farga, portada del Diari de L&#039;H - La Farga Gesti\u00f3n de Equipamientos Municipales, S.A.\" \/>\n<meta property=\"og:description\" content=\"La constant activitat de La Farga \u00e9s protagonista en l\u2019edici\u00f3 del Diari de L\u2019Hospitalet que ha sortit aquest dilluns, corresponent al mes de desembre.\" \/>\n<meta property=\"og:url\" content=\"https:\/\/www.lafarga.com\/corporatiu\/constant-activitat-farga-portada-diari-lh\/\" \/>\n<meta property=\"og:site_name\" content=\"La Farga Gesti\u00f3n de Equipamientos Municipales, S.A.\" \/>\n<meta property=\"article:published_time\" content=\"2017-12-11T13:17:10+00:00\" \/>\n<meta property=\"article:modified_time\" content=\"2017-12-12T14:02:41+00:00\" \/>\n<meta property=\"og:image\" content=\"https:\/\/www.lafarga.com\/corporatiu\/wp-content\/uploads\/2017\/12\/Diari-LH-Desembre17.jpg\" \/>\n\t<meta property=\"og:image:width\" content=\"730\" \/>\n\t<meta property=\"og:image:height\" content=\"410\" \/>\n\t<meta property=\"og:image:type\" content=\"image\/jpeg\" \/>\n<meta name=\"author\" content=\"\u00d2scar Milla\" \/>\n<meta name=\"twitter:label1\" content=\"Escrit per\" \/>\n\t<meta name=\"twitter:data1\" content=\"\u00d2scar Milla\" \/>\n\t<meta name=\"twitter:label2\" content=\"Temps estimat de lectura\" \/>\n\t<meta name=\"twitter:data2\" content=\"2 minuts\" \/>\n<script type=\"application\/ld+json\" class=\"yoast-schema-graph\">{\"@context\":\"https:\\\/\\\/schema.org\",\"@graph\":[{\"@type\":\"Article\",\"@id\":\"https:\\\/\\\/www.lafarga.com\\\/corporatiu\\\/constant-activitat-farga-portada-diari-lh\\\/#article\",\"isPartOf\":{\"@id\":\"https:\\\/\\\/www.lafarga.com\\\/corporatiu\\\/constant-activitat-farga-portada-diari-lh\\\/\"},\"author\":{\"name\":\"\u00d2scar Milla\",\"@id\":\"https:\\\/\\\/www.lafarga.com\\\/corporatiu\\\/#\\\/schema\\\/person\\\/70d96fe17d0da1a9c9e80d232bdbcf33\"},\"headline\":\"La constant activitat de La Farga, portada del Diari de L&#8217;H\",\"datePublished\":\"2017-12-11T13:17:10+00:00\",\"dateModified\":\"2017-12-12T14:02:41+00:00\",\"mainEntityOfPage\":{\"@id\":\"https:\\\/\\\/www.lafarga.com\\\/corporatiu\\\/constant-activitat-farga-portada-diari-lh\\\/\"},\"wordCount\":404,\"publisher\":{\"@id\":\"https:\\\/\\\/www.lafarga.com\\\/corporatiu\\\/#organization\"},\"image\":{\"@id\":\"https:\\\/\\\/www.lafarga.com\\\/corporatiu\\\/constant-activitat-farga-portada-diari-lh\\\/#primaryimage\"},\"thumbnailUrl\":\"https:\\\/\\\/www.lafarga.com\\\/corporatiu\\\/wp-content\\\/uploads\\\/2017\\\/12\\\/Diari-LH-Desembre17.jpg\",\"articleSection\":[\"Centre d'Activitats\",\"Mitjans de Comunicaci\u00f3\"],\"inLanguage\":\"ca\"},{\"@type\":\"WebPage\",\"@id\":\"https:\\\/\\\/www.lafarga.com\\\/corporatiu\\\/constant-activitat-farga-portada-diari-lh\\\/\",\"url\":\"https:\\\/\\\/www.lafarga.com\\\/corporatiu\\\/constant-activitat-farga-portada-diari-lh\\\/\",\"name\":\"La constant activitat de La Farga, portada del Diari de L'H - La Farga Gesti\u00f3n de Equipamientos Municipales, S.A.\",\"isPartOf\":{\"@id\":\"https:\\\/\\\/www.lafarga.com\\\/corporatiu\\\/#website\"},\"primaryImageOfPage\":{\"@id\":\"https:\\\/\\\/www.lafarga.com\\\/corporatiu\\\/constant-activitat-farga-portada-diari-lh\\\/#primaryimage\"},\"image\":{\"@id\":\"https:\\\/\\\/www.lafarga.com\\\/corporatiu\\\/constant-activitat-farga-portada-diari-lh\\\/#primaryimage\"},\"thumbnailUrl\":\"https:\\\/\\\/www.lafarga.com\\\/corporatiu\\\/wp-content\\\/uploads\\\/2017\\\/12\\\/Diari-LH-Desembre17.jpg\",\"datePublished\":\"2017-12-11T13:17:10+00:00\",\"dateModified\":\"2017-12-12T14:02:41+00:00\",\"description\":\"La constant activitat de La Farga \u00e9s protagonista en l\u2019edici\u00f3 del Diari de L\u2019Hospitalet que ha sortit aquest dilluns, corresponent al mes de desembre.\",\"breadcrumb\":{\"@id\":\"https:\\\/\\\/www.lafarga.com\\\/corporatiu\\\/constant-activitat-farga-portada-diari-lh\\\/#breadcrumb\"},\"inLanguage\":\"ca\",\"potentialAction\":[{\"@type\":\"ReadAction\",\"target\":[\"https:\\\/\\\/www.lafarga.com\\\/corporatiu\\\/constant-activitat-farga-portada-diari-lh\\\/\"]}]},{\"@type\":\"ImageObject\",\"inLanguage\":\"ca\",\"@id\":\"https:\\\/\\\/www.lafarga.com\\\/corporatiu\\\/constant-activitat-farga-portada-diari-lh\\\/#primaryimage\",\"url\":\"https:\\\/\\\/www.lafarga.com\\\/corporatiu\\\/wp-content\\\/uploads\\\/2017\\\/12\\\/Diari-LH-Desembre17.jpg\",\"contentUrl\":\"https:\\\/\\\/www.lafarga.com\\\/corporatiu\\\/wp-content\\\/uploads\\\/2017\\\/12\\\/Diari-LH-Desembre17.jpg\",\"width\":730,\"height\":410,\"caption\":\"Diari Farga Constant Activitat\"},{\"@type\":\"BreadcrumbList\",\"@id\":\"https:\\\/\\\/www.lafarga.com\\\/corporatiu\\\/constant-activitat-farga-portada-diari-lh\\\/#breadcrumb\",\"itemListElement\":[{\"@type\":\"ListItem\",\"position\":1,\"name\":\"Home\",\"item\":\"https:\\\/\\\/www.lafarga.com\\\/corporatiu\\\/lafarga-hospitalet-llobregat\\\/\"},{\"@type\":\"ListItem\",\"position\":2,\"name\":\"La constant activitat de La Farga, portada del Diari de L&#8217;H\"}]},{\"@type\":\"WebSite\",\"@id\":\"https:\\\/\\\/www.lafarga.com\\\/corporatiu\\\/#website\",\"url\":\"https:\\\/\\\/www.lafarga.com\\\/corporatiu\\\/\",\"name\":\"La Farga Gesti\u00f3 d&#039;Equipaments Municipals, SA\",\"description\":\"\",\"publisher\":{\"@id\":\"https:\\\/\\\/www.lafarga.com\\\/corporatiu\\\/#organization\"},\"potentialAction\":[{\"@type\":\"SearchAction\",\"target\":{\"@type\":\"EntryPoint\",\"urlTemplate\":\"https:\\\/\\\/www.lafarga.com\\\/corporatiu\\\/?s={search_term_string}\"},\"query-input\":{\"@type\":\"PropertyValueSpecification\",\"valueRequired\":true,\"valueName\":\"search_term_string\"}}],\"inLanguage\":\"ca\"},{\"@type\":\"Organization\",\"@id\":\"https:\\\/\\\/www.lafarga.com\\\/corporatiu\\\/#organization\",\"name\":\"La Farga Gesti\u00f3 d&#039;Equipaments Municipals, SA\",\"url\":\"https:\\\/\\\/www.lafarga.com\\\/corporatiu\\\/\",\"logo\":{\"@type\":\"ImageObject\",\"inLanguage\":\"ca\",\"@id\":\"https:\\\/\\\/www.lafarga.com\\\/corporatiu\\\/#\\\/schema\\\/logo\\\/image\\\/\",\"url\":\"https:\\\/\\\/www.lafarga.com\\\/corporatiu\\\/wp-content\\\/uploads\\\/2023\\\/11\\\/logotipo_lafarga_gemsa.svg\",\"contentUrl\":\"https:\\\/\\\/www.lafarga.com\\\/corporatiu\\\/wp-content\\\/uploads\\\/2023\\\/11\\\/logotipo_lafarga_gemsa.svg\",\"width\":102,\"height\":103,\"caption\":\"La Farga Gesti\u00f3 d&#039;Equipaments Municipals, SA\"},\"image\":{\"@id\":\"https:\\\/\\\/www.lafarga.com\\\/corporatiu\\\/#\\\/schema\\\/logo\\\/image\\\/\"}},{\"@type\":\"Person\",\"@id\":\"https:\\\/\\\/www.lafarga.com\\\/corporatiu\\\/#\\\/schema\\\/person\\\/70d96fe17d0da1a9c9e80d232bdbcf33\",\"name\":\"\u00d2scar Milla\",\"image\":{\"@type\":\"ImageObject\",\"inLanguage\":\"ca\",\"@id\":\"https:\\\/\\\/secure.gravatar.com\\\/avatar\\\/92e75d184f9d5e0e403bd4ad075b080ad258344ddc259adddb579f6a3ba6494f?s=96&d=mm&r=g\",\"url\":\"https:\\\/\\\/secure.gravatar.com\\\/avatar\\\/92e75d184f9d5e0e403bd4ad075b080ad258344ddc259adddb579f6a3ba6494f?s=96&d=mm&r=g\",\"contentUrl\":\"https:\\\/\\\/secure.gravatar.com\\\/avatar\\\/92e75d184f9d5e0e403bd4ad075b080ad258344ddc259adddb579f6a3ba6494f?s=96&d=mm&r=g\",\"caption\":\"\u00d2scar Milla\"},\"url\":\"https:\\\/\\\/www.lafarga.com\\\/corporatiu\\\/author\\\/omilla\\\/\"}]}<\/script>\n<!-- \/ Yoast SEO plugin. -->","yoast_head_json":{"title":"La constant activitat de La Farga, portada del Diari de L'H - La Farga Gesti\u00f3n de Equipamientos Municipales, S.A.","description":"La constant activitat de La Farga \u00e9s protagonista en l\u2019edici\u00f3 del Diari de L\u2019Hospitalet que ha sortit aquest dilluns, corresponent al mes de desembre.","robots":{"index":"index","follow":"follow","max-snippet":"max-snippet:-1","max-image-preview":"max-image-preview:large","max-video-preview":"max-video-preview:-1"},"canonical":"https:\/\/www.lafarga.com\/corporatiu\/constant-activitat-farga-portada-diari-lh\/","og_locale":"ca_ES","og_type":"article","og_title":"La constant activitat de La Farga, portada del Diari de L'H - La Farga Gesti\u00f3n de Equipamientos Municipales, S.A.","og_description":"La constant activitat de La Farga \u00e9s protagonista en l\u2019edici\u00f3 del Diari de L\u2019Hospitalet que ha sortit aquest dilluns, corresponent al mes de desembre.","og_url":"https:\/\/www.lafarga.com\/corporatiu\/constant-activitat-farga-portada-diari-lh\/","og_site_name":"La Farga Gesti\u00f3n de Equipamientos Municipales, S.A.","article_published_time":"2017-12-11T13:17:10+00:00","article_modified_time":"2017-12-12T14:02:41+00:00","og_image":[{"width":730,"height":410,"url":"https:\/\/www.lafarga.com\/corporatiu\/wp-content\/uploads\/2017\/12\/Diari-LH-Desembre17.jpg","type":"image\/jpeg"}],"author":"\u00d2scar Milla","twitter_misc":{"Escrit per":"\u00d2scar Milla","Temps estimat de lectura":"2 minuts"},"schema":{"@context":"https:\/\/schema.org","@graph":[{"@type":"Article","@id":"https:\/\/www.lafarga.com\/corporatiu\/constant-activitat-farga-portada-diari-lh\/#article","isPartOf":{"@id":"https:\/\/www.lafarga.com\/corporatiu\/constant-activitat-farga-portada-diari-lh\/"},"author":{"name":"\u00d2scar Milla","@id":"https:\/\/www.lafarga.com\/corporatiu\/#\/schema\/person\/70d96fe17d0da1a9c9e80d232bdbcf33"},"headline":"La constant activitat de La Farga, portada del Diari de L&#8217;H","datePublished":"2017-12-11T13:17:10+00:00","dateModified":"2017-12-12T14:02:41+00:00","mainEntityOfPage":{"@id":"https:\/\/www.lafarga.com\/corporatiu\/constant-activitat-farga-portada-diari-lh\/"},"wordCount":404,"publisher":{"@id":"https:\/\/www.lafarga.com\/corporatiu\/#organization"},"image":{"@id":"https:\/\/www.lafarga.com\/corporatiu\/constant-activitat-farga-portada-diari-lh\/#primaryimage"},"thumbnailUrl":"https:\/\/www.lafarga.com\/corporatiu\/wp-content\/uploads\/2017\/12\/Diari-LH-Desembre17.jpg","articleSection":["Centre d'Activitats","Mitjans de Comunicaci\u00f3"],"inLanguage":"ca"},{"@type":"WebPage","@id":"https:\/\/www.lafarga.com\/corporatiu\/constant-activitat-farga-portada-diari-lh\/","url":"https:\/\/www.lafarga.com\/corporatiu\/constant-activitat-farga-portada-diari-lh\/","name":"La constant activitat de La Farga, portada del Diari de L'H - La Farga Gesti\u00f3n de Equipamientos Municipales, S.A.","isPartOf":{"@id":"https:\/\/www.lafarga.com\/corporatiu\/#website"},"primaryImageOfPage":{"@id":"https:\/\/www.lafarga.com\/corporatiu\/constant-activitat-farga-portada-diari-lh\/#primaryimage"},"image":{"@id":"https:\/\/www.lafarga.com\/corporatiu\/constant-activitat-farga-portada-diari-lh\/#primaryimage"},"thumbnailUrl":"https:\/\/www.lafarga.com\/corporatiu\/wp-content\/uploads\/2017\/12\/Diari-LH-Desembre17.jpg","datePublished":"2017-12-11T13:17:10+00:00","dateModified":"2017-12-12T14:02:41+00:00","description":"La constant activitat de La Farga \u00e9s protagonista en l\u2019edici\u00f3 del Diari de L\u2019Hospitalet que ha sortit aquest dilluns, corresponent al mes de desembre.","breadcrumb":{"@id":"https:\/\/www.lafarga.com\/corporatiu\/constant-activitat-farga-portada-diari-lh\/#breadcrumb"},"inLanguage":"ca","potentialAction":[{"@type":"ReadAction","target":["https:\/\/www.lafarga.com\/corporatiu\/constant-activitat-farga-portada-diari-lh\/"]}]},{"@type":"ImageObject","inLanguage":"ca","@id":"https:\/\/www.lafarga.com\/corporatiu\/constant-activitat-farga-portada-diari-lh\/#primaryimage","url":"https:\/\/www.lafarga.com\/corporatiu\/wp-content\/uploads\/2017\/12\/Diari-LH-Desembre17.jpg","contentUrl":"https:\/\/www.lafarga.com\/corporatiu\/wp-content\/uploads\/2017\/12\/Diari-LH-Desembre17.jpg","width":730,"height":410,"caption":"Diari Farga Constant Activitat"},{"@type":"BreadcrumbList","@id":"https:\/\/www.lafarga.com\/corporatiu\/constant-activitat-farga-portada-diari-lh\/#breadcrumb","itemListElement":[{"@type":"ListItem","position":1,"name":"Home","item":"https:\/\/www.lafarga.com\/corporatiu\/lafarga-hospitalet-llobregat\/"},{"@type":"ListItem","position":2,"name":"La constant activitat de La Farga, portada del Diari de L&#8217;H"}]},{"@type":"WebSite","@id":"https:\/\/www.lafarga.com\/corporatiu\/#website","url":"https:\/\/www.lafarga.com\/corporatiu\/","name":"La Farga Gesti\u00f3 d&#039;Equipaments Municipals, SA","description":"","publisher":{"@id":"https:\/\/www.lafarga.com\/corporatiu\/#organization"},"potentialAction":[{"@type":"SearchAction","target":{"@type":"EntryPoint","urlTemplate":"https:\/\/www.lafarga.com\/corporatiu\/?s={search_term_string}"},"query-input":{"@type":"PropertyValueSpecification","valueRequired":true,"valueName":"search_term_string"}}],"inLanguage":"ca"},{"@type":"Organization","@id":"https:\/\/www.lafarga.com\/corporatiu\/#organization","name":"La Farga Gesti\u00f3 d&#039;Equipaments Municipals, SA","url":"https:\/\/www.lafarga.com\/corporatiu\/","logo":{"@type":"ImageObject","inLanguage":"ca","@id":"https:\/\/www.lafarga.com\/corporatiu\/#\/schema\/logo\/image\/","url":"https:\/\/www.lafarga.com\/corporatiu\/wp-content\/uploads\/2023\/11\/logotipo_lafarga_gemsa.svg","contentUrl":"https:\/\/www.lafarga.com\/corporatiu\/wp-content\/uploads\/2023\/11\/logotipo_lafarga_gemsa.svg","width":102,"height":103,"caption":"La Farga Gesti\u00f3 d&#039;Equipaments Municipals, SA"},"image":{"@id":"https:\/\/www.lafarga.com\/corporatiu\/#\/schema\/logo\/image\/"}},{"@type":"Person","@id":"https:\/\/www.lafarga.com\/corporatiu\/#\/schema\/person\/70d96fe17d0da1a9c9e80d232bdbcf33","name":"\u00d2scar Milla","image":{"@type":"ImageObject","inLanguage":"ca","@id":"https:\/\/secure.gravatar.com\/avatar\/92e75d184f9d5e0e403bd4ad075b080ad258344ddc259adddb579f6a3ba6494f?s=96&d=mm&r=g","url":"https:\/\/secure.gravatar.com\/avatar\/92e75d184f9d5e0e403bd4ad075b080ad258344ddc259adddb579f6a3ba6494f?s=96&d=mm&r=g","contentUrl":"https:\/\/secure.gravatar.com\/avatar\/92e75d184f9d5e0e403bd4ad075b080ad258344ddc259adddb579f6a3ba6494f?s=96&d=mm&r=g","caption":"\u00d2scar Milla"},"url":"https:\/\/www.lafarga.com\/corporatiu\/author\/omilla\/"}]}},"uagb_featured_image_src":{"full":["https:\/\/www.lafarga.com\/corporatiu\/wp-content\/uploads\/2017\/12\/Diari-LH-Desembre17.jpg",730,410,false],"thumbnail":["https:\/\/www.lafarga.com\/corporatiu\/wp-content\/uploads\/2017\/12\/Diari-LH-Desembre17-150x150.jpg",150,150,true],"medium":["https:\/\/www.lafarga.com\/corporatiu\/wp-content\/uploads\/2017\/12\/Diari-LH-Desembre17-300x168.jpg",300,168,true],"medium_large":["https:\/\/www.lafarga.com\/corporatiu\/wp-content\/uploads\/2017\/12\/Diari-LH-Desembre17.jpg",730,410,false],"large":["https:\/\/www.lafarga.com\/corporatiu\/wp-content\/uploads\/2017\/12\/Diari-LH-Desembre17.jpg",730,410,false],"1536x1536":["https:\/\/www.lafarga.com\/corporatiu\/wp-content\/uploads\/2017\/12\/Diari-LH-Desembre17.jpg",730,410,false],"2048x2048":["https:\/\/www.lafarga.com\/corporatiu\/wp-content\/uploads\/2017\/12\/Diari-LH-Desembre17.jpg",730,410,false],"mailpoet_newsletter_max":["https:\/\/www.lafarga.com\/corporatiu\/wp-content\/uploads\/2017\/12\/Diari-LH-Desembre17.jpg",730,410,false]},"uagb_author_info":{"display_name":"\u00d2scar Milla","author_link":"https:\/\/www.lafarga.com\/corporatiu\/author\/omilla\/"},"uagb_comment_info":0,"uagb_excerpt":"La Farga de L\u2019Hospitalet \u00e9s protagonista en l\u2019edici\u00f3 del Diari de L\u2019Hospitalet que ha sortit aquest dilluns, corresponent al mes de desembre.","_links":{"self":[{"href":"https:\/\/www.lafarga.com\/corporatiu\/wp-json\/wp\/v2\/posts\/10964","targetHints":{"allow":["GET"]}}],"collection":[{"href":"https:\/\/www.lafarga.com\/corporatiu\/wp-json\/wp\/v2\/posts"}],"about":[{"href":"https:\/\/www.lafarga.com\/corporatiu\/wp-json\/wp\/v2\/types\/post"}],"author":[{"embeddable":true,"href":"https:\/\/www.lafarga.com\/corporatiu\/wp-json\/wp\/v2\/users\/5"}],"replies":[{"embeddable":true,"href":"https:\/\/www.lafarga.com\/corporatiu\/wp-json\/wp\/v2\/comments?post=10964"}],"version-history":[{"count":6,"href":"https:\/\/www.lafarga.com\/corporatiu\/wp-json\/wp\/v2\/posts\/10964\/revisions"}],"predecessor-version":[{"id":10984,"href":"https:\/\/www.lafarga.com\/corporatiu\/wp-json\/wp\/v2\/posts\/10964\/revisions\/10984"}],"wp:featuredmedia":[{"embeddable":true,"href":"https:\/\/www.lafarga.com\/corporatiu\/wp-json\/wp\/v2\/media\/10965"}],"wp:attachment":[{"href":"https:\/\/www.lafarga.com\/corporatiu\/wp-json\/wp\/v2\/media?parent=10964"}],"wp:term":[{"taxonomy":"category","embeddable":true,"href":"https:\/\/www.lafarga.com\/corporatiu\/wp-json\/wp\/v2\/categories?post=10964"},{"taxonomy":"post_tag","embeddable":true,"href":"https:\/\/www.lafarga.com\/corporatiu\/wp-json\/wp\/v2\/tags?post=10964"}],"curies":[{"name":"wp","href":"https:\/\/api.w.org\/{rel}","templated":true}]}}