{"id":10827,"date":"2017-11-17T12:20:49","date_gmt":"2017-11-17T12:20:49","guid":{"rendered":"http:\/\/www.lafarga.com\/corporatiu\/?p=10827"},"modified":"2017-11-21T15:27:29","modified_gmt":"2017-11-21T15:27:29","slug":"yomo-evento-mobile-world-congress-pasara-por-farga","status":"publish","type":"post","link":"https:\/\/www.lafarga.com\/corporatiu\/yomo-evento-mobile-world-congress-pasara-por-farga\/","title":{"rendered":"El Yomo, evento del Mobile World Congress, pasar\u00e1 por La Farga"},"content":{"rendered":"<h5>Del 27 de febrero al 2 de marzo de 2018<\/h5>\n<p><a href=\"http:\/\/www.lafargalhospitalet.com\/centro-actividades-hospitalet-barcelona\/\" target=\"_blank\" rel=\"noopener\"><strong>La Farga de L\u2019Hospitalet<\/strong><\/a> est\u00e1 preparando los \u00faltimos detalles para acoger el\u00a0<a href=\"https:\/\/www.mwcyomo.com\/es\/\" target=\"_blank\" rel=\"noopener\"><strong>Youth Mobile Festival (Yomo)<\/strong><\/a>, uno de los eventos m\u00e1s destacados del\u00a0<a href=\"https:\/\/www.mobileworldcongress.com\/\" target=\"_blank\" rel=\"noopener\"><strong>Mobile World Congress de Barcelona de 2018 (MWC)<\/strong><\/a>.<\/p>\n<p>El Youth Mobile Festival (Yomo) est\u00e1 destinado a j\u00f3venes estudiantes y es un programa inspirado para la formaci\u00f3n en el mundo de la ciencia, tecnolog\u00eda y todo lo que rodea las matem\u00e1ticas.<\/p>\n<p>Del 27 de febrero y hasta el viernes 2 de marzo, las instalaciones de La Farga Centro de Actividades y La Farga Congress estar\u00e1n a pleno rendimiento para acoger este evento internacional, presente en Feria de Barcelona, \u200b\u200by que por primera vez se ampliar\u00e1 a otros espacios de la ciudad de L\u2019Hospitalet.<\/p>\n<p>Por La Farga de L\u2019Hospitalet pueden llegar a pasar cerca de 15.000 j\u00f3venes y educadores de Catalu\u00f1a y Espa\u00f1a para participar en las diferentes exposiciones formativas, talleres interactivos, obras de teatro y actividades pr\u00e1cticas, as\u00ed como talleres para los educadores y conferencias.<\/p>\n<p>Este jueves Michael O\u2019Hara, director de marketing de la GSMA ha destacado que\u00a0<em>\u201clos preparativos del Mobile World Congress 2018 ya est\u00e1n muy avanzados y todo apunta a que veremos el acontecimiento m\u00e1s ambicioso que hemos celebrado hasta ahora\u201d.<\/em><\/p>\n<p><a href=\"https:\/\/www.mwcyomo.com\/bcn\/es\/programa\/\" target=\"_blank\" rel=\"noopener\"><strong>Programa de actividades del Yomo<\/strong><\/a><\/p>\n","protected":false},"excerpt":{"rendered":"<p>La Farga de L\u2019Hospitalet est\u00e1 preparando los \u00faltimos detalles para acoger el\u00a0Youth Mobile Festival (Yomo), uno de los eventos m\u00e1s destacados del\u00a0Mobile World Congress de Barcelona de 2018 (MWC).<\/p>\n","protected":false},"author":5,"featured_media":10825,"comment_status":"closed","ping_status":"closed","sticky":false,"template":"","format":"standard","meta":{"inline_featured_image":false,"_uag_custom_page_level_css":"","_monsterinsights_skip_tracking":false,"_monsterinsights_sitenote_active":false,"_monsterinsights_sitenote_note":"","_monsterinsights_sitenote_category":0,"site-sidebar-layout":"default","site-content-layout":"","ast-site-content-layout":"default","site-content-style":"default","site-sidebar-style":"default","ast-global-header-display":"","ast-banner-title-visibility":"","ast-main-header-display":"","ast-hfb-above-header-display":"","ast-hfb-below-header-display":"","ast-hfb-mobile-header-display":"","site-post-title":"","ast-breadcrumbs-content":"","ast-featured-img":"","footer-sml-layout":"","ast-disable-related-posts":"","theme-transparent-header-meta":"","adv-header-id-meta":"","stick-header-meta":"","header-above-stick-meta":"","header-main-stick-meta":"","header-below-stick-meta":"","astra-migrate-meta-layouts":"default","ast-page-background-enabled":"default","ast-page-background-meta":{"desktop":{"background-color":"var(--ast-global-color-4)","background-image":"","background-repeat":"repeat","background-position":"center center","background-size":"auto","background-attachment":"scroll","background-type":"","background-media":"","overlay-type":"","overlay-color":"","overlay-opacity":"","overlay-gradient":""},"tablet":{"background-color":"","background-image":"","background-repeat":"repeat","background-position":"center center","background-size":"auto","background-attachment":"scroll","background-type":"","background-media":"","overlay-type":"","overlay-color":"","overlay-opacity":"","overlay-gradient":""},"mobile":{"background-color":"","background-image":"","background-repeat":"repeat","background-position":"center center","background-size":"auto","background-attachment":"scroll","background-type":"","background-media":"","overlay-type":"","overlay-color":"","overlay-opacity":"","overlay-gradient":""}},"ast-content-background-meta":{"desktop":{"background-color":"var(--ast-global-color-5)","background-image":"","background-repeat":"repeat","background-position":"center center","background-size":"auto","background-attachment":"scroll","background-type":"","background-media":"","overlay-type":"","overlay-color":"","overlay-opacity":"","overlay-gradient":""},"tablet":{"background-color":"var(--ast-global-color-5)","background-image":"","background-repeat":"repeat","background-position":"center center","background-size":"auto","background-attachment":"scroll","background-type":"","background-media":"","overlay-type":"","overlay-color":"","overlay-opacity":"","overlay-gradient":""},"mobile":{"background-color":"var(--ast-global-color-5)","background-image":"","background-repeat":"repeat","background-position":"center center","background-size":"auto","background-attachment":"scroll","background-type":"","background-media":"","overlay-type":"","overlay-color":"","overlay-opacity":"","overlay-gradient":""}},"footnotes":""},"categories":[73],"tags":[],"class_list":["post-10827","post","type-post","status-publish","format-standard","has-post-thumbnail","hentry","category-centro-de-actividades"],"yoast_head":"<!-- This site is optimized with the Yoast SEO plugin v27.4 - https:\/\/yoast.com\/product\/yoast-seo-wordpress\/ -->\n<title>El Yomo, evento del Mobile World Congress, pasar\u00e1 por La Farga - La Farga Gesti\u00f3n de Equipamientos Municipales, S.A.<\/title>\n<meta name=\"description\" content=\"La Farga de L\u2019Hospitalet est\u00e0 ultimant els darrers detalls per acollir el\u00a0Youth Mobile Festival (YoMo), un dels esdeveniments m\u00e9s destacats del\u00a0MWC.\" \/>\n<meta name=\"robots\" content=\"index, follow, max-snippet:-1, max-image-preview:large, max-video-preview:-1\" \/>\n<link rel=\"canonical\" href=\"https:\/\/www.lafarga.com\/corporatiu\/yomo-evento-mobile-world-congress-pasara-por-farga\/\" \/>\n<meta property=\"og:locale\" content=\"ca_ES\" \/>\n<meta property=\"og:type\" content=\"article\" \/>\n<meta property=\"og:title\" content=\"El Yomo, evento del Mobile World Congress, pasar\u00e1 por La Farga - La Farga Gesti\u00f3n de Equipamientos Municipales, S.A.\" \/>\n<meta property=\"og:description\" content=\"La Farga de L\u2019Hospitalet est\u00e0 ultimant els darrers detalls per acollir el\u00a0Youth Mobile Festival (YoMo), un dels esdeveniments m\u00e9s destacats del\u00a0MWC.\" \/>\n<meta property=\"og:url\" content=\"https:\/\/www.lafarga.com\/corporatiu\/yomo-evento-mobile-world-congress-pasara-por-farga\/\" \/>\n<meta property=\"og:site_name\" content=\"La Farga Gesti\u00f3n de Equipamientos Municipales, S.A.\" \/>\n<meta property=\"article:published_time\" content=\"2017-11-17T12:20:49+00:00\" \/>\n<meta property=\"article:modified_time\" content=\"2017-11-21T15:27:29+00:00\" \/>\n<meta property=\"og:image\" content=\"https:\/\/www.lafarga.com\/corporatiu\/wp-content\/uploads\/2017\/11\/YoMo-Farga.jpg\" \/>\n\t<meta property=\"og:image:width\" content=\"730\" \/>\n\t<meta property=\"og:image:height\" content=\"410\" \/>\n\t<meta property=\"og:image:type\" content=\"image\/jpeg\" \/>\n<meta name=\"author\" content=\"\u00d2scar Milla\" \/>\n<meta name=\"twitter:label1\" content=\"Escrit per\" \/>\n\t<meta name=\"twitter:data1\" content=\"\u00d2scar Milla\" \/>\n\t<meta name=\"twitter:label2\" content=\"Temps estimat de lectura\" \/>\n\t<meta name=\"twitter:data2\" content=\"1 minut\" \/>\n<script type=\"application\/ld+json\" class=\"yoast-schema-graph\">{\"@context\":\"https:\\\/\\\/schema.org\",\"@graph\":[{\"@type\":\"Article\",\"@id\":\"https:\\\/\\\/www.lafarga.com\\\/corporatiu\\\/yomo-evento-mobile-world-congress-pasara-por-farga\\\/#article\",\"isPartOf\":{\"@id\":\"https:\\\/\\\/www.lafarga.com\\\/corporatiu\\\/yomo-evento-mobile-world-congress-pasara-por-farga\\\/\"},\"author\":{\"name\":\"\u00d2scar Milla\",\"@id\":\"https:\\\/\\\/www.lafarga.com\\\/corporatiu\\\/#\\\/schema\\\/person\\\/70d96fe17d0da1a9c9e80d232bdbcf33\"},\"headline\":\"El Yomo, evento del Mobile World Congress, pasar\u00e1 por La Farga\",\"datePublished\":\"2017-11-17T12:20:49+00:00\",\"dateModified\":\"2017-11-21T15:27:29+00:00\",\"mainEntityOfPage\":{\"@id\":\"https:\\\/\\\/www.lafarga.com\\\/corporatiu\\\/yomo-evento-mobile-world-congress-pasara-por-farga\\\/\"},\"wordCount\":230,\"publisher\":{\"@id\":\"https:\\\/\\\/www.lafarga.com\\\/corporatiu\\\/#organization\"},\"image\":{\"@id\":\"https:\\\/\\\/www.lafarga.com\\\/corporatiu\\\/yomo-evento-mobile-world-congress-pasara-por-farga\\\/#primaryimage\"},\"thumbnailUrl\":\"https:\\\/\\\/www.lafarga.com\\\/corporatiu\\\/wp-content\\\/uploads\\\/2017\\\/11\\\/YoMo-Farga.jpg\",\"articleSection\":[\"Centro de Actividades\"],\"inLanguage\":\"ca\"},{\"@type\":\"WebPage\",\"@id\":\"https:\\\/\\\/www.lafarga.com\\\/corporatiu\\\/yomo-evento-mobile-world-congress-pasara-por-farga\\\/\",\"url\":\"https:\\\/\\\/www.lafarga.com\\\/corporatiu\\\/yomo-evento-mobile-world-congress-pasara-por-farga\\\/\",\"name\":\"El Yomo, evento del Mobile World Congress, pasar\u00e1 por La Farga - La Farga Gesti\u00f3n de Equipamientos Municipales, S.A.\",\"isPartOf\":{\"@id\":\"https:\\\/\\\/www.lafarga.com\\\/corporatiu\\\/#website\"},\"primaryImageOfPage\":{\"@id\":\"https:\\\/\\\/www.lafarga.com\\\/corporatiu\\\/yomo-evento-mobile-world-congress-pasara-por-farga\\\/#primaryimage\"},\"image\":{\"@id\":\"https:\\\/\\\/www.lafarga.com\\\/corporatiu\\\/yomo-evento-mobile-world-congress-pasara-por-farga\\\/#primaryimage\"},\"thumbnailUrl\":\"https:\\\/\\\/www.lafarga.com\\\/corporatiu\\\/wp-content\\\/uploads\\\/2017\\\/11\\\/YoMo-Farga.jpg\",\"datePublished\":\"2017-11-17T12:20:49+00:00\",\"dateModified\":\"2017-11-21T15:27:29+00:00\",\"description\":\"La Farga de L\u2019Hospitalet est\u00e0 ultimant els darrers detalls per acollir el\u00a0Youth Mobile Festival (YoMo), un dels esdeveniments m\u00e9s destacats del\u00a0MWC.\",\"breadcrumb\":{\"@id\":\"https:\\\/\\\/www.lafarga.com\\\/corporatiu\\\/yomo-evento-mobile-world-congress-pasara-por-farga\\\/#breadcrumb\"},\"inLanguage\":\"ca\",\"potentialAction\":[{\"@type\":\"ReadAction\",\"target\":[\"https:\\\/\\\/www.lafarga.com\\\/corporatiu\\\/yomo-evento-mobile-world-congress-pasara-por-farga\\\/\"]}]},{\"@type\":\"ImageObject\",\"inLanguage\":\"ca\",\"@id\":\"https:\\\/\\\/www.lafarga.com\\\/corporatiu\\\/yomo-evento-mobile-world-congress-pasara-por-farga\\\/#primaryimage\",\"url\":\"https:\\\/\\\/www.lafarga.com\\\/corporatiu\\\/wp-content\\\/uploads\\\/2017\\\/11\\\/YoMo-Farga.jpg\",\"contentUrl\":\"https:\\\/\\\/www.lafarga.com\\\/corporatiu\\\/wp-content\\\/uploads\\\/2017\\\/11\\\/YoMo-Farga.jpg\",\"width\":730,\"height\":410,\"caption\":\"YoMo Farga Hospitalet\"},{\"@type\":\"BreadcrumbList\",\"@id\":\"https:\\\/\\\/www.lafarga.com\\\/corporatiu\\\/yomo-evento-mobile-world-congress-pasara-por-farga\\\/#breadcrumb\",\"itemListElement\":[{\"@type\":\"ListItem\",\"position\":1,\"name\":\"Home\",\"item\":\"https:\\\/\\\/www.lafarga.com\\\/corporatiu\\\/lafarga-hospitalet-llobregat\\\/\"},{\"@type\":\"ListItem\",\"position\":2,\"name\":\"El Yomo, evento del Mobile World Congress, pasar\u00e1 por La Farga\"}]},{\"@type\":\"WebSite\",\"@id\":\"https:\\\/\\\/www.lafarga.com\\\/corporatiu\\\/#website\",\"url\":\"https:\\\/\\\/www.lafarga.com\\\/corporatiu\\\/\",\"name\":\"La Farga Gesti\u00f3 d&#039;Equipaments Municipals, SA\",\"description\":\"\",\"publisher\":{\"@id\":\"https:\\\/\\\/www.lafarga.com\\\/corporatiu\\\/#organization\"},\"potentialAction\":[{\"@type\":\"SearchAction\",\"target\":{\"@type\":\"EntryPoint\",\"urlTemplate\":\"https:\\\/\\\/www.lafarga.com\\\/corporatiu\\\/?s={search_term_string}\"},\"query-input\":{\"@type\":\"PropertyValueSpecification\",\"valueRequired\":true,\"valueName\":\"search_term_string\"}}],\"inLanguage\":\"ca\"},{\"@type\":\"Organization\",\"@id\":\"https:\\\/\\\/www.lafarga.com\\\/corporatiu\\\/#organization\",\"name\":\"La Farga Gesti\u00f3 d&#039;Equipaments Municipals, SA\",\"url\":\"https:\\\/\\\/www.lafarga.com\\\/corporatiu\\\/\",\"logo\":{\"@type\":\"ImageObject\",\"inLanguage\":\"ca\",\"@id\":\"https:\\\/\\\/www.lafarga.com\\\/corporatiu\\\/#\\\/schema\\\/logo\\\/image\\\/\",\"url\":\"https:\\\/\\\/www.lafarga.com\\\/corporatiu\\\/wp-content\\\/uploads\\\/2023\\\/11\\\/logotipo_lafarga_gemsa.svg\",\"contentUrl\":\"https:\\\/\\\/www.lafarga.com\\\/corporatiu\\\/wp-content\\\/uploads\\\/2023\\\/11\\\/logotipo_lafarga_gemsa.svg\",\"width\":102,\"height\":103,\"caption\":\"La Farga Gesti\u00f3 d&#039;Equipaments Municipals, SA\"},\"image\":{\"@id\":\"https:\\\/\\\/www.lafarga.com\\\/corporatiu\\\/#\\\/schema\\\/logo\\\/image\\\/\"}},{\"@type\":\"Person\",\"@id\":\"https:\\\/\\\/www.lafarga.com\\\/corporatiu\\\/#\\\/schema\\\/person\\\/70d96fe17d0da1a9c9e80d232bdbcf33\",\"name\":\"\u00d2scar Milla\",\"image\":{\"@type\":\"ImageObject\",\"inLanguage\":\"ca\",\"@id\":\"https:\\\/\\\/secure.gravatar.com\\\/avatar\\\/92e75d184f9d5e0e403bd4ad075b080ad258344ddc259adddb579f6a3ba6494f?s=96&d=mm&r=g\",\"url\":\"https:\\\/\\\/secure.gravatar.com\\\/avatar\\\/92e75d184f9d5e0e403bd4ad075b080ad258344ddc259adddb579f6a3ba6494f?s=96&d=mm&r=g\",\"contentUrl\":\"https:\\\/\\\/secure.gravatar.com\\\/avatar\\\/92e75d184f9d5e0e403bd4ad075b080ad258344ddc259adddb579f6a3ba6494f?s=96&d=mm&r=g\",\"caption\":\"\u00d2scar Milla\"},\"url\":\"https:\\\/\\\/www.lafarga.com\\\/corporatiu\\\/author\\\/omilla\\\/\"}]}<\/script>\n<!-- \/ Yoast SEO plugin. -->","yoast_head_json":{"title":"El Yomo, evento del Mobile World Congress, pasar\u00e1 por La Farga - La Farga Gesti\u00f3n de Equipamientos Municipales, S.A.","description":"La Farga de L\u2019Hospitalet est\u00e0 ultimant els darrers detalls per acollir el\u00a0Youth Mobile Festival (YoMo), un dels esdeveniments m\u00e9s destacats del\u00a0MWC.","robots":{"index":"index","follow":"follow","max-snippet":"max-snippet:-1","max-image-preview":"max-image-preview:large","max-video-preview":"max-video-preview:-1"},"canonical":"https:\/\/www.lafarga.com\/corporatiu\/yomo-evento-mobile-world-congress-pasara-por-farga\/","og_locale":"ca_ES","og_type":"article","og_title":"El Yomo, evento del Mobile World Congress, pasar\u00e1 por La Farga - La Farga Gesti\u00f3n de Equipamientos Municipales, S.A.","og_description":"La Farga de L\u2019Hospitalet est\u00e0 ultimant els darrers detalls per acollir el\u00a0Youth Mobile Festival (YoMo), un dels esdeveniments m\u00e9s destacats del\u00a0MWC.","og_url":"https:\/\/www.lafarga.com\/corporatiu\/yomo-evento-mobile-world-congress-pasara-por-farga\/","og_site_name":"La Farga Gesti\u00f3n de Equipamientos Municipales, S.A.","article_published_time":"2017-11-17T12:20:49+00:00","article_modified_time":"2017-11-21T15:27:29+00:00","og_image":[{"width":730,"height":410,"url":"https:\/\/www.lafarga.com\/corporatiu\/wp-content\/uploads\/2017\/11\/YoMo-Farga.jpg","type":"image\/jpeg"}],"author":"\u00d2scar Milla","twitter_misc":{"Escrit per":"\u00d2scar Milla","Temps estimat de lectura":"1 minut"},"schema":{"@context":"https:\/\/schema.org","@graph":[{"@type":"Article","@id":"https:\/\/www.lafarga.com\/corporatiu\/yomo-evento-mobile-world-congress-pasara-por-farga\/#article","isPartOf":{"@id":"https:\/\/www.lafarga.com\/corporatiu\/yomo-evento-mobile-world-congress-pasara-por-farga\/"},"author":{"name":"\u00d2scar Milla","@id":"https:\/\/www.lafarga.com\/corporatiu\/#\/schema\/person\/70d96fe17d0da1a9c9e80d232bdbcf33"},"headline":"El Yomo, evento del Mobile World Congress, pasar\u00e1 por La Farga","datePublished":"2017-11-17T12:20:49+00:00","dateModified":"2017-11-21T15:27:29+00:00","mainEntityOfPage":{"@id":"https:\/\/www.lafarga.com\/corporatiu\/yomo-evento-mobile-world-congress-pasara-por-farga\/"},"wordCount":230,"publisher":{"@id":"https:\/\/www.lafarga.com\/corporatiu\/#organization"},"image":{"@id":"https:\/\/www.lafarga.com\/corporatiu\/yomo-evento-mobile-world-congress-pasara-por-farga\/#primaryimage"},"thumbnailUrl":"https:\/\/www.lafarga.com\/corporatiu\/wp-content\/uploads\/2017\/11\/YoMo-Farga.jpg","articleSection":["Centro de Actividades"],"inLanguage":"ca"},{"@type":"WebPage","@id":"https:\/\/www.lafarga.com\/corporatiu\/yomo-evento-mobile-world-congress-pasara-por-farga\/","url":"https:\/\/www.lafarga.com\/corporatiu\/yomo-evento-mobile-world-congress-pasara-por-farga\/","name":"El Yomo, evento del Mobile World Congress, pasar\u00e1 por La Farga - La Farga Gesti\u00f3n de Equipamientos Municipales, S.A.","isPartOf":{"@id":"https:\/\/www.lafarga.com\/corporatiu\/#website"},"primaryImageOfPage":{"@id":"https:\/\/www.lafarga.com\/corporatiu\/yomo-evento-mobile-world-congress-pasara-por-farga\/#primaryimage"},"image":{"@id":"https:\/\/www.lafarga.com\/corporatiu\/yomo-evento-mobile-world-congress-pasara-por-farga\/#primaryimage"},"thumbnailUrl":"https:\/\/www.lafarga.com\/corporatiu\/wp-content\/uploads\/2017\/11\/YoMo-Farga.jpg","datePublished":"2017-11-17T12:20:49+00:00","dateModified":"2017-11-21T15:27:29+00:00","description":"La Farga de L\u2019Hospitalet est\u00e0 ultimant els darrers detalls per acollir el\u00a0Youth Mobile Festival (YoMo), un dels esdeveniments m\u00e9s destacats del\u00a0MWC.","breadcrumb":{"@id":"https:\/\/www.lafarga.com\/corporatiu\/yomo-evento-mobile-world-congress-pasara-por-farga\/#breadcrumb"},"inLanguage":"ca","potentialAction":[{"@type":"ReadAction","target":["https:\/\/www.lafarga.com\/corporatiu\/yomo-evento-mobile-world-congress-pasara-por-farga\/"]}]},{"@type":"ImageObject","inLanguage":"ca","@id":"https:\/\/www.lafarga.com\/corporatiu\/yomo-evento-mobile-world-congress-pasara-por-farga\/#primaryimage","url":"https:\/\/www.lafarga.com\/corporatiu\/wp-content\/uploads\/2017\/11\/YoMo-Farga.jpg","contentUrl":"https:\/\/www.lafarga.com\/corporatiu\/wp-content\/uploads\/2017\/11\/YoMo-Farga.jpg","width":730,"height":410,"caption":"YoMo Farga Hospitalet"},{"@type":"BreadcrumbList","@id":"https:\/\/www.lafarga.com\/corporatiu\/yomo-evento-mobile-world-congress-pasara-por-farga\/#breadcrumb","itemListElement":[{"@type":"ListItem","position":1,"name":"Home","item":"https:\/\/www.lafarga.com\/corporatiu\/lafarga-hospitalet-llobregat\/"},{"@type":"ListItem","position":2,"name":"El Yomo, evento del Mobile World Congress, pasar\u00e1 por La Farga"}]},{"@type":"WebSite","@id":"https:\/\/www.lafarga.com\/corporatiu\/#website","url":"https:\/\/www.lafarga.com\/corporatiu\/","name":"La Farga Gesti\u00f3 d&#039;Equipaments Municipals, SA","description":"","publisher":{"@id":"https:\/\/www.lafarga.com\/corporatiu\/#organization"},"potentialAction":[{"@type":"SearchAction","target":{"@type":"EntryPoint","urlTemplate":"https:\/\/www.lafarga.com\/corporatiu\/?s={search_term_string}"},"query-input":{"@type":"PropertyValueSpecification","valueRequired":true,"valueName":"search_term_string"}}],"inLanguage":"ca"},{"@type":"Organization","@id":"https:\/\/www.lafarga.com\/corporatiu\/#organization","name":"La Farga Gesti\u00f3 d&#039;Equipaments Municipals, SA","url":"https:\/\/www.lafarga.com\/corporatiu\/","logo":{"@type":"ImageObject","inLanguage":"ca","@id":"https:\/\/www.lafarga.com\/corporatiu\/#\/schema\/logo\/image\/","url":"https:\/\/www.lafarga.com\/corporatiu\/wp-content\/uploads\/2023\/11\/logotipo_lafarga_gemsa.svg","contentUrl":"https:\/\/www.lafarga.com\/corporatiu\/wp-content\/uploads\/2023\/11\/logotipo_lafarga_gemsa.svg","width":102,"height":103,"caption":"La Farga Gesti\u00f3 d&#039;Equipaments Municipals, SA"},"image":{"@id":"https:\/\/www.lafarga.com\/corporatiu\/#\/schema\/logo\/image\/"}},{"@type":"Person","@id":"https:\/\/www.lafarga.com\/corporatiu\/#\/schema\/person\/70d96fe17d0da1a9c9e80d232bdbcf33","name":"\u00d2scar Milla","image":{"@type":"ImageObject","inLanguage":"ca","@id":"https:\/\/secure.gravatar.com\/avatar\/92e75d184f9d5e0e403bd4ad075b080ad258344ddc259adddb579f6a3ba6494f?s=96&d=mm&r=g","url":"https:\/\/secure.gravatar.com\/avatar\/92e75d184f9d5e0e403bd4ad075b080ad258344ddc259adddb579f6a3ba6494f?s=96&d=mm&r=g","contentUrl":"https:\/\/secure.gravatar.com\/avatar\/92e75d184f9d5e0e403bd4ad075b080ad258344ddc259adddb579f6a3ba6494f?s=96&d=mm&r=g","caption":"\u00d2scar Milla"},"url":"https:\/\/www.lafarga.com\/corporatiu\/author\/omilla\/"}]}},"uagb_featured_image_src":{"full":["https:\/\/www.lafarga.com\/corporatiu\/wp-content\/uploads\/2017\/11\/YoMo-Farga.jpg",730,410,false],"thumbnail":["https:\/\/www.lafarga.com\/corporatiu\/wp-content\/uploads\/2017\/11\/YoMo-Farga-150x150.jpg",150,150,true],"medium":["https:\/\/www.lafarga.com\/corporatiu\/wp-content\/uploads\/2017\/11\/YoMo-Farga-300x168.jpg",300,168,true],"medium_large":["https:\/\/www.lafarga.com\/corporatiu\/wp-content\/uploads\/2017\/11\/YoMo-Farga.jpg",730,410,false],"large":["https:\/\/www.lafarga.com\/corporatiu\/wp-content\/uploads\/2017\/11\/YoMo-Farga.jpg",730,410,false],"1536x1536":["https:\/\/www.lafarga.com\/corporatiu\/wp-content\/uploads\/2017\/11\/YoMo-Farga.jpg",730,410,false],"2048x2048":["https:\/\/www.lafarga.com\/corporatiu\/wp-content\/uploads\/2017\/11\/YoMo-Farga.jpg",730,410,false],"mailpoet_newsletter_max":["https:\/\/www.lafarga.com\/corporatiu\/wp-content\/uploads\/2017\/11\/YoMo-Farga.jpg",730,410,false]},"uagb_author_info":{"display_name":"\u00d2scar Milla","author_link":"https:\/\/www.lafarga.com\/corporatiu\/author\/omilla\/"},"uagb_comment_info":0,"uagb_excerpt":"La Farga de L\u2019Hospitalet est\u00e1 preparando los \u00faltimos detalles para acoger el\u00a0Youth Mobile Festival (Yomo), uno de los eventos m\u00e1s destacados del\u00a0Mobile World Congress de Barcelona de 2018 (MWC).","_links":{"self":[{"href":"https:\/\/www.lafarga.com\/corporatiu\/wp-json\/wp\/v2\/posts\/10827","targetHints":{"allow":["GET"]}}],"collection":[{"href":"https:\/\/www.lafarga.com\/corporatiu\/wp-json\/wp\/v2\/posts"}],"about":[{"href":"https:\/\/www.lafarga.com\/corporatiu\/wp-json\/wp\/v2\/types\/post"}],"author":[{"embeddable":true,"href":"https:\/\/www.lafarga.com\/corporatiu\/wp-json\/wp\/v2\/users\/5"}],"replies":[{"embeddable":true,"href":"https:\/\/www.lafarga.com\/corporatiu\/wp-json\/wp\/v2\/comments?post=10827"}],"version-history":[{"count":1,"href":"https:\/\/www.lafarga.com\/corporatiu\/wp-json\/wp\/v2\/posts\/10827\/revisions"}],"predecessor-version":[{"id":10828,"href":"https:\/\/www.lafarga.com\/corporatiu\/wp-json\/wp\/v2\/posts\/10827\/revisions\/10828"}],"wp:featuredmedia":[{"embeddable":true,"href":"https:\/\/www.lafarga.com\/corporatiu\/wp-json\/wp\/v2\/media\/10825"}],"wp:attachment":[{"href":"https:\/\/www.lafarga.com\/corporatiu\/wp-json\/wp\/v2\/media?parent=10827"}],"wp:term":[{"taxonomy":"category","embeddable":true,"href":"https:\/\/www.lafarga.com\/corporatiu\/wp-json\/wp\/v2\/categories?post=10827"},{"taxonomy":"post_tag","embeddable":true,"href":"https:\/\/www.lafarga.com\/corporatiu\/wp-json\/wp\/v2\/tags?post=10827"}],"curies":[{"name":"wp","href":"https:\/\/api.w.org\/{rel}","templated":true}]}}