{"id":10393,"date":"2017-06-26T07:01:07","date_gmt":"2017-06-26T07:01:07","guid":{"rendered":"http:\/\/www.lafarga.com\/corporatiu\/?p=10393"},"modified":"2017-06-26T07:05:35","modified_gmt":"2017-06-26T07:05:35","slug":"obert-proces-seleccio-director-mitjans-comunicacio","status":"publish","type":"post","link":"https:\/\/www.lafarga.com\/corporatiu\/obert-proces-seleccio-director-mitjans-comunicacio\/","title":{"rendered":"Obert el proc\u00e9s de selecci\u00f3 de Director\/a dels Mitjans de Comunicaci\u00f3"},"content":{"rendered":"<h5>La Farga GEM, SA anuncia<\/h5>\n<p>Es convoca la selecci\u00f3 d\u2019un\/a Director\/a dels Mitjans de Comunicaci\u00f3 titularitat de l\u2019Ajuntament de L\u2019Hospitalet de Llobregat que gestiona l\u2019empresa municipal La Farga Gesti\u00f3 d\u2019Equipaments Municipals, S.A. de conformitat amb el que disposen les bases corresponents.<\/p>\n<p>Cal que les persones que concorrin a aquesta convocat\u00f2ria p\u00fablica reuneixin els seg\u00fcent requisits:<\/p>\n<p><strong>a<\/strong>. Ser major d\u2019edat, disposar de la nacionalitat espanyola o estar en possessi\u00f3 de perm\u00eds de treball que possibiliti la signatura del corresponent contracte.<\/p>\n<p><strong>b<\/strong>. Acreditar el T\u00edtol de Llicenciatura o Grau Superior Universitari en Ci\u00e8ncies de la Informaci\u00f3, Ci\u00e8ncies de la Comunicaci\u00f3 o Ci\u00e8ncies Audiovisuals.<\/p>\n<p><strong>c<\/strong>. Acreditar el coneixement de la llengua catalana, de nivell de sufici\u00e8ncia (certificat C), amb la presentaci\u00f3 de t\u00edtols, diplomes o certificats equivalents als certificats vigents de coneixements de catal\u00e0 de la Secretaria de Pol\u00edtica Ling\u00fc\u00edstica.<br \/>\nEn el cas de no acreditar documentalment l\u2019esmentat nivell de sufici\u00e8ncia (certificat C) de llengua catalana, les persones interessades en participar en les presents proves, tamb\u00e9 podran presentar les seves inst\u00e0ncies si b\u00e9, hauran de realitzar la prova espec\u00edfica de coneixements de llengua catalana de l\u2019esmentat nivell, prevista a les bases de la present convocat\u00f2ria.<\/p>\n<p><strong>d<\/strong>. Experi\u00e8ncia m\u00ednima d\u2019un (1) any, en la gesti\u00f3 i\/o en la direcci\u00f3 en mitjans de comunicaci\u00f3 d\u2019\u00e0mbit local, auton\u00f2mic o estatal, que comprendr\u00e0 la gesti\u00f3 de recursos econ\u00f2mics, t\u00e8cnics i humans assignats a aquests mitjans.<\/p>\n<p>Les bases de la convocat\u00f2ria es troben exposades a la p\u00e0gina web de la societat <a href=\"https:\/\/www.lafarga.com\/corporatiu\/seleccio-de-personal\/\" target=\"_blank\" rel=\"noopener\"><strong>www.lafarga.com\/corporatiu\/seleccio-de-personal<\/strong><\/a>.<\/p>\n<p>El personal que participi en aquesta convocat\u00f2ria ha de presentar inst\u00e0ncia normalitzada tal i com preveuen les bases, juntament amb els documents acreditatius degudament numerats.<\/p>\n<p>La sol\u00b7licitud ha de lliurar-se en el Registre General de la Societat, a La Farga, GEM, S.A. carrer Barcelona, n\u00fam. 2, 08901 L\u2019Hospitalet, dintre de l\u2019horari de dilluns a divendres de 08:00 hores fins a les 19:30 ininterrompudament. El termini m\u00e0xim de presentaci\u00f3 de la documentaci\u00f3 \u00e9s el dia 20 de juliol de 2017 a les 14:00 hores.<\/p>\n","protected":false},"excerpt":{"rendered":"<p>Es convoca la selecci\u00f3 d\u2019un\/a Director\/a dels Mitjans de Comunicaci\u00f3 titularitat de l\u2019Ajuntament de L\u2019Hospitalet de Llobregat.<\/p>\n","protected":false},"author":5,"featured_media":6660,"comment_status":"closed","ping_status":"closed","sticky":false,"template":"","format":"standard","meta":{"inline_featured_image":false,"_uag_custom_page_level_css":"","_monsterinsights_skip_tracking":false,"_monsterinsights_sitenote_active":false,"_monsterinsights_sitenote_note":"","_monsterinsights_sitenote_category":0,"site-sidebar-layout":"default","site-content-layout":"","ast-site-content-layout":"default","site-content-style":"default","site-sidebar-style":"default","ast-global-header-display":"","ast-banner-title-visibility":"","ast-main-header-display":"","ast-hfb-above-header-display":"","ast-hfb-below-header-display":"","ast-hfb-mobile-header-display":"","site-post-title":"","ast-breadcrumbs-content":"","ast-featured-img":"","footer-sml-layout":"","ast-disable-related-posts":"","theme-transparent-header-meta":"","adv-header-id-meta":"","stick-header-meta":"","header-above-stick-meta":"","header-main-stick-meta":"","header-below-stick-meta":"","astra-migrate-meta-layouts":"default","ast-page-background-enabled":"default","ast-page-background-meta":{"desktop":{"background-color":"var(--ast-global-color-4)","background-image":"","background-repeat":"repeat","background-position":"center center","background-size":"auto","background-attachment":"scroll","background-type":"","background-media":"","overlay-type":"","overlay-color":"","overlay-opacity":"","overlay-gradient":""},"tablet":{"background-color":"","background-image":"","background-repeat":"repeat","background-position":"center center","background-size":"auto","background-attachment":"scroll","background-type":"","background-media":"","overlay-type":"","overlay-color":"","overlay-opacity":"","overlay-gradient":""},"mobile":{"background-color":"","background-image":"","background-repeat":"repeat","background-position":"center center","background-size":"auto","background-attachment":"scroll","background-type":"","background-media":"","overlay-type":"","overlay-color":"","overlay-opacity":"","overlay-gradient":""}},"ast-content-background-meta":{"desktop":{"background-color":"var(--ast-global-color-5)","background-image":"","background-repeat":"repeat","background-position":"center center","background-size":"auto","background-attachment":"scroll","background-type":"","background-media":"","overlay-type":"","overlay-color":"","overlay-opacity":"","overlay-gradient":""},"tablet":{"background-color":"var(--ast-global-color-5)","background-image":"","background-repeat":"repeat","background-position":"center center","background-size":"auto","background-attachment":"scroll","background-type":"","background-media":"","overlay-type":"","overlay-color":"","overlay-opacity":"","overlay-gradient":""},"mobile":{"background-color":"var(--ast-global-color-5)","background-image":"","background-repeat":"repeat","background-position":"center center","background-size":"auto","background-attachment":"scroll","background-type":"","background-media":"","overlay-type":"","overlay-color":"","overlay-opacity":"","overlay-gradient":""}},"footnotes":""},"categories":[51,65],"tags":[],"class_list":["post-10393","post","type-post","status-publish","format-standard","has-post-thumbnail","hentry","category-mitjans-comunicacio","category-seleccio-de-personal"],"yoast_head":"<!-- This site is optimized with the Yoast SEO plugin v27.4 - https:\/\/yoast.com\/product\/yoast-seo-wordpress\/ -->\n<title>Obert el proc\u00e9s de selecci\u00f3 de Director\/a dels Mitjans de Comunicaci\u00f3 - La Farga Gesti\u00f3n de Equipamientos Municipales, S.A.<\/title>\n<meta name=\"description\" content=\"Es convoca la selecci\u00f3 d\u2019un\/a Director\/a dels Mitjans de Comunicaci\u00f3 titularitat de l\u2019Ajuntament de l\u2019Hospitalet de Llobregat.\" \/>\n<meta name=\"robots\" content=\"index, follow, max-snippet:-1, max-image-preview:large, max-video-preview:-1\" \/>\n<link rel=\"canonical\" href=\"https:\/\/www.lafarga.com\/corporatiu\/obert-proces-seleccio-director-mitjans-comunicacio\/\" \/>\n<meta property=\"og:locale\" content=\"ca_ES\" \/>\n<meta property=\"og:type\" content=\"article\" \/>\n<meta property=\"og:title\" content=\"Obert el proc\u00e9s de selecci\u00f3 de Director\/a dels Mitjans de Comunicaci\u00f3 - La Farga Gesti\u00f3n de Equipamientos Municipales, S.A.\" \/>\n<meta property=\"og:description\" content=\"Es convoca la selecci\u00f3 d\u2019un\/a Director\/a dels Mitjans de Comunicaci\u00f3 titularitat de l\u2019Ajuntament de l\u2019Hospitalet de Llobregat.\" \/>\n<meta property=\"og:url\" content=\"https:\/\/www.lafarga.com\/corporatiu\/obert-proces-seleccio-director-mitjans-comunicacio\/\" \/>\n<meta property=\"og:site_name\" content=\"La Farga Gesti\u00f3n de Equipamientos Municipales, S.A.\" \/>\n<meta property=\"article:published_time\" content=\"2017-06-26T07:01:07+00:00\" \/>\n<meta property=\"article:modified_time\" content=\"2017-06-26T07:05:35+00:00\" \/>\n<meta property=\"og:image\" content=\"https:\/\/www.lafarga.com\/corporatiu\/wp-content\/uploads\/2016\/02\/edifici-mitjans-farga3.jpg\" \/>\n\t<meta property=\"og:image:width\" content=\"730\" \/>\n\t<meta property=\"og:image:height\" content=\"410\" \/>\n\t<meta property=\"og:image:type\" content=\"image\/jpeg\" \/>\n<meta name=\"author\" content=\"\u00d2scar Milla\" \/>\n<meta name=\"twitter:label1\" content=\"Escrit per\" \/>\n\t<meta name=\"twitter:data1\" content=\"\u00d2scar Milla\" \/>\n\t<meta name=\"twitter:label2\" content=\"Temps estimat de lectura\" \/>\n\t<meta name=\"twitter:data2\" content=\"2 minuts\" \/>\n<script type=\"application\/ld+json\" class=\"yoast-schema-graph\">{\"@context\":\"https:\\\/\\\/schema.org\",\"@graph\":[{\"@type\":\"Article\",\"@id\":\"https:\\\/\\\/www.lafarga.com\\\/corporatiu\\\/obert-proces-seleccio-director-mitjans-comunicacio\\\/#article\",\"isPartOf\":{\"@id\":\"https:\\\/\\\/www.lafarga.com\\\/corporatiu\\\/obert-proces-seleccio-director-mitjans-comunicacio\\\/\"},\"author\":{\"name\":\"\u00d2scar Milla\",\"@id\":\"https:\\\/\\\/www.lafarga.com\\\/corporatiu\\\/#\\\/schema\\\/person\\\/70d96fe17d0da1a9c9e80d232bdbcf33\"},\"headline\":\"Obert el proc\u00e9s de selecci\u00f3 de Director\\\/a dels Mitjans de Comunicaci\u00f3\",\"datePublished\":\"2017-06-26T07:01:07+00:00\",\"dateModified\":\"2017-06-26T07:05:35+00:00\",\"mainEntityOfPage\":{\"@id\":\"https:\\\/\\\/www.lafarga.com\\\/corporatiu\\\/obert-proces-seleccio-director-mitjans-comunicacio\\\/\"},\"wordCount\":381,\"publisher\":{\"@id\":\"https:\\\/\\\/www.lafarga.com\\\/corporatiu\\\/#organization\"},\"image\":{\"@id\":\"https:\\\/\\\/www.lafarga.com\\\/corporatiu\\\/obert-proces-seleccio-director-mitjans-comunicacio\\\/#primaryimage\"},\"thumbnailUrl\":\"https:\\\/\\\/www.lafarga.com\\\/corporatiu\\\/wp-content\\\/uploads\\\/2016\\\/02\\\/edifici-mitjans-farga3.jpg\",\"articleSection\":[\"Mitjans de Comunicaci\u00f3\",\"Selecci\u00f3 de personal\"],\"inLanguage\":\"ca\"},{\"@type\":\"WebPage\",\"@id\":\"https:\\\/\\\/www.lafarga.com\\\/corporatiu\\\/obert-proces-seleccio-director-mitjans-comunicacio\\\/\",\"url\":\"https:\\\/\\\/www.lafarga.com\\\/corporatiu\\\/obert-proces-seleccio-director-mitjans-comunicacio\\\/\",\"name\":\"Obert el proc\u00e9s de selecci\u00f3 de Director\\\/a dels Mitjans de Comunicaci\u00f3 - La Farga Gesti\u00f3n de Equipamientos Municipales, S.A.\",\"isPartOf\":{\"@id\":\"https:\\\/\\\/www.lafarga.com\\\/corporatiu\\\/#website\"},\"primaryImageOfPage\":{\"@id\":\"https:\\\/\\\/www.lafarga.com\\\/corporatiu\\\/obert-proces-seleccio-director-mitjans-comunicacio\\\/#primaryimage\"},\"image\":{\"@id\":\"https:\\\/\\\/www.lafarga.com\\\/corporatiu\\\/obert-proces-seleccio-director-mitjans-comunicacio\\\/#primaryimage\"},\"thumbnailUrl\":\"https:\\\/\\\/www.lafarga.com\\\/corporatiu\\\/wp-content\\\/uploads\\\/2016\\\/02\\\/edifici-mitjans-farga3.jpg\",\"datePublished\":\"2017-06-26T07:01:07+00:00\",\"dateModified\":\"2017-06-26T07:05:35+00:00\",\"description\":\"Es convoca la selecci\u00f3 d\u2019un\\\/a Director\\\/a dels Mitjans de Comunicaci\u00f3 titularitat de l\u2019Ajuntament de l\u2019Hospitalet de Llobregat.\",\"breadcrumb\":{\"@id\":\"https:\\\/\\\/www.lafarga.com\\\/corporatiu\\\/obert-proces-seleccio-director-mitjans-comunicacio\\\/#breadcrumb\"},\"inLanguage\":\"ca\",\"potentialAction\":[{\"@type\":\"ReadAction\",\"target\":[\"https:\\\/\\\/www.lafarga.com\\\/corporatiu\\\/obert-proces-seleccio-director-mitjans-comunicacio\\\/\"]}]},{\"@type\":\"ImageObject\",\"inLanguage\":\"ca\",\"@id\":\"https:\\\/\\\/www.lafarga.com\\\/corporatiu\\\/obert-proces-seleccio-director-mitjans-comunicacio\\\/#primaryimage\",\"url\":\"https:\\\/\\\/www.lafarga.com\\\/corporatiu\\\/wp-content\\\/uploads\\\/2016\\\/02\\\/edifici-mitjans-farga3.jpg\",\"contentUrl\":\"https:\\\/\\\/www.lafarga.com\\\/corporatiu\\\/wp-content\\\/uploads\\\/2016\\\/02\\\/edifici-mitjans-farga3.jpg\",\"width\":730,\"height\":410,\"caption\":\"Responsable Director Mitjans\"},{\"@type\":\"BreadcrumbList\",\"@id\":\"https:\\\/\\\/www.lafarga.com\\\/corporatiu\\\/obert-proces-seleccio-director-mitjans-comunicacio\\\/#breadcrumb\",\"itemListElement\":[{\"@type\":\"ListItem\",\"position\":1,\"name\":\"Home\",\"item\":\"https:\\\/\\\/www.lafarga.com\\\/corporatiu\\\/lafarga-hospitalet-llobregat\\\/\"},{\"@type\":\"ListItem\",\"position\":2,\"name\":\"Obert el proc\u00e9s de selecci\u00f3 de Director\\\/a dels Mitjans de Comunicaci\u00f3\"}]},{\"@type\":\"WebSite\",\"@id\":\"https:\\\/\\\/www.lafarga.com\\\/corporatiu\\\/#website\",\"url\":\"https:\\\/\\\/www.lafarga.com\\\/corporatiu\\\/\",\"name\":\"La Farga Gesti\u00f3 d&#039;Equipaments Municipals, SA\",\"description\":\"\",\"publisher\":{\"@id\":\"https:\\\/\\\/www.lafarga.com\\\/corporatiu\\\/#organization\"},\"potentialAction\":[{\"@type\":\"SearchAction\",\"target\":{\"@type\":\"EntryPoint\",\"urlTemplate\":\"https:\\\/\\\/www.lafarga.com\\\/corporatiu\\\/?s={search_term_string}\"},\"query-input\":{\"@type\":\"PropertyValueSpecification\",\"valueRequired\":true,\"valueName\":\"search_term_string\"}}],\"inLanguage\":\"ca\"},{\"@type\":\"Organization\",\"@id\":\"https:\\\/\\\/www.lafarga.com\\\/corporatiu\\\/#organization\",\"name\":\"La Farga Gesti\u00f3 d&#039;Equipaments Municipals, SA\",\"url\":\"https:\\\/\\\/www.lafarga.com\\\/corporatiu\\\/\",\"logo\":{\"@type\":\"ImageObject\",\"inLanguage\":\"ca\",\"@id\":\"https:\\\/\\\/www.lafarga.com\\\/corporatiu\\\/#\\\/schema\\\/logo\\\/image\\\/\",\"url\":\"https:\\\/\\\/www.lafarga.com\\\/corporatiu\\\/wp-content\\\/uploads\\\/2023\\\/11\\\/logotipo_lafarga_gemsa.svg\",\"contentUrl\":\"https:\\\/\\\/www.lafarga.com\\\/corporatiu\\\/wp-content\\\/uploads\\\/2023\\\/11\\\/logotipo_lafarga_gemsa.svg\",\"width\":102,\"height\":103,\"caption\":\"La Farga Gesti\u00f3 d&#039;Equipaments Municipals, SA\"},\"image\":{\"@id\":\"https:\\\/\\\/www.lafarga.com\\\/corporatiu\\\/#\\\/schema\\\/logo\\\/image\\\/\"}},{\"@type\":\"Person\",\"@id\":\"https:\\\/\\\/www.lafarga.com\\\/corporatiu\\\/#\\\/schema\\\/person\\\/70d96fe17d0da1a9c9e80d232bdbcf33\",\"name\":\"\u00d2scar Milla\",\"image\":{\"@type\":\"ImageObject\",\"inLanguage\":\"ca\",\"@id\":\"https:\\\/\\\/secure.gravatar.com\\\/avatar\\\/92e75d184f9d5e0e403bd4ad075b080ad258344ddc259adddb579f6a3ba6494f?s=96&d=mm&r=g\",\"url\":\"https:\\\/\\\/secure.gravatar.com\\\/avatar\\\/92e75d184f9d5e0e403bd4ad075b080ad258344ddc259adddb579f6a3ba6494f?s=96&d=mm&r=g\",\"contentUrl\":\"https:\\\/\\\/secure.gravatar.com\\\/avatar\\\/92e75d184f9d5e0e403bd4ad075b080ad258344ddc259adddb579f6a3ba6494f?s=96&d=mm&r=g\",\"caption\":\"\u00d2scar Milla\"},\"url\":\"https:\\\/\\\/www.lafarga.com\\\/corporatiu\\\/author\\\/omilla\\\/\"}]}<\/script>\n<!-- \/ Yoast SEO plugin. -->","yoast_head_json":{"title":"Obert el proc\u00e9s de selecci\u00f3 de Director\/a dels Mitjans de Comunicaci\u00f3 - La Farga Gesti\u00f3n de Equipamientos Municipales, S.A.","description":"Es convoca la selecci\u00f3 d\u2019un\/a Director\/a dels Mitjans de Comunicaci\u00f3 titularitat de l\u2019Ajuntament de l\u2019Hospitalet de Llobregat.","robots":{"index":"index","follow":"follow","max-snippet":"max-snippet:-1","max-image-preview":"max-image-preview:large","max-video-preview":"max-video-preview:-1"},"canonical":"https:\/\/www.lafarga.com\/corporatiu\/obert-proces-seleccio-director-mitjans-comunicacio\/","og_locale":"ca_ES","og_type":"article","og_title":"Obert el proc\u00e9s de selecci\u00f3 de Director\/a dels Mitjans de Comunicaci\u00f3 - La Farga Gesti\u00f3n de Equipamientos Municipales, S.A.","og_description":"Es convoca la selecci\u00f3 d\u2019un\/a Director\/a dels Mitjans de Comunicaci\u00f3 titularitat de l\u2019Ajuntament de l\u2019Hospitalet de Llobregat.","og_url":"https:\/\/www.lafarga.com\/corporatiu\/obert-proces-seleccio-director-mitjans-comunicacio\/","og_site_name":"La Farga Gesti\u00f3n de Equipamientos Municipales, S.A.","article_published_time":"2017-06-26T07:01:07+00:00","article_modified_time":"2017-06-26T07:05:35+00:00","og_image":[{"width":730,"height":410,"url":"https:\/\/www.lafarga.com\/corporatiu\/wp-content\/uploads\/2016\/02\/edifici-mitjans-farga3.jpg","type":"image\/jpeg"}],"author":"\u00d2scar Milla","twitter_misc":{"Escrit per":"\u00d2scar Milla","Temps estimat de lectura":"2 minuts"},"schema":{"@context":"https:\/\/schema.org","@graph":[{"@type":"Article","@id":"https:\/\/www.lafarga.com\/corporatiu\/obert-proces-seleccio-director-mitjans-comunicacio\/#article","isPartOf":{"@id":"https:\/\/www.lafarga.com\/corporatiu\/obert-proces-seleccio-director-mitjans-comunicacio\/"},"author":{"name":"\u00d2scar Milla","@id":"https:\/\/www.lafarga.com\/corporatiu\/#\/schema\/person\/70d96fe17d0da1a9c9e80d232bdbcf33"},"headline":"Obert el proc\u00e9s de selecci\u00f3 de Director\/a dels Mitjans de Comunicaci\u00f3","datePublished":"2017-06-26T07:01:07+00:00","dateModified":"2017-06-26T07:05:35+00:00","mainEntityOfPage":{"@id":"https:\/\/www.lafarga.com\/corporatiu\/obert-proces-seleccio-director-mitjans-comunicacio\/"},"wordCount":381,"publisher":{"@id":"https:\/\/www.lafarga.com\/corporatiu\/#organization"},"image":{"@id":"https:\/\/www.lafarga.com\/corporatiu\/obert-proces-seleccio-director-mitjans-comunicacio\/#primaryimage"},"thumbnailUrl":"https:\/\/www.lafarga.com\/corporatiu\/wp-content\/uploads\/2016\/02\/edifici-mitjans-farga3.jpg","articleSection":["Mitjans de Comunicaci\u00f3","Selecci\u00f3 de personal"],"inLanguage":"ca"},{"@type":"WebPage","@id":"https:\/\/www.lafarga.com\/corporatiu\/obert-proces-seleccio-director-mitjans-comunicacio\/","url":"https:\/\/www.lafarga.com\/corporatiu\/obert-proces-seleccio-director-mitjans-comunicacio\/","name":"Obert el proc\u00e9s de selecci\u00f3 de Director\/a dels Mitjans de Comunicaci\u00f3 - La Farga Gesti\u00f3n de Equipamientos Municipales, S.A.","isPartOf":{"@id":"https:\/\/www.lafarga.com\/corporatiu\/#website"},"primaryImageOfPage":{"@id":"https:\/\/www.lafarga.com\/corporatiu\/obert-proces-seleccio-director-mitjans-comunicacio\/#primaryimage"},"image":{"@id":"https:\/\/www.lafarga.com\/corporatiu\/obert-proces-seleccio-director-mitjans-comunicacio\/#primaryimage"},"thumbnailUrl":"https:\/\/www.lafarga.com\/corporatiu\/wp-content\/uploads\/2016\/02\/edifici-mitjans-farga3.jpg","datePublished":"2017-06-26T07:01:07+00:00","dateModified":"2017-06-26T07:05:35+00:00","description":"Es convoca la selecci\u00f3 d\u2019un\/a Director\/a dels Mitjans de Comunicaci\u00f3 titularitat de l\u2019Ajuntament de l\u2019Hospitalet de Llobregat.","breadcrumb":{"@id":"https:\/\/www.lafarga.com\/corporatiu\/obert-proces-seleccio-director-mitjans-comunicacio\/#breadcrumb"},"inLanguage":"ca","potentialAction":[{"@type":"ReadAction","target":["https:\/\/www.lafarga.com\/corporatiu\/obert-proces-seleccio-director-mitjans-comunicacio\/"]}]},{"@type":"ImageObject","inLanguage":"ca","@id":"https:\/\/www.lafarga.com\/corporatiu\/obert-proces-seleccio-director-mitjans-comunicacio\/#primaryimage","url":"https:\/\/www.lafarga.com\/corporatiu\/wp-content\/uploads\/2016\/02\/edifici-mitjans-farga3.jpg","contentUrl":"https:\/\/www.lafarga.com\/corporatiu\/wp-content\/uploads\/2016\/02\/edifici-mitjans-farga3.jpg","width":730,"height":410,"caption":"Responsable Director Mitjans"},{"@type":"BreadcrumbList","@id":"https:\/\/www.lafarga.com\/corporatiu\/obert-proces-seleccio-director-mitjans-comunicacio\/#breadcrumb","itemListElement":[{"@type":"ListItem","position":1,"name":"Home","item":"https:\/\/www.lafarga.com\/corporatiu\/lafarga-hospitalet-llobregat\/"},{"@type":"ListItem","position":2,"name":"Obert el proc\u00e9s de selecci\u00f3 de Director\/a dels Mitjans de Comunicaci\u00f3"}]},{"@type":"WebSite","@id":"https:\/\/www.lafarga.com\/corporatiu\/#website","url":"https:\/\/www.lafarga.com\/corporatiu\/","name":"La Farga Gesti\u00f3 d&#039;Equipaments Municipals, SA","description":"","publisher":{"@id":"https:\/\/www.lafarga.com\/corporatiu\/#organization"},"potentialAction":[{"@type":"SearchAction","target":{"@type":"EntryPoint","urlTemplate":"https:\/\/www.lafarga.com\/corporatiu\/?s={search_term_string}"},"query-input":{"@type":"PropertyValueSpecification","valueRequired":true,"valueName":"search_term_string"}}],"inLanguage":"ca"},{"@type":"Organization","@id":"https:\/\/www.lafarga.com\/corporatiu\/#organization","name":"La Farga Gesti\u00f3 d&#039;Equipaments Municipals, SA","url":"https:\/\/www.lafarga.com\/corporatiu\/","logo":{"@type":"ImageObject","inLanguage":"ca","@id":"https:\/\/www.lafarga.com\/corporatiu\/#\/schema\/logo\/image\/","url":"https:\/\/www.lafarga.com\/corporatiu\/wp-content\/uploads\/2023\/11\/logotipo_lafarga_gemsa.svg","contentUrl":"https:\/\/www.lafarga.com\/corporatiu\/wp-content\/uploads\/2023\/11\/logotipo_lafarga_gemsa.svg","width":102,"height":103,"caption":"La Farga Gesti\u00f3 d&#039;Equipaments Municipals, SA"},"image":{"@id":"https:\/\/www.lafarga.com\/corporatiu\/#\/schema\/logo\/image\/"}},{"@type":"Person","@id":"https:\/\/www.lafarga.com\/corporatiu\/#\/schema\/person\/70d96fe17d0da1a9c9e80d232bdbcf33","name":"\u00d2scar Milla","image":{"@type":"ImageObject","inLanguage":"ca","@id":"https:\/\/secure.gravatar.com\/avatar\/92e75d184f9d5e0e403bd4ad075b080ad258344ddc259adddb579f6a3ba6494f?s=96&d=mm&r=g","url":"https:\/\/secure.gravatar.com\/avatar\/92e75d184f9d5e0e403bd4ad075b080ad258344ddc259adddb579f6a3ba6494f?s=96&d=mm&r=g","contentUrl":"https:\/\/secure.gravatar.com\/avatar\/92e75d184f9d5e0e403bd4ad075b080ad258344ddc259adddb579f6a3ba6494f?s=96&d=mm&r=g","caption":"\u00d2scar Milla"},"url":"https:\/\/www.lafarga.com\/corporatiu\/author\/omilla\/"}]}},"uagb_featured_image_src":{"full":["https:\/\/www.lafarga.com\/corporatiu\/wp-content\/uploads\/2016\/02\/edifici-mitjans-farga3.jpg",730,410,false],"thumbnail":["https:\/\/www.lafarga.com\/corporatiu\/wp-content\/uploads\/2016\/02\/edifici-mitjans-farga3-150x150.jpg",150,150,true],"medium":["https:\/\/www.lafarga.com\/corporatiu\/wp-content\/uploads\/2016\/02\/edifici-mitjans-farga3-300x168.jpg",300,168,true],"medium_large":["https:\/\/www.lafarga.com\/corporatiu\/wp-content\/uploads\/2016\/02\/edifici-mitjans-farga3.jpg",730,410,false],"large":["https:\/\/www.lafarga.com\/corporatiu\/wp-content\/uploads\/2016\/02\/edifici-mitjans-farga3.jpg",730,410,false],"1536x1536":["https:\/\/www.lafarga.com\/corporatiu\/wp-content\/uploads\/2016\/02\/edifici-mitjans-farga3.jpg",730,410,false],"2048x2048":["https:\/\/www.lafarga.com\/corporatiu\/wp-content\/uploads\/2016\/02\/edifici-mitjans-farga3.jpg",730,410,false],"mailpoet_newsletter_max":["https:\/\/www.lafarga.com\/corporatiu\/wp-content\/uploads\/2016\/02\/edifici-mitjans-farga3.jpg",730,410,false]},"uagb_author_info":{"display_name":"\u00d2scar Milla","author_link":"https:\/\/www.lafarga.com\/corporatiu\/author\/omilla\/"},"uagb_comment_info":0,"uagb_excerpt":"Es convoca la selecci\u00f3 d\u2019un\/a Director\/a dels Mitjans de Comunicaci\u00f3 titularitat de l\u2019Ajuntament de L\u2019Hospitalet de Llobregat.","_links":{"self":[{"href":"https:\/\/www.lafarga.com\/corporatiu\/wp-json\/wp\/v2\/posts\/10393","targetHints":{"allow":["GET"]}}],"collection":[{"href":"https:\/\/www.lafarga.com\/corporatiu\/wp-json\/wp\/v2\/posts"}],"about":[{"href":"https:\/\/www.lafarga.com\/corporatiu\/wp-json\/wp\/v2\/types\/post"}],"author":[{"embeddable":true,"href":"https:\/\/www.lafarga.com\/corporatiu\/wp-json\/wp\/v2\/users\/5"}],"replies":[{"embeddable":true,"href":"https:\/\/www.lafarga.com\/corporatiu\/wp-json\/wp\/v2\/comments?post=10393"}],"version-history":[{"count":4,"href":"https:\/\/www.lafarga.com\/corporatiu\/wp-json\/wp\/v2\/posts\/10393\/revisions"}],"predecessor-version":[{"id":10400,"href":"https:\/\/www.lafarga.com\/corporatiu\/wp-json\/wp\/v2\/posts\/10393\/revisions\/10400"}],"wp:featuredmedia":[{"embeddable":true,"href":"https:\/\/www.lafarga.com\/corporatiu\/wp-json\/wp\/v2\/media\/6660"}],"wp:attachment":[{"href":"https:\/\/www.lafarga.com\/corporatiu\/wp-json\/wp\/v2\/media?parent=10393"}],"wp:term":[{"taxonomy":"category","embeddable":true,"href":"https:\/\/www.lafarga.com\/corporatiu\/wp-json\/wp\/v2\/categories?post=10393"},{"taxonomy":"post_tag","embeddable":true,"href":"https:\/\/www.lafarga.com\/corporatiu\/wp-json\/wp\/v2\/tags?post=10393"}],"curies":[{"name":"wp","href":"https:\/\/api.w.org\/{rel}","templated":true}]}}