{"id":10163,"date":"2017-05-17T11:06:55","date_gmt":"2017-05-17T11:06:55","guid":{"rendered":"http:\/\/www.lafarga.com\/corporatiu\/?p=10163"},"modified":"2017-05-17T11:06:55","modified_gmt":"2017-05-17T11:06:55","slug":"la-jornada-solidaria-de-star-wars-catalunya-en-la-farga","status":"publish","type":"post","link":"https:\/\/www.lafarga.com\/corporatiu\/la-jornada-solidaria-de-star-wars-catalunya-en-la-farga\/","title":{"rendered":"La Jornada Solidaria de Star Wars Catalunya, en La Farga"},"content":{"rendered":"<h5>Domingo 21, de 10 a 19 horas<\/h5>\n<p>Todo listo en La Farga Congress para que el pr\u00f3ximo domingo la asociaci\u00f3n Star Wars Catalunya celebre su primera Jornada Solidaria, con el objetivo de recaudar fondos para las organizaciones ben\u00e9ficas con las que colaboran como AFANOC, Miradas que hablan (MEPC2), Proyecto Pol, Hospital Sant Joan de D\u00e9u y Fundaci\u00f3n Vilaveccia.<\/p>\n<p>M\u00e1s informaci\u00f3n: <a href=\"http:\/\/www.lafargalhospitalet.com\/jornada-solidaria-star-wars-catalunya-2\/\" target=\"_blank\" rel=\"noopener noreferrer\"><strong>A punto la Jornada Solidaria de Star Wars Catalunya.<\/strong><\/a><\/p>\n","protected":false},"excerpt":{"rendered":"<p>Para recaudar fondos para las organizaciones ben\u00e9ficas con las que colaboran como AFANOC, Miradas que hablan (MEPC2), Proyecto Pol, Hospital Sant Joan de D\u00e9u y Fundaci\u00f3n Vilaveccia.<\/p>\n","protected":false},"author":5,"featured_media":9374,"comment_status":"closed","ping_status":"closed","sticky":false,"template":"","format":"standard","meta":{"inline_featured_image":false,"_uag_custom_page_level_css":"","_monsterinsights_skip_tracking":false,"_monsterinsights_sitenote_active":false,"_monsterinsights_sitenote_note":"","_monsterinsights_sitenote_category":0,"site-sidebar-layout":"default","site-content-layout":"","ast-site-content-layout":"default","site-content-style":"default","site-sidebar-style":"default","ast-global-header-display":"","ast-banner-title-visibility":"","ast-main-header-display":"","ast-hfb-above-header-display":"","ast-hfb-below-header-display":"","ast-hfb-mobile-header-display":"","site-post-title":"","ast-breadcrumbs-content":"","ast-featured-img":"","footer-sml-layout":"","ast-disable-related-posts":"","theme-transparent-header-meta":"","adv-header-id-meta":"","stick-header-meta":"","header-above-stick-meta":"","header-main-stick-meta":"","header-below-stick-meta":"","astra-migrate-meta-layouts":"default","ast-page-background-enabled":"default","ast-page-background-meta":{"desktop":{"background-color":"var(--ast-global-color-4)","background-image":"","background-repeat":"repeat","background-position":"center center","background-size":"auto","background-attachment":"scroll","background-type":"","background-media":"","overlay-type":"","overlay-color":"","overlay-opacity":"","overlay-gradient":""},"tablet":{"background-color":"","background-image":"","background-repeat":"repeat","background-position":"center center","background-size":"auto","background-attachment":"scroll","background-type":"","background-media":"","overlay-type":"","overlay-color":"","overlay-opacity":"","overlay-gradient":""},"mobile":{"background-color":"","background-image":"","background-repeat":"repeat","background-position":"center center","background-size":"auto","background-attachment":"scroll","background-type":"","background-media":"","overlay-type":"","overlay-color":"","overlay-opacity":"","overlay-gradient":""}},"ast-content-background-meta":{"desktop":{"background-color":"var(--ast-global-color-5)","background-image":"","background-repeat":"repeat","background-position":"center center","background-size":"auto","background-attachment":"scroll","background-type":"","background-media":"","overlay-type":"","overlay-color":"","overlay-opacity":"","overlay-gradient":""},"tablet":{"background-color":"var(--ast-global-color-5)","background-image":"","background-repeat":"repeat","background-position":"center center","background-size":"auto","background-attachment":"scroll","background-type":"","background-media":"","overlay-type":"","overlay-color":"","overlay-opacity":"","overlay-gradient":""},"mobile":{"background-color":"var(--ast-global-color-5)","background-image":"","background-repeat":"repeat","background-position":"center center","background-size":"auto","background-attachment":"scroll","background-type":"","background-media":"","overlay-type":"","overlay-color":"","overlay-opacity":"","overlay-gradient":""}},"footnotes":""},"categories":[73],"tags":[],"class_list":["post-10163","post","type-post","status-publish","format-standard","has-post-thumbnail","hentry","category-centro-de-actividades"],"yoast_head":"<!-- This site is optimized with the Yoast SEO plugin v27.4 - https:\/\/yoast.com\/product\/yoast-seo-wordpress\/ -->\n<title>La Jornada Solidaria de Star Wars Catalunya, en La Farga - La Farga Gesti\u00f3n de Equipamientos Municipales, S.A.<\/title>\n<meta name=\"description\" content=\"Tot a punt a La Farga Congress perqu\u00e8 el proper diumenge l\u2019associaci\u00f3 Star Wars Catalunya celebri la seva primera Jornada Solid\u00e0ria.\" \/>\n<meta name=\"robots\" content=\"index, follow, max-snippet:-1, max-image-preview:large, max-video-preview:-1\" \/>\n<link rel=\"canonical\" href=\"https:\/\/www.lafarga.com\/corporatiu\/la-jornada-solidaria-de-star-wars-catalunya-en-la-farga\/\" \/>\n<meta property=\"og:locale\" content=\"ca_ES\" \/>\n<meta property=\"og:type\" content=\"article\" \/>\n<meta property=\"og:title\" content=\"La Jornada Solidaria de Star Wars Catalunya, en La Farga - La Farga Gesti\u00f3n de Equipamientos Municipales, S.A.\" \/>\n<meta property=\"og:description\" content=\"Tot a punt a La Farga Congress perqu\u00e8 el proper diumenge l\u2019associaci\u00f3 Star Wars Catalunya celebri la seva primera Jornada Solid\u00e0ria.\" \/>\n<meta property=\"og:url\" content=\"https:\/\/www.lafarga.com\/corporatiu\/la-jornada-solidaria-de-star-wars-catalunya-en-la-farga\/\" \/>\n<meta property=\"og:site_name\" content=\"La Farga Gesti\u00f3n de Equipamientos Municipales, S.A.\" \/>\n<meta property=\"article:published_time\" content=\"2017-05-17T11:06:55+00:00\" \/>\n<meta property=\"og:image\" content=\"https:\/\/www.lafarga.com\/corporatiu\/wp-content\/uploads\/2017\/01\/SaloCinemaSeries-Kaliu.jpg\" \/>\n\t<meta property=\"og:image:width\" content=\"730\" \/>\n\t<meta property=\"og:image:height\" content=\"410\" \/>\n\t<meta property=\"og:image:type\" content=\"image\/jpeg\" \/>\n<meta name=\"author\" content=\"\u00d2scar Milla\" \/>\n<meta name=\"twitter:label1\" content=\"Escrit per\" \/>\n\t<meta name=\"twitter:data1\" content=\"\u00d2scar Milla\" \/>\n<script type=\"application\/ld+json\" class=\"yoast-schema-graph\">{\"@context\":\"https:\\\/\\\/schema.org\",\"@graph\":[{\"@type\":\"Article\",\"@id\":\"https:\\\/\\\/www.lafarga.com\\\/corporatiu\\\/la-jornada-solidaria-de-star-wars-catalunya-en-la-farga\\\/#article\",\"isPartOf\":{\"@id\":\"https:\\\/\\\/www.lafarga.com\\\/corporatiu\\\/la-jornada-solidaria-de-star-wars-catalunya-en-la-farga\\\/\"},\"author\":{\"name\":\"\u00d2scar Milla\",\"@id\":\"https:\\\/\\\/www.lafarga.com\\\/corporatiu\\\/#\\\/schema\\\/person\\\/70d96fe17d0da1a9c9e80d232bdbcf33\"},\"headline\":\"La Jornada Solidaria de Star Wars Catalunya, en La Farga\",\"datePublished\":\"2017-05-17T11:06:55+00:00\",\"mainEntityOfPage\":{\"@id\":\"https:\\\/\\\/www.lafarga.com\\\/corporatiu\\\/la-jornada-solidaria-de-star-wars-catalunya-en-la-farga\\\/\"},\"wordCount\":83,\"publisher\":{\"@id\":\"https:\\\/\\\/www.lafarga.com\\\/corporatiu\\\/#organization\"},\"image\":{\"@id\":\"https:\\\/\\\/www.lafarga.com\\\/corporatiu\\\/la-jornada-solidaria-de-star-wars-catalunya-en-la-farga\\\/#primaryimage\"},\"thumbnailUrl\":\"https:\\\/\\\/www.lafarga.com\\\/corporatiu\\\/wp-content\\\/uploads\\\/2017\\\/01\\\/SaloCinemaSeries-Kaliu.jpg\",\"articleSection\":[\"Centro de Actividades\"],\"inLanguage\":\"ca\"},{\"@type\":\"WebPage\",\"@id\":\"https:\\\/\\\/www.lafarga.com\\\/corporatiu\\\/la-jornada-solidaria-de-star-wars-catalunya-en-la-farga\\\/\",\"url\":\"https:\\\/\\\/www.lafarga.com\\\/corporatiu\\\/la-jornada-solidaria-de-star-wars-catalunya-en-la-farga\\\/\",\"name\":\"La Jornada Solidaria de Star Wars Catalunya, en La Farga - La Farga Gesti\u00f3n de Equipamientos Municipales, S.A.\",\"isPartOf\":{\"@id\":\"https:\\\/\\\/www.lafarga.com\\\/corporatiu\\\/#website\"},\"primaryImageOfPage\":{\"@id\":\"https:\\\/\\\/www.lafarga.com\\\/corporatiu\\\/la-jornada-solidaria-de-star-wars-catalunya-en-la-farga\\\/#primaryimage\"},\"image\":{\"@id\":\"https:\\\/\\\/www.lafarga.com\\\/corporatiu\\\/la-jornada-solidaria-de-star-wars-catalunya-en-la-farga\\\/#primaryimage\"},\"thumbnailUrl\":\"https:\\\/\\\/www.lafarga.com\\\/corporatiu\\\/wp-content\\\/uploads\\\/2017\\\/01\\\/SaloCinemaSeries-Kaliu.jpg\",\"datePublished\":\"2017-05-17T11:06:55+00:00\",\"description\":\"Tot a punt a La Farga Congress perqu\u00e8 el proper diumenge l\u2019associaci\u00f3 Star Wars Catalunya celebri la seva primera Jornada Solid\u00e0ria.\",\"breadcrumb\":{\"@id\":\"https:\\\/\\\/www.lafarga.com\\\/corporatiu\\\/la-jornada-solidaria-de-star-wars-catalunya-en-la-farga\\\/#breadcrumb\"},\"inLanguage\":\"ca\",\"potentialAction\":[{\"@type\":\"ReadAction\",\"target\":[\"https:\\\/\\\/www.lafarga.com\\\/corporatiu\\\/la-jornada-solidaria-de-star-wars-catalunya-en-la-farga\\\/\"]}]},{\"@type\":\"ImageObject\",\"inLanguage\":\"ca\",\"@id\":\"https:\\\/\\\/www.lafarga.com\\\/corporatiu\\\/la-jornada-solidaria-de-star-wars-catalunya-en-la-farga\\\/#primaryimage\",\"url\":\"https:\\\/\\\/www.lafarga.com\\\/corporatiu\\\/wp-content\\\/uploads\\\/2017\\\/01\\\/SaloCinemaSeries-Kaliu.jpg\",\"contentUrl\":\"https:\\\/\\\/www.lafarga.com\\\/corporatiu\\\/wp-content\\\/uploads\\\/2017\\\/01\\\/SaloCinemaSeries-Kaliu.jpg\",\"width\":730,\"height\":410,\"caption\":\"Porta Sal\u00f3 Cinema S\u00e8ries Star Wars\"},{\"@type\":\"BreadcrumbList\",\"@id\":\"https:\\\/\\\/www.lafarga.com\\\/corporatiu\\\/la-jornada-solidaria-de-star-wars-catalunya-en-la-farga\\\/#breadcrumb\",\"itemListElement\":[{\"@type\":\"ListItem\",\"position\":1,\"name\":\"Home\",\"item\":\"https:\\\/\\\/www.lafarga.com\\\/corporatiu\\\/lafarga-hospitalet-llobregat\\\/\"},{\"@type\":\"ListItem\",\"position\":2,\"name\":\"La Jornada Solidaria de Star Wars Catalunya, en La Farga\"}]},{\"@type\":\"WebSite\",\"@id\":\"https:\\\/\\\/www.lafarga.com\\\/corporatiu\\\/#website\",\"url\":\"https:\\\/\\\/www.lafarga.com\\\/corporatiu\\\/\",\"name\":\"La Farga Gesti\u00f3 d&#039;Equipaments Municipals, SA\",\"description\":\"\",\"publisher\":{\"@id\":\"https:\\\/\\\/www.lafarga.com\\\/corporatiu\\\/#organization\"},\"potentialAction\":[{\"@type\":\"SearchAction\",\"target\":{\"@type\":\"EntryPoint\",\"urlTemplate\":\"https:\\\/\\\/www.lafarga.com\\\/corporatiu\\\/?s={search_term_string}\"},\"query-input\":{\"@type\":\"PropertyValueSpecification\",\"valueRequired\":true,\"valueName\":\"search_term_string\"}}],\"inLanguage\":\"ca\"},{\"@type\":\"Organization\",\"@id\":\"https:\\\/\\\/www.lafarga.com\\\/corporatiu\\\/#organization\",\"name\":\"La Farga Gesti\u00f3 d&#039;Equipaments Municipals, SA\",\"url\":\"https:\\\/\\\/www.lafarga.com\\\/corporatiu\\\/\",\"logo\":{\"@type\":\"ImageObject\",\"inLanguage\":\"ca\",\"@id\":\"https:\\\/\\\/www.lafarga.com\\\/corporatiu\\\/#\\\/schema\\\/logo\\\/image\\\/\",\"url\":\"https:\\\/\\\/www.lafarga.com\\\/corporatiu\\\/wp-content\\\/uploads\\\/2023\\\/11\\\/logotipo_lafarga_gemsa.svg\",\"contentUrl\":\"https:\\\/\\\/www.lafarga.com\\\/corporatiu\\\/wp-content\\\/uploads\\\/2023\\\/11\\\/logotipo_lafarga_gemsa.svg\",\"width\":102,\"height\":103,\"caption\":\"La Farga Gesti\u00f3 d&#039;Equipaments Municipals, SA\"},\"image\":{\"@id\":\"https:\\\/\\\/www.lafarga.com\\\/corporatiu\\\/#\\\/schema\\\/logo\\\/image\\\/\"}},{\"@type\":\"Person\",\"@id\":\"https:\\\/\\\/www.lafarga.com\\\/corporatiu\\\/#\\\/schema\\\/person\\\/70d96fe17d0da1a9c9e80d232bdbcf33\",\"name\":\"\u00d2scar Milla\",\"image\":{\"@type\":\"ImageObject\",\"inLanguage\":\"ca\",\"@id\":\"https:\\\/\\\/secure.gravatar.com\\\/avatar\\\/92e75d184f9d5e0e403bd4ad075b080ad258344ddc259adddb579f6a3ba6494f?s=96&d=mm&r=g\",\"url\":\"https:\\\/\\\/secure.gravatar.com\\\/avatar\\\/92e75d184f9d5e0e403bd4ad075b080ad258344ddc259adddb579f6a3ba6494f?s=96&d=mm&r=g\",\"contentUrl\":\"https:\\\/\\\/secure.gravatar.com\\\/avatar\\\/92e75d184f9d5e0e403bd4ad075b080ad258344ddc259adddb579f6a3ba6494f?s=96&d=mm&r=g\",\"caption\":\"\u00d2scar Milla\"},\"url\":\"https:\\\/\\\/www.lafarga.com\\\/corporatiu\\\/author\\\/omilla\\\/\"}]}<\/script>\n<!-- \/ Yoast SEO plugin. -->","yoast_head_json":{"title":"La Jornada Solidaria de Star Wars Catalunya, en La Farga - La Farga Gesti\u00f3n de Equipamientos Municipales, S.A.","description":"Tot a punt a La Farga Congress perqu\u00e8 el proper diumenge l\u2019associaci\u00f3 Star Wars Catalunya celebri la seva primera Jornada Solid\u00e0ria.","robots":{"index":"index","follow":"follow","max-snippet":"max-snippet:-1","max-image-preview":"max-image-preview:large","max-video-preview":"max-video-preview:-1"},"canonical":"https:\/\/www.lafarga.com\/corporatiu\/la-jornada-solidaria-de-star-wars-catalunya-en-la-farga\/","og_locale":"ca_ES","og_type":"article","og_title":"La Jornada Solidaria de Star Wars Catalunya, en La Farga - La Farga Gesti\u00f3n de Equipamientos Municipales, S.A.","og_description":"Tot a punt a La Farga Congress perqu\u00e8 el proper diumenge l\u2019associaci\u00f3 Star Wars Catalunya celebri la seva primera Jornada Solid\u00e0ria.","og_url":"https:\/\/www.lafarga.com\/corporatiu\/la-jornada-solidaria-de-star-wars-catalunya-en-la-farga\/","og_site_name":"La Farga Gesti\u00f3n de Equipamientos Municipales, S.A.","article_published_time":"2017-05-17T11:06:55+00:00","og_image":[{"width":730,"height":410,"url":"https:\/\/www.lafarga.com\/corporatiu\/wp-content\/uploads\/2017\/01\/SaloCinemaSeries-Kaliu.jpg","type":"image\/jpeg"}],"author":"\u00d2scar Milla","twitter_misc":{"Escrit per":"\u00d2scar Milla"},"schema":{"@context":"https:\/\/schema.org","@graph":[{"@type":"Article","@id":"https:\/\/www.lafarga.com\/corporatiu\/la-jornada-solidaria-de-star-wars-catalunya-en-la-farga\/#article","isPartOf":{"@id":"https:\/\/www.lafarga.com\/corporatiu\/la-jornada-solidaria-de-star-wars-catalunya-en-la-farga\/"},"author":{"name":"\u00d2scar Milla","@id":"https:\/\/www.lafarga.com\/corporatiu\/#\/schema\/person\/70d96fe17d0da1a9c9e80d232bdbcf33"},"headline":"La Jornada Solidaria de Star Wars Catalunya, en La Farga","datePublished":"2017-05-17T11:06:55+00:00","mainEntityOfPage":{"@id":"https:\/\/www.lafarga.com\/corporatiu\/la-jornada-solidaria-de-star-wars-catalunya-en-la-farga\/"},"wordCount":83,"publisher":{"@id":"https:\/\/www.lafarga.com\/corporatiu\/#organization"},"image":{"@id":"https:\/\/www.lafarga.com\/corporatiu\/la-jornada-solidaria-de-star-wars-catalunya-en-la-farga\/#primaryimage"},"thumbnailUrl":"https:\/\/www.lafarga.com\/corporatiu\/wp-content\/uploads\/2017\/01\/SaloCinemaSeries-Kaliu.jpg","articleSection":["Centro de Actividades"],"inLanguage":"ca"},{"@type":"WebPage","@id":"https:\/\/www.lafarga.com\/corporatiu\/la-jornada-solidaria-de-star-wars-catalunya-en-la-farga\/","url":"https:\/\/www.lafarga.com\/corporatiu\/la-jornada-solidaria-de-star-wars-catalunya-en-la-farga\/","name":"La Jornada Solidaria de Star Wars Catalunya, en La Farga - La Farga Gesti\u00f3n de Equipamientos Municipales, S.A.","isPartOf":{"@id":"https:\/\/www.lafarga.com\/corporatiu\/#website"},"primaryImageOfPage":{"@id":"https:\/\/www.lafarga.com\/corporatiu\/la-jornada-solidaria-de-star-wars-catalunya-en-la-farga\/#primaryimage"},"image":{"@id":"https:\/\/www.lafarga.com\/corporatiu\/la-jornada-solidaria-de-star-wars-catalunya-en-la-farga\/#primaryimage"},"thumbnailUrl":"https:\/\/www.lafarga.com\/corporatiu\/wp-content\/uploads\/2017\/01\/SaloCinemaSeries-Kaliu.jpg","datePublished":"2017-05-17T11:06:55+00:00","description":"Tot a punt a La Farga Congress perqu\u00e8 el proper diumenge l\u2019associaci\u00f3 Star Wars Catalunya celebri la seva primera Jornada Solid\u00e0ria.","breadcrumb":{"@id":"https:\/\/www.lafarga.com\/corporatiu\/la-jornada-solidaria-de-star-wars-catalunya-en-la-farga\/#breadcrumb"},"inLanguage":"ca","potentialAction":[{"@type":"ReadAction","target":["https:\/\/www.lafarga.com\/corporatiu\/la-jornada-solidaria-de-star-wars-catalunya-en-la-farga\/"]}]},{"@type":"ImageObject","inLanguage":"ca","@id":"https:\/\/www.lafarga.com\/corporatiu\/la-jornada-solidaria-de-star-wars-catalunya-en-la-farga\/#primaryimage","url":"https:\/\/www.lafarga.com\/corporatiu\/wp-content\/uploads\/2017\/01\/SaloCinemaSeries-Kaliu.jpg","contentUrl":"https:\/\/www.lafarga.com\/corporatiu\/wp-content\/uploads\/2017\/01\/SaloCinemaSeries-Kaliu.jpg","width":730,"height":410,"caption":"Porta Sal\u00f3 Cinema S\u00e8ries Star Wars"},{"@type":"BreadcrumbList","@id":"https:\/\/www.lafarga.com\/corporatiu\/la-jornada-solidaria-de-star-wars-catalunya-en-la-farga\/#breadcrumb","itemListElement":[{"@type":"ListItem","position":1,"name":"Home","item":"https:\/\/www.lafarga.com\/corporatiu\/lafarga-hospitalet-llobregat\/"},{"@type":"ListItem","position":2,"name":"La Jornada Solidaria de Star Wars Catalunya, en La Farga"}]},{"@type":"WebSite","@id":"https:\/\/www.lafarga.com\/corporatiu\/#website","url":"https:\/\/www.lafarga.com\/corporatiu\/","name":"La Farga Gesti\u00f3 d&#039;Equipaments Municipals, SA","description":"","publisher":{"@id":"https:\/\/www.lafarga.com\/corporatiu\/#organization"},"potentialAction":[{"@type":"SearchAction","target":{"@type":"EntryPoint","urlTemplate":"https:\/\/www.lafarga.com\/corporatiu\/?s={search_term_string}"},"query-input":{"@type":"PropertyValueSpecification","valueRequired":true,"valueName":"search_term_string"}}],"inLanguage":"ca"},{"@type":"Organization","@id":"https:\/\/www.lafarga.com\/corporatiu\/#organization","name":"La Farga Gesti\u00f3 d&#039;Equipaments Municipals, SA","url":"https:\/\/www.lafarga.com\/corporatiu\/","logo":{"@type":"ImageObject","inLanguage":"ca","@id":"https:\/\/www.lafarga.com\/corporatiu\/#\/schema\/logo\/image\/","url":"https:\/\/www.lafarga.com\/corporatiu\/wp-content\/uploads\/2023\/11\/logotipo_lafarga_gemsa.svg","contentUrl":"https:\/\/www.lafarga.com\/corporatiu\/wp-content\/uploads\/2023\/11\/logotipo_lafarga_gemsa.svg","width":102,"height":103,"caption":"La Farga Gesti\u00f3 d&#039;Equipaments Municipals, SA"},"image":{"@id":"https:\/\/www.lafarga.com\/corporatiu\/#\/schema\/logo\/image\/"}},{"@type":"Person","@id":"https:\/\/www.lafarga.com\/corporatiu\/#\/schema\/person\/70d96fe17d0da1a9c9e80d232bdbcf33","name":"\u00d2scar Milla","image":{"@type":"ImageObject","inLanguage":"ca","@id":"https:\/\/secure.gravatar.com\/avatar\/92e75d184f9d5e0e403bd4ad075b080ad258344ddc259adddb579f6a3ba6494f?s=96&d=mm&r=g","url":"https:\/\/secure.gravatar.com\/avatar\/92e75d184f9d5e0e403bd4ad075b080ad258344ddc259adddb579f6a3ba6494f?s=96&d=mm&r=g","contentUrl":"https:\/\/secure.gravatar.com\/avatar\/92e75d184f9d5e0e403bd4ad075b080ad258344ddc259adddb579f6a3ba6494f?s=96&d=mm&r=g","caption":"\u00d2scar Milla"},"url":"https:\/\/www.lafarga.com\/corporatiu\/author\/omilla\/"}]}},"uagb_featured_image_src":{"full":["https:\/\/www.lafarga.com\/corporatiu\/wp-content\/uploads\/2017\/01\/SaloCinemaSeries-Kaliu.jpg",730,410,false],"thumbnail":["https:\/\/www.lafarga.com\/corporatiu\/wp-content\/uploads\/2017\/01\/SaloCinemaSeries-Kaliu-150x150.jpg",150,150,true],"medium":["https:\/\/www.lafarga.com\/corporatiu\/wp-content\/uploads\/2017\/01\/SaloCinemaSeries-Kaliu-300x168.jpg",300,168,true],"medium_large":["https:\/\/www.lafarga.com\/corporatiu\/wp-content\/uploads\/2017\/01\/SaloCinemaSeries-Kaliu.jpg",730,410,false],"large":["https:\/\/www.lafarga.com\/corporatiu\/wp-content\/uploads\/2017\/01\/SaloCinemaSeries-Kaliu.jpg",730,410,false],"1536x1536":["https:\/\/www.lafarga.com\/corporatiu\/wp-content\/uploads\/2017\/01\/SaloCinemaSeries-Kaliu.jpg",730,410,false],"2048x2048":["https:\/\/www.lafarga.com\/corporatiu\/wp-content\/uploads\/2017\/01\/SaloCinemaSeries-Kaliu.jpg",730,410,false],"mailpoet_newsletter_max":["https:\/\/www.lafarga.com\/corporatiu\/wp-content\/uploads\/2017\/01\/SaloCinemaSeries-Kaliu.jpg",730,410,false]},"uagb_author_info":{"display_name":"\u00d2scar Milla","author_link":"https:\/\/www.lafarga.com\/corporatiu\/author\/omilla\/"},"uagb_comment_info":0,"uagb_excerpt":"Para recaudar fondos para las organizaciones ben\u00e9ficas con las que colaboran como AFANOC, Miradas que hablan (MEPC2), Proyecto Pol, Hospital Sant Joan de D\u00e9u y Fundaci\u00f3n Vilaveccia.","_links":{"self":[{"href":"https:\/\/www.lafarga.com\/corporatiu\/wp-json\/wp\/v2\/posts\/10163","targetHints":{"allow":["GET"]}}],"collection":[{"href":"https:\/\/www.lafarga.com\/corporatiu\/wp-json\/wp\/v2\/posts"}],"about":[{"href":"https:\/\/www.lafarga.com\/corporatiu\/wp-json\/wp\/v2\/types\/post"}],"author":[{"embeddable":true,"href":"https:\/\/www.lafarga.com\/corporatiu\/wp-json\/wp\/v2\/users\/5"}],"replies":[{"embeddable":true,"href":"https:\/\/www.lafarga.com\/corporatiu\/wp-json\/wp\/v2\/comments?post=10163"}],"version-history":[{"count":1,"href":"https:\/\/www.lafarga.com\/corporatiu\/wp-json\/wp\/v2\/posts\/10163\/revisions"}],"predecessor-version":[{"id":10164,"href":"https:\/\/www.lafarga.com\/corporatiu\/wp-json\/wp\/v2\/posts\/10163\/revisions\/10164"}],"wp:featuredmedia":[{"embeddable":true,"href":"https:\/\/www.lafarga.com\/corporatiu\/wp-json\/wp\/v2\/media\/9374"}],"wp:attachment":[{"href":"https:\/\/www.lafarga.com\/corporatiu\/wp-json\/wp\/v2\/media?parent=10163"}],"wp:term":[{"taxonomy":"category","embeddable":true,"href":"https:\/\/www.lafarga.com\/corporatiu\/wp-json\/wp\/v2\/categories?post=10163"},{"taxonomy":"post_tag","embeddable":true,"href":"https:\/\/www.lafarga.com\/corporatiu\/wp-json\/wp\/v2\/tags?post=10163"}],"curies":[{"name":"wp","href":"https:\/\/api.w.org\/{rel}","templated":true}]}}