{"id":10144,"date":"2017-05-16T08:06:23","date_gmt":"2017-05-16T08:06:23","guid":{"rendered":"http:\/\/www.lafarga.com\/corporatiu\/?p=10144"},"modified":"2017-05-16T08:06:23","modified_gmt":"2017-05-16T08:06:23","slug":"andy-warhol-reviu-can-trinxet-portada-diari","status":"publish","type":"post","link":"https:\/\/www.lafarga.com\/corporatiu\/andy-warhol-reviu-can-trinxet-portada-diari\/","title":{"rendered":"Andy Warhol reviu a Can Trinxet, portada del Diari"},"content":{"rendered":"<h5>Edici\u00f3 n\u00famero 323<\/h5>\n<p>La mostra sobre Andy Warhol a Can Trinxet \u00e9s el principal tema de portada del <a href=\"http:\/\/lhdigital.cat\/web\/diari\/diari-l-h\" target=\"_blank\" rel=\"noopener noreferrer\"><strong>Diari de L\u2019Hospitalet<\/strong><\/a> d\u2019aquest mes de maig.<\/p>\n<p>L\u2019obra, oberta fins el 18 de juny, recull la relaci\u00f3 de l\u2019artista amb la m\u00fasica i recrea l\u2019estudi The Factory. L\u2019acci\u00f3 coincideix amb la Trobada Internacional de Districtes Culturals que tingut lloc a la ciutat.<\/p>\n<p>Un altre dels temes destacats del Diari \u00e9s que l\u2019antic edifici de Correus acull l\u2019escola restaurant El Repartidor. Impulsada per la Fundaci\u00f3 El Llindar ofereix als joves que no han superat l\u2019ESO poder seguir estudiant o treballar.<\/p>\n<p>El Diari tamb\u00e9 es fa ress\u00f2 de la reuni\u00f3 amb Foment per impulsar el soterrament de les vies del tren; que el Ple aprova la taxa municipal per gravar la inspecci\u00f3 de pisos buits de grans propietaris; i que a la ciutat s\u2019obrir\u00e0 un centre de medicina xinesa, referent europeu, que estar\u00e0 situat a la Granvia.<\/p>\n<p>En p\u00e0gines interiors trobem un destacat amb fotografia del moment que els Mitjans de Comunicaci\u00f3 Municipals, gestionats per La Farga, <a href=\"https:\/\/www.lafarga.com\/corporatiu\/mossos-esquadra-reconeixen-tasca-mitjans\/\" target=\"_blank\" rel=\"noopener noreferrer\"><strong>reben un guard\u00f3<\/strong><\/a> en el Dia de les Esquadres per la seva col\u00b7laboraci\u00f3 amb la Comissaria dels Mossos de L\u2019Hospitalet.<\/p>\n<p>En refer\u00e8ncia a La Farga Centre d\u2019Activitats el Diari destaca que el recinte hospitalenc ha rebut <a href=\"http:\/\/www.lafargalhospitalet.com\/farga-acull-150000-visitants-primer-trimestre\/\" target=\"_blank\" rel=\"noopener noreferrer\"><strong>150.000 visitants entre gener i mar\u00e7<\/strong><\/a>, i l\u2019apartat \u2018Et recomanem\u2019 ens recorda que el <a href=\"http:\/\/www.lafargalhospitalet.com\/agenda-cat\/\" target=\"_blank\" rel=\"noopener noreferrer\"><strong>proper diumenge<\/strong><\/a> se celebrar\u00e0 a La Farga la 1a Jornada Solid\u00e0ria Stars Wars Catalunya.<\/p>\n<p>Pel que fa a la cultura i entitats, Itaca celebra 40 anys amb una festa oberta a la Pl. Espanyola; que comencen les festes majors dels barris; i que arriben, un any m\u00e9s, la Setmana de Cant Coral i \u201cL\u2019Hospitalet fa teatre\u201d.<\/p>\n<p>Pel que fa als esports el Club B\u00e0squet L\u2019Hospitalet, amb descens de categoria, i l\u2019AEC Collblanc, amb perman\u00e8ncia a la Lliga EBA, tanquen la temporada.<\/p>\n<p>El Diari de L\u2019Hospitalet t\u00e9 una tirada de 105.000 exemplars mensuals arribant a totes les llars de la ciutat.<\/p>\n<p>Aqu\u00ed podeu visitar la <a href=\"http:\/\/lhdigital.cat\/diarilh_digital\/323\/index.html\" target=\"_blank\" rel=\"noopener noreferrer\"><strong>versi\u00f3 digital del Diari de L\u2019Hospitalet<\/strong><\/a>.<\/p>\n","protected":false},"excerpt":{"rendered":"<p>La mostra sobre Andy Warhol a Can Trinxet \u00e9s el principal tema de portada del Diari de L\u2019Hospitalet d\u2019aquest mes de maig.<\/p>\n","protected":false},"author":5,"featured_media":10145,"comment_status":"closed","ping_status":"closed","sticky":false,"template":"","format":"standard","meta":{"inline_featured_image":false,"_uag_custom_page_level_css":"","_monsterinsights_skip_tracking":false,"_monsterinsights_sitenote_active":false,"_monsterinsights_sitenote_note":"","_monsterinsights_sitenote_category":0,"site-sidebar-layout":"default","site-content-layout":"","ast-site-content-layout":"default","site-content-style":"default","site-sidebar-style":"default","ast-global-header-display":"","ast-banner-title-visibility":"","ast-main-header-display":"","ast-hfb-above-header-display":"","ast-hfb-below-header-display":"","ast-hfb-mobile-header-display":"","site-post-title":"","ast-breadcrumbs-content":"","ast-featured-img":"","footer-sml-layout":"","ast-disable-related-posts":"","theme-transparent-header-meta":"","adv-header-id-meta":"","stick-header-meta":"","header-above-stick-meta":"","header-main-stick-meta":"","header-below-stick-meta":"","astra-migrate-meta-layouts":"default","ast-page-background-enabled":"default","ast-page-background-meta":{"desktop":{"background-color":"var(--ast-global-color-4)","background-image":"","background-repeat":"repeat","background-position":"center center","background-size":"auto","background-attachment":"scroll","background-type":"","background-media":"","overlay-type":"","overlay-color":"","overlay-opacity":"","overlay-gradient":""},"tablet":{"background-color":"","background-image":"","background-repeat":"repeat","background-position":"center center","background-size":"auto","background-attachment":"scroll","background-type":"","background-media":"","overlay-type":"","overlay-color":"","overlay-opacity":"","overlay-gradient":""},"mobile":{"background-color":"","background-image":"","background-repeat":"repeat","background-position":"center center","background-size":"auto","background-attachment":"scroll","background-type":"","background-media":"","overlay-type":"","overlay-color":"","overlay-opacity":"","overlay-gradient":""}},"ast-content-background-meta":{"desktop":{"background-color":"var(--ast-global-color-5)","background-image":"","background-repeat":"repeat","background-position":"center center","background-size":"auto","background-attachment":"scroll","background-type":"","background-media":"","overlay-type":"","overlay-color":"","overlay-opacity":"","overlay-gradient":""},"tablet":{"background-color":"var(--ast-global-color-5)","background-image":"","background-repeat":"repeat","background-position":"center center","background-size":"auto","background-attachment":"scroll","background-type":"","background-media":"","overlay-type":"","overlay-color":"","overlay-opacity":"","overlay-gradient":""},"mobile":{"background-color":"var(--ast-global-color-5)","background-image":"","background-repeat":"repeat","background-position":"center center","background-size":"auto","background-attachment":"scroll","background-type":"","background-media":"","overlay-type":"","overlay-color":"","overlay-opacity":"","overlay-gradient":""}},"footnotes":""},"categories":[51],"tags":[],"class_list":["post-10144","post","type-post","status-publish","format-standard","has-post-thumbnail","hentry","category-mitjans-comunicacio"],"yoast_head":"<!-- This site is optimized with the Yoast SEO plugin v27.4 - https:\/\/yoast.com\/product\/yoast-seo-wordpress\/ -->\n<title>Andy Warhol reviu a Can Trinxet, portada del Diari - La Farga Gesti\u00f3n de Equipamientos Municipales, S.A.<\/title>\n<meta name=\"description\" content=\"La mostra sobre Andy Warhol a Can Trinxet \u00e9s el principal tema de portada del Diari de L\u2019Hospitalet d\u2019aquest mes de maig.\" \/>\n<meta name=\"robots\" content=\"index, follow, max-snippet:-1, max-image-preview:large, max-video-preview:-1\" \/>\n<link rel=\"canonical\" href=\"https:\/\/www.lafarga.com\/corporatiu\/andy-warhol-reviu-can-trinxet-portada-diari\/\" \/>\n<meta property=\"og:locale\" content=\"ca_ES\" \/>\n<meta property=\"og:type\" content=\"article\" \/>\n<meta property=\"og:title\" content=\"Andy Warhol reviu a Can Trinxet, portada del Diari - La Farga Gesti\u00f3n de Equipamientos Municipales, S.A.\" \/>\n<meta property=\"og:description\" content=\"La mostra sobre Andy Warhol a Can Trinxet \u00e9s el principal tema de portada del Diari de L\u2019Hospitalet d\u2019aquest mes de maig.\" \/>\n<meta property=\"og:url\" content=\"https:\/\/www.lafarga.com\/corporatiu\/andy-warhol-reviu-can-trinxet-portada-diari\/\" \/>\n<meta property=\"og:site_name\" content=\"La Farga Gesti\u00f3n de Equipamientos Municipales, S.A.\" \/>\n<meta property=\"article:published_time\" content=\"2017-05-16T08:06:23+00:00\" \/>\n<meta property=\"og:image\" content=\"https:\/\/www.lafarga.com\/corporatiu\/wp-content\/uploads\/2017\/05\/Diari-LH-Maig17.jpg\" \/>\n\t<meta property=\"og:image:width\" content=\"730\" \/>\n\t<meta property=\"og:image:height\" content=\"410\" \/>\n\t<meta property=\"og:image:type\" content=\"image\/jpeg\" \/>\n<meta name=\"author\" content=\"\u00d2scar Milla\" \/>\n<meta name=\"twitter:label1\" content=\"Escrit per\" \/>\n\t<meta name=\"twitter:data1\" content=\"\u00d2scar Milla\" \/>\n\t<meta name=\"twitter:label2\" content=\"Temps estimat de lectura\" \/>\n\t<meta name=\"twitter:data2\" content=\"2 minuts\" \/>\n<script type=\"application\/ld+json\" class=\"yoast-schema-graph\">{\"@context\":\"https:\\\/\\\/schema.org\",\"@graph\":[{\"@type\":\"Article\",\"@id\":\"https:\\\/\\\/www.lafarga.com\\\/corporatiu\\\/andy-warhol-reviu-can-trinxet-portada-diari\\\/#article\",\"isPartOf\":{\"@id\":\"https:\\\/\\\/www.lafarga.com\\\/corporatiu\\\/andy-warhol-reviu-can-trinxet-portada-diari\\\/\"},\"author\":{\"name\":\"\u00d2scar Milla\",\"@id\":\"https:\\\/\\\/www.lafarga.com\\\/corporatiu\\\/#\\\/schema\\\/person\\\/70d96fe17d0da1a9c9e80d232bdbcf33\"},\"headline\":\"Andy Warhol reviu a Can Trinxet, portada del Diari\",\"datePublished\":\"2017-05-16T08:06:23+00:00\",\"mainEntityOfPage\":{\"@id\":\"https:\\\/\\\/www.lafarga.com\\\/corporatiu\\\/andy-warhol-reviu-can-trinxet-portada-diari\\\/\"},\"wordCount\":364,\"publisher\":{\"@id\":\"https:\\\/\\\/www.lafarga.com\\\/corporatiu\\\/#organization\"},\"image\":{\"@id\":\"https:\\\/\\\/www.lafarga.com\\\/corporatiu\\\/andy-warhol-reviu-can-trinxet-portada-diari\\\/#primaryimage\"},\"thumbnailUrl\":\"https:\\\/\\\/www.lafarga.com\\\/corporatiu\\\/wp-content\\\/uploads\\\/2017\\\/05\\\/Diari-LH-Maig17.jpg\",\"articleSection\":[\"Mitjans de Comunicaci\u00f3\"],\"inLanguage\":\"ca\"},{\"@type\":\"WebPage\",\"@id\":\"https:\\\/\\\/www.lafarga.com\\\/corporatiu\\\/andy-warhol-reviu-can-trinxet-portada-diari\\\/\",\"url\":\"https:\\\/\\\/www.lafarga.com\\\/corporatiu\\\/andy-warhol-reviu-can-trinxet-portada-diari\\\/\",\"name\":\"Andy Warhol reviu a Can Trinxet, portada del Diari - La Farga Gesti\u00f3n de Equipamientos Municipales, S.A.\",\"isPartOf\":{\"@id\":\"https:\\\/\\\/www.lafarga.com\\\/corporatiu\\\/#website\"},\"primaryImageOfPage\":{\"@id\":\"https:\\\/\\\/www.lafarga.com\\\/corporatiu\\\/andy-warhol-reviu-can-trinxet-portada-diari\\\/#primaryimage\"},\"image\":{\"@id\":\"https:\\\/\\\/www.lafarga.com\\\/corporatiu\\\/andy-warhol-reviu-can-trinxet-portada-diari\\\/#primaryimage\"},\"thumbnailUrl\":\"https:\\\/\\\/www.lafarga.com\\\/corporatiu\\\/wp-content\\\/uploads\\\/2017\\\/05\\\/Diari-LH-Maig17.jpg\",\"datePublished\":\"2017-05-16T08:06:23+00:00\",\"description\":\"La mostra sobre Andy Warhol a Can Trinxet \u00e9s el principal tema de portada del Diari de L\u2019Hospitalet d\u2019aquest mes de maig.\",\"breadcrumb\":{\"@id\":\"https:\\\/\\\/www.lafarga.com\\\/corporatiu\\\/andy-warhol-reviu-can-trinxet-portada-diari\\\/#breadcrumb\"},\"inLanguage\":\"ca\",\"potentialAction\":[{\"@type\":\"ReadAction\",\"target\":[\"https:\\\/\\\/www.lafarga.com\\\/corporatiu\\\/andy-warhol-reviu-can-trinxet-portada-diari\\\/\"]}]},{\"@type\":\"ImageObject\",\"inLanguage\":\"ca\",\"@id\":\"https:\\\/\\\/www.lafarga.com\\\/corporatiu\\\/andy-warhol-reviu-can-trinxet-portada-diari\\\/#primaryimage\",\"url\":\"https:\\\/\\\/www.lafarga.com\\\/corporatiu\\\/wp-content\\\/uploads\\\/2017\\\/05\\\/Diari-LH-Maig17.jpg\",\"contentUrl\":\"https:\\\/\\\/www.lafarga.com\\\/corporatiu\\\/wp-content\\\/uploads\\\/2017\\\/05\\\/Diari-LH-Maig17.jpg\",\"width\":730,\"height\":410,\"caption\":\"Diari Maig Andy Warhol\"},{\"@type\":\"BreadcrumbList\",\"@id\":\"https:\\\/\\\/www.lafarga.com\\\/corporatiu\\\/andy-warhol-reviu-can-trinxet-portada-diari\\\/#breadcrumb\",\"itemListElement\":[{\"@type\":\"ListItem\",\"position\":1,\"name\":\"Home\",\"item\":\"https:\\\/\\\/www.lafarga.com\\\/corporatiu\\\/lafarga-hospitalet-llobregat\\\/\"},{\"@type\":\"ListItem\",\"position\":2,\"name\":\"Andy Warhol reviu a Can Trinxet, portada del Diari\"}]},{\"@type\":\"WebSite\",\"@id\":\"https:\\\/\\\/www.lafarga.com\\\/corporatiu\\\/#website\",\"url\":\"https:\\\/\\\/www.lafarga.com\\\/corporatiu\\\/\",\"name\":\"La Farga Gesti\u00f3 d&#039;Equipaments Municipals, SA\",\"description\":\"\",\"publisher\":{\"@id\":\"https:\\\/\\\/www.lafarga.com\\\/corporatiu\\\/#organization\"},\"potentialAction\":[{\"@type\":\"SearchAction\",\"target\":{\"@type\":\"EntryPoint\",\"urlTemplate\":\"https:\\\/\\\/www.lafarga.com\\\/corporatiu\\\/?s={search_term_string}\"},\"query-input\":{\"@type\":\"PropertyValueSpecification\",\"valueRequired\":true,\"valueName\":\"search_term_string\"}}],\"inLanguage\":\"ca\"},{\"@type\":\"Organization\",\"@id\":\"https:\\\/\\\/www.lafarga.com\\\/corporatiu\\\/#organization\",\"name\":\"La Farga Gesti\u00f3 d&#039;Equipaments Municipals, SA\",\"url\":\"https:\\\/\\\/www.lafarga.com\\\/corporatiu\\\/\",\"logo\":{\"@type\":\"ImageObject\",\"inLanguage\":\"ca\",\"@id\":\"https:\\\/\\\/www.lafarga.com\\\/corporatiu\\\/#\\\/schema\\\/logo\\\/image\\\/\",\"url\":\"https:\\\/\\\/www.lafarga.com\\\/corporatiu\\\/wp-content\\\/uploads\\\/2023\\\/11\\\/logotipo_lafarga_gemsa.svg\",\"contentUrl\":\"https:\\\/\\\/www.lafarga.com\\\/corporatiu\\\/wp-content\\\/uploads\\\/2023\\\/11\\\/logotipo_lafarga_gemsa.svg\",\"width\":102,\"height\":103,\"caption\":\"La Farga Gesti\u00f3 d&#039;Equipaments Municipals, SA\"},\"image\":{\"@id\":\"https:\\\/\\\/www.lafarga.com\\\/corporatiu\\\/#\\\/schema\\\/logo\\\/image\\\/\"}},{\"@type\":\"Person\",\"@id\":\"https:\\\/\\\/www.lafarga.com\\\/corporatiu\\\/#\\\/schema\\\/person\\\/70d96fe17d0da1a9c9e80d232bdbcf33\",\"name\":\"\u00d2scar Milla\",\"image\":{\"@type\":\"ImageObject\",\"inLanguage\":\"ca\",\"@id\":\"https:\\\/\\\/secure.gravatar.com\\\/avatar\\\/92e75d184f9d5e0e403bd4ad075b080ad258344ddc259adddb579f6a3ba6494f?s=96&d=mm&r=g\",\"url\":\"https:\\\/\\\/secure.gravatar.com\\\/avatar\\\/92e75d184f9d5e0e403bd4ad075b080ad258344ddc259adddb579f6a3ba6494f?s=96&d=mm&r=g\",\"contentUrl\":\"https:\\\/\\\/secure.gravatar.com\\\/avatar\\\/92e75d184f9d5e0e403bd4ad075b080ad258344ddc259adddb579f6a3ba6494f?s=96&d=mm&r=g\",\"caption\":\"\u00d2scar Milla\"},\"url\":\"https:\\\/\\\/www.lafarga.com\\\/corporatiu\\\/author\\\/omilla\\\/\"}]}<\/script>\n<!-- \/ Yoast SEO plugin. -->","yoast_head_json":{"title":"Andy Warhol reviu a Can Trinxet, portada del Diari - La Farga Gesti\u00f3n de Equipamientos Municipales, S.A.","description":"La mostra sobre Andy Warhol a Can Trinxet \u00e9s el principal tema de portada del Diari de L\u2019Hospitalet d\u2019aquest mes de maig.","robots":{"index":"index","follow":"follow","max-snippet":"max-snippet:-1","max-image-preview":"max-image-preview:large","max-video-preview":"max-video-preview:-1"},"canonical":"https:\/\/www.lafarga.com\/corporatiu\/andy-warhol-reviu-can-trinxet-portada-diari\/","og_locale":"ca_ES","og_type":"article","og_title":"Andy Warhol reviu a Can Trinxet, portada del Diari - La Farga Gesti\u00f3n de Equipamientos Municipales, S.A.","og_description":"La mostra sobre Andy Warhol a Can Trinxet \u00e9s el principal tema de portada del Diari de L\u2019Hospitalet d\u2019aquest mes de maig.","og_url":"https:\/\/www.lafarga.com\/corporatiu\/andy-warhol-reviu-can-trinxet-portada-diari\/","og_site_name":"La Farga Gesti\u00f3n de Equipamientos Municipales, S.A.","article_published_time":"2017-05-16T08:06:23+00:00","og_image":[{"width":730,"height":410,"url":"https:\/\/www.lafarga.com\/corporatiu\/wp-content\/uploads\/2017\/05\/Diari-LH-Maig17.jpg","type":"image\/jpeg"}],"author":"\u00d2scar Milla","twitter_misc":{"Escrit per":"\u00d2scar Milla","Temps estimat de lectura":"2 minuts"},"schema":{"@context":"https:\/\/schema.org","@graph":[{"@type":"Article","@id":"https:\/\/www.lafarga.com\/corporatiu\/andy-warhol-reviu-can-trinxet-portada-diari\/#article","isPartOf":{"@id":"https:\/\/www.lafarga.com\/corporatiu\/andy-warhol-reviu-can-trinxet-portada-diari\/"},"author":{"name":"\u00d2scar Milla","@id":"https:\/\/www.lafarga.com\/corporatiu\/#\/schema\/person\/70d96fe17d0da1a9c9e80d232bdbcf33"},"headline":"Andy Warhol reviu a Can Trinxet, portada del Diari","datePublished":"2017-05-16T08:06:23+00:00","mainEntityOfPage":{"@id":"https:\/\/www.lafarga.com\/corporatiu\/andy-warhol-reviu-can-trinxet-portada-diari\/"},"wordCount":364,"publisher":{"@id":"https:\/\/www.lafarga.com\/corporatiu\/#organization"},"image":{"@id":"https:\/\/www.lafarga.com\/corporatiu\/andy-warhol-reviu-can-trinxet-portada-diari\/#primaryimage"},"thumbnailUrl":"https:\/\/www.lafarga.com\/corporatiu\/wp-content\/uploads\/2017\/05\/Diari-LH-Maig17.jpg","articleSection":["Mitjans de Comunicaci\u00f3"],"inLanguage":"ca"},{"@type":"WebPage","@id":"https:\/\/www.lafarga.com\/corporatiu\/andy-warhol-reviu-can-trinxet-portada-diari\/","url":"https:\/\/www.lafarga.com\/corporatiu\/andy-warhol-reviu-can-trinxet-portada-diari\/","name":"Andy Warhol reviu a Can Trinxet, portada del Diari - La Farga Gesti\u00f3n de Equipamientos Municipales, S.A.","isPartOf":{"@id":"https:\/\/www.lafarga.com\/corporatiu\/#website"},"primaryImageOfPage":{"@id":"https:\/\/www.lafarga.com\/corporatiu\/andy-warhol-reviu-can-trinxet-portada-diari\/#primaryimage"},"image":{"@id":"https:\/\/www.lafarga.com\/corporatiu\/andy-warhol-reviu-can-trinxet-portada-diari\/#primaryimage"},"thumbnailUrl":"https:\/\/www.lafarga.com\/corporatiu\/wp-content\/uploads\/2017\/05\/Diari-LH-Maig17.jpg","datePublished":"2017-05-16T08:06:23+00:00","description":"La mostra sobre Andy Warhol a Can Trinxet \u00e9s el principal tema de portada del Diari de L\u2019Hospitalet d\u2019aquest mes de maig.","breadcrumb":{"@id":"https:\/\/www.lafarga.com\/corporatiu\/andy-warhol-reviu-can-trinxet-portada-diari\/#breadcrumb"},"inLanguage":"ca","potentialAction":[{"@type":"ReadAction","target":["https:\/\/www.lafarga.com\/corporatiu\/andy-warhol-reviu-can-trinxet-portada-diari\/"]}]},{"@type":"ImageObject","inLanguage":"ca","@id":"https:\/\/www.lafarga.com\/corporatiu\/andy-warhol-reviu-can-trinxet-portada-diari\/#primaryimage","url":"https:\/\/www.lafarga.com\/corporatiu\/wp-content\/uploads\/2017\/05\/Diari-LH-Maig17.jpg","contentUrl":"https:\/\/www.lafarga.com\/corporatiu\/wp-content\/uploads\/2017\/05\/Diari-LH-Maig17.jpg","width":730,"height":410,"caption":"Diari Maig Andy Warhol"},{"@type":"BreadcrumbList","@id":"https:\/\/www.lafarga.com\/corporatiu\/andy-warhol-reviu-can-trinxet-portada-diari\/#breadcrumb","itemListElement":[{"@type":"ListItem","position":1,"name":"Home","item":"https:\/\/www.lafarga.com\/corporatiu\/lafarga-hospitalet-llobregat\/"},{"@type":"ListItem","position":2,"name":"Andy Warhol reviu a Can Trinxet, portada del Diari"}]},{"@type":"WebSite","@id":"https:\/\/www.lafarga.com\/corporatiu\/#website","url":"https:\/\/www.lafarga.com\/corporatiu\/","name":"La Farga Gesti\u00f3 d&#039;Equipaments Municipals, SA","description":"","publisher":{"@id":"https:\/\/www.lafarga.com\/corporatiu\/#organization"},"potentialAction":[{"@type":"SearchAction","target":{"@type":"EntryPoint","urlTemplate":"https:\/\/www.lafarga.com\/corporatiu\/?s={search_term_string}"},"query-input":{"@type":"PropertyValueSpecification","valueRequired":true,"valueName":"search_term_string"}}],"inLanguage":"ca"},{"@type":"Organization","@id":"https:\/\/www.lafarga.com\/corporatiu\/#organization","name":"La Farga Gesti\u00f3 d&#039;Equipaments Municipals, SA","url":"https:\/\/www.lafarga.com\/corporatiu\/","logo":{"@type":"ImageObject","inLanguage":"ca","@id":"https:\/\/www.lafarga.com\/corporatiu\/#\/schema\/logo\/image\/","url":"https:\/\/www.lafarga.com\/corporatiu\/wp-content\/uploads\/2023\/11\/logotipo_lafarga_gemsa.svg","contentUrl":"https:\/\/www.lafarga.com\/corporatiu\/wp-content\/uploads\/2023\/11\/logotipo_lafarga_gemsa.svg","width":102,"height":103,"caption":"La Farga Gesti\u00f3 d&#039;Equipaments Municipals, SA"},"image":{"@id":"https:\/\/www.lafarga.com\/corporatiu\/#\/schema\/logo\/image\/"}},{"@type":"Person","@id":"https:\/\/www.lafarga.com\/corporatiu\/#\/schema\/person\/70d96fe17d0da1a9c9e80d232bdbcf33","name":"\u00d2scar Milla","image":{"@type":"ImageObject","inLanguage":"ca","@id":"https:\/\/secure.gravatar.com\/avatar\/92e75d184f9d5e0e403bd4ad075b080ad258344ddc259adddb579f6a3ba6494f?s=96&d=mm&r=g","url":"https:\/\/secure.gravatar.com\/avatar\/92e75d184f9d5e0e403bd4ad075b080ad258344ddc259adddb579f6a3ba6494f?s=96&d=mm&r=g","contentUrl":"https:\/\/secure.gravatar.com\/avatar\/92e75d184f9d5e0e403bd4ad075b080ad258344ddc259adddb579f6a3ba6494f?s=96&d=mm&r=g","caption":"\u00d2scar Milla"},"url":"https:\/\/www.lafarga.com\/corporatiu\/author\/omilla\/"}]}},"uagb_featured_image_src":{"full":["https:\/\/www.lafarga.com\/corporatiu\/wp-content\/uploads\/2017\/05\/Diari-LH-Maig17.jpg",730,410,false],"thumbnail":["https:\/\/www.lafarga.com\/corporatiu\/wp-content\/uploads\/2017\/05\/Diari-LH-Maig17-150x150.jpg",150,150,true],"medium":["https:\/\/www.lafarga.com\/corporatiu\/wp-content\/uploads\/2017\/05\/Diari-LH-Maig17-300x168.jpg",300,168,true],"medium_large":["https:\/\/www.lafarga.com\/corporatiu\/wp-content\/uploads\/2017\/05\/Diari-LH-Maig17.jpg",730,410,false],"large":["https:\/\/www.lafarga.com\/corporatiu\/wp-content\/uploads\/2017\/05\/Diari-LH-Maig17.jpg",730,410,false],"1536x1536":["https:\/\/www.lafarga.com\/corporatiu\/wp-content\/uploads\/2017\/05\/Diari-LH-Maig17.jpg",730,410,false],"2048x2048":["https:\/\/www.lafarga.com\/corporatiu\/wp-content\/uploads\/2017\/05\/Diari-LH-Maig17.jpg",730,410,false],"mailpoet_newsletter_max":["https:\/\/www.lafarga.com\/corporatiu\/wp-content\/uploads\/2017\/05\/Diari-LH-Maig17.jpg",730,410,false]},"uagb_author_info":{"display_name":"\u00d2scar Milla","author_link":"https:\/\/www.lafarga.com\/corporatiu\/author\/omilla\/"},"uagb_comment_info":0,"uagb_excerpt":"La mostra sobre Andy Warhol a Can Trinxet \u00e9s el principal tema de portada del Diari de L\u2019Hospitalet d\u2019aquest mes de maig.","_links":{"self":[{"href":"https:\/\/www.lafarga.com\/corporatiu\/wp-json\/wp\/v2\/posts\/10144","targetHints":{"allow":["GET"]}}],"collection":[{"href":"https:\/\/www.lafarga.com\/corporatiu\/wp-json\/wp\/v2\/posts"}],"about":[{"href":"https:\/\/www.lafarga.com\/corporatiu\/wp-json\/wp\/v2\/types\/post"}],"author":[{"embeddable":true,"href":"https:\/\/www.lafarga.com\/corporatiu\/wp-json\/wp\/v2\/users\/5"}],"replies":[{"embeddable":true,"href":"https:\/\/www.lafarga.com\/corporatiu\/wp-json\/wp\/v2\/comments?post=10144"}],"version-history":[{"count":1,"href":"https:\/\/www.lafarga.com\/corporatiu\/wp-json\/wp\/v2\/posts\/10144\/revisions"}],"predecessor-version":[{"id":10146,"href":"https:\/\/www.lafarga.com\/corporatiu\/wp-json\/wp\/v2\/posts\/10144\/revisions\/10146"}],"wp:featuredmedia":[{"embeddable":true,"href":"https:\/\/www.lafarga.com\/corporatiu\/wp-json\/wp\/v2\/media\/10145"}],"wp:attachment":[{"href":"https:\/\/www.lafarga.com\/corporatiu\/wp-json\/wp\/v2\/media?parent=10144"}],"wp:term":[{"taxonomy":"category","embeddable":true,"href":"https:\/\/www.lafarga.com\/corporatiu\/wp-json\/wp\/v2\/categories?post=10144"},{"taxonomy":"post_tag","embeddable":true,"href":"https:\/\/www.lafarga.com\/corporatiu\/wp-json\/wp\/v2\/tags?post=10144"}],"curies":[{"name":"wp","href":"https:\/\/api.w.org\/{rel}","templated":true}]}}