{"id":10113,"date":"2017-05-04T15:17:28","date_gmt":"2017-05-04T15:17:28","guid":{"rendered":"http:\/\/www.lafarga.com\/corporatiu\/?p=10113"},"modified":"2017-05-09T10:11:10","modified_gmt":"2017-05-09T10:11:10","slug":"garcia-mompel-innova-aplega-sectors-decisius-aportar-valor-afegit-activitat-economica","status":"publish","type":"post","link":"https:\/\/www.lafarga.com\/corporatiu\/garcia-mompel-innova-aplega-sectors-decisius-aportar-valor-afegit-activitat-economica\/","title":{"rendered":"Garc\u00eda Mompel: \u201cInnova aplega sectors decisius per aportar valor afegit a l\u2019activitat econ\u00f2mica\u201d"},"content":{"rendered":"<h5>La innovaci\u00f3, el talent i els invents s\u2019apleguen a La Farga<\/h5>\n<p>El president de La Farga Gesti\u00f3 d\u2019Equipaments Municipals, Jos\u00e9 Mar\u00eda Garc\u00eda Mompel, ha manifestat en l\u2019obertura d\u2019Innova Barcelona, que l\u2019objectiu <em>\u201c\u00e9s que aquest sal\u00f3, que\u00a0aplega sectors decisius per aportar valor afegit a l\u2019activitat econ\u00f2mica, es consolidi en un lloc com a La Farga\u201d<\/em>.<\/p>\n<p>Garc\u00eda Mompel, que avui ha fet tasques d\u2019alcalde accidental, ha puntualitzat que <em>\u201cquan parlem d\u2019innovaci\u00f3 cal tenir en compte els projectes d\u2019empresa, per\u00f2 tamb\u00e9 les millores dels processos productius i la gesti\u00f3 de les empreses\u201d<\/em>.<\/p>\n<p>En l\u2019acte d\u2019inauguraci\u00f3 d\u2019Innova Barcelona, sal\u00f3 que estar\u00e0 a La Farga fins dissabte, han participat\u00a0Florent Godin, CEO grup Conceptum i president d\u2019Innova, qui ha agra\u00eft \u201c<em>la col\u00b7laboraci\u00f3 de la Farga per dur a terme aquest esdeveniment\u201d<\/em>, H\u00e9ctor Santcovsky, director de\u00a0Desenvolupament Social i Econ\u00f2mic de l\u2019\u00c0rea Metropolitana de Barcelona,\u00a0Manuel Plesa, C\u00f2nsol General de Romania a Barcelona,\u00a0Roc\u00edo Ram\u00edrez, regidora de Turisme i Desenvolupament Econ\u00f2mic de l\u2019Ajuntament i consellera de La Farga,\u00a0Ramon Pons, president PIMEC Baix Llobregat-L\u2019Hospitalet, Manuel Rosillo, president d\u2019AEBALL-UPMBALL, els tamb\u00e9 consellers de La Farga, Rosa Fiol (directora general de AEBALL-UPMBALL) i Joan Martorell, president de la delegaci\u00f3 de L\u2019Hospitalet de la Cambra de Comer\u00e7 de Barcelona, Baltasar Pozuelo, president de l\u2019Associaci\u00f3 d\u2019Empresarial Pedrosa i\u00a0Manuel Matell\u00e1n, director del Club de Inventores Espa\u00f1oles, qui ha destacat en declaracions a Televisi\u00f3 de L\u2019Hospitalet\u00a0que\u00a0<em>\u201cels inventors i els innovadors necessiten el coneixement, la quota de mercat i la log\u00edstica de les grans empreses per tirar els seus projectes endavant\u201d.<\/em><\/p>\n<p>Els sectors representats en aquesta segona edici\u00f3 d\u2019Innova Barcelona s\u00f3n: Medicina i salut, Ind\u00fastria i processos industrials, Energia i sostenibilitat, Serveis i turisme i Estil de vida, oci i cultura.<\/p>\n<p>Una altra novetat \u00e9s la col\u00b7laboraci\u00f3 de Catalunya Empr\u00e8n, F. Iniciativas, BLE, PIMEC, SMART Cat, AEBALL i la Cambra de Comer\u00e7 de Barcelona.<\/p>\n<p><strong><a href=\"http:\/\/www.innova-barcelona.com\/agenda\/\" target=\"_blank\" rel=\"noopener noreferrer\">Consulta tota l\u2019agenda d\u2019activitats d\u2019Innova Barcelona 2017<\/a>.<\/strong><\/p>\n","protected":false},"excerpt":{"rendered":"<p>Innova, el sal\u00f3 internacional de la innovaci\u00f3, ha obert portes a La Farga Centre d\u2019Activitats en la seva segona edici\u00f3.<\/p>\n","protected":false},"author":5,"featured_media":10114,"comment_status":"closed","ping_status":"closed","sticky":false,"template":"","format":"standard","meta":{"inline_featured_image":false,"_uag_custom_page_level_css":"","_monsterinsights_skip_tracking":false,"_monsterinsights_sitenote_active":false,"_monsterinsights_sitenote_note":"","_monsterinsights_sitenote_category":0,"site-sidebar-layout":"default","site-content-layout":"","ast-site-content-layout":"default","site-content-style":"default","site-sidebar-style":"default","ast-global-header-display":"","ast-banner-title-visibility":"","ast-main-header-display":"","ast-hfb-above-header-display":"","ast-hfb-below-header-display":"","ast-hfb-mobile-header-display":"","site-post-title":"","ast-breadcrumbs-content":"","ast-featured-img":"","footer-sml-layout":"","ast-disable-related-posts":"","theme-transparent-header-meta":"","adv-header-id-meta":"","stick-header-meta":"","header-above-stick-meta":"","header-main-stick-meta":"","header-below-stick-meta":"","astra-migrate-meta-layouts":"default","ast-page-background-enabled":"default","ast-page-background-meta":{"desktop":{"background-color":"var(--ast-global-color-4)","background-image":"","background-repeat":"repeat","background-position":"center center","background-size":"auto","background-attachment":"scroll","background-type":"","background-media":"","overlay-type":"","overlay-color":"","overlay-opacity":"","overlay-gradient":""},"tablet":{"background-color":"","background-image":"","background-repeat":"repeat","background-position":"center center","background-size":"auto","background-attachment":"scroll","background-type":"","background-media":"","overlay-type":"","overlay-color":"","overlay-opacity":"","overlay-gradient":""},"mobile":{"background-color":"","background-image":"","background-repeat":"repeat","background-position":"center center","background-size":"auto","background-attachment":"scroll","background-type":"","background-media":"","overlay-type":"","overlay-color":"","overlay-opacity":"","overlay-gradient":""}},"ast-content-background-meta":{"desktop":{"background-color":"var(--ast-global-color-5)","background-image":"","background-repeat":"repeat","background-position":"center center","background-size":"auto","background-attachment":"scroll","background-type":"","background-media":"","overlay-type":"","overlay-color":"","overlay-opacity":"","overlay-gradient":""},"tablet":{"background-color":"var(--ast-global-color-5)","background-image":"","background-repeat":"repeat","background-position":"center center","background-size":"auto","background-attachment":"scroll","background-type":"","background-media":"","overlay-type":"","overlay-color":"","overlay-opacity":"","overlay-gradient":""},"mobile":{"background-color":"var(--ast-global-color-5)","background-image":"","background-repeat":"repeat","background-position":"center center","background-size":"auto","background-attachment":"scroll","background-type":"","background-media":"","overlay-type":"","overlay-color":"","overlay-opacity":"","overlay-gradient":""}},"footnotes":""},"categories":[49],"tags":[],"class_list":["post-10113","post","type-post","status-publish","format-standard","has-post-thumbnail","hentry","category-centre-activitats"],"yoast_head":"<!-- This site is optimized with the Yoast SEO plugin v27.4 - https:\/\/yoast.com\/product\/yoast-seo-wordpress\/ -->\n<title>Garc\u00eda Mompel: \u201cInnova aplega sectors decisius per aportar valor afegit a l\u2019activitat econ\u00f2mica\u201d - La Farga Gesti\u00f3n de Equipamientos Municipales, S.A.<\/title>\n<meta name=\"description\" content=\"Innova Barcelona, el sal\u00f3 internacional de la innovaci\u00f3, ha obert portes a La Farga Centre d\u2019Activitats en la seva segona edici\u00f3.\" \/>\n<meta name=\"robots\" content=\"index, follow, max-snippet:-1, max-image-preview:large, max-video-preview:-1\" \/>\n<link rel=\"canonical\" href=\"https:\/\/www.lafarga.com\/corporatiu\/garcia-mompel-innova-aplega-sectors-decisius-aportar-valor-afegit-activitat-economica\/\" \/>\n<meta property=\"og:locale\" content=\"ca_ES\" \/>\n<meta property=\"og:type\" content=\"article\" \/>\n<meta property=\"og:title\" content=\"Garc\u00eda Mompel: \u201cInnova aplega sectors decisius per aportar valor afegit a l\u2019activitat econ\u00f2mica\u201d - La Farga Gesti\u00f3n de Equipamientos Municipales, S.A.\" \/>\n<meta property=\"og:description\" content=\"Innova Barcelona, el sal\u00f3 internacional de la innovaci\u00f3, ha obert portes a La Farga Centre d\u2019Activitats en la seva segona edici\u00f3.\" \/>\n<meta property=\"og:url\" content=\"https:\/\/www.lafarga.com\/corporatiu\/garcia-mompel-innova-aplega-sectors-decisius-aportar-valor-afegit-activitat-economica\/\" \/>\n<meta property=\"og:site_name\" content=\"La Farga Gesti\u00f3n de Equipamientos Municipales, S.A.\" \/>\n<meta property=\"article:published_time\" content=\"2017-05-04T15:17:28+00:00\" \/>\n<meta property=\"article:modified_time\" content=\"2017-05-09T10:11:10+00:00\" \/>\n<meta property=\"og:image\" content=\"https:\/\/www.lafarga.com\/corporatiu\/wp-content\/uploads\/2017\/05\/Mompel-Farga-Innova.jpg\" \/>\n\t<meta property=\"og:image:width\" content=\"730\" \/>\n\t<meta property=\"og:image:height\" content=\"410\" \/>\n\t<meta property=\"og:image:type\" content=\"image\/jpeg\" \/>\n<meta name=\"author\" content=\"\u00d2scar Milla\" \/>\n<meta name=\"twitter:label1\" content=\"Escrit per\" \/>\n\t<meta name=\"twitter:data1\" content=\"\u00d2scar Milla\" \/>\n\t<meta name=\"twitter:label2\" content=\"Temps estimat de lectura\" \/>\n\t<meta name=\"twitter:data2\" content=\"2 minuts\" \/>\n<script type=\"application\/ld+json\" class=\"yoast-schema-graph\">{\"@context\":\"https:\\\/\\\/schema.org\",\"@graph\":[{\"@type\":\"Article\",\"@id\":\"https:\\\/\\\/www.lafarga.com\\\/corporatiu\\\/garcia-mompel-innova-aplega-sectors-decisius-aportar-valor-afegit-activitat-economica\\\/#article\",\"isPartOf\":{\"@id\":\"https:\\\/\\\/www.lafarga.com\\\/corporatiu\\\/garcia-mompel-innova-aplega-sectors-decisius-aportar-valor-afegit-activitat-economica\\\/\"},\"author\":{\"name\":\"\u00d2scar Milla\",\"@id\":\"https:\\\/\\\/www.lafarga.com\\\/corporatiu\\\/#\\\/schema\\\/person\\\/70d96fe17d0da1a9c9e80d232bdbcf33\"},\"headline\":\"Garc\u00eda Mompel: \u201cInnova aplega sectors decisius per aportar valor afegit a l\u2019activitat econ\u00f2mica\u201d\",\"datePublished\":\"2017-05-04T15:17:28+00:00\",\"dateModified\":\"2017-05-09T10:11:10+00:00\",\"mainEntityOfPage\":{\"@id\":\"https:\\\/\\\/www.lafarga.com\\\/corporatiu\\\/garcia-mompel-innova-aplega-sectors-decisius-aportar-valor-afegit-activitat-economica\\\/\"},\"wordCount\":371,\"publisher\":{\"@id\":\"https:\\\/\\\/www.lafarga.com\\\/corporatiu\\\/#organization\"},\"image\":{\"@id\":\"https:\\\/\\\/www.lafarga.com\\\/corporatiu\\\/garcia-mompel-innova-aplega-sectors-decisius-aportar-valor-afegit-activitat-economica\\\/#primaryimage\"},\"thumbnailUrl\":\"https:\\\/\\\/www.lafarga.com\\\/corporatiu\\\/wp-content\\\/uploads\\\/2017\\\/05\\\/Mompel-Farga-Innova.jpg\",\"articleSection\":[\"Centre d'Activitats\"],\"inLanguage\":\"ca\"},{\"@type\":\"WebPage\",\"@id\":\"https:\\\/\\\/www.lafarga.com\\\/corporatiu\\\/garcia-mompel-innova-aplega-sectors-decisius-aportar-valor-afegit-activitat-economica\\\/\",\"url\":\"https:\\\/\\\/www.lafarga.com\\\/corporatiu\\\/garcia-mompel-innova-aplega-sectors-decisius-aportar-valor-afegit-activitat-economica\\\/\",\"name\":\"Garc\u00eda Mompel: \u201cInnova aplega sectors decisius per aportar valor afegit a l\u2019activitat econ\u00f2mica\u201d - La Farga Gesti\u00f3n de Equipamientos Municipales, S.A.\",\"isPartOf\":{\"@id\":\"https:\\\/\\\/www.lafarga.com\\\/corporatiu\\\/#website\"},\"primaryImageOfPage\":{\"@id\":\"https:\\\/\\\/www.lafarga.com\\\/corporatiu\\\/garcia-mompel-innova-aplega-sectors-decisius-aportar-valor-afegit-activitat-economica\\\/#primaryimage\"},\"image\":{\"@id\":\"https:\\\/\\\/www.lafarga.com\\\/corporatiu\\\/garcia-mompel-innova-aplega-sectors-decisius-aportar-valor-afegit-activitat-economica\\\/#primaryimage\"},\"thumbnailUrl\":\"https:\\\/\\\/www.lafarga.com\\\/corporatiu\\\/wp-content\\\/uploads\\\/2017\\\/05\\\/Mompel-Farga-Innova.jpg\",\"datePublished\":\"2017-05-04T15:17:28+00:00\",\"dateModified\":\"2017-05-09T10:11:10+00:00\",\"description\":\"Innova Barcelona, el sal\u00f3 internacional de la innovaci\u00f3, ha obert portes a La Farga Centre d\u2019Activitats en la seva segona edici\u00f3.\",\"breadcrumb\":{\"@id\":\"https:\\\/\\\/www.lafarga.com\\\/corporatiu\\\/garcia-mompel-innova-aplega-sectors-decisius-aportar-valor-afegit-activitat-economica\\\/#breadcrumb\"},\"inLanguage\":\"ca\",\"potentialAction\":[{\"@type\":\"ReadAction\",\"target\":[\"https:\\\/\\\/www.lafarga.com\\\/corporatiu\\\/garcia-mompel-innova-aplega-sectors-decisius-aportar-valor-afegit-activitat-economica\\\/\"]}]},{\"@type\":\"ImageObject\",\"inLanguage\":\"ca\",\"@id\":\"https:\\\/\\\/www.lafarga.com\\\/corporatiu\\\/garcia-mompel-innova-aplega-sectors-decisius-aportar-valor-afegit-activitat-economica\\\/#primaryimage\",\"url\":\"https:\\\/\\\/www.lafarga.com\\\/corporatiu\\\/wp-content\\\/uploads\\\/2017\\\/05\\\/Mompel-Farga-Innova.jpg\",\"contentUrl\":\"https:\\\/\\\/www.lafarga.com\\\/corporatiu\\\/wp-content\\\/uploads\\\/2017\\\/05\\\/Mompel-Farga-Innova.jpg\",\"width\":730,\"height\":410,\"caption\":\"Mompel Innova Farga\"},{\"@type\":\"BreadcrumbList\",\"@id\":\"https:\\\/\\\/www.lafarga.com\\\/corporatiu\\\/garcia-mompel-innova-aplega-sectors-decisius-aportar-valor-afegit-activitat-economica\\\/#breadcrumb\",\"itemListElement\":[{\"@type\":\"ListItem\",\"position\":1,\"name\":\"Home\",\"item\":\"https:\\\/\\\/www.lafarga.com\\\/corporatiu\\\/lafarga-hospitalet-llobregat\\\/\"},{\"@type\":\"ListItem\",\"position\":2,\"name\":\"Garc\u00eda Mompel: \u201cInnova aplega sectors decisius per aportar valor afegit a l\u2019activitat econ\u00f2mica\u201d\"}]},{\"@type\":\"WebSite\",\"@id\":\"https:\\\/\\\/www.lafarga.com\\\/corporatiu\\\/#website\",\"url\":\"https:\\\/\\\/www.lafarga.com\\\/corporatiu\\\/\",\"name\":\"La Farga Gesti\u00f3 d&#039;Equipaments Municipals, SA\",\"description\":\"\",\"publisher\":{\"@id\":\"https:\\\/\\\/www.lafarga.com\\\/corporatiu\\\/#organization\"},\"potentialAction\":[{\"@type\":\"SearchAction\",\"target\":{\"@type\":\"EntryPoint\",\"urlTemplate\":\"https:\\\/\\\/www.lafarga.com\\\/corporatiu\\\/?s={search_term_string}\"},\"query-input\":{\"@type\":\"PropertyValueSpecification\",\"valueRequired\":true,\"valueName\":\"search_term_string\"}}],\"inLanguage\":\"ca\"},{\"@type\":\"Organization\",\"@id\":\"https:\\\/\\\/www.lafarga.com\\\/corporatiu\\\/#organization\",\"name\":\"La Farga Gesti\u00f3 d&#039;Equipaments Municipals, SA\",\"url\":\"https:\\\/\\\/www.lafarga.com\\\/corporatiu\\\/\",\"logo\":{\"@type\":\"ImageObject\",\"inLanguage\":\"ca\",\"@id\":\"https:\\\/\\\/www.lafarga.com\\\/corporatiu\\\/#\\\/schema\\\/logo\\\/image\\\/\",\"url\":\"https:\\\/\\\/www.lafarga.com\\\/corporatiu\\\/wp-content\\\/uploads\\\/2023\\\/11\\\/logotipo_lafarga_gemsa.svg\",\"contentUrl\":\"https:\\\/\\\/www.lafarga.com\\\/corporatiu\\\/wp-content\\\/uploads\\\/2023\\\/11\\\/logotipo_lafarga_gemsa.svg\",\"width\":102,\"height\":103,\"caption\":\"La Farga Gesti\u00f3 d&#039;Equipaments Municipals, SA\"},\"image\":{\"@id\":\"https:\\\/\\\/www.lafarga.com\\\/corporatiu\\\/#\\\/schema\\\/logo\\\/image\\\/\"}},{\"@type\":\"Person\",\"@id\":\"https:\\\/\\\/www.lafarga.com\\\/corporatiu\\\/#\\\/schema\\\/person\\\/70d96fe17d0da1a9c9e80d232bdbcf33\",\"name\":\"\u00d2scar Milla\",\"image\":{\"@type\":\"ImageObject\",\"inLanguage\":\"ca\",\"@id\":\"https:\\\/\\\/secure.gravatar.com\\\/avatar\\\/92e75d184f9d5e0e403bd4ad075b080ad258344ddc259adddb579f6a3ba6494f?s=96&d=mm&r=g\",\"url\":\"https:\\\/\\\/secure.gravatar.com\\\/avatar\\\/92e75d184f9d5e0e403bd4ad075b080ad258344ddc259adddb579f6a3ba6494f?s=96&d=mm&r=g\",\"contentUrl\":\"https:\\\/\\\/secure.gravatar.com\\\/avatar\\\/92e75d184f9d5e0e403bd4ad075b080ad258344ddc259adddb579f6a3ba6494f?s=96&d=mm&r=g\",\"caption\":\"\u00d2scar Milla\"},\"url\":\"https:\\\/\\\/www.lafarga.com\\\/corporatiu\\\/author\\\/omilla\\\/\"}]}<\/script>\n<!-- \/ Yoast SEO plugin. -->","yoast_head_json":{"title":"Garc\u00eda Mompel: \u201cInnova aplega sectors decisius per aportar valor afegit a l\u2019activitat econ\u00f2mica\u201d - La Farga Gesti\u00f3n de Equipamientos Municipales, S.A.","description":"Innova Barcelona, el sal\u00f3 internacional de la innovaci\u00f3, ha obert portes a La Farga Centre d\u2019Activitats en la seva segona edici\u00f3.","robots":{"index":"index","follow":"follow","max-snippet":"max-snippet:-1","max-image-preview":"max-image-preview:large","max-video-preview":"max-video-preview:-1"},"canonical":"https:\/\/www.lafarga.com\/corporatiu\/garcia-mompel-innova-aplega-sectors-decisius-aportar-valor-afegit-activitat-economica\/","og_locale":"ca_ES","og_type":"article","og_title":"Garc\u00eda Mompel: \u201cInnova aplega sectors decisius per aportar valor afegit a l\u2019activitat econ\u00f2mica\u201d - La Farga Gesti\u00f3n de Equipamientos Municipales, S.A.","og_description":"Innova Barcelona, el sal\u00f3 internacional de la innovaci\u00f3, ha obert portes a La Farga Centre d\u2019Activitats en la seva segona edici\u00f3.","og_url":"https:\/\/www.lafarga.com\/corporatiu\/garcia-mompel-innova-aplega-sectors-decisius-aportar-valor-afegit-activitat-economica\/","og_site_name":"La Farga Gesti\u00f3n de Equipamientos Municipales, S.A.","article_published_time":"2017-05-04T15:17:28+00:00","article_modified_time":"2017-05-09T10:11:10+00:00","og_image":[{"width":730,"height":410,"url":"https:\/\/www.lafarga.com\/corporatiu\/wp-content\/uploads\/2017\/05\/Mompel-Farga-Innova.jpg","type":"image\/jpeg"}],"author":"\u00d2scar Milla","twitter_misc":{"Escrit per":"\u00d2scar Milla","Temps estimat de lectura":"2 minuts"},"schema":{"@context":"https:\/\/schema.org","@graph":[{"@type":"Article","@id":"https:\/\/www.lafarga.com\/corporatiu\/garcia-mompel-innova-aplega-sectors-decisius-aportar-valor-afegit-activitat-economica\/#article","isPartOf":{"@id":"https:\/\/www.lafarga.com\/corporatiu\/garcia-mompel-innova-aplega-sectors-decisius-aportar-valor-afegit-activitat-economica\/"},"author":{"name":"\u00d2scar Milla","@id":"https:\/\/www.lafarga.com\/corporatiu\/#\/schema\/person\/70d96fe17d0da1a9c9e80d232bdbcf33"},"headline":"Garc\u00eda Mompel: \u201cInnova aplega sectors decisius per aportar valor afegit a l\u2019activitat econ\u00f2mica\u201d","datePublished":"2017-05-04T15:17:28+00:00","dateModified":"2017-05-09T10:11:10+00:00","mainEntityOfPage":{"@id":"https:\/\/www.lafarga.com\/corporatiu\/garcia-mompel-innova-aplega-sectors-decisius-aportar-valor-afegit-activitat-economica\/"},"wordCount":371,"publisher":{"@id":"https:\/\/www.lafarga.com\/corporatiu\/#organization"},"image":{"@id":"https:\/\/www.lafarga.com\/corporatiu\/garcia-mompel-innova-aplega-sectors-decisius-aportar-valor-afegit-activitat-economica\/#primaryimage"},"thumbnailUrl":"https:\/\/www.lafarga.com\/corporatiu\/wp-content\/uploads\/2017\/05\/Mompel-Farga-Innova.jpg","articleSection":["Centre d'Activitats"],"inLanguage":"ca"},{"@type":"WebPage","@id":"https:\/\/www.lafarga.com\/corporatiu\/garcia-mompel-innova-aplega-sectors-decisius-aportar-valor-afegit-activitat-economica\/","url":"https:\/\/www.lafarga.com\/corporatiu\/garcia-mompel-innova-aplega-sectors-decisius-aportar-valor-afegit-activitat-economica\/","name":"Garc\u00eda Mompel: \u201cInnova aplega sectors decisius per aportar valor afegit a l\u2019activitat econ\u00f2mica\u201d - La Farga Gesti\u00f3n de Equipamientos Municipales, S.A.","isPartOf":{"@id":"https:\/\/www.lafarga.com\/corporatiu\/#website"},"primaryImageOfPage":{"@id":"https:\/\/www.lafarga.com\/corporatiu\/garcia-mompel-innova-aplega-sectors-decisius-aportar-valor-afegit-activitat-economica\/#primaryimage"},"image":{"@id":"https:\/\/www.lafarga.com\/corporatiu\/garcia-mompel-innova-aplega-sectors-decisius-aportar-valor-afegit-activitat-economica\/#primaryimage"},"thumbnailUrl":"https:\/\/www.lafarga.com\/corporatiu\/wp-content\/uploads\/2017\/05\/Mompel-Farga-Innova.jpg","datePublished":"2017-05-04T15:17:28+00:00","dateModified":"2017-05-09T10:11:10+00:00","description":"Innova Barcelona, el sal\u00f3 internacional de la innovaci\u00f3, ha obert portes a La Farga Centre d\u2019Activitats en la seva segona edici\u00f3.","breadcrumb":{"@id":"https:\/\/www.lafarga.com\/corporatiu\/garcia-mompel-innova-aplega-sectors-decisius-aportar-valor-afegit-activitat-economica\/#breadcrumb"},"inLanguage":"ca","potentialAction":[{"@type":"ReadAction","target":["https:\/\/www.lafarga.com\/corporatiu\/garcia-mompel-innova-aplega-sectors-decisius-aportar-valor-afegit-activitat-economica\/"]}]},{"@type":"ImageObject","inLanguage":"ca","@id":"https:\/\/www.lafarga.com\/corporatiu\/garcia-mompel-innova-aplega-sectors-decisius-aportar-valor-afegit-activitat-economica\/#primaryimage","url":"https:\/\/www.lafarga.com\/corporatiu\/wp-content\/uploads\/2017\/05\/Mompel-Farga-Innova.jpg","contentUrl":"https:\/\/www.lafarga.com\/corporatiu\/wp-content\/uploads\/2017\/05\/Mompel-Farga-Innova.jpg","width":730,"height":410,"caption":"Mompel Innova Farga"},{"@type":"BreadcrumbList","@id":"https:\/\/www.lafarga.com\/corporatiu\/garcia-mompel-innova-aplega-sectors-decisius-aportar-valor-afegit-activitat-economica\/#breadcrumb","itemListElement":[{"@type":"ListItem","position":1,"name":"Home","item":"https:\/\/www.lafarga.com\/corporatiu\/lafarga-hospitalet-llobregat\/"},{"@type":"ListItem","position":2,"name":"Garc\u00eda Mompel: \u201cInnova aplega sectors decisius per aportar valor afegit a l\u2019activitat econ\u00f2mica\u201d"}]},{"@type":"WebSite","@id":"https:\/\/www.lafarga.com\/corporatiu\/#website","url":"https:\/\/www.lafarga.com\/corporatiu\/","name":"La Farga Gesti\u00f3 d&#039;Equipaments Municipals, SA","description":"","publisher":{"@id":"https:\/\/www.lafarga.com\/corporatiu\/#organization"},"potentialAction":[{"@type":"SearchAction","target":{"@type":"EntryPoint","urlTemplate":"https:\/\/www.lafarga.com\/corporatiu\/?s={search_term_string}"},"query-input":{"@type":"PropertyValueSpecification","valueRequired":true,"valueName":"search_term_string"}}],"inLanguage":"ca"},{"@type":"Organization","@id":"https:\/\/www.lafarga.com\/corporatiu\/#organization","name":"La Farga Gesti\u00f3 d&#039;Equipaments Municipals, SA","url":"https:\/\/www.lafarga.com\/corporatiu\/","logo":{"@type":"ImageObject","inLanguage":"ca","@id":"https:\/\/www.lafarga.com\/corporatiu\/#\/schema\/logo\/image\/","url":"https:\/\/www.lafarga.com\/corporatiu\/wp-content\/uploads\/2023\/11\/logotipo_lafarga_gemsa.svg","contentUrl":"https:\/\/www.lafarga.com\/corporatiu\/wp-content\/uploads\/2023\/11\/logotipo_lafarga_gemsa.svg","width":102,"height":103,"caption":"La Farga Gesti\u00f3 d&#039;Equipaments Municipals, SA"},"image":{"@id":"https:\/\/www.lafarga.com\/corporatiu\/#\/schema\/logo\/image\/"}},{"@type":"Person","@id":"https:\/\/www.lafarga.com\/corporatiu\/#\/schema\/person\/70d96fe17d0da1a9c9e80d232bdbcf33","name":"\u00d2scar Milla","image":{"@type":"ImageObject","inLanguage":"ca","@id":"https:\/\/secure.gravatar.com\/avatar\/92e75d184f9d5e0e403bd4ad075b080ad258344ddc259adddb579f6a3ba6494f?s=96&d=mm&r=g","url":"https:\/\/secure.gravatar.com\/avatar\/92e75d184f9d5e0e403bd4ad075b080ad258344ddc259adddb579f6a3ba6494f?s=96&d=mm&r=g","contentUrl":"https:\/\/secure.gravatar.com\/avatar\/92e75d184f9d5e0e403bd4ad075b080ad258344ddc259adddb579f6a3ba6494f?s=96&d=mm&r=g","caption":"\u00d2scar Milla"},"url":"https:\/\/www.lafarga.com\/corporatiu\/author\/omilla\/"}]}},"uagb_featured_image_src":{"full":["https:\/\/www.lafarga.com\/corporatiu\/wp-content\/uploads\/2017\/05\/Mompel-Farga-Innova.jpg",730,410,false],"thumbnail":["https:\/\/www.lafarga.com\/corporatiu\/wp-content\/uploads\/2017\/05\/Mompel-Farga-Innova-150x150.jpg",150,150,true],"medium":["https:\/\/www.lafarga.com\/corporatiu\/wp-content\/uploads\/2017\/05\/Mompel-Farga-Innova-300x168.jpg",300,168,true],"medium_large":["https:\/\/www.lafarga.com\/corporatiu\/wp-content\/uploads\/2017\/05\/Mompel-Farga-Innova.jpg",730,410,false],"large":["https:\/\/www.lafarga.com\/corporatiu\/wp-content\/uploads\/2017\/05\/Mompel-Farga-Innova.jpg",730,410,false],"1536x1536":["https:\/\/www.lafarga.com\/corporatiu\/wp-content\/uploads\/2017\/05\/Mompel-Farga-Innova.jpg",730,410,false],"2048x2048":["https:\/\/www.lafarga.com\/corporatiu\/wp-content\/uploads\/2017\/05\/Mompel-Farga-Innova.jpg",730,410,false],"mailpoet_newsletter_max":["https:\/\/www.lafarga.com\/corporatiu\/wp-content\/uploads\/2017\/05\/Mompel-Farga-Innova.jpg",730,410,false]},"uagb_author_info":{"display_name":"\u00d2scar Milla","author_link":"https:\/\/www.lafarga.com\/corporatiu\/author\/omilla\/"},"uagb_comment_info":0,"uagb_excerpt":"Innova, el sal\u00f3 internacional de la innovaci\u00f3, ha obert portes a La Farga Centre d\u2019Activitats en la seva segona edici\u00f3.","_links":{"self":[{"href":"https:\/\/www.lafarga.com\/corporatiu\/wp-json\/wp\/v2\/posts\/10113","targetHints":{"allow":["GET"]}}],"collection":[{"href":"https:\/\/www.lafarga.com\/corporatiu\/wp-json\/wp\/v2\/posts"}],"about":[{"href":"https:\/\/www.lafarga.com\/corporatiu\/wp-json\/wp\/v2\/types\/post"}],"author":[{"embeddable":true,"href":"https:\/\/www.lafarga.com\/corporatiu\/wp-json\/wp\/v2\/users\/5"}],"replies":[{"embeddable":true,"href":"https:\/\/www.lafarga.com\/corporatiu\/wp-json\/wp\/v2\/comments?post=10113"}],"version-history":[{"count":1,"href":"https:\/\/www.lafarga.com\/corporatiu\/wp-json\/wp\/v2\/posts\/10113\/revisions"}],"predecessor-version":[{"id":10115,"href":"https:\/\/www.lafarga.com\/corporatiu\/wp-json\/wp\/v2\/posts\/10113\/revisions\/10115"}],"wp:featuredmedia":[{"embeddable":true,"href":"https:\/\/www.lafarga.com\/corporatiu\/wp-json\/wp\/v2\/media\/10114"}],"wp:attachment":[{"href":"https:\/\/www.lafarga.com\/corporatiu\/wp-json\/wp\/v2\/media?parent=10113"}],"wp:term":[{"taxonomy":"category","embeddable":true,"href":"https:\/\/www.lafarga.com\/corporatiu\/wp-json\/wp\/v2\/categories?post=10113"},{"taxonomy":"post_tag","embeddable":true,"href":"https:\/\/www.lafarga.com\/corporatiu\/wp-json\/wp\/v2\/tags?post=10113"}],"curies":[{"name":"wp","href":"https:\/\/api.w.org\/{rel}","templated":true}]}}