{"id":10007,"date":"2017-04-19T08:19:47","date_gmt":"2017-04-19T08:19:47","guid":{"rendered":"http:\/\/www.lafarga.com\/corporatiu\/?p=10007"},"modified":"2023-04-19T10:43:29","modified_gmt":"2023-04-19T10:43:29","slug":"mejor-de-las-fiestas-primavera-medios","status":"publish","type":"post","link":"https:\/\/www.lafarga.com\/corporatiu\/mejor-de-las-fiestas-primavera-medios\/","title":{"rendered":"Lo mejor de las Fiestas de Primavera, en los Medios"},"content":{"rendered":"<h5>La Televisi\u00f3n de L&#8217;Hospitalet sale a la Rambla<\/h5>\n<p>Los Medios de Comunicaci\u00f3n de L&#8217;Hospitalet realizan esta semana una programaci\u00f3n especial con motivo de las Fiestas de Primavera de la ciudad.<br \/>\nToda la informaci\u00f3n relacionada con las fiestas, que comienzan este jueves y hasta el d\u00eda de Sant Jordi, la podemos encontrar en L&#8217;Hdigital.cat, Televisi\u00f3 de L&#8217;Hospitalet y el Diari de L&#8217;Hospitalet, con diferentes espacios y formatos.<\/p>\n<p><a href=\"http:\/\/lhdigital.cat\/web\/digital-h\/inici\" target=\"_blank\" rel=\"noopener\"><strong>L&#8217;Hdigital.cat<\/strong><\/a>, el portal web de informaci\u00f3n de L&#8217;Hospitalet, y su APP, han puesto en marcha, como cada a\u00f1o, un apartado <a href=\"http:\/\/lhdigital.cat\/web\/digital-h\/festesprimavera2017\" target=\"_blank\" rel=\"noopener\"><strong>especial sobre las Fiestas de Primavera<\/strong><\/a> donde podemos encontrar desde la agenda detallada de las mismas, a todos los contenidos audiovisuales relacionados con la celebraci\u00f3n.<\/p>\n<p><a href=\"http:\/\/lhdigital.cat\/web\/digital-h\/televisio\" target=\"_blank\" rel=\"noopener\"><strong>Televisi\u00f3n de L&#8217;Hospitalet<\/strong><\/a>, aparte de la informaci\u00f3n puntual en el Informatiu y en los espacios culturales como el &#8216;Pren-ne nota&#8217;, har\u00e1 una programaci\u00f3n especial desde la calle. El primer punto de inter\u00e9s ser\u00e1 la transmisi\u00f3n del preg\u00f3n a cargo de Ra\u00fal Alcaraz y el posterior Toc d&#8217;inici, con un espacio conducido por Laura Alsina y Montse Qui\u00f1onero, de 19:30h a 21h. Para el fin de semana la programaci\u00f3n, en directo, se traslada a la Rambla Just Oliveras, donde los profesionales del medio har\u00e1n diferentes espacios relacionados con las fiestas. El s\u00e1bado el programa especial ser\u00e1 de 18h a 20h, presentado por Anna Rodr\u00edguez y Laura Alsina, y domingo de nuevo habr\u00e1 directo desde la Rambla, de 12h a 14h. Durante estos espacios tambi\u00e9n habr\u00e1 conexiones con otro escenario de las fiestas como es la Plaza del Ayuntamiento, a cargo de Cristina S\u00e1nchez.<\/p>\n<p>El <a href=\"http:\/\/lhdigital.cat\/web\/diari\/diari-l-h\" target=\"_blank\" rel=\"noopener\"><strong>Diari de L&#8217;Hospitalet<\/strong><\/a>, desde hace unos d\u00edas en la calle, tambi\u00e9n lanz\u00f3 un <a href=\"http:\/\/lhdigital.cat\/c\/document_library\/get_file?uuid=ed195907-49e4-4018-b35a-3665ccd7292b&amp;groupId=10919\" target=\"_blank\" rel=\"noopener\"><strong>especial de 12 p\u00e1ginas<\/strong><\/a>, con la informaci\u00f3n m\u00e1s completa posible. Se puede consultar tambi\u00e9n en su <a href=\"http:\/\/lhdigital.cat\/diarilh_digital\/322\/index.html\" target=\"_blank\" rel=\"noopener\"><strong>versi\u00f3n digital<\/strong><\/a>.<\/p>\n<p>Todos los profesionales de los Medios de Comunicaci\u00f3n de L&#8217;Hospitalet, gestionados por La Farga Gesti\u00f3n de Equipamientos Municipales, se vierten, como cada a\u00f1o, en las fiestas m\u00e1s importantes de la ciudad para hacer llegar puntualmente la informaci\u00f3n a todos y todas, y en todos los formatos posibles.<\/p>\n","protected":false},"excerpt":{"rendered":"<p>Los Medios de Comunicaci\u00f3n de L&#8217;Hospitalet realizan esta semana una programaci\u00f3n especial con motivo de las Fiestas de Primavera de la ciudad.<\/p>\n","protected":false},"author":5,"featured_media":10003,"comment_status":"closed","ping_status":"closed","sticky":false,"template":"","format":"standard","meta":{"inline_featured_image":false,"_uag_custom_page_level_css":"","_monsterinsights_skip_tracking":false,"_monsterinsights_sitenote_active":false,"_monsterinsights_sitenote_note":"","_monsterinsights_sitenote_category":0,"site-sidebar-layout":"default","site-content-layout":"","ast-site-content-layout":"default","site-content-style":"default","site-sidebar-style":"default","ast-global-header-display":"","ast-banner-title-visibility":"","ast-main-header-display":"","ast-hfb-above-header-display":"","ast-hfb-below-header-display":"","ast-hfb-mobile-header-display":"","site-post-title":"","ast-breadcrumbs-content":"","ast-featured-img":"","footer-sml-layout":"","ast-disable-related-posts":"","theme-transparent-header-meta":"","adv-header-id-meta":"","stick-header-meta":"","header-above-stick-meta":"","header-main-stick-meta":"","header-below-stick-meta":"","astra-migrate-meta-layouts":"default","ast-page-background-enabled":"default","ast-page-background-meta":{"desktop":{"background-color":"var(--ast-global-color-4)","background-image":"","background-repeat":"repeat","background-position":"center center","background-size":"auto","background-attachment":"scroll","background-type":"","background-media":"","overlay-type":"","overlay-color":"","overlay-opacity":"","overlay-gradient":""},"tablet":{"background-color":"","background-image":"","background-repeat":"repeat","background-position":"center center","background-size":"auto","background-attachment":"scroll","background-type":"","background-media":"","overlay-type":"","overlay-color":"","overlay-opacity":"","overlay-gradient":""},"mobile":{"background-color":"","background-image":"","background-repeat":"repeat","background-position":"center center","background-size":"auto","background-attachment":"scroll","background-type":"","background-media":"","overlay-type":"","overlay-color":"","overlay-opacity":"","overlay-gradient":""}},"ast-content-background-meta":{"desktop":{"background-color":"var(--ast-global-color-5)","background-image":"","background-repeat":"repeat","background-position":"center center","background-size":"auto","background-attachment":"scroll","background-type":"","background-media":"","overlay-type":"","overlay-color":"","overlay-opacity":"","overlay-gradient":""},"tablet":{"background-color":"var(--ast-global-color-5)","background-image":"","background-repeat":"repeat","background-position":"center center","background-size":"auto","background-attachment":"scroll","background-type":"","background-media":"","overlay-type":"","overlay-color":"","overlay-opacity":"","overlay-gradient":""},"mobile":{"background-color":"var(--ast-global-color-5)","background-image":"","background-repeat":"repeat","background-position":"center center","background-size":"auto","background-attachment":"scroll","background-type":"","background-media":"","overlay-type":"","overlay-color":"","overlay-opacity":"","overlay-gradient":""}},"footnotes":""},"categories":[81],"tags":[],"class_list":["post-10007","post","type-post","status-publish","format-standard","has-post-thumbnail","hentry","category-medios-comunicacion"],"yoast_head":"<!-- This site is optimized with the Yoast SEO plugin v27.4 - https:\/\/yoast.com\/product\/yoast-seo-wordpress\/ -->\n<title>Lo mejor de las Fiestas de Primavera, en los Medios - La Farga Gesti\u00f3n de Equipamientos Municipales, S.A.<\/title>\n<meta name=\"description\" content=\"Lo mejor de las Fiestas de Primavera se puedes seguir a trav\u00e9s de los Medios de Comunicaci\u00f3n de L&#039;H, que realizan esta semana una programaci\u00f3n especial.\" \/>\n<meta name=\"robots\" content=\"index, follow, max-snippet:-1, max-image-preview:large, max-video-preview:-1\" \/>\n<link rel=\"canonical\" href=\"https:\/\/www.lafarga.com\/corporatiu\/mejor-de-las-fiestas-primavera-medios\/\" \/>\n<meta property=\"og:locale\" content=\"ca_ES\" \/>\n<meta property=\"og:type\" content=\"article\" \/>\n<meta property=\"og:title\" content=\"Lo mejor de las Fiestas de Primavera, en los Medios - La Farga Gesti\u00f3n de Equipamientos Municipales, S.A.\" \/>\n<meta property=\"og:description\" content=\"Lo mejor de las Fiestas de Primavera se puedes seguir a trav\u00e9s de los Medios de Comunicaci\u00f3n de L&#039;H, que realizan esta semana una programaci\u00f3n especial.\" \/>\n<meta property=\"og:url\" content=\"https:\/\/www.lafarga.com\/corporatiu\/mejor-de-las-fiestas-primavera-medios\/\" \/>\n<meta property=\"og:site_name\" content=\"La Farga Gesti\u00f3n de Equipamientos Municipales, S.A.\" \/>\n<meta property=\"article:published_time\" content=\"2017-04-19T08:19:47+00:00\" \/>\n<meta property=\"article:modified_time\" content=\"2023-04-19T10:43:29+00:00\" \/>\n<meta property=\"og:image\" content=\"https:\/\/www.lafarga.com\/corporatiu\/wp-content\/uploads\/2017\/04\/festes-primavera-2017-farga.jpg\" \/>\n\t<meta property=\"og:image:width\" content=\"730\" \/>\n\t<meta property=\"og:image:height\" content=\"410\" \/>\n\t<meta property=\"og:image:type\" content=\"image\/jpeg\" \/>\n<meta name=\"author\" content=\"\u00d2scar Milla\" \/>\n<meta name=\"twitter:label1\" content=\"Escrit per\" \/>\n\t<meta name=\"twitter:data1\" content=\"\u00d2scar Milla\" \/>\n\t<meta name=\"twitter:label2\" content=\"Temps estimat de lectura\" \/>\n\t<meta name=\"twitter:data2\" content=\"2 minuts\" \/>\n<script type=\"application\/ld+json\" class=\"yoast-schema-graph\">{\"@context\":\"https:\\\/\\\/schema.org\",\"@graph\":[{\"@type\":\"Article\",\"@id\":\"https:\\\/\\\/www.lafarga.com\\\/corporatiu\\\/mejor-de-las-fiestas-primavera-medios\\\/#article\",\"isPartOf\":{\"@id\":\"https:\\\/\\\/www.lafarga.com\\\/corporatiu\\\/mejor-de-las-fiestas-primavera-medios\\\/\"},\"author\":{\"name\":\"\u00d2scar Milla\",\"@id\":\"https:\\\/\\\/www.lafarga.com\\\/corporatiu\\\/#\\\/schema\\\/person\\\/70d96fe17d0da1a9c9e80d232bdbcf33\"},\"headline\":\"Lo mejor de las Fiestas de Primavera, en los Medios\",\"datePublished\":\"2017-04-19T08:19:47+00:00\",\"dateModified\":\"2023-04-19T10:43:29+00:00\",\"mainEntityOfPage\":{\"@id\":\"https:\\\/\\\/www.lafarga.com\\\/corporatiu\\\/mejor-de-las-fiestas-primavera-medios\\\/\"},\"wordCount\":388,\"publisher\":{\"@id\":\"https:\\\/\\\/www.lafarga.com\\\/corporatiu\\\/#organization\"},\"image\":{\"@id\":\"https:\\\/\\\/www.lafarga.com\\\/corporatiu\\\/mejor-de-las-fiestas-primavera-medios\\\/#primaryimage\"},\"thumbnailUrl\":\"https:\\\/\\\/www.lafarga.com\\\/corporatiu\\\/wp-content\\\/uploads\\\/2017\\\/04\\\/festes-primavera-2017-farga.jpg\",\"articleSection\":[\"Medios de Comunicaci\u00f3n\"],\"inLanguage\":\"ca\"},{\"@type\":\"WebPage\",\"@id\":\"https:\\\/\\\/www.lafarga.com\\\/corporatiu\\\/mejor-de-las-fiestas-primavera-medios\\\/\",\"url\":\"https:\\\/\\\/www.lafarga.com\\\/corporatiu\\\/mejor-de-las-fiestas-primavera-medios\\\/\",\"name\":\"Lo mejor de las Fiestas de Primavera, en los Medios - La Farga Gesti\u00f3n de Equipamientos Municipales, S.A.\",\"isPartOf\":{\"@id\":\"https:\\\/\\\/www.lafarga.com\\\/corporatiu\\\/#website\"},\"primaryImageOfPage\":{\"@id\":\"https:\\\/\\\/www.lafarga.com\\\/corporatiu\\\/mejor-de-las-fiestas-primavera-medios\\\/#primaryimage\"},\"image\":{\"@id\":\"https:\\\/\\\/www.lafarga.com\\\/corporatiu\\\/mejor-de-las-fiestas-primavera-medios\\\/#primaryimage\"},\"thumbnailUrl\":\"https:\\\/\\\/www.lafarga.com\\\/corporatiu\\\/wp-content\\\/uploads\\\/2017\\\/04\\\/festes-primavera-2017-farga.jpg\",\"datePublished\":\"2017-04-19T08:19:47+00:00\",\"dateModified\":\"2023-04-19T10:43:29+00:00\",\"description\":\"Lo mejor de las Fiestas de Primavera se puedes seguir a trav\u00e9s de los Medios de Comunicaci\u00f3n de L'H, que realizan esta semana una programaci\u00f3n especial.\",\"breadcrumb\":{\"@id\":\"https:\\\/\\\/www.lafarga.com\\\/corporatiu\\\/mejor-de-las-fiestas-primavera-medios\\\/#breadcrumb\"},\"inLanguage\":\"ca\",\"potentialAction\":[{\"@type\":\"ReadAction\",\"target\":[\"https:\\\/\\\/www.lafarga.com\\\/corporatiu\\\/mejor-de-las-fiestas-primavera-medios\\\/\"]}]},{\"@type\":\"ImageObject\",\"inLanguage\":\"ca\",\"@id\":\"https:\\\/\\\/www.lafarga.com\\\/corporatiu\\\/mejor-de-las-fiestas-primavera-medios\\\/#primaryimage\",\"url\":\"https:\\\/\\\/www.lafarga.com\\\/corporatiu\\\/wp-content\\\/uploads\\\/2017\\\/04\\\/festes-primavera-2017-farga.jpg\",\"contentUrl\":\"https:\\\/\\\/www.lafarga.com\\\/corporatiu\\\/wp-content\\\/uploads\\\/2017\\\/04\\\/festes-primavera-2017-farga.jpg\",\"width\":730,\"height\":410,\"caption\":\"El millor de les Festes, als Mitjans\"},{\"@type\":\"BreadcrumbList\",\"@id\":\"https:\\\/\\\/www.lafarga.com\\\/corporatiu\\\/mejor-de-las-fiestas-primavera-medios\\\/#breadcrumb\",\"itemListElement\":[{\"@type\":\"ListItem\",\"position\":1,\"name\":\"Home\",\"item\":\"https:\\\/\\\/www.lafarga.com\\\/corporatiu\\\/lafarga-hospitalet-llobregat\\\/\"},{\"@type\":\"ListItem\",\"position\":2,\"name\":\"Lo mejor de las Fiestas de Primavera, en los Medios\"}]},{\"@type\":\"WebSite\",\"@id\":\"https:\\\/\\\/www.lafarga.com\\\/corporatiu\\\/#website\",\"url\":\"https:\\\/\\\/www.lafarga.com\\\/corporatiu\\\/\",\"name\":\"La Farga Gesti\u00f3 d&#039;Equipaments Municipals, SA\",\"description\":\"\",\"publisher\":{\"@id\":\"https:\\\/\\\/www.lafarga.com\\\/corporatiu\\\/#organization\"},\"potentialAction\":[{\"@type\":\"SearchAction\",\"target\":{\"@type\":\"EntryPoint\",\"urlTemplate\":\"https:\\\/\\\/www.lafarga.com\\\/corporatiu\\\/?s={search_term_string}\"},\"query-input\":{\"@type\":\"PropertyValueSpecification\",\"valueRequired\":true,\"valueName\":\"search_term_string\"}}],\"inLanguage\":\"ca\"},{\"@type\":\"Organization\",\"@id\":\"https:\\\/\\\/www.lafarga.com\\\/corporatiu\\\/#organization\",\"name\":\"La Farga Gesti\u00f3 d&#039;Equipaments Municipals, SA\",\"url\":\"https:\\\/\\\/www.lafarga.com\\\/corporatiu\\\/\",\"logo\":{\"@type\":\"ImageObject\",\"inLanguage\":\"ca\",\"@id\":\"https:\\\/\\\/www.lafarga.com\\\/corporatiu\\\/#\\\/schema\\\/logo\\\/image\\\/\",\"url\":\"https:\\\/\\\/www.lafarga.com\\\/corporatiu\\\/wp-content\\\/uploads\\\/2023\\\/11\\\/logotipo_lafarga_gemsa.svg\",\"contentUrl\":\"https:\\\/\\\/www.lafarga.com\\\/corporatiu\\\/wp-content\\\/uploads\\\/2023\\\/11\\\/logotipo_lafarga_gemsa.svg\",\"width\":102,\"height\":103,\"caption\":\"La Farga Gesti\u00f3 d&#039;Equipaments Municipals, SA\"},\"image\":{\"@id\":\"https:\\\/\\\/www.lafarga.com\\\/corporatiu\\\/#\\\/schema\\\/logo\\\/image\\\/\"}},{\"@type\":\"Person\",\"@id\":\"https:\\\/\\\/www.lafarga.com\\\/corporatiu\\\/#\\\/schema\\\/person\\\/70d96fe17d0da1a9c9e80d232bdbcf33\",\"name\":\"\u00d2scar Milla\",\"image\":{\"@type\":\"ImageObject\",\"inLanguage\":\"ca\",\"@id\":\"https:\\\/\\\/secure.gravatar.com\\\/avatar\\\/92e75d184f9d5e0e403bd4ad075b080ad258344ddc259adddb579f6a3ba6494f?s=96&d=mm&r=g\",\"url\":\"https:\\\/\\\/secure.gravatar.com\\\/avatar\\\/92e75d184f9d5e0e403bd4ad075b080ad258344ddc259adddb579f6a3ba6494f?s=96&d=mm&r=g\",\"contentUrl\":\"https:\\\/\\\/secure.gravatar.com\\\/avatar\\\/92e75d184f9d5e0e403bd4ad075b080ad258344ddc259adddb579f6a3ba6494f?s=96&d=mm&r=g\",\"caption\":\"\u00d2scar Milla\"},\"url\":\"https:\\\/\\\/www.lafarga.com\\\/corporatiu\\\/author\\\/omilla\\\/\"}]}<\/script>\n<!-- \/ Yoast SEO plugin. -->","yoast_head_json":{"title":"Lo mejor de las Fiestas de Primavera, en los Medios - La Farga Gesti\u00f3n de Equipamientos Municipales, S.A.","description":"Lo mejor de las Fiestas de Primavera se puedes seguir a trav\u00e9s de los Medios de Comunicaci\u00f3n de L'H, que realizan esta semana una programaci\u00f3n especial.","robots":{"index":"index","follow":"follow","max-snippet":"max-snippet:-1","max-image-preview":"max-image-preview:large","max-video-preview":"max-video-preview:-1"},"canonical":"https:\/\/www.lafarga.com\/corporatiu\/mejor-de-las-fiestas-primavera-medios\/","og_locale":"ca_ES","og_type":"article","og_title":"Lo mejor de las Fiestas de Primavera, en los Medios - La Farga Gesti\u00f3n de Equipamientos Municipales, S.A.","og_description":"Lo mejor de las Fiestas de Primavera se puedes seguir a trav\u00e9s de los Medios de Comunicaci\u00f3n de L'H, que realizan esta semana una programaci\u00f3n especial.","og_url":"https:\/\/www.lafarga.com\/corporatiu\/mejor-de-las-fiestas-primavera-medios\/","og_site_name":"La Farga Gesti\u00f3n de Equipamientos Municipales, S.A.","article_published_time":"2017-04-19T08:19:47+00:00","article_modified_time":"2023-04-19T10:43:29+00:00","og_image":[{"width":730,"height":410,"url":"https:\/\/www.lafarga.com\/corporatiu\/wp-content\/uploads\/2017\/04\/festes-primavera-2017-farga.jpg","type":"image\/jpeg"}],"author":"\u00d2scar Milla","twitter_misc":{"Escrit per":"\u00d2scar Milla","Temps estimat de lectura":"2 minuts"},"schema":{"@context":"https:\/\/schema.org","@graph":[{"@type":"Article","@id":"https:\/\/www.lafarga.com\/corporatiu\/mejor-de-las-fiestas-primavera-medios\/#article","isPartOf":{"@id":"https:\/\/www.lafarga.com\/corporatiu\/mejor-de-las-fiestas-primavera-medios\/"},"author":{"name":"\u00d2scar Milla","@id":"https:\/\/www.lafarga.com\/corporatiu\/#\/schema\/person\/70d96fe17d0da1a9c9e80d232bdbcf33"},"headline":"Lo mejor de las Fiestas de Primavera, en los Medios","datePublished":"2017-04-19T08:19:47+00:00","dateModified":"2023-04-19T10:43:29+00:00","mainEntityOfPage":{"@id":"https:\/\/www.lafarga.com\/corporatiu\/mejor-de-las-fiestas-primavera-medios\/"},"wordCount":388,"publisher":{"@id":"https:\/\/www.lafarga.com\/corporatiu\/#organization"},"image":{"@id":"https:\/\/www.lafarga.com\/corporatiu\/mejor-de-las-fiestas-primavera-medios\/#primaryimage"},"thumbnailUrl":"https:\/\/www.lafarga.com\/corporatiu\/wp-content\/uploads\/2017\/04\/festes-primavera-2017-farga.jpg","articleSection":["Medios de Comunicaci\u00f3n"],"inLanguage":"ca"},{"@type":"WebPage","@id":"https:\/\/www.lafarga.com\/corporatiu\/mejor-de-las-fiestas-primavera-medios\/","url":"https:\/\/www.lafarga.com\/corporatiu\/mejor-de-las-fiestas-primavera-medios\/","name":"Lo mejor de las Fiestas de Primavera, en los Medios - La Farga Gesti\u00f3n de Equipamientos Municipales, S.A.","isPartOf":{"@id":"https:\/\/www.lafarga.com\/corporatiu\/#website"},"primaryImageOfPage":{"@id":"https:\/\/www.lafarga.com\/corporatiu\/mejor-de-las-fiestas-primavera-medios\/#primaryimage"},"image":{"@id":"https:\/\/www.lafarga.com\/corporatiu\/mejor-de-las-fiestas-primavera-medios\/#primaryimage"},"thumbnailUrl":"https:\/\/www.lafarga.com\/corporatiu\/wp-content\/uploads\/2017\/04\/festes-primavera-2017-farga.jpg","datePublished":"2017-04-19T08:19:47+00:00","dateModified":"2023-04-19T10:43:29+00:00","description":"Lo mejor de las Fiestas de Primavera se puedes seguir a trav\u00e9s de los Medios de Comunicaci\u00f3n de L'H, que realizan esta semana una programaci\u00f3n especial.","breadcrumb":{"@id":"https:\/\/www.lafarga.com\/corporatiu\/mejor-de-las-fiestas-primavera-medios\/#breadcrumb"},"inLanguage":"ca","potentialAction":[{"@type":"ReadAction","target":["https:\/\/www.lafarga.com\/corporatiu\/mejor-de-las-fiestas-primavera-medios\/"]}]},{"@type":"ImageObject","inLanguage":"ca","@id":"https:\/\/www.lafarga.com\/corporatiu\/mejor-de-las-fiestas-primavera-medios\/#primaryimage","url":"https:\/\/www.lafarga.com\/corporatiu\/wp-content\/uploads\/2017\/04\/festes-primavera-2017-farga.jpg","contentUrl":"https:\/\/www.lafarga.com\/corporatiu\/wp-content\/uploads\/2017\/04\/festes-primavera-2017-farga.jpg","width":730,"height":410,"caption":"El millor de les Festes, als Mitjans"},{"@type":"BreadcrumbList","@id":"https:\/\/www.lafarga.com\/corporatiu\/mejor-de-las-fiestas-primavera-medios\/#breadcrumb","itemListElement":[{"@type":"ListItem","position":1,"name":"Home","item":"https:\/\/www.lafarga.com\/corporatiu\/lafarga-hospitalet-llobregat\/"},{"@type":"ListItem","position":2,"name":"Lo mejor de las Fiestas de Primavera, en los Medios"}]},{"@type":"WebSite","@id":"https:\/\/www.lafarga.com\/corporatiu\/#website","url":"https:\/\/www.lafarga.com\/corporatiu\/","name":"La Farga Gesti\u00f3 d&#039;Equipaments Municipals, SA","description":"","publisher":{"@id":"https:\/\/www.lafarga.com\/corporatiu\/#organization"},"potentialAction":[{"@type":"SearchAction","target":{"@type":"EntryPoint","urlTemplate":"https:\/\/www.lafarga.com\/corporatiu\/?s={search_term_string}"},"query-input":{"@type":"PropertyValueSpecification","valueRequired":true,"valueName":"search_term_string"}}],"inLanguage":"ca"},{"@type":"Organization","@id":"https:\/\/www.lafarga.com\/corporatiu\/#organization","name":"La Farga Gesti\u00f3 d&#039;Equipaments Municipals, SA","url":"https:\/\/www.lafarga.com\/corporatiu\/","logo":{"@type":"ImageObject","inLanguage":"ca","@id":"https:\/\/www.lafarga.com\/corporatiu\/#\/schema\/logo\/image\/","url":"https:\/\/www.lafarga.com\/corporatiu\/wp-content\/uploads\/2023\/11\/logotipo_lafarga_gemsa.svg","contentUrl":"https:\/\/www.lafarga.com\/corporatiu\/wp-content\/uploads\/2023\/11\/logotipo_lafarga_gemsa.svg","width":102,"height":103,"caption":"La Farga Gesti\u00f3 d&#039;Equipaments Municipals, SA"},"image":{"@id":"https:\/\/www.lafarga.com\/corporatiu\/#\/schema\/logo\/image\/"}},{"@type":"Person","@id":"https:\/\/www.lafarga.com\/corporatiu\/#\/schema\/person\/70d96fe17d0da1a9c9e80d232bdbcf33","name":"\u00d2scar Milla","image":{"@type":"ImageObject","inLanguage":"ca","@id":"https:\/\/secure.gravatar.com\/avatar\/92e75d184f9d5e0e403bd4ad075b080ad258344ddc259adddb579f6a3ba6494f?s=96&d=mm&r=g","url":"https:\/\/secure.gravatar.com\/avatar\/92e75d184f9d5e0e403bd4ad075b080ad258344ddc259adddb579f6a3ba6494f?s=96&d=mm&r=g","contentUrl":"https:\/\/secure.gravatar.com\/avatar\/92e75d184f9d5e0e403bd4ad075b080ad258344ddc259adddb579f6a3ba6494f?s=96&d=mm&r=g","caption":"\u00d2scar Milla"},"url":"https:\/\/www.lafarga.com\/corporatiu\/author\/omilla\/"}]}},"uagb_featured_image_src":{"full":["https:\/\/www.lafarga.com\/corporatiu\/wp-content\/uploads\/2017\/04\/festes-primavera-2017-farga.jpg",730,410,false],"thumbnail":["https:\/\/www.lafarga.com\/corporatiu\/wp-content\/uploads\/2017\/04\/festes-primavera-2017-farga-150x150.jpg",150,150,true],"medium":["https:\/\/www.lafarga.com\/corporatiu\/wp-content\/uploads\/2017\/04\/festes-primavera-2017-farga-300x168.jpg",300,168,true],"medium_large":["https:\/\/www.lafarga.com\/corporatiu\/wp-content\/uploads\/2017\/04\/festes-primavera-2017-farga.jpg",730,410,false],"large":["https:\/\/www.lafarga.com\/corporatiu\/wp-content\/uploads\/2017\/04\/festes-primavera-2017-farga.jpg",730,410,false],"1536x1536":["https:\/\/www.lafarga.com\/corporatiu\/wp-content\/uploads\/2017\/04\/festes-primavera-2017-farga.jpg",730,410,false],"2048x2048":["https:\/\/www.lafarga.com\/corporatiu\/wp-content\/uploads\/2017\/04\/festes-primavera-2017-farga.jpg",730,410,false],"mailpoet_newsletter_max":["https:\/\/www.lafarga.com\/corporatiu\/wp-content\/uploads\/2017\/04\/festes-primavera-2017-farga.jpg",730,410,false]},"uagb_author_info":{"display_name":"\u00d2scar Milla","author_link":"https:\/\/www.lafarga.com\/corporatiu\/author\/omilla\/"},"uagb_comment_info":0,"uagb_excerpt":"Los Medios de Comunicaci\u00f3n de L'Hospitalet realizan esta semana una programaci\u00f3n especial con motivo de las Fiestas de Primavera de la ciudad.","_links":{"self":[{"href":"https:\/\/www.lafarga.com\/corporatiu\/wp-json\/wp\/v2\/posts\/10007","targetHints":{"allow":["GET"]}}],"collection":[{"href":"https:\/\/www.lafarga.com\/corporatiu\/wp-json\/wp\/v2\/posts"}],"about":[{"href":"https:\/\/www.lafarga.com\/corporatiu\/wp-json\/wp\/v2\/types\/post"}],"author":[{"embeddable":true,"href":"https:\/\/www.lafarga.com\/corporatiu\/wp-json\/wp\/v2\/users\/5"}],"replies":[{"embeddable":true,"href":"https:\/\/www.lafarga.com\/corporatiu\/wp-json\/wp\/v2\/comments?post=10007"}],"version-history":[{"count":3,"href":"https:\/\/www.lafarga.com\/corporatiu\/wp-json\/wp\/v2\/posts\/10007\/revisions"}],"predecessor-version":[{"id":17290,"href":"https:\/\/www.lafarga.com\/corporatiu\/wp-json\/wp\/v2\/posts\/10007\/revisions\/17290"}],"wp:featuredmedia":[{"embeddable":true,"href":"https:\/\/www.lafarga.com\/corporatiu\/wp-json\/wp\/v2\/media\/10003"}],"wp:attachment":[{"href":"https:\/\/www.lafarga.com\/corporatiu\/wp-json\/wp\/v2\/media?parent=10007"}],"wp:term":[{"taxonomy":"category","embeddable":true,"href":"https:\/\/www.lafarga.com\/corporatiu\/wp-json\/wp\/v2\/categories?post=10007"},{"taxonomy":"post_tag","embeddable":true,"href":"https:\/\/www.lafarga.com\/corporatiu\/wp-json\/wp\/v2\/tags?post=10007"}],"curies":[{"name":"wp","href":"https:\/\/api.w.org\/{rel}","templated":true}]}}