{"id":10002,"date":"2017-04-19T08:11:16","date_gmt":"2017-04-19T08:11:16","guid":{"rendered":"http:\/\/www.lafarga.com\/corporatiu\/?p=10002"},"modified":"2023-04-19T10:40:15","modified_gmt":"2023-04-19T10:40:15","slug":"millor-de-les-festes-primavera-mitjans","status":"publish","type":"post","link":"https:\/\/www.lafarga.com\/corporatiu\/millor-de-les-festes-primavera-mitjans\/","title":{"rendered":"El millor de les Festes de Primavera, als Mitjans"},"content":{"rendered":"<h5>La Televisi\u00f3 de L&#8217;Hospitalet surt a la Rambla<\/h5>\n<p>Els Mitjans de Comunicaci\u00f3 de L\u2019Hospitalet realitzen aquesta setmana una programaci\u00f3 especial amb motiu de les Festes de Primavera de la ciutat.<br \/>\nTota la informaci\u00f3 relacionada amb les festes, que comencen aquest dijous i fins el dia de Sant Jordi, la podem trobar a L\u2019HDigital.cat, Televisi\u00f3 de L\u2019Hospitalet i el Diari de L\u2019Hospitalet, amb diferents espais i formats.<\/p>\n<p><a href=\"http:\/\/lhdigital.cat\/web\/digital-h\/inici\" target=\"_blank\" rel=\"noopener\"><strong>L\u2019Hdigital.cat<\/strong><\/a>, el portal web d\u2019informaci\u00f3 de L\u2019Hospitalet, i la seva APP, han posat en marxa, com cada any, un apartat <a href=\"http:\/\/lhdigital.cat\/web\/digital-h\/festesprimavera2017\" target=\"_blank\" rel=\"noopener\"><strong>especial sobre les Festes de Primavera<\/strong><\/a> on podem trobar des de tota l\u2019agenda detallada de les mateixes, a tots els continguts audiovisuals relacionats amb la celebraci\u00f3.<\/p>\n<p><a href=\"http:\/\/lhdigital.cat\/web\/digital-h\/televisio\" target=\"_blank\" rel=\"noopener\"><strong>Televisi\u00f3 de L\u2019Hospitalet<\/strong><\/a>, a banda de la informaci\u00f3 puntual a l\u2019Informatiu i en els espais culturals com el \u2018Pren-ne nota\u2019, far\u00e0 una programaci\u00f3 especial des del carrer. El primer punt d\u2019inter\u00e8s ser\u00e0 la transmissi\u00f3 del preg\u00f3 a c\u00e0rrec de Ra\u00fal Alcaraz i el posterior Toc d\u2019inici, amb un espai condu\u00eft per Laura Alsina i Montse Qui\u00f1onero, de 19:30h a 21h. Per al cap de setmana la programaci\u00f3, en directe, es trasllada a la Rambla Just Oliveras, on els professionals del mitj\u00e0 faran diferents espais relacionats amb les festes. Dissabte el programa especial ser\u00e0 de 18h a 20h, presentat per Anna Rodr\u00edguez i Laura Alsina, i diumenge de nou hi haur\u00e0 directe des de la Rambla, de 12h a 14h. Durant aquests espais tamb\u00e9 hi haur\u00e0 connexions amb un altre escenari de les festes com \u00e9s la Pla\u00e7a de l&#8217;Ajuntament, a c\u00e0rrec de Cristina S\u00e1nchez.<\/p>\n<p>El <a href=\"http:\/\/lhdigital.cat\/web\/diari\/diari-l-h\" target=\"_blank\" rel=\"noopener\"><strong>Diari de L\u2019Hospitalet<\/strong><\/a>, des de fa uns dies al carrer, tamb\u00e9 va llen\u00e7ar un <a href=\"http:\/\/lhdigital.cat\/c\/document_library\/get_file?uuid=ed195907-49e4-4018-b35a-3665ccd7292b&amp;groupId=10919\" target=\"_blank\" rel=\"noopener\"><strong>especial de 12 p\u00e0gines<\/strong><\/a>, amb la informaci\u00f3 m\u00e9s completa possible. Es pot consultar tamb\u00e9 en la seva <a href=\"http:\/\/lhdigital.cat\/diarilh_digital\/322\/index.html\" target=\"_blank\" rel=\"noopener\"><strong>versi\u00f3 digital<\/strong><\/a>.<\/p>\n<p>Tots els professionals dels Mitjans de Comunicaci\u00f3 de L\u2019Hospitalet, gestionats per La Farga Gesti\u00f3 d\u2019Equipaments Municipals, s\u2019aboquen, com cada any, en les festes m\u00e9s importants de la ciutat per fer arribar puntualment la informaci\u00f3 a tothom, i en tots els formats possibles.<\/p>\n","protected":false},"excerpt":{"rendered":"<p>Els Mitjans de Comunicaci\u00f3 de L\u2019Hospitalet realitzen aquesta setmana una programaci\u00f3 especial amb motiu de les Festes de Primavera de la ciutat.<\/p>\n","protected":false},"author":5,"featured_media":10003,"comment_status":"closed","ping_status":"closed","sticky":false,"template":"","format":"standard","meta":{"inline_featured_image":false,"_uag_custom_page_level_css":"","_monsterinsights_skip_tracking":false,"_monsterinsights_sitenote_active":false,"_monsterinsights_sitenote_note":"","_monsterinsights_sitenote_category":0,"site-sidebar-layout":"default","site-content-layout":"","ast-site-content-layout":"default","site-content-style":"default","site-sidebar-style":"default","ast-global-header-display":"","ast-banner-title-visibility":"","ast-main-header-display":"","ast-hfb-above-header-display":"","ast-hfb-below-header-display":"","ast-hfb-mobile-header-display":"","site-post-title":"","ast-breadcrumbs-content":"","ast-featured-img":"","footer-sml-layout":"","ast-disable-related-posts":"","theme-transparent-header-meta":"","adv-header-id-meta":"","stick-header-meta":"","header-above-stick-meta":"","header-main-stick-meta":"","header-below-stick-meta":"","astra-migrate-meta-layouts":"default","ast-page-background-enabled":"default","ast-page-background-meta":{"desktop":{"background-color":"var(--ast-global-color-4)","background-image":"","background-repeat":"repeat","background-position":"center center","background-size":"auto","background-attachment":"scroll","background-type":"","background-media":"","overlay-type":"","overlay-color":"","overlay-opacity":"","overlay-gradient":""},"tablet":{"background-color":"","background-image":"","background-repeat":"repeat","background-position":"center center","background-size":"auto","background-attachment":"scroll","background-type":"","background-media":"","overlay-type":"","overlay-color":"","overlay-opacity":"","overlay-gradient":""},"mobile":{"background-color":"","background-image":"","background-repeat":"repeat","background-position":"center center","background-size":"auto","background-attachment":"scroll","background-type":"","background-media":"","overlay-type":"","overlay-color":"","overlay-opacity":"","overlay-gradient":""}},"ast-content-background-meta":{"desktop":{"background-color":"var(--ast-global-color-5)","background-image":"","background-repeat":"repeat","background-position":"center center","background-size":"auto","background-attachment":"scroll","background-type":"","background-media":"","overlay-type":"","overlay-color":"","overlay-opacity":"","overlay-gradient":""},"tablet":{"background-color":"var(--ast-global-color-5)","background-image":"","background-repeat":"repeat","background-position":"center center","background-size":"auto","background-attachment":"scroll","background-type":"","background-media":"","overlay-type":"","overlay-color":"","overlay-opacity":"","overlay-gradient":""},"mobile":{"background-color":"var(--ast-global-color-5)","background-image":"","background-repeat":"repeat","background-position":"center center","background-size":"auto","background-attachment":"scroll","background-type":"","background-media":"","overlay-type":"","overlay-color":"","overlay-opacity":"","overlay-gradient":""}},"footnotes":""},"categories":[51],"tags":[],"class_list":["post-10002","post","type-post","status-publish","format-standard","has-post-thumbnail","hentry","category-mitjans-comunicacio"],"yoast_head":"<!-- This site is optimized with the Yoast SEO plugin v27.4 - https:\/\/yoast.com\/product\/yoast-seo-wordpress\/ -->\n<title>El millor de les Festes de Primavera, als Mitjans - La Farga Gesti\u00f3n de Equipamientos Municipales, S.A.<\/title>\n<meta name=\"description\" content=\"El millor de les Festes de Primavera es pots seguir a trav\u00e9s dels Mitjans de Comunicaci\u00f3 de L&#039;H, que realitzen aquesta setmana una programaci\u00f3 especial.\" \/>\n<meta name=\"robots\" content=\"index, follow, max-snippet:-1, max-image-preview:large, max-video-preview:-1\" \/>\n<link rel=\"canonical\" href=\"https:\/\/www.lafarga.com\/corporatiu\/millor-de-les-festes-primavera-mitjans\/\" \/>\n<meta property=\"og:locale\" content=\"ca_ES\" \/>\n<meta property=\"og:type\" content=\"article\" \/>\n<meta property=\"og:title\" content=\"El millor de les Festes de Primavera, als Mitjans - La Farga Gesti\u00f3n de Equipamientos Municipales, S.A.\" \/>\n<meta property=\"og:description\" content=\"El millor de les Festes de Primavera es pots seguir a trav\u00e9s dels Mitjans de Comunicaci\u00f3 de L&#039;H, que realitzen aquesta setmana una programaci\u00f3 especial.\" \/>\n<meta property=\"og:url\" content=\"https:\/\/www.lafarga.com\/corporatiu\/millor-de-les-festes-primavera-mitjans\/\" \/>\n<meta property=\"og:site_name\" content=\"La Farga Gesti\u00f3n de Equipamientos Municipales, S.A.\" \/>\n<meta property=\"article:published_time\" content=\"2017-04-19T08:11:16+00:00\" \/>\n<meta property=\"article:modified_time\" content=\"2023-04-19T10:40:15+00:00\" \/>\n<meta property=\"og:image\" content=\"https:\/\/www.lafarga.com\/corporatiu\/wp-content\/uploads\/2017\/04\/festes-primavera-2017-farga.jpg\" \/>\n\t<meta property=\"og:image:width\" content=\"730\" \/>\n\t<meta property=\"og:image:height\" content=\"410\" \/>\n\t<meta property=\"og:image:type\" content=\"image\/jpeg\" \/>\n<meta name=\"author\" content=\"\u00d2scar Milla\" \/>\n<meta name=\"twitter:label1\" content=\"Escrit per\" \/>\n\t<meta name=\"twitter:data1\" content=\"\u00d2scar Milla\" \/>\n\t<meta name=\"twitter:label2\" content=\"Temps estimat de lectura\" \/>\n\t<meta name=\"twitter:data2\" content=\"2 minuts\" \/>\n<script type=\"application\/ld+json\" class=\"yoast-schema-graph\">{\"@context\":\"https:\\\/\\\/schema.org\",\"@graph\":[{\"@type\":\"Article\",\"@id\":\"https:\\\/\\\/www.lafarga.com\\\/corporatiu\\\/millor-de-les-festes-primavera-mitjans\\\/#article\",\"isPartOf\":{\"@id\":\"https:\\\/\\\/www.lafarga.com\\\/corporatiu\\\/millor-de-les-festes-primavera-mitjans\\\/\"},\"author\":{\"name\":\"\u00d2scar Milla\",\"@id\":\"https:\\\/\\\/www.lafarga.com\\\/corporatiu\\\/#\\\/schema\\\/person\\\/70d96fe17d0da1a9c9e80d232bdbcf33\"},\"headline\":\"El millor de les Festes de Primavera, als Mitjans\",\"datePublished\":\"2017-04-19T08:11:16+00:00\",\"dateModified\":\"2023-04-19T10:40:15+00:00\",\"mainEntityOfPage\":{\"@id\":\"https:\\\/\\\/www.lafarga.com\\\/corporatiu\\\/millor-de-les-festes-primavera-mitjans\\\/\"},\"wordCount\":373,\"publisher\":{\"@id\":\"https:\\\/\\\/www.lafarga.com\\\/corporatiu\\\/#organization\"},\"image\":{\"@id\":\"https:\\\/\\\/www.lafarga.com\\\/corporatiu\\\/millor-de-les-festes-primavera-mitjans\\\/#primaryimage\"},\"thumbnailUrl\":\"https:\\\/\\\/www.lafarga.com\\\/corporatiu\\\/wp-content\\\/uploads\\\/2017\\\/04\\\/festes-primavera-2017-farga.jpg\",\"articleSection\":[\"Mitjans de Comunicaci\u00f3\"],\"inLanguage\":\"ca\"},{\"@type\":\"WebPage\",\"@id\":\"https:\\\/\\\/www.lafarga.com\\\/corporatiu\\\/millor-de-les-festes-primavera-mitjans\\\/\",\"url\":\"https:\\\/\\\/www.lafarga.com\\\/corporatiu\\\/millor-de-les-festes-primavera-mitjans\\\/\",\"name\":\"El millor de les Festes de Primavera, als Mitjans - La Farga Gesti\u00f3n de Equipamientos Municipales, S.A.\",\"isPartOf\":{\"@id\":\"https:\\\/\\\/www.lafarga.com\\\/corporatiu\\\/#website\"},\"primaryImageOfPage\":{\"@id\":\"https:\\\/\\\/www.lafarga.com\\\/corporatiu\\\/millor-de-les-festes-primavera-mitjans\\\/#primaryimage\"},\"image\":{\"@id\":\"https:\\\/\\\/www.lafarga.com\\\/corporatiu\\\/millor-de-les-festes-primavera-mitjans\\\/#primaryimage\"},\"thumbnailUrl\":\"https:\\\/\\\/www.lafarga.com\\\/corporatiu\\\/wp-content\\\/uploads\\\/2017\\\/04\\\/festes-primavera-2017-farga.jpg\",\"datePublished\":\"2017-04-19T08:11:16+00:00\",\"dateModified\":\"2023-04-19T10:40:15+00:00\",\"description\":\"El millor de les Festes de Primavera es pots seguir a trav\u00e9s dels Mitjans de Comunicaci\u00f3 de L'H, que realitzen aquesta setmana una programaci\u00f3 especial.\",\"breadcrumb\":{\"@id\":\"https:\\\/\\\/www.lafarga.com\\\/corporatiu\\\/millor-de-les-festes-primavera-mitjans\\\/#breadcrumb\"},\"inLanguage\":\"ca\",\"potentialAction\":[{\"@type\":\"ReadAction\",\"target\":[\"https:\\\/\\\/www.lafarga.com\\\/corporatiu\\\/millor-de-les-festes-primavera-mitjans\\\/\"]}]},{\"@type\":\"ImageObject\",\"inLanguage\":\"ca\",\"@id\":\"https:\\\/\\\/www.lafarga.com\\\/corporatiu\\\/millor-de-les-festes-primavera-mitjans\\\/#primaryimage\",\"url\":\"https:\\\/\\\/www.lafarga.com\\\/corporatiu\\\/wp-content\\\/uploads\\\/2017\\\/04\\\/festes-primavera-2017-farga.jpg\",\"contentUrl\":\"https:\\\/\\\/www.lafarga.com\\\/corporatiu\\\/wp-content\\\/uploads\\\/2017\\\/04\\\/festes-primavera-2017-farga.jpg\",\"width\":730,\"height\":410,\"caption\":\"El millor de les Festes, als Mitjans\"},{\"@type\":\"BreadcrumbList\",\"@id\":\"https:\\\/\\\/www.lafarga.com\\\/corporatiu\\\/millor-de-les-festes-primavera-mitjans\\\/#breadcrumb\",\"itemListElement\":[{\"@type\":\"ListItem\",\"position\":1,\"name\":\"Home\",\"item\":\"https:\\\/\\\/www.lafarga.com\\\/corporatiu\\\/lafarga-hospitalet-llobregat\\\/\"},{\"@type\":\"ListItem\",\"position\":2,\"name\":\"El millor de les Festes de Primavera, als Mitjans\"}]},{\"@type\":\"WebSite\",\"@id\":\"https:\\\/\\\/www.lafarga.com\\\/corporatiu\\\/#website\",\"url\":\"https:\\\/\\\/www.lafarga.com\\\/corporatiu\\\/\",\"name\":\"La Farga Gesti\u00f3 d&#039;Equipaments Municipals, SA\",\"description\":\"\",\"publisher\":{\"@id\":\"https:\\\/\\\/www.lafarga.com\\\/corporatiu\\\/#organization\"},\"potentialAction\":[{\"@type\":\"SearchAction\",\"target\":{\"@type\":\"EntryPoint\",\"urlTemplate\":\"https:\\\/\\\/www.lafarga.com\\\/corporatiu\\\/?s={search_term_string}\"},\"query-input\":{\"@type\":\"PropertyValueSpecification\",\"valueRequired\":true,\"valueName\":\"search_term_string\"}}],\"inLanguage\":\"ca\"},{\"@type\":\"Organization\",\"@id\":\"https:\\\/\\\/www.lafarga.com\\\/corporatiu\\\/#organization\",\"name\":\"La Farga Gesti\u00f3 d&#039;Equipaments Municipals, SA\",\"url\":\"https:\\\/\\\/www.lafarga.com\\\/corporatiu\\\/\",\"logo\":{\"@type\":\"ImageObject\",\"inLanguage\":\"ca\",\"@id\":\"https:\\\/\\\/www.lafarga.com\\\/corporatiu\\\/#\\\/schema\\\/logo\\\/image\\\/\",\"url\":\"https:\\\/\\\/www.lafarga.com\\\/corporatiu\\\/wp-content\\\/uploads\\\/2023\\\/11\\\/logotipo_lafarga_gemsa.svg\",\"contentUrl\":\"https:\\\/\\\/www.lafarga.com\\\/corporatiu\\\/wp-content\\\/uploads\\\/2023\\\/11\\\/logotipo_lafarga_gemsa.svg\",\"width\":102,\"height\":103,\"caption\":\"La Farga Gesti\u00f3 d&#039;Equipaments Municipals, SA\"},\"image\":{\"@id\":\"https:\\\/\\\/www.lafarga.com\\\/corporatiu\\\/#\\\/schema\\\/logo\\\/image\\\/\"}},{\"@type\":\"Person\",\"@id\":\"https:\\\/\\\/www.lafarga.com\\\/corporatiu\\\/#\\\/schema\\\/person\\\/70d96fe17d0da1a9c9e80d232bdbcf33\",\"name\":\"\u00d2scar Milla\",\"image\":{\"@type\":\"ImageObject\",\"inLanguage\":\"ca\",\"@id\":\"https:\\\/\\\/secure.gravatar.com\\\/avatar\\\/92e75d184f9d5e0e403bd4ad075b080ad258344ddc259adddb579f6a3ba6494f?s=96&d=mm&r=g\",\"url\":\"https:\\\/\\\/secure.gravatar.com\\\/avatar\\\/92e75d184f9d5e0e403bd4ad075b080ad258344ddc259adddb579f6a3ba6494f?s=96&d=mm&r=g\",\"contentUrl\":\"https:\\\/\\\/secure.gravatar.com\\\/avatar\\\/92e75d184f9d5e0e403bd4ad075b080ad258344ddc259adddb579f6a3ba6494f?s=96&d=mm&r=g\",\"caption\":\"\u00d2scar Milla\"},\"url\":\"https:\\\/\\\/www.lafarga.com\\\/corporatiu\\\/author\\\/omilla\\\/\"}]}<\/script>\n<!-- \/ Yoast SEO plugin. -->","yoast_head_json":{"title":"El millor de les Festes de Primavera, als Mitjans - La Farga Gesti\u00f3n de Equipamientos Municipales, S.A.","description":"El millor de les Festes de Primavera es pots seguir a trav\u00e9s dels Mitjans de Comunicaci\u00f3 de L'H, que realitzen aquesta setmana una programaci\u00f3 especial.","robots":{"index":"index","follow":"follow","max-snippet":"max-snippet:-1","max-image-preview":"max-image-preview:large","max-video-preview":"max-video-preview:-1"},"canonical":"https:\/\/www.lafarga.com\/corporatiu\/millor-de-les-festes-primavera-mitjans\/","og_locale":"ca_ES","og_type":"article","og_title":"El millor de les Festes de Primavera, als Mitjans - La Farga Gesti\u00f3n de Equipamientos Municipales, S.A.","og_description":"El millor de les Festes de Primavera es pots seguir a trav\u00e9s dels Mitjans de Comunicaci\u00f3 de L'H, que realitzen aquesta setmana una programaci\u00f3 especial.","og_url":"https:\/\/www.lafarga.com\/corporatiu\/millor-de-les-festes-primavera-mitjans\/","og_site_name":"La Farga Gesti\u00f3n de Equipamientos Municipales, S.A.","article_published_time":"2017-04-19T08:11:16+00:00","article_modified_time":"2023-04-19T10:40:15+00:00","og_image":[{"width":730,"height":410,"url":"https:\/\/www.lafarga.com\/corporatiu\/wp-content\/uploads\/2017\/04\/festes-primavera-2017-farga.jpg","type":"image\/jpeg"}],"author":"\u00d2scar Milla","twitter_misc":{"Escrit per":"\u00d2scar Milla","Temps estimat de lectura":"2 minuts"},"schema":{"@context":"https:\/\/schema.org","@graph":[{"@type":"Article","@id":"https:\/\/www.lafarga.com\/corporatiu\/millor-de-les-festes-primavera-mitjans\/#article","isPartOf":{"@id":"https:\/\/www.lafarga.com\/corporatiu\/millor-de-les-festes-primavera-mitjans\/"},"author":{"name":"\u00d2scar Milla","@id":"https:\/\/www.lafarga.com\/corporatiu\/#\/schema\/person\/70d96fe17d0da1a9c9e80d232bdbcf33"},"headline":"El millor de les Festes de Primavera, als Mitjans","datePublished":"2017-04-19T08:11:16+00:00","dateModified":"2023-04-19T10:40:15+00:00","mainEntityOfPage":{"@id":"https:\/\/www.lafarga.com\/corporatiu\/millor-de-les-festes-primavera-mitjans\/"},"wordCount":373,"publisher":{"@id":"https:\/\/www.lafarga.com\/corporatiu\/#organization"},"image":{"@id":"https:\/\/www.lafarga.com\/corporatiu\/millor-de-les-festes-primavera-mitjans\/#primaryimage"},"thumbnailUrl":"https:\/\/www.lafarga.com\/corporatiu\/wp-content\/uploads\/2017\/04\/festes-primavera-2017-farga.jpg","articleSection":["Mitjans de Comunicaci\u00f3"],"inLanguage":"ca"},{"@type":"WebPage","@id":"https:\/\/www.lafarga.com\/corporatiu\/millor-de-les-festes-primavera-mitjans\/","url":"https:\/\/www.lafarga.com\/corporatiu\/millor-de-les-festes-primavera-mitjans\/","name":"El millor de les Festes de Primavera, als Mitjans - La Farga Gesti\u00f3n de Equipamientos Municipales, S.A.","isPartOf":{"@id":"https:\/\/www.lafarga.com\/corporatiu\/#website"},"primaryImageOfPage":{"@id":"https:\/\/www.lafarga.com\/corporatiu\/millor-de-les-festes-primavera-mitjans\/#primaryimage"},"image":{"@id":"https:\/\/www.lafarga.com\/corporatiu\/millor-de-les-festes-primavera-mitjans\/#primaryimage"},"thumbnailUrl":"https:\/\/www.lafarga.com\/corporatiu\/wp-content\/uploads\/2017\/04\/festes-primavera-2017-farga.jpg","datePublished":"2017-04-19T08:11:16+00:00","dateModified":"2023-04-19T10:40:15+00:00","description":"El millor de les Festes de Primavera es pots seguir a trav\u00e9s dels Mitjans de Comunicaci\u00f3 de L'H, que realitzen aquesta setmana una programaci\u00f3 especial.","breadcrumb":{"@id":"https:\/\/www.lafarga.com\/corporatiu\/millor-de-les-festes-primavera-mitjans\/#breadcrumb"},"inLanguage":"ca","potentialAction":[{"@type":"ReadAction","target":["https:\/\/www.lafarga.com\/corporatiu\/millor-de-les-festes-primavera-mitjans\/"]}]},{"@type":"ImageObject","inLanguage":"ca","@id":"https:\/\/www.lafarga.com\/corporatiu\/millor-de-les-festes-primavera-mitjans\/#primaryimage","url":"https:\/\/www.lafarga.com\/corporatiu\/wp-content\/uploads\/2017\/04\/festes-primavera-2017-farga.jpg","contentUrl":"https:\/\/www.lafarga.com\/corporatiu\/wp-content\/uploads\/2017\/04\/festes-primavera-2017-farga.jpg","width":730,"height":410,"caption":"El millor de les Festes, als Mitjans"},{"@type":"BreadcrumbList","@id":"https:\/\/www.lafarga.com\/corporatiu\/millor-de-les-festes-primavera-mitjans\/#breadcrumb","itemListElement":[{"@type":"ListItem","position":1,"name":"Home","item":"https:\/\/www.lafarga.com\/corporatiu\/lafarga-hospitalet-llobregat\/"},{"@type":"ListItem","position":2,"name":"El millor de les Festes de Primavera, als Mitjans"}]},{"@type":"WebSite","@id":"https:\/\/www.lafarga.com\/corporatiu\/#website","url":"https:\/\/www.lafarga.com\/corporatiu\/","name":"La Farga Gesti\u00f3 d&#039;Equipaments Municipals, SA","description":"","publisher":{"@id":"https:\/\/www.lafarga.com\/corporatiu\/#organization"},"potentialAction":[{"@type":"SearchAction","target":{"@type":"EntryPoint","urlTemplate":"https:\/\/www.lafarga.com\/corporatiu\/?s={search_term_string}"},"query-input":{"@type":"PropertyValueSpecification","valueRequired":true,"valueName":"search_term_string"}}],"inLanguage":"ca"},{"@type":"Organization","@id":"https:\/\/www.lafarga.com\/corporatiu\/#organization","name":"La Farga Gesti\u00f3 d&#039;Equipaments Municipals, SA","url":"https:\/\/www.lafarga.com\/corporatiu\/","logo":{"@type":"ImageObject","inLanguage":"ca","@id":"https:\/\/www.lafarga.com\/corporatiu\/#\/schema\/logo\/image\/","url":"https:\/\/www.lafarga.com\/corporatiu\/wp-content\/uploads\/2023\/11\/logotipo_lafarga_gemsa.svg","contentUrl":"https:\/\/www.lafarga.com\/corporatiu\/wp-content\/uploads\/2023\/11\/logotipo_lafarga_gemsa.svg","width":102,"height":103,"caption":"La Farga Gesti\u00f3 d&#039;Equipaments Municipals, SA"},"image":{"@id":"https:\/\/www.lafarga.com\/corporatiu\/#\/schema\/logo\/image\/"}},{"@type":"Person","@id":"https:\/\/www.lafarga.com\/corporatiu\/#\/schema\/person\/70d96fe17d0da1a9c9e80d232bdbcf33","name":"\u00d2scar Milla","image":{"@type":"ImageObject","inLanguage":"ca","@id":"https:\/\/secure.gravatar.com\/avatar\/92e75d184f9d5e0e403bd4ad075b080ad258344ddc259adddb579f6a3ba6494f?s=96&d=mm&r=g","url":"https:\/\/secure.gravatar.com\/avatar\/92e75d184f9d5e0e403bd4ad075b080ad258344ddc259adddb579f6a3ba6494f?s=96&d=mm&r=g","contentUrl":"https:\/\/secure.gravatar.com\/avatar\/92e75d184f9d5e0e403bd4ad075b080ad258344ddc259adddb579f6a3ba6494f?s=96&d=mm&r=g","caption":"\u00d2scar Milla"},"url":"https:\/\/www.lafarga.com\/corporatiu\/author\/omilla\/"}]}},"uagb_featured_image_src":{"full":["https:\/\/www.lafarga.com\/corporatiu\/wp-content\/uploads\/2017\/04\/festes-primavera-2017-farga.jpg",730,410,false],"thumbnail":["https:\/\/www.lafarga.com\/corporatiu\/wp-content\/uploads\/2017\/04\/festes-primavera-2017-farga-150x150.jpg",150,150,true],"medium":["https:\/\/www.lafarga.com\/corporatiu\/wp-content\/uploads\/2017\/04\/festes-primavera-2017-farga-300x168.jpg",300,168,true],"medium_large":["https:\/\/www.lafarga.com\/corporatiu\/wp-content\/uploads\/2017\/04\/festes-primavera-2017-farga.jpg",730,410,false],"large":["https:\/\/www.lafarga.com\/corporatiu\/wp-content\/uploads\/2017\/04\/festes-primavera-2017-farga.jpg",730,410,false],"1536x1536":["https:\/\/www.lafarga.com\/corporatiu\/wp-content\/uploads\/2017\/04\/festes-primavera-2017-farga.jpg",730,410,false],"2048x2048":["https:\/\/www.lafarga.com\/corporatiu\/wp-content\/uploads\/2017\/04\/festes-primavera-2017-farga.jpg",730,410,false],"mailpoet_newsletter_max":["https:\/\/www.lafarga.com\/corporatiu\/wp-content\/uploads\/2017\/04\/festes-primavera-2017-farga.jpg",730,410,false]},"uagb_author_info":{"display_name":"\u00d2scar Milla","author_link":"https:\/\/www.lafarga.com\/corporatiu\/author\/omilla\/"},"uagb_comment_info":0,"uagb_excerpt":"Els Mitjans de Comunicaci\u00f3 de L\u2019Hospitalet realitzen aquesta setmana una programaci\u00f3 especial amb motiu de les Festes de Primavera de la ciutat.","_links":{"self":[{"href":"https:\/\/www.lafarga.com\/corporatiu\/wp-json\/wp\/v2\/posts\/10002","targetHints":{"allow":["GET"]}}],"collection":[{"href":"https:\/\/www.lafarga.com\/corporatiu\/wp-json\/wp\/v2\/posts"}],"about":[{"href":"https:\/\/www.lafarga.com\/corporatiu\/wp-json\/wp\/v2\/types\/post"}],"author":[{"embeddable":true,"href":"https:\/\/www.lafarga.com\/corporatiu\/wp-json\/wp\/v2\/users\/5"}],"replies":[{"embeddable":true,"href":"https:\/\/www.lafarga.com\/corporatiu\/wp-json\/wp\/v2\/comments?post=10002"}],"version-history":[{"count":4,"href":"https:\/\/www.lafarga.com\/corporatiu\/wp-json\/wp\/v2\/posts\/10002\/revisions"}],"predecessor-version":[{"id":17288,"href":"https:\/\/www.lafarga.com\/corporatiu\/wp-json\/wp\/v2\/posts\/10002\/revisions\/17288"}],"wp:featuredmedia":[{"embeddable":true,"href":"https:\/\/www.lafarga.com\/corporatiu\/wp-json\/wp\/v2\/media\/10003"}],"wp:attachment":[{"href":"https:\/\/www.lafarga.com\/corporatiu\/wp-json\/wp\/v2\/media?parent=10002"}],"wp:term":[{"taxonomy":"category","embeddable":true,"href":"https:\/\/www.lafarga.com\/corporatiu\/wp-json\/wp\/v2\/categories?post=10002"},{"taxonomy":"post_tag","embeddable":true,"href":"https:\/\/www.lafarga.com\/corporatiu\/wp-json\/wp\/v2\/tags?post=10002"}],"curies":[{"name":"wp","href":"https:\/\/api.w.org\/{rel}","templated":true}]}}